{"id":5776,"date":"2014-04-02T15:21:42","date_gmt":"2014-04-02T13:21:42","guid":{"rendered":"http:\/\/songkol.com\/WordPress3\/?p=5776"},"modified":"2015-09-14T15:32:39","modified_gmt":"2015-09-14T13:32:39","slug":"il-y-a-40-ans-pinochet-renversait-allende","status":"publish","type":"post","link":"http:\/\/songkol.com\/WordPress3\/blog\/2014\/04\/02\/il-y-a-40-ans-pinochet-renversait-allende\/","title":{"rendered":"Il y a 42 ans, Pinochet renversait Allende"},"content":{"rendered":"<p>En septembre 1973, le coup d\u2019Etat de Pinochet contre le gouvernement d\u2019Allende instaure une dictature qui durera 17 ans. Sous pr\u00e9texte de barrer la route au communisme, Pinochet supprime la d\u00e9mocratie.<\/p>\n<p>Concr\u00e8tement, des personnes avec de fausses identit\u00e9s arrivaient avec des voitures sans immatriculation, entraient dans les domiciles, prenaient la personne, l\u2019emportaient sans jamais dire o\u00f9. Dans la sinistre Villa Grimaldi, une pi\u00e8ce appel\u00e9e \u00ab\u00a0la cuisine\u00a0\u00bb \u00e9tait utilis\u00e9e pour torturer des personnes : dans un coin, se trouvait le \u00ab\u00a0grill\u00a0\u00bb, en fait un sommier en m\u00e9tal o\u00f9 on couchait les gens pour leur appliquer des electrodes en divers endroits du corps.<\/p>\n<p>D\u00e8s le d\u00e9but, des organisations humanitaires chiliennes ont recueillies des informations sur les personnes disparues, tortur\u00e9es ou ex\u00e9cut\u00e9es, mais aucunes actions en justice n\u2019ont abouties.<\/p>\n<p>En 1996, le procureur espagnol Castresana trouve un texte de loi qui permet \u00e0 la justice espagnole d\u2019intervenir dans n\u2019importe quel pays du monde o\u00f9 serait pratiqu\u00e9 le g\u00e9nocide, la torture ou le terrorisme. Il d\u00e9cide alors d\u2019instruire une plainte contre Pinochet. Les faits de 35 tortures sont suffisants pour faire l\u2019objet d\u2019une poursuite universelle.<\/p>\n<p>En 1998 Pinochet est arr\u00eat\u00e9 \u00e0 Londres sur la demande du juge espagnol Garzon. Pour \u00e9viter l\u2019extradition en Espagne, il nie sa responsabilit\u00e9 dans les crimes et rejette la culpabilit\u00e9 sur ses subordonn\u00e9s. L\u2019Angleterre analyse les preuves et annonce l\u2019extradition de Pinochet.<br \/>\nL\u2019espoir d\u2019un proc\u00e8s bouleverse les victimes au Chili et dans le monde entier.<br \/>\nA quelques jours de son extradition, le ministre anglais de l\u2019int\u00e9rieur annonce son intention de ne pas extrader Pinochet qu\u2019il consid\u00e8re comme g\u00e2teux et accorde sa lib\u00e9ration. C\u2019est le sommet : alors que l\u2019affaire est r\u00e9gl\u00e9e sur le plan judiciaire, les politiques rentrent en sc\u00e8ne et disent aux tribunaux : c\u2019est bon les gars, allez voir ailleurs, on va s\u2019arranger entre nous pour que ce monsieur puisse rentrer chez lui sans \u00eatre jug\u00e9\u00a0\u00bb.<br \/>\nLe retour de Pinochet au Chili a mis en avant une \u00e9vidence terrible : le maintient des institutions de la dictature avec des r\u00e9formes qui n\u2019en ont jamais modifi\u00e9 l\u2019essence. A Santiago, des groupes de jeunes lancent des actions pour d\u00e9noncer les ex-tortionnaires, des professionnels de la r\u00e9pression encore en place \u00e0 des postes de responsabilit\u00e9.<\/p>\n<p>En 2001, 5 ans apr\u00e8s le d\u00e9but de la proc\u00e9dure lanc\u00e9e en Espagne, Pinochet est finalement arr\u00eat\u00e9 et inculp\u00e9 au Chili. C\u2019est \u00e0 ce moment que la premi\u00e8re statue d\u2019Allende est \u00e9rig\u00e9e \u00e0 Santiago, devant le minist\u00e8re de la Justice.<\/p>\n<p>S\u2019il n\u2019y a pas eu de proc\u00e8s pour juger les responsables, la m\u00e9moire en revanche fait petit-\u00e0-petit le proc\u00e8s historique. De Pinochet mais aussi de tous ceux qui ont tortur\u00e9, de tous les civils qui ont soutenus et continuent \u00e0 le d\u00e9fendre, de tous ceux qui sont encore aujourd\u2019hui en position de pouvoir.<\/p>\n<p><em>PS : pour en savoir plus sur le sujet, je vous recommande les 5h de documentaire \u00ab\u00a0La bataille du Chili\u00a0\u00bb par\u00a0Patricio Guzman qui\u00a0retrace la chute du gouvernement Allende.<\/em><\/p>\n","protected":false},"excerpt":{"rendered":"<p>En septembre 1973, le coup d\u2019Etat de Pinochet contre le gouvernement d\u2019Allende instaure une dictature qui durera 17 ans. Sous pr\u00e9texte de barrer la route au communisme, Pinochet supprime la d\u00e9mocratie. Concr\u00e8tement, des personnes avec de fausses identit\u00e9s arrivaient avec des voitures sans immatriculation, entraient dans les domiciles, prenaient la personne, l\u2019emportaient sans jamais dire [&hellip;]<\/p>\n","protected":false},"author":2,"featured_media":0,"comment_status":"open","ping_status":"open","sticky":false,"template":"","format":"standard","meta":{"spay_email":"","jetpack_publicize_message":"","jetpack_is_tweetstorm":false,"jetpack_publicize_feature_enabled":true},"categories":[33],"tags":[],"jetpack_featured_media_url":"","jetpack_publicize_connections":[],"jetpack_sharing_enabled":true,"jetpack_shortlink":"https:\/\/wp.me\/p4uy6M-1va","jetpack_likes_enabled":true,"_links":{"self":[{"href":"http:\/\/songkol.com\/WordPress3\/wp-json\/wp\/v2\/posts\/5776"}],"collection":[{"href":"http:\/\/songkol.com\/WordPress3\/wp-json\/wp\/v2\/posts"}],"about":[{"href":"http:\/\/songkol.com\/WordPress3\/wp-json\/wp\/v2\/types\/post"}],"author":[{"embeddable":true,"href":"http:\/\/songkol.com\/WordPress3\/wp-json\/wp\/v2\/users\/2"}],"replies":[{"embeddable":true,"href":"http:\/\/songkol.com\/WordPress3\/wp-json\/wp\/v2\/comments?post=5776"}],"version-history":[{"count":4,"href":"http:\/\/songkol.com\/WordPress3\/wp-json\/wp\/v2\/posts\/5776\/revisions"}],"predecessor-version":[{"id":5780,"href":"http:\/\/songkol.com\/WordPress3\/wp-json\/wp\/v2\/posts\/5776\/revisions\/5780"}],"wp:attachment":[{"href":"http:\/\/songkol.com\/WordPress3\/wp-json\/wp\/v2\/media?parent=5776"}],"wp:term":[{"taxonomy":"category","embeddable":true,"href":"http:\/\/songkol.com\/WordPress3\/wp-json\/wp\/v2\/categories?post=5776"},{"taxonomy":"post_tag","embeddable":true,"href":"http:\/\/songkol.com\/WordPress3\/wp-json\/wp\/v2\/tags?post=5776"}],"curies":[{"name":"wp","href":"https:\/\/api.w.org\/{rel}","templated":true}]}}