{"id":4427,"date":"2014-11-28T18:23:34","date_gmt":"2014-11-28T23:23:34","guid":{"rendered":"http:\/\/songkol.com\/WordPress3\/?p=4427"},"modified":"2014-12-31T08:47:12","modified_gmt":"2014-12-31T13:47:12","slug":"villa-de-leyva-on-a-pas-trouve-zorro","status":"publish","type":"post","link":"http:\/\/songkol.com\/WordPress3\/blog\/2014\/11\/28\/villa-de-leyva-on-a-pas-trouve-zorro\/","title":{"rendered":"Villa de Leyva: on n&rsquo;a pas trouv\u00e9 Zorro&#8230;"},"content":{"rendered":"<p>Pas de traces de Zorro&#8230; C&rsquo;est pas faute de l&rsquo;avoir cherch\u00e9 dans ces petites ruelles pav\u00e9es. A la tomb\u00e9e de la nuit on a m\u00eame cru apercevoir une ombre saut\u00e9e depuis ce balcon suivie de ce son unique des sabots d&rsquo;un cheval lanc\u00e9 au grand galop&#8230; Mais non, rien, et quand on pose la question, tout le monde est muet&#8230; Mais ils ont perdu la t\u00eate vous dites-vous!? Zorro n&rsquo;est pas Colombien!!! On le sait bien, et on est bien d\u00e9termin\u00e9 \u00e0 reprendre nos recherche quand on sera <del>au Mexique<\/del> aux Etats-Unis pr\u00e8s de Los Angeles (merci de la rectif Johan ;-)). Non, l\u00e0, c&rsquo;est juste qu&rsquo;un des multiples films sur ce h\u00e9ros masqu\u00e9 a \u00e9t\u00e9 tourn\u00e9 dans ce joli village colonial et on comprend pourquoi. Une belle douceur de vivre r\u00e8gne ici. On y reste quelques jours le temps de manger quelques g\u00e2teaux \u00e0 la boulangerie tenu par un Fran\u00e7ais puis on poursuit notre route jusqu&rsquo;\u00e0 Barrichara, l\u00e0 aussi un bien joli village.<\/p>\n<div class=\"tiled-gallery type-rectangular tiled-gallery-unresized\" data-original-width=\"768\" data-carousel-extra='{&quot;blog_id&quot;:1,&quot;permalink&quot;:&quot;http:\\\/\\\/songkol.com\\\/WordPress3\\\/blog\\\/2014\\\/11\\\/28\\\/villa-de-leyva-on-a-pas-trouve-zorro\\\/&quot;,&quot;likes_blog_id&quot;:66386300}' itemscope itemtype=\"http:\/\/schema.org\/ImageGallery\" > <div class=\"gallery-row\" style=\"width: 768px; height: 386px;\" data-original-width=\"768\" data-original-height=\"386\" > <div class=\"gallery-group images-1\" style=\"width: 768px; height: 386px;\" data-original-width=\"768\" data-original-height=\"386\" > <div class=\"tiled-gallery-item tiled-gallery-item-large\" itemprop=\"associatedMedia\" itemscope itemtype=\"http:\/\/schema.org\/ImageObject\"> <a href=\"http:\/\/songkol.com\/WordPress3\/blog\/2014\/11\/28\/villa-de-leyva-on-a-pas-trouve-zorro\/villaleyva01a\/\" border=\"0\" itemprop=\"url\"> <meta itemprop=\"width\" content=\"764\"> <meta itemprop=\"height\" content=\"382\"> <img data-attachment-id=\"4520\" data-orig-file=\"http:\/\/songkol.com\/WordPress3\/wp-content\/uploads\/2014\/12\/VILLALEYVA01a.jpg\" data-orig-size=\"1200,600\" data-comments-opened=\"1\" data-image-meta=\"{&quot;aperture&quot;:&quot;16&quot;,&quot;credit&quot;:&quot;&quot;,&quot;camera&quot;:&quot;Canon EOS 5D&quot;,&quot;caption&quot;:&quot;&quot;,&quot;created_timestamp&quot;:&quot;1417256570&quot;,&quot;copyright&quot;:&quot;&quot;,&quot;focal_length&quot;:&quot;17&quot;,&quot;iso&quot;:&quot;400&quot;,&quot;shutter_speed&quot;:&quot;0.002&quot;,&quot;title&quot;:&quot;&quot;,&quot;orientation&quot;:&quot;1&quot;}\" data-image-title=\"VILLALEYVA01a\" data-image-description=\"\" data-medium-file=\"https:\/\/i0.wp.com\/songkol.com\/WordPress3\/wp-content\/uploads\/2014\/12\/VILLALEYVA01a.jpg?fit=300%2C150\" data-large-file=\"https:\/\/i0.wp.com\/songkol.com\/WordPress3\/wp-content\/uploads\/2014\/12\/VILLALEYVA01a.jpg?fit=768%2C384\" src=\"https:\/\/i0.wp.com\/songkol.com\/WordPress3\/wp-content\/uploads\/2014\/12\/VILLALEYVA01a.jpg?w=764&#038;h=382\" width=\"764\" height=\"382\" data-original-width=\"764\" data-original-height=\"382\" itemprop=\"http:\/\/schema.org\/image\" title=\"VILLALEYVA01a\" alt=\"VILLA de LEYVA\" style=\"width: 764px; height: 382px;\" \/> <\/a> <div class=\"tiled-gallery-caption\" itemprop=\"caption description\"> VILLA de LEYVA <\/div> <\/div> <\/div> <!-- close group --> <\/div> <!-- close row --> <div class=\"gallery-row\" style=\"width: 768px; height: 386px;\" data-original-width=\"768\" data-original-height=\"386\" > <div class=\"gallery-group images-1\" style=\"width: 768px; height: 386px;\" data-original-width=\"768\" data-original-height=\"386\" > <div class=\"tiled-gallery-item tiled-gallery-item-large\" itemprop=\"associatedMedia\" itemscope itemtype=\"http:\/\/schema.org\/ImageObject\"> <a href=\"http:\/\/songkol.com\/WordPress3\/blog\/2014\/11\/28\/villa-de-leyva-on-a-pas-trouve-zorro\/villaleyva01b\/\" border=\"0\" itemprop=\"url\"> <meta itemprop=\"width\" content=\"764\"> <meta itemprop=\"height\" content=\"382\"> <img data-attachment-id=\"4521\" data-orig-file=\"http:\/\/songkol.com\/WordPress3\/wp-content\/uploads\/2014\/12\/VILLALEYVA01b.jpg\" data-orig-size=\"1200,600\" data-comments-opened=\"1\" data-image-meta=\"{&quot;aperture&quot;:&quot;10&quot;,&quot;credit&quot;:&quot;&quot;,&quot;camera&quot;:&quot;Canon EOS 5D&quot;,&quot;caption&quot;:&quot;&quot;,&quot;created_timestamp&quot;:&quot;1417256763&quot;,&quot;copyright&quot;:&quot;&quot;,&quot;focal_length&quot;:&quot;17&quot;,&quot;iso&quot;:&quot;400&quot;,&quot;shutter_speed&quot;:&quot;0.005&quot;,&quot;title&quot;:&quot;&quot;,&quot;orientation&quot;:&quot;1&quot;}\" data-image-title=\"VILLALEYVA01b\" data-image-description=\"\" data-medium-file=\"https:\/\/i0.wp.com\/songkol.com\/WordPress3\/wp-content\/uploads\/2014\/12\/VILLALEYVA01b.jpg?fit=300%2C150\" data-large-file=\"https:\/\/i0.wp.com\/songkol.com\/WordPress3\/wp-content\/uploads\/2014\/12\/VILLALEYVA01b.jpg?fit=768%2C384\" src=\"https:\/\/i0.wp.com\/songkol.com\/WordPress3\/wp-content\/uploads\/2014\/12\/VILLALEYVA01b.jpg?w=764&#038;h=382\" width=\"764\" height=\"382\" data-original-width=\"764\" data-original-height=\"382\" itemprop=\"http:\/\/schema.org\/image\" title=\"VILLALEYVA01b\" alt=\"VILLA de LEYVA \/ Classe de musique sur la place\" style=\"width: 764px; height: 382px;\" \/> <\/a> <div class=\"tiled-gallery-caption\" itemprop=\"caption description\"> VILLA de LEYVA \/ Classe de musique sur la place <\/div> <\/div> <\/div> <!-- close group --> <\/div> <!-- close row --> <div class=\"gallery-row\" style=\"width: 768px; height: 384px;\" data-original-width=\"768\" data-original-height=\"384\" > <div class=\"gallery-group images-1\" style=\"width: 384px; height: 384px;\" data-original-width=\"384\" data-original-height=\"384\" > <div class=\"tiled-gallery-item tiled-gallery-item-large\" itemprop=\"associatedMedia\" itemscope itemtype=\"http:\/\/schema.org\/ImageObject\"> <a href=\"http:\/\/songkol.com\/WordPress3\/blog\/2014\/11\/28\/villa-de-leyva-on-a-pas-trouve-zorro\/villaleyva01c\/\" border=\"0\" itemprop=\"url\"> <meta itemprop=\"width\" content=\"380\"> <meta itemprop=\"height\" content=\"380\"> <img data-attachment-id=\"4522\" data-orig-file=\"http:\/\/songkol.com\/WordPress3\/wp-content\/uploads\/2014\/12\/VILLALEYVA01c.jpg\" data-orig-size=\"600,600\" data-comments-opened=\"1\" data-image-meta=\"{&quot;aperture&quot;:&quot;16&quot;,&quot;credit&quot;:&quot;&quot;,&quot;camera&quot;:&quot;Canon EOS 5D&quot;,&quot;caption&quot;:&quot;&quot;,&quot;created_timestamp&quot;:&quot;1417251744&quot;,&quot;copyright&quot;:&quot;&quot;,&quot;focal_length&quot;:&quot;40&quot;,&quot;iso&quot;:&quot;400&quot;,&quot;shutter_speed&quot;:&quot;0.002&quot;,&quot;title&quot;:&quot;&quot;,&quot;orientation&quot;:&quot;1&quot;}\" data-image-title=\"VILLALEYVA01c\" data-image-description=\"\" data-medium-file=\"https:\/\/i0.wp.com\/songkol.com\/WordPress3\/wp-content\/uploads\/2014\/12\/VILLALEYVA01c.jpg?fit=300%2C300\" data-large-file=\"https:\/\/i0.wp.com\/songkol.com\/WordPress3\/wp-content\/uploads\/2014\/12\/VILLALEYVA01c.jpg?fit=600%2C600\" src=\"https:\/\/i0.wp.com\/songkol.com\/WordPress3\/wp-content\/uploads\/2014\/12\/VILLALEYVA01c.jpg?w=380&#038;h=380&#038;crop=1\" width=\"380\" height=\"380\" data-original-width=\"380\" data-original-height=\"380\" itemprop=\"http:\/\/schema.org\/image\" title=\"VILLALEYVA01c\" alt=\"VILLA de LEYVA\" style=\"width: 380px; height: 380px;\" \/> <\/a> <div class=\"tiled-gallery-caption\" itemprop=\"caption description\"> VILLA de LEYVA <\/div> <\/div> <\/div> <!-- close group --> <div class=\"gallery-group images-1\" style=\"width: 384px; height: 384px;\" data-original-width=\"384\" data-original-height=\"384\" > <div class=\"tiled-gallery-item tiled-gallery-item-large\" itemprop=\"associatedMedia\" itemscope itemtype=\"http:\/\/schema.org\/ImageObject\"> <a href=\"http:\/\/songkol.com\/WordPress3\/blog\/2014\/11\/28\/villa-de-leyva-on-a-pas-trouve-zorro\/villaleyva01d\/\" border=\"0\" itemprop=\"url\"> <meta itemprop=\"width\" content=\"380\"> <meta itemprop=\"height\" content=\"380\"> <img data-attachment-id=\"4523\" data-orig-file=\"http:\/\/songkol.com\/WordPress3\/wp-content\/uploads\/2014\/12\/VILLALEYVA01d.jpg\" data-orig-size=\"600,600\" data-comments-opened=\"1\" data-image-meta=\"{&quot;aperture&quot;:&quot;14&quot;,&quot;credit&quot;:&quot;&quot;,&quot;camera&quot;:&quot;Canon EOS 5D&quot;,&quot;caption&quot;:&quot;&quot;,&quot;created_timestamp&quot;:&quot;1417174557&quot;,&quot;copyright&quot;:&quot;&quot;,&quot;focal_length&quot;:&quot;17&quot;,&quot;iso&quot;:&quot;400&quot;,&quot;shutter_speed&quot;:&quot;0.0025&quot;,&quot;title&quot;:&quot;&quot;,&quot;orientation&quot;:&quot;1&quot;}\" data-image-title=\"VILLALEYVA01d\" data-image-description=\"\" data-medium-file=\"https:\/\/i0.wp.com\/songkol.com\/WordPress3\/wp-content\/uploads\/2014\/12\/VILLALEYVA01d.jpg?fit=300%2C300\" data-large-file=\"https:\/\/i0.wp.com\/songkol.com\/WordPress3\/wp-content\/uploads\/2014\/12\/VILLALEYVA01d.jpg?fit=600%2C600\" src=\"https:\/\/i0.wp.com\/songkol.com\/WordPress3\/wp-content\/uploads\/2014\/12\/VILLALEYVA01d.jpg?w=380&#038;h=380&#038;crop=1\" width=\"380\" height=\"380\" data-original-width=\"380\" data-original-height=\"380\" itemprop=\"http:\/\/schema.org\/image\" title=\"VILLALEYVA01d\" alt=\"VILLALEYVA01d\" style=\"width: 380px; height: 380px;\" \/> <\/a> <\/div> <\/div> <!-- close group --> <\/div> <!-- close row --> <div class=\"gallery-row\" style=\"width: 768px; height: 386px;\" data-original-width=\"768\" data-original-height=\"386\" > <div class=\"gallery-group images-1\" style=\"width: 768px; height: 386px;\" data-original-width=\"768\" data-original-height=\"386\" > <div class=\"tiled-gallery-item tiled-gallery-item-large\" itemprop=\"associatedMedia\" itemscope itemtype=\"http:\/\/schema.org\/ImageObject\"> <a href=\"http:\/\/songkol.com\/WordPress3\/blog\/2014\/11\/28\/villa-de-leyva-on-a-pas-trouve-zorro\/villaleyva02\/\" border=\"0\" itemprop=\"url\"> <meta itemprop=\"width\" content=\"764\"> <meta itemprop=\"height\" content=\"382\"> <img data-attachment-id=\"4524\" data-orig-file=\"http:\/\/songkol.com\/WordPress3\/wp-content\/uploads\/2014\/12\/VILLALEYVA02.jpg\" data-orig-size=\"1200,600\" data-comments-opened=\"1\" data-image-meta=\"{&quot;aperture&quot;:&quot;16&quot;,&quot;credit&quot;:&quot;&quot;,&quot;camera&quot;:&quot;Canon EOS 5D&quot;,&quot;caption&quot;:&quot;&quot;,&quot;created_timestamp&quot;:&quot;1417165947&quot;,&quot;copyright&quot;:&quot;&quot;,&quot;focal_length&quot;:&quot;32&quot;,&quot;iso&quot;:&quot;400&quot;,&quot;shutter_speed&quot;:&quot;0.002&quot;,&quot;title&quot;:&quot;&quot;,&quot;orientation&quot;:&quot;1&quot;}\" data-image-title=\"VILLALEYVA02\" data-image-description=\"\" data-medium-file=\"https:\/\/i0.wp.com\/songkol.com\/WordPress3\/wp-content\/uploads\/2014\/12\/VILLALEYVA02.jpg?fit=300%2C150\" data-large-file=\"https:\/\/i0.wp.com\/songkol.com\/WordPress3\/wp-content\/uploads\/2014\/12\/VILLALEYVA02.jpg?fit=768%2C384\" src=\"https:\/\/i0.wp.com\/songkol.com\/WordPress3\/wp-content\/uploads\/2014\/12\/VILLALEYVA02.jpg?w=764&#038;h=382\" width=\"764\" height=\"382\" data-original-width=\"764\" data-original-height=\"382\" itemprop=\"http:\/\/schema.org\/image\" title=\"VILLALEYVA02\" alt=\"VILLA de LEYVA \/ Sortie du coll\u00e9ge\" style=\"width: 764px; height: 382px;\" \/> <\/a> <div class=\"tiled-gallery-caption\" itemprop=\"caption description\"> VILLA de LEYVA \/ Sortie du coll\u00e9ge <\/div> <\/div> <\/div> <!-- close group --> <\/div> <!-- close row --> <div class=\"gallery-row\" style=\"width: 768px; height: 193px;\" data-original-width=\"768\" data-original-height=\"193\" > <div class=\"gallery-group images-1\" style=\"width: 193px; height: 193px;\" data-original-width=\"193\" data-original-height=\"193\" > <div class=\"tiled-gallery-item tiled-gallery-item-small\" itemprop=\"associatedMedia\" itemscope itemtype=\"http:\/\/schema.org\/ImageObject\"> <a href=\"http:\/\/songkol.com\/WordPress3\/blog\/2014\/11\/28\/villa-de-leyva-on-a-pas-trouve-zorro\/villaleyva02b\/\" border=\"0\" itemprop=\"url\"> <meta itemprop=\"width\" content=\"189\"> <meta itemprop=\"height\" content=\"189\"> <img data-attachment-id=\"4525\" data-orig-file=\"http:\/\/songkol.com\/WordPress3\/wp-content\/uploads\/2014\/12\/VILLALEYVA02b.jpg\" data-orig-size=\"600,600\" data-comments-opened=\"1\" data-image-meta=\"{&quot;aperture&quot;:&quot;11&quot;,&quot;credit&quot;:&quot;&quot;,&quot;camera&quot;:&quot;Canon EOS 5D&quot;,&quot;caption&quot;:&quot;&quot;,&quot;created_timestamp&quot;:&quot;1417250882&quot;,&quot;copyright&quot;:&quot;&quot;,&quot;focal_length&quot;:&quot;17&quot;,&quot;iso&quot;:&quot;400&quot;,&quot;shutter_speed&quot;:&quot;0.004&quot;,&quot;title&quot;:&quot;&quot;,&quot;orientation&quot;:&quot;1&quot;}\" data-image-title=\"VILLALEYVA02b\" data-image-description=\"\" data-medium-file=\"https:\/\/i0.wp.com\/songkol.com\/WordPress3\/wp-content\/uploads\/2014\/12\/VILLALEYVA02b.jpg?fit=300%2C300\" data-large-file=\"https:\/\/i0.wp.com\/songkol.com\/WordPress3\/wp-content\/uploads\/2014\/12\/VILLALEYVA02b.jpg?fit=600%2C600\" src=\"https:\/\/i0.wp.com\/songkol.com\/WordPress3\/wp-content\/uploads\/2014\/12\/VILLALEYVA02b.jpg?w=189&#038;h=189&#038;crop=1\" width=\"189\" height=\"189\" data-original-width=\"189\" data-original-height=\"189\" itemprop=\"http:\/\/schema.org\/image\" title=\"VILLALEYVA02b\" alt=\"VILLA de LEYVA\" style=\"width: 189px; height: 189px;\" \/> <\/a> <div class=\"tiled-gallery-caption\" itemprop=\"caption description\"> VILLA de LEYVA <\/div> <\/div> <\/div> <!-- close group --> <div class=\"gallery-group images-1\" style=\"width: 382px; height: 193px;\" data-original-width=\"382\" data-original-height=\"193\" > <div class=\"tiled-gallery-item tiled-gallery-item-large\" itemprop=\"associatedMedia\" itemscope itemtype=\"http:\/\/schema.org\/ImageObject\"> <a href=\"http:\/\/songkol.com\/WordPress3\/blog\/2014\/11\/28\/villa-de-leyva-on-a-pas-trouve-zorro\/villaleyva03\/\" border=\"0\" itemprop=\"url\"> <meta itemprop=\"width\" content=\"378\"> <meta itemprop=\"height\" content=\"189\"> <img data-attachment-id=\"4526\" data-orig-file=\"http:\/\/songkol.com\/WordPress3\/wp-content\/uploads\/2014\/12\/VILLALEYVA03.jpg\" data-orig-size=\"1200,600\" data-comments-opened=\"1\" data-image-meta=\"{&quot;aperture&quot;:&quot;16&quot;,&quot;credit&quot;:&quot;&quot;,&quot;camera&quot;:&quot;Canon EOS 5D&quot;,&quot;caption&quot;:&quot;&quot;,&quot;created_timestamp&quot;:&quot;1417166334&quot;,&quot;copyright&quot;:&quot;&quot;,&quot;focal_length&quot;:&quot;17&quot;,&quot;iso&quot;:&quot;400&quot;,&quot;shutter_speed&quot;:&quot;0.002&quot;,&quot;title&quot;:&quot;&quot;,&quot;orientation&quot;:&quot;1&quot;}\" data-image-title=\"VILLALEYVA03\" data-image-description=\"\" data-medium-file=\"https:\/\/i0.wp.com\/songkol.com\/WordPress3\/wp-content\/uploads\/2014\/12\/VILLALEYVA03.jpg?fit=300%2C150\" data-large-file=\"https:\/\/i0.wp.com\/songkol.com\/WordPress3\/wp-content\/uploads\/2014\/12\/VILLALEYVA03.jpg?fit=768%2C384\" src=\"https:\/\/i0.wp.com\/songkol.com\/WordPress3\/wp-content\/uploads\/2014\/12\/VILLALEYVA03.jpg?w=378&#038;h=189\" width=\"378\" height=\"189\" data-original-width=\"378\" data-original-height=\"189\" itemprop=\"http:\/\/schema.org\/image\" title=\"VILLALEYVA03\" alt=\"VILLA de LEYVA\" style=\"width: 378px; height: 189px;\" \/> <\/a> <div class=\"tiled-gallery-caption\" itemprop=\"caption description\"> VILLA de LEYVA <\/div> <\/div> <\/div> <!-- close group --> <div class=\"gallery-group images-1\" style=\"width: 193px; height: 193px;\" data-original-width=\"193\" data-original-height=\"193\" > <div class=\"tiled-gallery-item tiled-gallery-item-small\" itemprop=\"associatedMedia\" itemscope itemtype=\"http:\/\/schema.org\/ImageObject\"> <a href=\"http:\/\/songkol.com\/WordPress3\/blog\/2014\/11\/28\/villa-de-leyva-on-a-pas-trouve-zorro\/villaleyva04\/\" border=\"0\" itemprop=\"url\"> <meta itemprop=\"width\" content=\"189\"> <meta itemprop=\"height\" content=\"189\"> <img data-attachment-id=\"4527\" data-orig-file=\"http:\/\/songkol.com\/WordPress3\/wp-content\/uploads\/2014\/12\/VILLALEYVA04.jpg\" data-orig-size=\"600,600\" data-comments-opened=\"1\" data-image-meta=\"{&quot;aperture&quot;:&quot;7.1&quot;,&quot;credit&quot;:&quot;&quot;,&quot;camera&quot;:&quot;Canon EOS 5D&quot;,&quot;caption&quot;:&quot;&quot;,&quot;created_timestamp&quot;:&quot;1417167240&quot;,&quot;copyright&quot;:&quot;&quot;,&quot;focal_length&quot;:&quot;17&quot;,&quot;iso&quot;:&quot;400&quot;,&quot;shutter_speed&quot;:&quot;0.008&quot;,&quot;title&quot;:&quot;&quot;,&quot;orientation&quot;:&quot;1&quot;}\" data-image-title=\"VILLALEYVA04\" data-image-description=\"\" data-medium-file=\"https:\/\/i0.wp.com\/songkol.com\/WordPress3\/wp-content\/uploads\/2014\/12\/VILLALEYVA04.jpg?fit=300%2C300\" data-large-file=\"https:\/\/i0.wp.com\/songkol.com\/WordPress3\/wp-content\/uploads\/2014\/12\/VILLALEYVA04.jpg?fit=600%2C600\" src=\"https:\/\/i0.wp.com\/songkol.com\/WordPress3\/wp-content\/uploads\/2014\/12\/VILLALEYVA04.jpg?w=189&#038;h=189&#038;crop=1\" width=\"189\" height=\"189\" data-original-width=\"189\" data-original-height=\"189\" itemprop=\"http:\/\/schema.org\/image\" title=\"VILLALEYVA04\" alt=\"VILLA de LEYVA\" style=\"width: 189px; height: 189px;\" \/> <\/a> <div class=\"tiled-gallery-caption\" itemprop=\"caption description\"> VILLA de LEYVA <\/div> <\/div> <\/div> <!-- close group --> <\/div> <!-- close row --> <div class=\"gallery-row\" style=\"width: 768px; height: 512px;\" data-original-width=\"768\" data-original-height=\"512\" > <div class=\"gallery-group images-1\" style=\"width: 512px; height: 512px;\" data-original-width=\"512\" data-original-height=\"512\" > <div class=\"tiled-gallery-item tiled-gallery-item-large\" itemprop=\"associatedMedia\" itemscope itemtype=\"http:\/\/schema.org\/ImageObject\"> <a href=\"http:\/\/songkol.com\/WordPress3\/blog\/2014\/11\/28\/villa-de-leyva-on-a-pas-trouve-zorro\/villaleyva05\/\" border=\"0\" itemprop=\"url\"> <meta itemprop=\"width\" content=\"508\"> <meta itemprop=\"height\" content=\"508\"> <img data-attachment-id=\"4528\" data-orig-file=\"http:\/\/songkol.com\/WordPress3\/wp-content\/uploads\/2014\/12\/VILLALEYVA05.jpg\" data-orig-size=\"600,600\" data-comments-opened=\"1\" data-image-meta=\"{&quot;aperture&quot;:&quot;11&quot;,&quot;credit&quot;:&quot;&quot;,&quot;camera&quot;:&quot;Canon EOS 5D&quot;,&quot;caption&quot;:&quot;&quot;,&quot;created_timestamp&quot;:&quot;1417167729&quot;,&quot;copyright&quot;:&quot;&quot;,&quot;focal_length&quot;:&quot;17&quot;,&quot;iso&quot;:&quot;400&quot;,&quot;shutter_speed&quot;:&quot;0.003125&quot;,&quot;title&quot;:&quot;&quot;,&quot;orientation&quot;:&quot;1&quot;}\" data-image-title=\"VILLALEYVA05\" data-image-description=\"\" data-medium-file=\"https:\/\/i0.wp.com\/songkol.com\/WordPress3\/wp-content\/uploads\/2014\/12\/VILLALEYVA05.jpg?fit=300%2C300\" data-large-file=\"https:\/\/i0.wp.com\/songkol.com\/WordPress3\/wp-content\/uploads\/2014\/12\/VILLALEYVA05.jpg?fit=600%2C600\" src=\"https:\/\/i0.wp.com\/songkol.com\/WordPress3\/wp-content\/uploads\/2014\/12\/VILLALEYVA05.jpg?w=508&#038;h=508&#038;crop=1\" width=\"508\" height=\"508\" data-original-width=\"508\" data-original-height=\"508\" itemprop=\"http:\/\/schema.org\/image\" title=\"VILLALEYVA05\" alt=\"VILLA de LEYVA\" style=\"width: 508px; height: 508px;\" \/> <\/a> <div class=\"tiled-gallery-caption\" itemprop=\"caption description\"> VILLA de LEYVA <\/div> <\/div> <\/div> <!-- close group --> <div class=\"gallery-group images-2\" style=\"width: 256px; height: 512px;\" data-original-width=\"256\" data-original-height=\"512\" > <div class=\"tiled-gallery-item tiled-gallery-item-large\" itemprop=\"associatedMedia\" itemscope itemtype=\"http:\/\/schema.org\/ImageObject\"> <a href=\"http:\/\/songkol.com\/WordPress3\/blog\/2014\/11\/28\/villa-de-leyva-on-a-pas-trouve-zorro\/villaleyva06\/\" border=\"0\" itemprop=\"url\"> <meta itemprop=\"width\" content=\"252\"> <meta itemprop=\"height\" content=\"252\"> <img data-attachment-id=\"4529\" data-orig-file=\"http:\/\/songkol.com\/WordPress3\/wp-content\/uploads\/2014\/12\/VILLALEYVA06.jpg\" data-orig-size=\"600,600\" data-comments-opened=\"1\" data-image-meta=\"{&quot;aperture&quot;:&quot;16&quot;,&quot;credit&quot;:&quot;&quot;,&quot;camera&quot;:&quot;Canon EOS 5D&quot;,&quot;caption&quot;:&quot;&quot;,&quot;created_timestamp&quot;:&quot;1417168001&quot;,&quot;copyright&quot;:&quot;&quot;,&quot;focal_length&quot;:&quot;40&quot;,&quot;iso&quot;:&quot;400&quot;,&quot;shutter_speed&quot;:&quot;0.002&quot;,&quot;title&quot;:&quot;&quot;,&quot;orientation&quot;:&quot;1&quot;}\" data-image-title=\"VILLALEYVA06\" data-image-description=\"\" data-medium-file=\"https:\/\/i0.wp.com\/songkol.com\/WordPress3\/wp-content\/uploads\/2014\/12\/VILLALEYVA06.jpg?fit=300%2C300\" data-large-file=\"https:\/\/i0.wp.com\/songkol.com\/WordPress3\/wp-content\/uploads\/2014\/12\/VILLALEYVA06.jpg?fit=600%2C600\" src=\"https:\/\/i0.wp.com\/songkol.com\/WordPress3\/wp-content\/uploads\/2014\/12\/VILLALEYVA06.jpg?w=252&#038;h=252&#038;crop=1\" width=\"252\" height=\"252\" data-original-width=\"252\" data-original-height=\"252\" itemprop=\"http:\/\/schema.org\/image\" title=\"VILLALEYVA06\" alt=\"VILLA de LEYVA\" style=\"width: 252px; height: 252px;\" \/> <\/a> <div class=\"tiled-gallery-caption\" itemprop=\"caption description\"> VILLA de LEYVA <\/div> <\/div> <div class=\"tiled-gallery-item tiled-gallery-item-large\" itemprop=\"associatedMedia\" itemscope itemtype=\"http:\/\/schema.org\/ImageObject\"> <a href=\"http:\/\/songkol.com\/WordPress3\/blog\/2014\/11\/28\/villa-de-leyva-on-a-pas-trouve-zorro\/villaleyva07\/\" border=\"0\" itemprop=\"url\"> <meta itemprop=\"width\" content=\"252\"> <meta itemprop=\"height\" content=\"252\"> <img data-attachment-id=\"4530\" data-orig-file=\"http:\/\/songkol.com\/WordPress3\/wp-content\/uploads\/2014\/12\/VILLALEYVA07.jpg\" data-orig-size=\"600,600\" data-comments-opened=\"1\" data-image-meta=\"{&quot;aperture&quot;:&quot;14&quot;,&quot;credit&quot;:&quot;&quot;,&quot;camera&quot;:&quot;Canon EOS 5D&quot;,&quot;caption&quot;:&quot;&quot;,&quot;created_timestamp&quot;:&quot;1417169119&quot;,&quot;copyright&quot;:&quot;&quot;,&quot;focal_length&quot;:&quot;17&quot;,&quot;iso&quot;:&quot;400&quot;,&quot;shutter_speed&quot;:&quot;0.0025&quot;,&quot;title&quot;:&quot;&quot;,&quot;orientation&quot;:&quot;1&quot;}\" data-image-title=\"VILLALEYVA07\" data-image-description=\"\" data-medium-file=\"https:\/\/i0.wp.com\/songkol.com\/WordPress3\/wp-content\/uploads\/2014\/12\/VILLALEYVA07.jpg?fit=300%2C300\" data-large-file=\"https:\/\/i0.wp.com\/songkol.com\/WordPress3\/wp-content\/uploads\/2014\/12\/VILLALEYVA07.jpg?fit=600%2C600\" src=\"https:\/\/i0.wp.com\/songkol.com\/WordPress3\/wp-content\/uploads\/2014\/12\/VILLALEYVA07.jpg?w=252&#038;h=252&#038;crop=1\" width=\"252\" height=\"252\" data-original-width=\"252\" data-original-height=\"252\" itemprop=\"http:\/\/schema.org\/image\" title=\"VILLALEYVA07\" alt=\"VILLA de LEYVA\" style=\"width: 252px; height: 252px;\" \/> <\/a> <div class=\"tiled-gallery-caption\" itemprop=\"caption description\"> VILLA de LEYVA <\/div> <\/div> <\/div> <!-- close group --> <\/div> <!-- close row --> <div class=\"gallery-row\" style=\"width: 768px; height: 386px;\" data-original-width=\"768\" data-original-height=\"386\" > <div class=\"gallery-group images-1\" style=\"width: 768px; height: 386px;\" data-original-width=\"768\" data-original-height=\"386\" > <div class=\"tiled-gallery-item tiled-gallery-item-large\" itemprop=\"associatedMedia\" itemscope itemtype=\"http:\/\/schema.org\/ImageObject\"> <a href=\"http:\/\/songkol.com\/WordPress3\/blog\/2014\/11\/28\/villa-de-leyva-on-a-pas-trouve-zorro\/villaleyva08\/\" border=\"0\" itemprop=\"url\"> <meta itemprop=\"width\" content=\"764\"> <meta itemprop=\"height\" content=\"382\"> <img data-attachment-id=\"4531\" data-orig-file=\"http:\/\/songkol.com\/WordPress3\/wp-content\/uploads\/2014\/12\/VILLALEYVA08.jpg\" data-orig-size=\"1200,600\" data-comments-opened=\"1\" data-image-meta=\"{&quot;aperture&quot;:&quot;4&quot;,&quot;credit&quot;:&quot;&quot;,&quot;camera&quot;:&quot;Canon EOS 5D&quot;,&quot;caption&quot;:&quot;&quot;,&quot;created_timestamp&quot;:&quot;1417170804&quot;,&quot;copyright&quot;:&quot;&quot;,&quot;focal_length&quot;:&quot;17&quot;,&quot;iso&quot;:&quot;400&quot;,&quot;shutter_speed&quot;:&quot;0.04&quot;,&quot;title&quot;:&quot;&quot;,&quot;orientation&quot;:&quot;1&quot;}\" data-image-title=\"VILLALEYVA08\" data-image-description=\"\" data-medium-file=\"https:\/\/i0.wp.com\/songkol.com\/WordPress3\/wp-content\/uploads\/2014\/12\/VILLALEYVA08.jpg?fit=300%2C150\" data-large-file=\"https:\/\/i0.wp.com\/songkol.com\/WordPress3\/wp-content\/uploads\/2014\/12\/VILLALEYVA08.jpg?fit=768%2C384\" src=\"https:\/\/i0.wp.com\/songkol.com\/WordPress3\/wp-content\/uploads\/2014\/12\/VILLALEYVA08.jpg?w=764&#038;h=382\" width=\"764\" height=\"382\" data-original-width=\"764\" data-original-height=\"382\" itemprop=\"http:\/\/schema.org\/image\" title=\"VILLALEYVA08\" alt=\"VILLA de LEYVA \/ Pause gouter \u00e0 LA boulangerie fran\u00e7aise du village\" style=\"width: 764px; height: 382px;\" \/> <\/a> <div class=\"tiled-gallery-caption\" itemprop=\"caption description\"> VILLA de LEYVA \/ Pause gouter \u00e0 LA boulangerie fran\u00e7aise du village <\/div> <\/div> <\/div> <!-- close group --> <\/div> <!-- close row --> <div class=\"gallery-row\" style=\"width: 768px; height: 386px;\" data-original-width=\"768\" data-original-height=\"386\" > <div class=\"gallery-group images-1\" style=\"width: 768px; height: 386px;\" data-original-width=\"768\" data-original-height=\"386\" > <div class=\"tiled-gallery-item tiled-gallery-item-large\" itemprop=\"associatedMedia\" itemscope itemtype=\"http:\/\/schema.org\/ImageObject\"> <a href=\"http:\/\/songkol.com\/WordPress3\/blog\/2014\/11\/28\/villa-de-leyva-on-a-pas-trouve-zorro\/villaleyva09\/\" border=\"0\" itemprop=\"url\"> <meta itemprop=\"width\" content=\"764\"> <meta itemprop=\"height\" content=\"382\"> <img data-attachment-id=\"4532\" data-orig-file=\"http:\/\/songkol.com\/WordPress3\/wp-content\/uploads\/2014\/12\/VILLALEYVA09.jpg\" data-orig-size=\"1200,600\" data-comments-opened=\"1\" data-image-meta=\"{&quot;aperture&quot;:&quot;9&quot;,&quot;credit&quot;:&quot;&quot;,&quot;camera&quot;:&quot;Canon EOS 5D&quot;,&quot;caption&quot;:&quot;&quot;,&quot;created_timestamp&quot;:&quot;1417173488&quot;,&quot;copyright&quot;:&quot;&quot;,&quot;focal_length&quot;:&quot;17&quot;,&quot;iso&quot;:&quot;400&quot;,&quot;shutter_speed&quot;:&quot;0.00625&quot;,&quot;title&quot;:&quot;&quot;,&quot;orientation&quot;:&quot;1&quot;}\" data-image-title=\"VILLALEYVA09\" data-image-description=\"\" data-medium-file=\"https:\/\/i0.wp.com\/songkol.com\/WordPress3\/wp-content\/uploads\/2014\/12\/VILLALEYVA09.jpg?fit=300%2C150\" data-large-file=\"https:\/\/i0.wp.com\/songkol.com\/WordPress3\/wp-content\/uploads\/2014\/12\/VILLALEYVA09.jpg?fit=768%2C384\" src=\"https:\/\/i0.wp.com\/songkol.com\/WordPress3\/wp-content\/uploads\/2014\/12\/VILLALEYVA09.jpg?w=764&#038;h=382\" width=\"764\" height=\"382\" data-original-width=\"764\" data-original-height=\"382\" itemprop=\"http:\/\/schema.org\/image\" title=\"VILLALEYVA09\" alt=\"VILLA de LEYVA\" style=\"width: 764px; height: 382px;\" \/> <\/a> <div class=\"tiled-gallery-caption\" itemprop=\"caption description\"> VILLA de LEYVA <\/div> <\/div> <\/div> <!-- close group --> <\/div> <!-- close row --> <div class=\"gallery-row\" style=\"width: 768px; height: 386px;\" data-original-width=\"768\" data-original-height=\"386\" > <div class=\"gallery-group images-1\" style=\"width: 768px; height: 386px;\" data-original-width=\"768\" data-original-height=\"386\" > <div class=\"tiled-gallery-item tiled-gallery-item-large\" itemprop=\"associatedMedia\" itemscope itemtype=\"http:\/\/schema.org\/ImageObject\"> <a href=\"http:\/\/songkol.com\/WordPress3\/blog\/2014\/11\/28\/villa-de-leyva-on-a-pas-trouve-zorro\/villaleyva10\/\" border=\"0\" itemprop=\"url\"> <meta itemprop=\"width\" content=\"764\"> <meta itemprop=\"height\" content=\"382\"> <img data-attachment-id=\"4533\" data-orig-file=\"http:\/\/songkol.com\/WordPress3\/wp-content\/uploads\/2014\/12\/VILLALEYVA10.jpg\" data-orig-size=\"1200,600\" data-comments-opened=\"1\" data-image-meta=\"{&quot;aperture&quot;:&quot;11&quot;,&quot;credit&quot;:&quot;&quot;,&quot;camera&quot;:&quot;Canon EOS 5D&quot;,&quot;caption&quot;:&quot;&quot;,&quot;created_timestamp&quot;:&quot;1417174464&quot;,&quot;copyright&quot;:&quot;&quot;,&quot;focal_length&quot;:&quot;17&quot;,&quot;iso&quot;:&quot;400&quot;,&quot;shutter_speed&quot;:&quot;0.004&quot;,&quot;title&quot;:&quot;&quot;,&quot;orientation&quot;:&quot;1&quot;}\" data-image-title=\"VILLALEYVA10\" data-image-description=\"\" data-medium-file=\"https:\/\/i0.wp.com\/songkol.com\/WordPress3\/wp-content\/uploads\/2014\/12\/VILLALEYVA10.jpg?fit=300%2C150\" data-large-file=\"https:\/\/i0.wp.com\/songkol.com\/WordPress3\/wp-content\/uploads\/2014\/12\/VILLALEYVA10.jpg?fit=768%2C384\" src=\"https:\/\/i0.wp.com\/songkol.com\/WordPress3\/wp-content\/uploads\/2014\/12\/VILLALEYVA10.jpg?w=764&#038;h=382\" width=\"764\" height=\"382\" data-original-width=\"764\" data-original-height=\"382\" itemprop=\"http:\/\/schema.org\/image\" title=\"VILLALEYVA10\" alt=\"VILLA de LEYVA \/ Une double porte qui devrait vous en rappeler une autre \u00e0 Molinos en Argentine\" style=\"width: 764px; height: 382px;\" \/> <\/a> <div class=\"tiled-gallery-caption\" itemprop=\"caption description\"> VILLA de LEYVA \/ Une double porte qui devrait vous en rappeler une autre \u00e0 Molinos en Argentine <\/div> <\/div> <\/div> <!-- close group --> <\/div> <!-- close row --> <div class=\"gallery-row\" style=\"width: 768px; height: 512px;\" data-original-width=\"768\" data-original-height=\"512\" > <div class=\"gallery-group images-1\" style=\"width: 512px; height: 512px;\" data-original-width=\"512\" data-original-height=\"512\" > <div class=\"tiled-gallery-item tiled-gallery-item-large\" itemprop=\"associatedMedia\" itemscope itemtype=\"http:\/\/schema.org\/ImageObject\"> <a href=\"http:\/\/songkol.com\/WordPress3\/blog\/2014\/11\/28\/villa-de-leyva-on-a-pas-trouve-zorro\/villaleyva12\/\" border=\"0\" itemprop=\"url\"> <meta itemprop=\"width\" content=\"508\"> <meta itemprop=\"height\" content=\"508\"> <img data-attachment-id=\"4534\" data-orig-file=\"http:\/\/songkol.com\/WordPress3\/wp-content\/uploads\/2014\/12\/VILLALEYVA12.jpg\" data-orig-size=\"600,600\" data-comments-opened=\"1\" data-image-meta=\"{&quot;aperture&quot;:&quot;9&quot;,&quot;credit&quot;:&quot;&quot;,&quot;camera&quot;:&quot;Canon EOS 5D&quot;,&quot;caption&quot;:&quot;&quot;,&quot;created_timestamp&quot;:&quot;1417174950&quot;,&quot;copyright&quot;:&quot;&quot;,&quot;focal_length&quot;:&quot;17&quot;,&quot;iso&quot;:&quot;400&quot;,&quot;shutter_speed&quot;:&quot;0.005&quot;,&quot;title&quot;:&quot;&quot;,&quot;orientation&quot;:&quot;1&quot;}\" data-image-title=\"VILLALEYVA12\" data-image-description=\"\" data-medium-file=\"https:\/\/i0.wp.com\/songkol.com\/WordPress3\/wp-content\/uploads\/2014\/12\/VILLALEYVA12.jpg?fit=300%2C300\" data-large-file=\"https:\/\/i0.wp.com\/songkol.com\/WordPress3\/wp-content\/uploads\/2014\/12\/VILLALEYVA12.jpg?fit=600%2C600\" src=\"https:\/\/i0.wp.com\/songkol.com\/WordPress3\/wp-content\/uploads\/2014\/12\/VILLALEYVA12.jpg?w=508&#038;h=508&#038;crop=1\" width=\"508\" height=\"508\" data-original-width=\"508\" data-original-height=\"508\" itemprop=\"http:\/\/schema.org\/image\" title=\"VILLALEYVA12\" alt=\"VILLA de LEYVA \/ Anna et Elie\" style=\"width: 508px; height: 508px;\" \/> <\/a> <div class=\"tiled-gallery-caption\" itemprop=\"caption description\"> VILLA de LEYVA \/ Anna et Elie <\/div> <\/div> <\/div> <!-- close group --> <div class=\"gallery-group images-2\" style=\"width: 256px; height: 512px;\" data-original-width=\"256\" data-original-height=\"512\" > <div class=\"tiled-gallery-item tiled-gallery-item-large\" itemprop=\"associatedMedia\" itemscope itemtype=\"http:\/\/schema.org\/ImageObject\"> <a href=\"http:\/\/songkol.com\/WordPress3\/blog\/2014\/11\/28\/villa-de-leyva-on-a-pas-trouve-zorro\/villaleyva13\/\" border=\"0\" itemprop=\"url\"> <meta itemprop=\"width\" content=\"252\"> <meta itemprop=\"height\" content=\"252\"> <img data-attachment-id=\"4535\" data-orig-file=\"http:\/\/songkol.com\/WordPress3\/wp-content\/uploads\/2014\/12\/VILLALEYVA13.jpg\" data-orig-size=\"600,600\" data-comments-opened=\"1\" data-image-meta=\"{&quot;aperture&quot;:&quot;9&quot;,&quot;credit&quot;:&quot;&quot;,&quot;camera&quot;:&quot;Canon EOS 5D&quot;,&quot;caption&quot;:&quot;&quot;,&quot;created_timestamp&quot;:&quot;1417174954&quot;,&quot;copyright&quot;:&quot;&quot;,&quot;focal_length&quot;:&quot;17&quot;,&quot;iso&quot;:&quot;400&quot;,&quot;shutter_speed&quot;:&quot;0.00625&quot;,&quot;title&quot;:&quot;&quot;,&quot;orientation&quot;:&quot;1&quot;}\" data-image-title=\"VILLALEYVA13\" data-image-description=\"\" data-medium-file=\"https:\/\/i0.wp.com\/songkol.com\/WordPress3\/wp-content\/uploads\/2014\/12\/VILLALEYVA13.jpg?fit=300%2C300\" data-large-file=\"https:\/\/i0.wp.com\/songkol.com\/WordPress3\/wp-content\/uploads\/2014\/12\/VILLALEYVA13.jpg?fit=600%2C600\" src=\"https:\/\/i0.wp.com\/songkol.com\/WordPress3\/wp-content\/uploads\/2014\/12\/VILLALEYVA13.jpg?w=252&#038;h=252&#038;crop=1\" width=\"252\" height=\"252\" data-original-width=\"252\" data-original-height=\"252\" itemprop=\"http:\/\/schema.org\/image\" title=\"VILLALEYVA13\" alt=\"VILLA de LEYVA \/ Anna et Elie\" style=\"width: 252px; height: 252px;\" \/> <\/a> <div class=\"tiled-gallery-caption\" itemprop=\"caption description\"> VILLA de LEYVA \/ Anna et Elie <\/div> <\/div> <div class=\"tiled-gallery-item tiled-gallery-item-large\" itemprop=\"associatedMedia\" itemscope itemtype=\"http:\/\/schema.org\/ImageObject\"> <a href=\"http:\/\/songkol.com\/WordPress3\/blog\/2014\/11\/28\/villa-de-leyva-on-a-pas-trouve-zorro\/villaleyva14\/\" border=\"0\" itemprop=\"url\"> <meta itemprop=\"width\" content=\"252\"> <meta itemprop=\"height\" content=\"252\"> <img data-attachment-id=\"4536\" data-orig-file=\"http:\/\/songkol.com\/WordPress3\/wp-content\/uploads\/2014\/12\/VILLALEYVA14.jpg\" data-orig-size=\"600,600\" data-comments-opened=\"1\" data-image-meta=\"{&quot;aperture&quot;:&quot;14&quot;,&quot;credit&quot;:&quot;&quot;,&quot;camera&quot;:&quot;Canon EOS 5D&quot;,&quot;caption&quot;:&quot;&quot;,&quot;created_timestamp&quot;:&quot;1417176866&quot;,&quot;copyright&quot;:&quot;&quot;,&quot;focal_length&quot;:&quot;40&quot;,&quot;iso&quot;:&quot;400&quot;,&quot;shutter_speed&quot;:&quot;0.0025&quot;,&quot;title&quot;:&quot;&quot;,&quot;orientation&quot;:&quot;1&quot;}\" data-image-title=\"VILLALEYVA14\" data-image-description=\"\" data-medium-file=\"https:\/\/i0.wp.com\/songkol.com\/WordPress3\/wp-content\/uploads\/2014\/12\/VILLALEYVA14.jpg?fit=300%2C300\" data-large-file=\"https:\/\/i0.wp.com\/songkol.com\/WordPress3\/wp-content\/uploads\/2014\/12\/VILLALEYVA14.jpg?fit=600%2C600\" src=\"https:\/\/i0.wp.com\/songkol.com\/WordPress3\/wp-content\/uploads\/2014\/12\/VILLALEYVA14.jpg?w=252&#038;h=252&#038;crop=1\" width=\"252\" height=\"252\" data-original-width=\"252\" data-original-height=\"252\" itemprop=\"http:\/\/schema.org\/image\" title=\"VILLALEYVA14\" alt=\"VILLA de LEYVA\" style=\"width: 252px; height: 252px;\" \/> <\/a> <div class=\"tiled-gallery-caption\" itemprop=\"caption description\"> VILLA de LEYVA <\/div> <\/div> <\/div> <!-- close group --> <\/div> <!-- close row --> <div class=\"gallery-row\" style=\"width: 768px; height: 386px;\" data-original-width=\"768\" data-original-height=\"386\" > <div class=\"gallery-group images-1\" style=\"width: 768px; height: 386px;\" data-original-width=\"768\" data-original-height=\"386\" > <div class=\"tiled-gallery-item tiled-gallery-item-large\" itemprop=\"associatedMedia\" itemscope itemtype=\"http:\/\/schema.org\/ImageObject\"> <a href=\"http:\/\/songkol.com\/WordPress3\/blog\/2014\/11\/28\/villa-de-leyva-on-a-pas-trouve-zorro\/villaleyva15\/\" border=\"0\" itemprop=\"url\"> <meta itemprop=\"width\" content=\"764\"> <meta itemprop=\"height\" content=\"382\"> <img data-attachment-id=\"4537\" data-orig-file=\"http:\/\/songkol.com\/WordPress3\/wp-content\/uploads\/2014\/12\/VILLALEYVA15.jpg\" data-orig-size=\"1200,600\" data-comments-opened=\"1\" data-image-meta=\"{&quot;aperture&quot;:&quot;14&quot;,&quot;credit&quot;:&quot;&quot;,&quot;camera&quot;:&quot;Canon EOS 5D&quot;,&quot;caption&quot;:&quot;&quot;,&quot;created_timestamp&quot;:&quot;1417180118&quot;,&quot;copyright&quot;:&quot;&quot;,&quot;focal_length&quot;:&quot;17&quot;,&quot;iso&quot;:&quot;400&quot;,&quot;shutter_speed&quot;:&quot;0.0025&quot;,&quot;title&quot;:&quot;&quot;,&quot;orientation&quot;:&quot;1&quot;}\" data-image-title=\"VILLALEYVA15\" data-image-description=\"\" data-medium-file=\"https:\/\/i0.wp.com\/songkol.com\/WordPress3\/wp-content\/uploads\/2014\/12\/VILLALEYVA15.jpg?fit=300%2C150\" data-large-file=\"https:\/\/i0.wp.com\/songkol.com\/WordPress3\/wp-content\/uploads\/2014\/12\/VILLALEYVA15.jpg?fit=768%2C384\" src=\"https:\/\/i0.wp.com\/songkol.com\/WordPress3\/wp-content\/uploads\/2014\/12\/VILLALEYVA15.jpg?w=764&#038;h=382\" width=\"764\" height=\"382\" data-original-width=\"764\" data-original-height=\"382\" itemprop=\"http:\/\/schema.org\/image\" title=\"VILLALEYVA15\" alt=\"VILLA de LEYVA \/ Pause au bivouac\" style=\"width: 764px; height: 382px;\" \/> <\/a> <div class=\"tiled-gallery-caption\" itemprop=\"caption description\"> VILLA de LEYVA \/ Pause au bivouac <\/div> <\/div> <\/div> <!-- close group --> <\/div> <!-- close row --> <div class=\"gallery-row\" style=\"width: 768px; height: 166px;\" data-original-width=\"768\" data-original-height=\"166\" > <div class=\"gallery-group images-1\" style=\"width: 328px; height: 166px;\" data-original-width=\"328\" data-original-height=\"166\" > <div class=\"tiled-gallery-item tiled-gallery-item-large\" itemprop=\"associatedMedia\" itemscope itemtype=\"http:\/\/schema.org\/ImageObject\"> <a href=\"http:\/\/songkol.com\/WordPress3\/blog\/2014\/11\/28\/villa-de-leyva-on-a-pas-trouve-zorro\/villaleyva16\/\" border=\"0\" itemprop=\"url\"> <meta itemprop=\"width\" content=\"324\"> <meta itemprop=\"height\" content=\"162\"> <img data-attachment-id=\"4538\" data-orig-file=\"http:\/\/songkol.com\/WordPress3\/wp-content\/uploads\/2014\/12\/VILLALEYVA16.jpg\" data-orig-size=\"1200,600\" data-comments-opened=\"1\" data-image-meta=\"{&quot;aperture&quot;:&quot;14&quot;,&quot;credit&quot;:&quot;&quot;,&quot;camera&quot;:&quot;Canon EOS 5D&quot;,&quot;caption&quot;:&quot;&quot;,&quot;created_timestamp&quot;:&quot;1417250680&quot;,&quot;copyright&quot;:&quot;&quot;,&quot;focal_length&quot;:&quot;40&quot;,&quot;iso&quot;:&quot;400&quot;,&quot;shutter_speed&quot;:&quot;0.0025&quot;,&quot;title&quot;:&quot;&quot;,&quot;orientation&quot;:&quot;1&quot;}\" data-image-title=\"VILLALEYVA16\" data-image-description=\"\" data-medium-file=\"https:\/\/i0.wp.com\/songkol.com\/WordPress3\/wp-content\/uploads\/2014\/12\/VILLALEYVA16.jpg?fit=300%2C150\" data-large-file=\"https:\/\/i0.wp.com\/songkol.com\/WordPress3\/wp-content\/uploads\/2014\/12\/VILLALEYVA16.jpg?fit=768%2C384\" src=\"https:\/\/i0.wp.com\/songkol.com\/WordPress3\/wp-content\/uploads\/2014\/12\/VILLALEYVA16.jpg?w=324&#038;h=162\" width=\"324\" height=\"162\" data-original-width=\"324\" data-original-height=\"162\" itemprop=\"http:\/\/schema.org\/image\" title=\"VILLALEYVA16\" alt=\"VILLA de LEYVA\" style=\"width: 324px; height: 162px;\" \/> <\/a> <div class=\"tiled-gallery-caption\" itemprop=\"caption description\"> VILLA de LEYVA <\/div> <\/div> <\/div> <!-- close group --> <div class=\"gallery-group images-1\" style=\"width: 112px; height: 166px;\" data-original-width=\"112\" data-original-height=\"166\" > <div class=\"tiled-gallery-item tiled-gallery-item-small\" itemprop=\"associatedMedia\" itemscope itemtype=\"http:\/\/schema.org\/ImageObject\"> <a href=\"http:\/\/songkol.com\/WordPress3\/blog\/2014\/11\/28\/villa-de-leyva-on-a-pas-trouve-zorro\/villaleyva17\/\" border=\"0\" itemprop=\"url\"> <meta itemprop=\"width\" content=\"108\"> <meta itemprop=\"height\" content=\"162\"> <img data-attachment-id=\"4539\" data-orig-file=\"http:\/\/songkol.com\/WordPress3\/wp-content\/uploads\/2014\/12\/VILLALEYVA17.jpg\" data-orig-size=\"400,600\" data-comments-opened=\"1\" data-image-meta=\"{&quot;aperture&quot;:&quot;16&quot;,&quot;credit&quot;:&quot;&quot;,&quot;camera&quot;:&quot;Canon EOS 5D&quot;,&quot;caption&quot;:&quot;&quot;,&quot;created_timestamp&quot;:&quot;1417250765&quot;,&quot;copyright&quot;:&quot;&quot;,&quot;focal_length&quot;:&quot;17&quot;,&quot;iso&quot;:&quot;400&quot;,&quot;shutter_speed&quot;:&quot;0.002&quot;,&quot;title&quot;:&quot;&quot;,&quot;orientation&quot;:&quot;1&quot;}\" data-image-title=\"VILLALEYVA17\" data-image-description=\"\" data-medium-file=\"https:\/\/i0.wp.com\/songkol.com\/WordPress3\/wp-content\/uploads\/2014\/12\/VILLALEYVA17.jpg?fit=200%2C300\" data-large-file=\"https:\/\/i0.wp.com\/songkol.com\/WordPress3\/wp-content\/uploads\/2014\/12\/VILLALEYVA17.jpg?fit=400%2C600\" src=\"https:\/\/i0.wp.com\/songkol.com\/WordPress3\/wp-content\/uploads\/2014\/12\/VILLALEYVA17.jpg?w=108&#038;h=162\" width=\"108\" height=\"162\" data-original-width=\"108\" data-original-height=\"162\" itemprop=\"http:\/\/schema.org\/image\" title=\"VILLALEYVA17\" alt=\"VILLA de LEYVA\" style=\"width: 108px; height: 162px;\" \/> <\/a> <div class=\"tiled-gallery-caption\" itemprop=\"caption description\"> VILLA de LEYVA <\/div> <\/div> <\/div> <!-- close group --> <div class=\"gallery-group images-1\" style=\"width: 328px; height: 166px;\" data-original-width=\"328\" data-original-height=\"166\" > <div class=\"tiled-gallery-item tiled-gallery-item-large\" itemprop=\"associatedMedia\" itemscope itemtype=\"http:\/\/schema.org\/ImageObject\"> <a href=\"http:\/\/songkol.com\/WordPress3\/blog\/2014\/11\/28\/villa-de-leyva-on-a-pas-trouve-zorro\/villaleyva17b\/\" border=\"0\" itemprop=\"url\"> <meta itemprop=\"width\" content=\"324\"> <meta itemprop=\"height\" content=\"162\"> <img data-attachment-id=\"4540\" data-orig-file=\"http:\/\/songkol.com\/WordPress3\/wp-content\/uploads\/2014\/12\/VILLALEYVA17b.jpg\" data-orig-size=\"1200,600\" data-comments-opened=\"1\" data-image-meta=\"{&quot;aperture&quot;:&quot;8&quot;,&quot;credit&quot;:&quot;&quot;,&quot;camera&quot;:&quot;Canon EOS 5D&quot;,&quot;caption&quot;:&quot;&quot;,&quot;created_timestamp&quot;:&quot;1417252164&quot;,&quot;copyright&quot;:&quot;&quot;,&quot;focal_length&quot;:&quot;17&quot;,&quot;iso&quot;:&quot;400&quot;,&quot;shutter_speed&quot;:&quot;0.008&quot;,&quot;title&quot;:&quot;&quot;,&quot;orientation&quot;:&quot;1&quot;}\" data-image-title=\"VILLALEYVA17b\" data-image-description=\"\" data-medium-file=\"https:\/\/i0.wp.com\/songkol.com\/WordPress3\/wp-content\/uploads\/2014\/12\/VILLALEYVA17b.jpg?fit=300%2C150\" data-large-file=\"https:\/\/i0.wp.com\/songkol.com\/WordPress3\/wp-content\/uploads\/2014\/12\/VILLALEYVA17b.jpg?fit=768%2C384\" src=\"https:\/\/i0.wp.com\/songkol.com\/WordPress3\/wp-content\/uploads\/2014\/12\/VILLALEYVA17b.jpg?w=324&#038;h=162\" width=\"324\" height=\"162\" data-original-width=\"324\" data-original-height=\"162\" itemprop=\"http:\/\/schema.org\/image\" title=\"VILLALEYVA17b\" alt=\"VILLA de LEYVA \/ Jour de march\u00e9\" style=\"width: 324px; height: 162px;\" \/> <\/a> <div class=\"tiled-gallery-caption\" itemprop=\"caption description\"> VILLA de LEYVA \/ Jour de march\u00e9 <\/div> <\/div> <\/div> <!-- close group --> <\/div> <!-- close row --> <div class=\"gallery-row\" style=\"width: 768px; height: 386px;\" data-original-width=\"768\" data-original-height=\"386\" > <div class=\"gallery-group images-1\" style=\"width: 768px; height: 386px;\" data-original-width=\"768\" data-original-height=\"386\" > <div class=\"tiled-gallery-item tiled-gallery-item-large\" itemprop=\"associatedMedia\" itemscope itemtype=\"http:\/\/schema.org\/ImageObject\"> <a href=\"http:\/\/songkol.com\/WordPress3\/blog\/2014\/11\/28\/villa-de-leyva-on-a-pas-trouve-zorro\/villaleyva18\/\" border=\"0\" itemprop=\"url\"> <meta itemprop=\"width\" content=\"764\"> <meta itemprop=\"height\" content=\"382\"> <img data-attachment-id=\"4541\" data-orig-file=\"http:\/\/songkol.com\/WordPress3\/wp-content\/uploads\/2014\/12\/VILLALEYVA18.jpg\" data-orig-size=\"1200,600\" data-comments-opened=\"1\" data-image-meta=\"{&quot;aperture&quot;:&quot;11&quot;,&quot;credit&quot;:&quot;&quot;,&quot;camera&quot;:&quot;Canon EOS 5D&quot;,&quot;caption&quot;:&quot;&quot;,&quot;created_timestamp&quot;:&quot;1417254595&quot;,&quot;copyright&quot;:&quot;&quot;,&quot;focal_length&quot;:&quot;40&quot;,&quot;iso&quot;:&quot;400&quot;,&quot;shutter_speed&quot;:&quot;0.004&quot;,&quot;title&quot;:&quot;&quot;,&quot;orientation&quot;:&quot;1&quot;}\" data-image-title=\"VILLALEYVA18\" data-image-description=\"\" data-medium-file=\"https:\/\/i0.wp.com\/songkol.com\/WordPress3\/wp-content\/uploads\/2014\/12\/VILLALEYVA18.jpg?fit=300%2C150\" data-large-file=\"https:\/\/i0.wp.com\/songkol.com\/WordPress3\/wp-content\/uploads\/2014\/12\/VILLALEYVA18.jpg?fit=768%2C384\" src=\"https:\/\/i0.wp.com\/songkol.com\/WordPress3\/wp-content\/uploads\/2014\/12\/VILLALEYVA18.jpg?w=764&#038;h=382\" width=\"764\" height=\"382\" data-original-width=\"764\" data-original-height=\"382\" itemprop=\"http:\/\/schema.org\/image\" title=\"VILLALEYVA18\" alt=\"VILLA de LEYVA \/ Jour de march\u00e9\" style=\"width: 764px; height: 382px;\" \/> <\/a> <div class=\"tiled-gallery-caption\" itemprop=\"caption description\"> VILLA de LEYVA \/ Jour de march\u00e9 <\/div> <\/div> <\/div> <!-- close group --> <\/div> <!-- close row --> <div class=\"gallery-row\" style=\"width: 768px; height: 384px;\" data-original-width=\"768\" data-original-height=\"384\" > <div class=\"gallery-group images-1\" style=\"width: 384px; height: 384px;\" data-original-width=\"384\" data-original-height=\"384\" > <div class=\"tiled-gallery-item tiled-gallery-item-large\" itemprop=\"associatedMedia\" itemscope itemtype=\"http:\/\/schema.org\/ImageObject\"> <a href=\"http:\/\/songkol.com\/WordPress3\/blog\/2014\/11\/28\/villa-de-leyva-on-a-pas-trouve-zorro\/villaleyva20\/\" border=\"0\" itemprop=\"url\"> <meta itemprop=\"width\" content=\"380\"> <meta itemprop=\"height\" content=\"380\"> <img data-attachment-id=\"4542\" data-orig-file=\"http:\/\/songkol.com\/WordPress3\/wp-content\/uploads\/2014\/12\/VILLALEYVA20.jpg\" data-orig-size=\"600,600\" data-comments-opened=\"1\" data-image-meta=\"{&quot;aperture&quot;:&quot;13&quot;,&quot;credit&quot;:&quot;&quot;,&quot;camera&quot;:&quot;Canon EOS 5D&quot;,&quot;caption&quot;:&quot;&quot;,&quot;created_timestamp&quot;:&quot;1417252042&quot;,&quot;copyright&quot;:&quot;&quot;,&quot;focal_length&quot;:&quot;20&quot;,&quot;iso&quot;:&quot;400&quot;,&quot;shutter_speed&quot;:&quot;0.003125&quot;,&quot;title&quot;:&quot;&quot;,&quot;orientation&quot;:&quot;1&quot;}\" data-image-title=\"VILLALEYVA20\" data-image-description=\"\" data-medium-file=\"https:\/\/i0.wp.com\/songkol.com\/WordPress3\/wp-content\/uploads\/2014\/12\/VILLALEYVA20.jpg?fit=300%2C300\" data-large-file=\"https:\/\/i0.wp.com\/songkol.com\/WordPress3\/wp-content\/uploads\/2014\/12\/VILLALEYVA20.jpg?fit=600%2C600\" src=\"https:\/\/i0.wp.com\/songkol.com\/WordPress3\/wp-content\/uploads\/2014\/12\/VILLALEYVA20.jpg?w=380&#038;h=380&#038;crop=1\" width=\"380\" height=\"380\" data-original-width=\"380\" data-original-height=\"380\" itemprop=\"http:\/\/schema.org\/image\" title=\"VILLALEYVA20\" alt=\"VILLA de LEYVA \/ Jour de march\u00e9\" style=\"width: 380px; height: 380px;\" \/> <\/a> <div class=\"tiled-gallery-caption\" itemprop=\"caption description\"> VILLA de LEYVA \/ Jour de march\u00e9 <\/div> <\/div> <\/div> <!-- close group --> <div class=\"gallery-group images-1\" style=\"width: 384px; height: 384px;\" data-original-width=\"384\" data-original-height=\"384\" > <div class=\"tiled-gallery-item tiled-gallery-item-large\" itemprop=\"associatedMedia\" itemscope itemtype=\"http:\/\/schema.org\/ImageObject\"> <a href=\"http:\/\/songkol.com\/WordPress3\/blog\/2014\/11\/28\/villa-de-leyva-on-a-pas-trouve-zorro\/villaleyva21\/\" border=\"0\" itemprop=\"url\"> <meta itemprop=\"width\" content=\"380\"> <meta itemprop=\"height\" content=\"380\"> <img data-attachment-id=\"4543\" data-orig-file=\"http:\/\/songkol.com\/WordPress3\/wp-content\/uploads\/2014\/12\/VILLALEYVA21.jpg\" data-orig-size=\"600,600\" data-comments-opened=\"1\" data-image-meta=\"{&quot;aperture&quot;:&quot;13&quot;,&quot;credit&quot;:&quot;&quot;,&quot;camera&quot;:&quot;Canon EOS 5D&quot;,&quot;caption&quot;:&quot;&quot;,&quot;created_timestamp&quot;:&quot;1417252090&quot;,&quot;copyright&quot;:&quot;&quot;,&quot;focal_length&quot;:&quot;17&quot;,&quot;iso&quot;:&quot;400&quot;,&quot;shutter_speed&quot;:&quot;0.003125&quot;,&quot;title&quot;:&quot;&quot;,&quot;orientation&quot;:&quot;1&quot;}\" data-image-title=\"VILLALEYVA21\" data-image-description=\"\" data-medium-file=\"https:\/\/i0.wp.com\/songkol.com\/WordPress3\/wp-content\/uploads\/2014\/12\/VILLALEYVA21.jpg?fit=300%2C300\" data-large-file=\"https:\/\/i0.wp.com\/songkol.com\/WordPress3\/wp-content\/uploads\/2014\/12\/VILLALEYVA21.jpg?fit=600%2C600\" src=\"https:\/\/i0.wp.com\/songkol.com\/WordPress3\/wp-content\/uploads\/2014\/12\/VILLALEYVA21.jpg?w=380&#038;h=380&#038;crop=1\" width=\"380\" height=\"380\" data-original-width=\"380\" data-original-height=\"380\" itemprop=\"http:\/\/schema.org\/image\" title=\"VILLALEYVA21\" alt=\"VILLA de LEYVA \/ Jour de march\u00e9\" style=\"width: 380px; height: 380px;\" \/> <\/a> <div class=\"tiled-gallery-caption\" itemprop=\"caption description\"> VILLA de LEYVA \/ Jour de march\u00e9 <\/div> <\/div> <\/div> <!-- close group --> <\/div> <!-- close row --> <div class=\"gallery-row\" style=\"width: 768px; height: 129px;\" data-original-width=\"768\" data-original-height=\"129\" > <div class=\"gallery-group images-1\" style=\"width: 255px; height: 129px;\" data-original-width=\"255\" data-original-height=\"129\" > <div class=\"tiled-gallery-item tiled-gallery-item-large\" itemprop=\"associatedMedia\" itemscope itemtype=\"http:\/\/schema.org\/ImageObject\"> <a href=\"http:\/\/songkol.com\/WordPress3\/blog\/2014\/11\/28\/villa-de-leyva-on-a-pas-trouve-zorro\/villaleyva24\/\" border=\"0\" itemprop=\"url\"> <meta itemprop=\"width\" content=\"251\"> <meta itemprop=\"height\" content=\"125\"> <img data-attachment-id=\"4544\" data-orig-file=\"http:\/\/songkol.com\/WordPress3\/wp-content\/uploads\/2014\/12\/VILLALEYVA24.jpg\" data-orig-size=\"1200,600\" data-comments-opened=\"1\" data-image-meta=\"{&quot;aperture&quot;:&quot;16&quot;,&quot;credit&quot;:&quot;&quot;,&quot;camera&quot;:&quot;Canon EOS 5D&quot;,&quot;caption&quot;:&quot;&quot;,&quot;created_timestamp&quot;:&quot;1417254663&quot;,&quot;copyright&quot;:&quot;&quot;,&quot;focal_length&quot;:&quot;17&quot;,&quot;iso&quot;:&quot;400&quot;,&quot;shutter_speed&quot;:&quot;0.002&quot;,&quot;title&quot;:&quot;&quot;,&quot;orientation&quot;:&quot;1&quot;}\" data-image-title=\"VILLALEYVA24\" data-image-description=\"\" data-medium-file=\"https:\/\/i0.wp.com\/songkol.com\/WordPress3\/wp-content\/uploads\/2014\/12\/VILLALEYVA24.jpg?fit=300%2C150\" data-large-file=\"https:\/\/i0.wp.com\/songkol.com\/WordPress3\/wp-content\/uploads\/2014\/12\/VILLALEYVA24.jpg?fit=768%2C384\" src=\"https:\/\/i0.wp.com\/songkol.com\/WordPress3\/wp-content\/uploads\/2014\/12\/VILLALEYVA24.jpg?w=251&#038;h=125\" width=\"251\" height=\"125\" data-original-width=\"251\" data-original-height=\"125\" itemprop=\"http:\/\/schema.org\/image\" title=\"VILLALEYVA24\" alt=\"VILLA de LEYVA \/ Jour de march\u00e9\" style=\"width: 251px; height: 125px;\" \/> <\/a> <div class=\"tiled-gallery-caption\" itemprop=\"caption description\"> VILLA de LEYVA \/ Jour de march\u00e9 <\/div> <\/div> <\/div> <!-- close group --> <div class=\"gallery-group images-1\" style=\"width: 129px; height: 129px;\" data-original-width=\"129\" data-original-height=\"129\" > <div class=\"tiled-gallery-item tiled-gallery-item-small\" itemprop=\"associatedMedia\" itemscope itemtype=\"http:\/\/schema.org\/ImageObject\"> <a href=\"http:\/\/songkol.com\/WordPress3\/blog\/2014\/11\/28\/villa-de-leyva-on-a-pas-trouve-zorro\/villaleyva25\/\" border=\"0\" itemprop=\"url\"> <meta itemprop=\"width\" content=\"125\"> <meta itemprop=\"height\" content=\"125\"> <img data-attachment-id=\"4545\" data-orig-file=\"http:\/\/songkol.com\/WordPress3\/wp-content\/uploads\/2014\/12\/VILLALEYVA25.jpg\" data-orig-size=\"600,600\" data-comments-opened=\"1\" data-image-meta=\"{&quot;aperture&quot;:&quot;8&quot;,&quot;credit&quot;:&quot;&quot;,&quot;camera&quot;:&quot;Canon EOS 5D&quot;,&quot;caption&quot;:&quot;&quot;,&quot;created_timestamp&quot;:&quot;1417254830&quot;,&quot;copyright&quot;:&quot;&quot;,&quot;focal_length&quot;:&quot;40&quot;,&quot;iso&quot;:&quot;400&quot;,&quot;shutter_speed&quot;:&quot;0.00625&quot;,&quot;title&quot;:&quot;&quot;,&quot;orientation&quot;:&quot;1&quot;}\" data-image-title=\"VILLALEYVA25\" data-image-description=\"\" data-medium-file=\"https:\/\/i0.wp.com\/songkol.com\/WordPress3\/wp-content\/uploads\/2014\/12\/VILLALEYVA25.jpg?fit=300%2C300\" data-large-file=\"https:\/\/i0.wp.com\/songkol.com\/WordPress3\/wp-content\/uploads\/2014\/12\/VILLALEYVA25.jpg?fit=600%2C600\" src=\"https:\/\/i0.wp.com\/songkol.com\/WordPress3\/wp-content\/uploads\/2014\/12\/VILLALEYVA25.jpg?w=125&#038;h=125&#038;crop=1\" width=\"125\" height=\"125\" data-original-width=\"125\" data-original-height=\"125\" itemprop=\"http:\/\/schema.org\/image\" title=\"VILLALEYVA25\" alt=\"VILLA de LEYVA \/ Jour de march\u00e9 : une limonade ?\" style=\"width: 125px; height: 125px;\" \/> <\/a> <div class=\"tiled-gallery-caption\" itemprop=\"caption description\"> VILLA de LEYVA \/ Jour de march\u00e9 : une limonade ? <\/div> <\/div> <\/div> <!-- close group --> <div class=\"gallery-group images-1\" style=\"width: 129px; height: 129px;\" data-original-width=\"129\" data-original-height=\"129\" > <div class=\"tiled-gallery-item tiled-gallery-item-small\" itemprop=\"associatedMedia\" itemscope itemtype=\"http:\/\/schema.org\/ImageObject\"> <a href=\"http:\/\/songkol.com\/WordPress3\/blog\/2014\/11\/28\/villa-de-leyva-on-a-pas-trouve-zorro\/villaleyva28\/\" border=\"0\" itemprop=\"url\"> <meta itemprop=\"width\" content=\"125\"> <meta itemprop=\"height\" content=\"125\"> <img data-attachment-id=\"4546\" data-orig-file=\"http:\/\/songkol.com\/WordPress3\/wp-content\/uploads\/2014\/12\/VILLALEYVA28.jpg\" data-orig-size=\"600,600\" data-comments-opened=\"1\" data-image-meta=\"{&quot;aperture&quot;:&quot;13&quot;,&quot;credit&quot;:&quot;&quot;,&quot;camera&quot;:&quot;Canon EOS 5D&quot;,&quot;caption&quot;:&quot;&quot;,&quot;created_timestamp&quot;:&quot;1417266821&quot;,&quot;copyright&quot;:&quot;&quot;,&quot;focal_length&quot;:&quot;40&quot;,&quot;iso&quot;:&quot;400&quot;,&quot;shutter_speed&quot;:&quot;0.003125&quot;,&quot;title&quot;:&quot;&quot;,&quot;orientation&quot;:&quot;1&quot;}\" data-image-title=\"VILLALEYVA28\" data-image-description=\"\" data-medium-file=\"https:\/\/i0.wp.com\/songkol.com\/WordPress3\/wp-content\/uploads\/2014\/12\/VILLALEYVA28.jpg?fit=300%2C300\" data-large-file=\"https:\/\/i0.wp.com\/songkol.com\/WordPress3\/wp-content\/uploads\/2014\/12\/VILLALEYVA28.jpg?fit=600%2C600\" src=\"https:\/\/i0.wp.com\/songkol.com\/WordPress3\/wp-content\/uploads\/2014\/12\/VILLALEYVA28.jpg?w=125&#038;h=125&#038;crop=1\" width=\"125\" height=\"125\" data-original-width=\"125\" data-original-height=\"125\" itemprop=\"http:\/\/schema.org\/image\" title=\"VILLALEYVA28\" alt=\"VILLA de LEYVA \/ Une papaye\" style=\"width: 125px; height: 125px;\" \/> <\/a> <div class=\"tiled-gallery-caption\" itemprop=\"caption description\"> VILLA de LEYVA \/ Une papaye <\/div> <\/div> <\/div> <!-- close group --> <div class=\"gallery-group images-1\" style=\"width: 255px; height: 129px;\" data-original-width=\"255\" data-original-height=\"129\" > <div class=\"tiled-gallery-item tiled-gallery-item-large\" itemprop=\"associatedMedia\" itemscope itemtype=\"http:\/\/schema.org\/ImageObject\"> <a href=\"http:\/\/songkol.com\/WordPress3\/blog\/2014\/11\/28\/villa-de-leyva-on-a-pas-trouve-zorro\/villaleyva30\/\" border=\"0\" itemprop=\"url\"> <meta itemprop=\"width\" content=\"251\"> <meta itemprop=\"height\" content=\"125\"> <img data-attachment-id=\"4547\" data-orig-file=\"http:\/\/songkol.com\/WordPress3\/wp-content\/uploads\/2014\/12\/VILLALEYVA30.jpg\" data-orig-size=\"1200,600\" data-comments-opened=\"1\" data-image-meta=\"{&quot;aperture&quot;:&quot;11&quot;,&quot;credit&quot;:&quot;&quot;,&quot;camera&quot;:&quot;Canon EOS 5D&quot;,&quot;caption&quot;:&quot;&quot;,&quot;created_timestamp&quot;:&quot;1417165917&quot;,&quot;copyright&quot;:&quot;&quot;,&quot;focal_length&quot;:&quot;17&quot;,&quot;iso&quot;:&quot;400&quot;,&quot;shutter_speed&quot;:&quot;0.004&quot;,&quot;title&quot;:&quot;&quot;,&quot;orientation&quot;:&quot;1&quot;}\" data-image-title=\"VILLALEYVA30\" data-image-description=\"\" data-medium-file=\"https:\/\/i0.wp.com\/songkol.com\/WordPress3\/wp-content\/uploads\/2014\/12\/VILLALEYVA30.jpg?fit=300%2C150\" data-large-file=\"https:\/\/i0.wp.com\/songkol.com\/WordPress3\/wp-content\/uploads\/2014\/12\/VILLALEYVA30.jpg?fit=768%2C384\" src=\"https:\/\/i0.wp.com\/songkol.com\/WordPress3\/wp-content\/uploads\/2014\/12\/VILLALEYVA30.jpg?w=251&#038;h=125\" width=\"251\" height=\"125\" data-original-width=\"251\" data-original-height=\"125\" itemprop=\"http:\/\/schema.org\/image\" title=\"VILLALEYVA30\" alt=\"VILLA de LEYVA \/ Bivouac\" style=\"width: 251px; height: 125px;\" \/> <\/a> <div class=\"tiled-gallery-caption\" itemprop=\"caption description\"> VILLA de LEYVA \/ Bivouac <\/div> <\/div> <\/div> <!-- close group --> <\/div> <!-- close row --> <\/div>\n","protected":false},"excerpt":{"rendered":"<p>Pas de traces de Zorro&#8230; C&rsquo;est pas faute de l&rsquo;avoir cherch\u00e9 dans ces petites ruelles pav\u00e9es. A la tomb\u00e9e de la nuit on a m\u00eame cru apercevoir une ombre saut\u00e9e depuis ce balcon suivie de ce son unique des sabots d&rsquo;un cheval lanc\u00e9 au grand galop&#8230; Mais non, rien, et quand on pose la question, [&hellip;]<\/p>\n","protected":false},"author":3,"featured_media":0,"comment_status":"open","ping_status":"open","sticky":false,"template":"","format":"standard","meta":{"spay_email":"","jetpack_publicize_message":"","jetpack_is_tweetstorm":false,"jetpack_publicize_feature_enabled":true},"categories":[25],"tags":[],"jetpack_featured_media_url":"","jetpack_publicize_connections":[],"jetpack_sharing_enabled":true,"jetpack_shortlink":"https:\/\/wp.me\/p4uy6M-19p","jetpack_likes_enabled":true,"_links":{"self":[{"href":"http:\/\/songkol.com\/WordPress3\/wp-json\/wp\/v2\/posts\/4427"}],"collection":[{"href":"http:\/\/songkol.com\/WordPress3\/wp-json\/wp\/v2\/posts"}],"about":[{"href":"http:\/\/songkol.com\/WordPress3\/wp-json\/wp\/v2\/types\/post"}],"author":[{"embeddable":true,"href":"http:\/\/songkol.com\/WordPress3\/wp-json\/wp\/v2\/users\/3"}],"replies":[{"embeddable":true,"href":"http:\/\/songkol.com\/WordPress3\/wp-json\/wp\/v2\/comments?post=4427"}],"version-history":[{"count":12,"href":"http:\/\/songkol.com\/WordPress3\/wp-json\/wp\/v2\/posts\/4427\/revisions"}],"predecessor-version":[{"id":4555,"href":"http:\/\/songkol.com\/WordPress3\/wp-json\/wp\/v2\/posts\/4427\/revisions\/4555"}],"wp:attachment":[{"href":"http:\/\/songkol.com\/WordPress3\/wp-json\/wp\/v2\/media?parent=4427"}],"wp:term":[{"taxonomy":"category","embeddable":true,"href":"http:\/\/songkol.com\/WordPress3\/wp-json\/wp\/v2\/categories?post=4427"},{"taxonomy":"post_tag","embeddable":true,"href":"http:\/\/songkol.com\/WordPress3\/wp-json\/wp\/v2\/tags?post=4427"}],"curies":[{"name":"wp","href":"https:\/\/api.w.org\/{rel}","templated":true}]}}