{"id":4216,"date":"2014-11-14T15:39:11","date_gmt":"2014-11-14T20:39:11","guid":{"rendered":"http:\/\/songkol.com\/WordPress3\/?p=4216"},"modified":"2014-11-23T19:13:11","modified_gmt":"2014-11-24T00:13:11","slug":"la-colombie-nous-ouvre-ses-portes","status":"publish","type":"post","link":"http:\/\/songkol.com\/WordPress3\/blog\/2014\/11\/14\/la-colombie-nous-ouvre-ses-portes\/","title":{"rendered":"La Colombie nous ouvre ses portes"},"content":{"rendered":"<p>Co-lom-bia, nous voil\u00e0! Ca y est, on y est. Derni\u00e8re \u00e9tape de notre aventure sud am\u00e9ricaine\u2026 Ca nous fait quelque chose\u2026<br \/>\nPassage de fronti\u00e8re sans probl\u00e8me puis direction Popayan pour rejoindre ensuite San Agustin.<br \/>\nPremi\u00e8res impressions : une v\u00e9g\u00e9tation dense toujours omnipr\u00e9sente, comme en Equateur, mais aussi beaucoup beaucoup de camions sur cette principale entr\u00e9e dans le pays par le sud et aussi beaucoup de motos. Autre signe caract\u00e9ristique : la musique. A chaque village ou hameau travers\u00e9, elle est l\u00e0, forte, qui bat au rythme de la salsa et de la cumbia. Les \u00e9tals de fruits exotiques jalonnent aussi les routes: mangues, ananas, bananes, past\u00e8ques et autres fruits de la passion sont l\u00e0 et bien l\u00e0, avec la chaleur qui va avec!!! On sent bien qu&rsquo;on laisse au fil des kilom\u00e8tres les Andes derni\u00e8re nous et qu&rsquo;au bout de la \u00ab\u00a0piste\u00a0\u00bb nous attendent la chaleur tropicale de Cartag\u00e8ne et les plages de sable blanc des Cara\u00efbes!!!<br \/>\nPopayan se r\u00e9v\u00e8le \u00eatre une jolie ville coloniale. Notre premier bivouac colombien se fera en face de l&rsquo;h\u00f4tel de police, bruyant mais s\u00e9cure!<br \/>\nD\u00e8s le lendemain nous poursuivons notre route, direction San Agustin. Sur la route quelques check points de l&rsquo;arm\u00e9e nous rappellent que nous sommes quand m\u00eame dans le pays des Farcs et autres gu\u00e9rilleros !\u00a0 Mais tr\u00e8s franchement, on ne ressent aucune ins\u00e9curit\u00e9: la situation int\u00e9rieure s&rsquo;est consid\u00e9rablement am\u00e9lior\u00e9e ces dix derni\u00e8res ann\u00e9es et cette pr\u00e9sence polici\u00e8re et militaire nous conforte dans le choix des itin\u00e9raires. Nous n&rsquo;avons de leur part que des encouragements !<br \/>\nAu bout de 5 heures de route (asphalt\u00e9e et piste pourrie), nous nous posons dans le camping Gamcelat, charmant, avec une balan\u00e7oire et un grand terrain de verdure. Nous allons passer trois belles journ\u00e9es dans ce village et ses alentours. Nous y visitons le parque arch\u00e9ologico qui abrite des dizaines de sculptures datant de la civilisation agustinienne (avant les Incas), vestiges d&rsquo;une n\u00e9cropolis d&rsquo;une superficie estim\u00e9e \u00e0 75 000 hectares. Seuls 10% de la surface ont pour l&rsquo;instant \u00e9t\u00e9 explor\u00e9s. Notre guide, Paissa, est persuad\u00e9 qu&rsquo;il y a dans les montagnes une cit\u00e9 du type Machu Picchu qu&rsquo;il reste \u00e0 d\u00e9couvrir\u2026 La visite sera peut-\u00eatre \u00e0 faire pour Anna et Nils dans une vingtaine d&rsquo;ann\u00e9e!<br \/>\nNous profitons \u00e9galement de la beaut\u00e9 des environs pour faire une nouvelle ballade \u00e0 cheval, Anna l&rsquo;attendait avec impatience et c&rsquo;est l&rsquo;occasion d&rsquo;aller voir des sites arch\u00e9ologiques plus \u00e9loign\u00e9s. Une premi\u00e8re: Anna dirige son cheval quasiment toute seule et elle fait m\u00eame son premier galop! une championne! Nils quant \u00e0 lui est encore dans le porte-b\u00e9b\u00e9 mais nul doute qu&rsquo;il suivra les traces de sa soeur car quand on trotte ou galope, il est hilare!<br \/>\nLe troisi\u00e8me et dernier jour \u00e0 San Agustin nous permet d&rsquo;aller visiter une plantation de caf\u00e9. Si c&rsquo;est bien dans la zona cafetera, plus au nord, que le caf\u00e9 est produit en masse, c&rsquo;est \u00e0 San Agustin qu&rsquo;il est le meilleur! Les plantations, plus petites, font une s\u00e9lection plus pouss\u00e9e. A notre retour au camping, nous y retrouvons Kathryn et Ronald avec qui l&rsquo;on passe la fin de la journ\u00e9e.<br \/>\nC&rsquo;est maintenant l&rsquo;heure de repartir, direction el desertio de Tatacoa puis Salento dans la zona cafetera<\/p>\n<div class=\"tiled-gallery type-rectangular tiled-gallery-unresized\" data-original-width=\"768\" data-carousel-extra='{&quot;blog_id&quot;:1,&quot;permalink&quot;:&quot;http:\\\/\\\/songkol.com\\\/WordPress3\\\/blog\\\/2014\\\/11\\\/14\\\/la-colombie-nous-ouvre-ses-portes\\\/&quot;,&quot;likes_blog_id&quot;:66386300}' itemscope itemtype=\"http:\/\/schema.org\/ImageGallery\" > <div class=\"gallery-row\" style=\"width: 768px; height: 221px;\" data-original-width=\"768\" data-original-height=\"221\" > <div class=\"gallery-group images-1\" style=\"width: 330px; height: 221px;\" data-original-width=\"330\" data-original-height=\"221\" > <div class=\"tiled-gallery-item tiled-gallery-item-large\" itemprop=\"associatedMedia\" itemscope itemtype=\"http:\/\/schema.org\/ImageObject\"> <a href=\"http:\/\/songkol.com\/WordPress3\/preparatifs\/bons-plans-par-pays\/sanagustin-09\/\" border=\"0\" itemprop=\"url\"> <meta itemprop=\"width\" content=\"326\"> <meta itemprop=\"height\" content=\"217\"> <img data-attachment-id=\"4250\" data-orig-file=\"http:\/\/songkol.com\/WordPress3\/wp-content\/uploads\/2014\/11\/SanAgustin-09.jpg\" data-orig-size=\"1200,800\" data-comments-opened=\"1\" data-image-meta=\"{&quot;aperture&quot;:&quot;4&quot;,&quot;credit&quot;:&quot;&quot;,&quot;camera&quot;:&quot;Canon EOS 5D&quot;,&quot;caption&quot;:&quot;&quot;,&quot;created_timestamp&quot;:&quot;1415805675&quot;,&quot;copyright&quot;:&quot;&quot;,&quot;focal_length&quot;:&quot;22&quot;,&quot;iso&quot;:&quot;400&quot;,&quot;shutter_speed&quot;:&quot;0.04&quot;,&quot;title&quot;:&quot;&quot;,&quot;orientation&quot;:&quot;1&quot;}\" data-image-title=\"SanAgustin-09\" data-image-description=\"\" data-medium-file=\"https:\/\/i0.wp.com\/songkol.com\/WordPress3\/wp-content\/uploads\/2014\/11\/SanAgustin-09.jpg?fit=300%2C200\" data-large-file=\"https:\/\/i0.wp.com\/songkol.com\/WordPress3\/wp-content\/uploads\/2014\/11\/SanAgustin-09.jpg?fit=768%2C512\" src=\"https:\/\/i0.wp.com\/songkol.com\/WordPress3\/wp-content\/uploads\/2014\/11\/SanAgustin-09.jpg?w=326&#038;h=217\" width=\"326\" height=\"217\" data-original-width=\"326\" data-original-height=\"217\" itemprop=\"http:\/\/schema.org\/image\" title=\"SanAgustin-09\" alt=\"SAN AGUSTIN \/ Parc arch\u00e9ologique : une femme porte un sac de feuille de cocas. Les shamans \u00e9taient les seuls capables de mettre en contact le monde de l&#039;homme avec les autres. Ils avaient la capacit\u00e9 de &quot;voyager&quot;. Certain pr\u00e9tendent que les shamans des diff\u00e9rents continents \u00e9taient en contact lors de ces voyages...\" style=\"width: 326px; height: 217px;\" \/> <\/a> <div class=\"tiled-gallery-caption\" itemprop=\"caption description\"> SAN AGUSTIN \/ Parc arch\u00e9ologique : une femme porte un sac de feuille de cocas. Les shamans \u00e9taient les seuls capables de mettre en contact le monde de l&rsquo;homme avec les autres. Ils avaient la capacit\u00e9 de \u00ab\u00a0voyager\u00a0\u00bb. Certain pr\u00e9tendent que les shamans des diff\u00e9rents continents \u00e9taient en contact lors de ces voyages&#8230; <\/div> <\/div> <\/div> <!-- close group --> <div class=\"gallery-group images-1\" style=\"width: 438px; height: 221px;\" data-original-width=\"438\" data-original-height=\"221\" > <div class=\"tiled-gallery-item tiled-gallery-item-large\" itemprop=\"associatedMedia\" itemscope itemtype=\"http:\/\/schema.org\/ImageObject\"> <a href=\"http:\/\/songkol.com\/WordPress3\/sanagustin-02\/\" border=\"0\" itemprop=\"url\"> <meta itemprop=\"width\" content=\"434\"> <meta itemprop=\"height\" content=\"217\"> <img data-attachment-id=\"4242\" data-orig-file=\"http:\/\/songkol.com\/WordPress3\/wp-content\/uploads\/2014\/11\/SanAgustin-02.jpg\" data-orig-size=\"1200,600\" data-comments-opened=\"1\" data-image-meta=\"{&quot;aperture&quot;:&quot;7.1&quot;,&quot;credit&quot;:&quot;&quot;,&quot;camera&quot;:&quot;Canon EOS 5D&quot;,&quot;caption&quot;:&quot;&quot;,&quot;created_timestamp&quot;:&quot;1415788418&quot;,&quot;copyright&quot;:&quot;&quot;,&quot;focal_length&quot;:&quot;17&quot;,&quot;iso&quot;:&quot;1600&quot;,&quot;shutter_speed&quot;:&quot;0.008&quot;,&quot;title&quot;:&quot;&quot;,&quot;orientation&quot;:&quot;1&quot;}\" data-image-title=\"SanAgustin-02\" data-image-description=\"\" data-medium-file=\"https:\/\/i0.wp.com\/songkol.com\/WordPress3\/wp-content\/uploads\/2014\/11\/SanAgustin-02.jpg?fit=300%2C150\" data-large-file=\"https:\/\/i0.wp.com\/songkol.com\/WordPress3\/wp-content\/uploads\/2014\/11\/SanAgustin-02.jpg?fit=768%2C384\" src=\"https:\/\/i0.wp.com\/songkol.com\/WordPress3\/wp-content\/uploads\/2014\/11\/SanAgustin-02.jpg?w=434&#038;h=217\" width=\"434\" height=\"217\" data-original-width=\"434\" data-original-height=\"217\" itemprop=\"http:\/\/schema.org\/image\" title=\"SanAgustin-02\" alt=\"SAN AGUSTIN \/ Parc arch\u00e9ologique : les statues-menhirs d\u00e9couvertes ici datent au plus tard de 4500 ans avant JC. Le graphisme de certaines laissent les arch\u00e9ologues supposer des contacts avec les continents africain, asiatique et indien. Christophe Colon peut aller se rhabiller ! La th\u00e9orie de l&#039;anthropologue norv\u00e9gien Thor Heyerdahl pourrait donc etre vraie. Il semble en tous cas que ce site \u00e9tait une n\u00e9cropolis de 65000 hectares o\u00f9 les dignitaires demandaient \u00e0 se faire enterrer. Tout le monde ici esp\u00e8re trouver une pyramide\u2026 ce qui ferait de San Agustin un deuxi\u00e8me Machu Picchu.\" style=\"width: 434px; height: 217px;\" \/> <\/a> <div class=\"tiled-gallery-caption\" itemprop=\"caption description\"> SAN AGUSTIN \/ Parc arch\u00e9ologique : les statues-menhirs d\u00e9couvertes ici datent au plus tard de 4500 ans avant JC. Le graphisme de certaines laissent les arch\u00e9ologues supposer des contacts avec les continents africain, asiatique et indien. Christophe Colon peut aller se rhabiller ! La th\u00e9orie de l&rsquo;anthropologue norv\u00e9gien Thor Heyerdahl pourrait donc etre vraie. Il semble en tous cas que ce site \u00e9tait une n\u00e9cropolis de 65000 hectares o\u00f9 les dignitaires demandaient \u00e0 se faire enterrer. Tout le monde ici esp\u00e8re trouver une pyramide\u2026 ce qui ferait de San Agustin un deuxi\u00e8me Machu Picchu. <\/div> <\/div> <\/div> <!-- close group --> <\/div> <!-- close row --> <div class=\"gallery-row\" style=\"width: 768px; height: 257px;\" data-original-width=\"768\" data-original-height=\"257\" > <div class=\"gallery-group images-1\" style=\"width: 257px; height: 257px;\" data-original-width=\"257\" data-original-height=\"257\" > <div class=\"tiled-gallery-item tiled-gallery-item-large\" itemprop=\"associatedMedia\" itemscope itemtype=\"http:\/\/schema.org\/ImageObject\"> <a href=\"http:\/\/songkol.com\/WordPress3\/sanagustin-05\/\" border=\"0\" itemprop=\"url\"> <meta itemprop=\"width\" content=\"253\"> <meta itemprop=\"height\" content=\"253\"> <img data-attachment-id=\"4246\" data-orig-file=\"http:\/\/songkol.com\/WordPress3\/wp-content\/uploads\/2014\/11\/SanAgustin-05.jpg\" data-orig-size=\"600,600\" data-comments-opened=\"1\" data-image-meta=\"{&quot;aperture&quot;:&quot;10&quot;,&quot;credit&quot;:&quot;&quot;,&quot;camera&quot;:&quot;Canon EOS 5D&quot;,&quot;caption&quot;:&quot;&quot;,&quot;created_timestamp&quot;:&quot;1415791447&quot;,&quot;copyright&quot;:&quot;&quot;,&quot;focal_length&quot;:&quot;31&quot;,&quot;iso&quot;:&quot;400&quot;,&quot;shutter_speed&quot;:&quot;0.005&quot;,&quot;title&quot;:&quot;&quot;,&quot;orientation&quot;:&quot;1&quot;}\" data-image-title=\"SanAgustin-05\" data-image-description=\"\" data-medium-file=\"https:\/\/i0.wp.com\/songkol.com\/WordPress3\/wp-content\/uploads\/2014\/11\/SanAgustin-05.jpg?fit=300%2C300\" data-large-file=\"https:\/\/i0.wp.com\/songkol.com\/WordPress3\/wp-content\/uploads\/2014\/11\/SanAgustin-05.jpg?fit=600%2C600\" src=\"https:\/\/i0.wp.com\/songkol.com\/WordPress3\/wp-content\/uploads\/2014\/11\/SanAgustin-05.jpg?w=253&#038;h=253&#038;crop=1\" width=\"253\" height=\"253\" data-original-width=\"253\" data-original-height=\"253\" itemprop=\"http:\/\/schema.org\/image\" title=\"SanAgustin-05\" alt=\"SAN AGUSTIN \/ Parc arch\u00e9ologique : les dents de jaguar repr\u00e9sentent un statut social \u00e9lev\u00e9, le pagne montre que c&#039;est une femme (\u00e9galit\u00e9 des sexe \u00e9tait un pilier de la civilisation Agustunienne), la coiffe qu&#039;on aper\u00e7oit tomber derri\u00e8re est pour certain un signe d&#039;un contact avec la civilisation \u00e9gyptienne, le nez n\u00e9gro\u00efde montrerait aussi un contact avec le continent africain,\u2026\" style=\"width: 253px; height: 253px;\" \/> <\/a> <div class=\"tiled-gallery-caption\" itemprop=\"caption description\"> SAN AGUSTIN \/ Parc arch\u00e9ologique : les dents de jaguar repr\u00e9sentent un statut social \u00e9lev\u00e9, le pagne montre que c&rsquo;est une femme (\u00e9galit\u00e9 des sexe \u00e9tait un pilier de la civilisation Agustunienne), la coiffe qu&rsquo;on aper\u00e7oit tomber derri\u00e8re est pour certain un signe d&rsquo;un contact avec la civilisation \u00e9gyptienne, le nez n\u00e9gro\u00efde montrerait aussi un contact avec le continent africain,\u2026 <\/div> <\/div> <\/div> <!-- close group --> <div class=\"gallery-group images-1\" style=\"width: 511px; height: 257px;\" data-original-width=\"511\" data-original-height=\"257\" > <div class=\"tiled-gallery-item tiled-gallery-item-large\" itemprop=\"associatedMedia\" itemscope itemtype=\"http:\/\/schema.org\/ImageObject\"> <a href=\"http:\/\/songkol.com\/WordPress3\/sanagustin-06\/\" border=\"0\" itemprop=\"url\"> <meta itemprop=\"width\" content=\"507\"> <meta itemprop=\"height\" content=\"253\"> <img data-attachment-id=\"4247\" data-orig-file=\"http:\/\/songkol.com\/WordPress3\/wp-content\/uploads\/2014\/11\/SanAgustin-06.jpg\" data-orig-size=\"1200,600\" data-comments-opened=\"1\" data-image-meta=\"{&quot;aperture&quot;:&quot;8&quot;,&quot;credit&quot;:&quot;&quot;,&quot;camera&quot;:&quot;Canon EOS 5D&quot;,&quot;caption&quot;:&quot;&quot;,&quot;created_timestamp&quot;:&quot;1415793215&quot;,&quot;copyright&quot;:&quot;&quot;,&quot;focal_length&quot;:&quot;40&quot;,&quot;iso&quot;:&quot;400&quot;,&quot;shutter_speed&quot;:&quot;0.008&quot;,&quot;title&quot;:&quot;&quot;,&quot;orientation&quot;:&quot;1&quot;}\" data-image-title=\"SanAgustin-06\" data-image-description=\"\" data-medium-file=\"https:\/\/i0.wp.com\/songkol.com\/WordPress3\/wp-content\/uploads\/2014\/11\/SanAgustin-06.jpg?fit=300%2C150\" data-large-file=\"https:\/\/i0.wp.com\/songkol.com\/WordPress3\/wp-content\/uploads\/2014\/11\/SanAgustin-06.jpg?fit=768%2C384\" src=\"https:\/\/i0.wp.com\/songkol.com\/WordPress3\/wp-content\/uploads\/2014\/11\/SanAgustin-06.jpg?w=507&#038;h=253\" width=\"507\" height=\"253\" data-original-width=\"507\" data-original-height=\"253\" itemprop=\"http:\/\/schema.org\/image\" title=\"SanAgustin-06\" alt=\"SAN AGUSTIN \/ Parc arch\u00e9ologique : fontaine creus\u00e9e dans le lit d&#039;une rivi\u00e8re o\u00f9 \u00e9tait sacrifi\u00e9s des humains\" style=\"width: 507px; height: 253px;\" \/> <\/a> <div class=\"tiled-gallery-caption\" itemprop=\"caption description\"> SAN AGUSTIN \/ Parc arch\u00e9ologique : fontaine creus\u00e9e dans le lit d&rsquo;une rivi\u00e8re o\u00f9 \u00e9tait sacrifi\u00e9s des humains <\/div> <\/div> <\/div> <!-- close group --> <\/div> <!-- close row --> <div class=\"gallery-row\" style=\"width: 768px; height: 386px;\" data-original-width=\"768\" data-original-height=\"386\" > <div class=\"gallery-group images-1\" style=\"width: 768px; height: 386px;\" data-original-width=\"768\" data-original-height=\"386\" > <div class=\"tiled-gallery-item tiled-gallery-item-large\" itemprop=\"associatedMedia\" itemscope itemtype=\"http:\/\/schema.org\/ImageObject\"> <a href=\"http:\/\/songkol.com\/WordPress3\/sanagustin-07\/\" border=\"0\" itemprop=\"url\"> <meta itemprop=\"width\" content=\"764\"> <meta itemprop=\"height\" content=\"382\"> <img data-attachment-id=\"4248\" data-orig-file=\"http:\/\/songkol.com\/WordPress3\/wp-content\/uploads\/2014\/11\/SanAgustin-07.jpg\" data-orig-size=\"1200,600\" data-comments-opened=\"1\" data-image-meta=\"{&quot;aperture&quot;:&quot;8&quot;,&quot;credit&quot;:&quot;&quot;,&quot;camera&quot;:&quot;Canon EOS 5D&quot;,&quot;caption&quot;:&quot;&quot;,&quot;created_timestamp&quot;:&quot;1415799991&quot;,&quot;copyright&quot;:&quot;&quot;,&quot;focal_length&quot;:&quot;26&quot;,&quot;iso&quot;:&quot;400&quot;,&quot;shutter_speed&quot;:&quot;0.00625&quot;,&quot;title&quot;:&quot;&quot;,&quot;orientation&quot;:&quot;1&quot;}\" data-image-title=\"SanAgustin-07\" data-image-description=\"\" data-medium-file=\"https:\/\/i0.wp.com\/songkol.com\/WordPress3\/wp-content\/uploads\/2014\/11\/SanAgustin-07.jpg?fit=300%2C150\" data-large-file=\"https:\/\/i0.wp.com\/songkol.com\/WordPress3\/wp-content\/uploads\/2014\/11\/SanAgustin-07.jpg?fit=768%2C384\" src=\"https:\/\/i0.wp.com\/songkol.com\/WordPress3\/wp-content\/uploads\/2014\/11\/SanAgustin-07.jpg?w=764&#038;h=382\" width=\"764\" height=\"382\" data-original-width=\"764\" data-original-height=\"382\" itemprop=\"http:\/\/schema.org\/image\" title=\"SanAgustin-07\" alt=\"SAN AGUSTIN \/ Parc arch\u00e9ologique -\" style=\"width: 764px; height: 382px;\" \/> <\/a> <div class=\"tiled-gallery-caption\" itemprop=\"caption description\"> SAN AGUSTIN \/ Parc arch\u00e9ologique &#8211; <\/div> <\/div> <\/div> <!-- close group --> <\/div> <!-- close row --> <div class=\"gallery-row\" style=\"width: 768px; height: 384px;\" data-original-width=\"768\" data-original-height=\"384\" > <div class=\"gallery-group images-1\" style=\"width: 384px; height: 384px;\" data-original-width=\"384\" data-original-height=\"384\" > <div class=\"tiled-gallery-item tiled-gallery-item-large\" itemprop=\"associatedMedia\" itemscope itemtype=\"http:\/\/schema.org\/ImageObject\"> <a href=\"http:\/\/songkol.com\/WordPress3\/sanagustin-08\/\" border=\"0\" itemprop=\"url\"> <meta itemprop=\"width\" content=\"380\"> <meta itemprop=\"height\" content=\"380\"> <img data-attachment-id=\"4249\" data-orig-file=\"http:\/\/songkol.com\/WordPress3\/wp-content\/uploads\/2014\/11\/SanAgustin-08.jpg\" data-orig-size=\"600,600\" data-comments-opened=\"1\" data-image-meta=\"{&quot;aperture&quot;:&quot;8&quot;,&quot;credit&quot;:&quot;&quot;,&quot;camera&quot;:&quot;Canon EOS 5D&quot;,&quot;caption&quot;:&quot;&quot;,&quot;created_timestamp&quot;:&quot;1415800036&quot;,&quot;copyright&quot;:&quot;&quot;,&quot;focal_length&quot;:&quot;40&quot;,&quot;iso&quot;:&quot;400&quot;,&quot;shutter_speed&quot;:&quot;0.008&quot;,&quot;title&quot;:&quot;&quot;,&quot;orientation&quot;:&quot;1&quot;}\" data-image-title=\"SanAgustin-08\" data-image-description=\"\" data-medium-file=\"https:\/\/i0.wp.com\/songkol.com\/WordPress3\/wp-content\/uploads\/2014\/11\/SanAgustin-08.jpg?fit=300%2C300\" data-large-file=\"https:\/\/i0.wp.com\/songkol.com\/WordPress3\/wp-content\/uploads\/2014\/11\/SanAgustin-08.jpg?fit=600%2C600\" src=\"https:\/\/i0.wp.com\/songkol.com\/WordPress3\/wp-content\/uploads\/2014\/11\/SanAgustin-08.jpg?w=380&#038;h=380&#038;crop=1\" width=\"380\" height=\"380\" data-original-width=\"380\" data-original-height=\"380\" itemprop=\"http:\/\/schema.org\/image\" title=\"SanAgustin-08\" alt=\"SAN AGUSTIN \/ Parc arch\u00e9ologique : l&#039;aigle repr\u00e9sente le monde spirituel (ciel) et le serpent l&#039;inframonde (sous-terrain)\" style=\"width: 380px; height: 380px;\" \/> <\/a> <div class=\"tiled-gallery-caption\" itemprop=\"caption description\"> SAN AGUSTIN \/ Parc arch\u00e9ologique : l&rsquo;aigle repr\u00e9sente le monde spirituel (ciel) et le serpent l&rsquo;inframonde (sous-terrain) <\/div> <\/div> <\/div> <!-- close group --> <div class=\"gallery-group images-1\" style=\"width: 384px; height: 384px;\" data-original-width=\"384\" data-original-height=\"384\" > <div class=\"tiled-gallery-item tiled-gallery-item-large\" itemprop=\"associatedMedia\" itemscope itemtype=\"http:\/\/schema.org\/ImageObject\"> <a href=\"http:\/\/songkol.com\/WordPress3\/sanagustin-10\/\" border=\"0\" itemprop=\"url\"> <meta itemprop=\"width\" content=\"380\"> <meta itemprop=\"height\" content=\"380\"> <img data-attachment-id=\"4251\" data-orig-file=\"http:\/\/songkol.com\/WordPress3\/wp-content\/uploads\/2014\/11\/SanAgustin-10.jpg\" data-orig-size=\"600,600\" data-comments-opened=\"1\" data-image-meta=\"{&quot;aperture&quot;:&quot;5&quot;,&quot;credit&quot;:&quot;&quot;,&quot;camera&quot;:&quot;Canon EOS 5D&quot;,&quot;caption&quot;:&quot;&quot;,&quot;created_timestamp&quot;:&quot;1415806725&quot;,&quot;copyright&quot;:&quot;&quot;,&quot;focal_length&quot;:&quot;29&quot;,&quot;iso&quot;:&quot;400&quot;,&quot;shutter_speed&quot;:&quot;0.02&quot;,&quot;title&quot;:&quot;&quot;,&quot;orientation&quot;:&quot;1&quot;}\" data-image-title=\"SanAgustin-10\" data-image-description=\"\" data-medium-file=\"https:\/\/i0.wp.com\/songkol.com\/WordPress3\/wp-content\/uploads\/2014\/11\/SanAgustin-10.jpg?fit=300%2C300\" data-large-file=\"https:\/\/i0.wp.com\/songkol.com\/WordPress3\/wp-content\/uploads\/2014\/11\/SanAgustin-10.jpg?fit=600%2C600\" src=\"https:\/\/i0.wp.com\/songkol.com\/WordPress3\/wp-content\/uploads\/2014\/11\/SanAgustin-10.jpg?w=380&#038;h=380&#038;crop=1\" width=\"380\" height=\"380\" data-original-width=\"380\" data-original-height=\"380\" itemprop=\"http:\/\/schema.org\/image\" title=\"SanAgustin-10\" alt=\"SAN AGUSTIN \/ Parc arch\u00e9ologique : certains arch\u00e9ologue y voit un contact avec la civilisation indienne\" style=\"width: 380px; height: 380px;\" \/> <\/a> <div class=\"tiled-gallery-caption\" itemprop=\"caption description\"> SAN AGUSTIN \/ Parc arch\u00e9ologique : certains arch\u00e9ologue y voit un contact avec la civilisation indienne <\/div> <\/div> <\/div> <!-- close group --> <\/div> <!-- close row --> <div class=\"gallery-row\" style=\"width: 768px; height: 386px;\" data-original-width=\"768\" data-original-height=\"386\" > <div class=\"gallery-group images-1\" style=\"width: 768px; height: 386px;\" data-original-width=\"768\" data-original-height=\"386\" > <div class=\"tiled-gallery-item tiled-gallery-item-large\" itemprop=\"associatedMedia\" itemscope itemtype=\"http:\/\/schema.org\/ImageObject\"> <a href=\"http:\/\/songkol.com\/WordPress3\/sanagustin-11\/\" border=\"0\" itemprop=\"url\"> <meta itemprop=\"width\" content=\"764\"> <meta itemprop=\"height\" content=\"382\"> <img data-attachment-id=\"4252\" data-orig-file=\"http:\/\/songkol.com\/WordPress3\/wp-content\/uploads\/2014\/11\/SanAgustin-11.jpg\" data-orig-size=\"1200,600\" data-comments-opened=\"1\" data-image-meta=\"{&quot;aperture&quot;:&quot;14&quot;,&quot;credit&quot;:&quot;&quot;,&quot;camera&quot;:&quot;Canon EOS 5D&quot;,&quot;caption&quot;:&quot;&quot;,&quot;created_timestamp&quot;:&quot;1415876436&quot;,&quot;copyright&quot;:&quot;&quot;,&quot;focal_length&quot;:&quot;40&quot;,&quot;iso&quot;:&quot;400&quot;,&quot;shutter_speed&quot;:&quot;0.0025&quot;,&quot;title&quot;:&quot;&quot;,&quot;orientation&quot;:&quot;1&quot;}\" data-image-title=\"SanAgustin-11\" data-image-description=\"\" data-medium-file=\"https:\/\/i0.wp.com\/songkol.com\/WordPress3\/wp-content\/uploads\/2014\/11\/SanAgustin-11.jpg?fit=300%2C150\" data-large-file=\"https:\/\/i0.wp.com\/songkol.com\/WordPress3\/wp-content\/uploads\/2014\/11\/SanAgustin-11.jpg?fit=768%2C384\" src=\"https:\/\/i0.wp.com\/songkol.com\/WordPress3\/wp-content\/uploads\/2014\/11\/SanAgustin-11.jpg?w=764&#038;h=382\" width=\"764\" height=\"382\" data-original-width=\"764\" data-original-height=\"382\" itemprop=\"http:\/\/schema.org\/image\" title=\"SanAgustin-11\" alt=\"SAN AGUSTIN \/ Parc arch\u00e9ologique : sur le chemin entre deux sites\" style=\"width: 764px; height: 382px;\" \/> <\/a> <div class=\"tiled-gallery-caption\" itemprop=\"caption description\"> SAN AGUSTIN \/ Parc arch\u00e9ologique : sur le chemin entre deux sites <\/div> <\/div> <\/div> <!-- close group --> <\/div> <!-- close row --> <div class=\"gallery-row\" style=\"width: 768px; height: 386px;\" data-original-width=\"768\" data-original-height=\"386\" > <div class=\"gallery-group images-1\" style=\"width: 768px; height: 386px;\" data-original-width=\"768\" data-original-height=\"386\" > <div class=\"tiled-gallery-item tiled-gallery-item-large\" itemprop=\"associatedMedia\" itemscope itemtype=\"http:\/\/schema.org\/ImageObject\"> <a href=\"http:\/\/songkol.com\/WordPress3\/sanagustin-12\/\" border=\"0\" itemprop=\"url\"> <meta itemprop=\"width\" content=\"764\"> <meta itemprop=\"height\" content=\"382\"> <img data-attachment-id=\"4253\" data-orig-file=\"http:\/\/songkol.com\/WordPress3\/wp-content\/uploads\/2014\/11\/SanAgustin-12.jpg\" data-orig-size=\"1200,600\" data-comments-opened=\"1\" data-image-meta=\"{&quot;aperture&quot;:&quot;13&quot;,&quot;credit&quot;:&quot;&quot;,&quot;camera&quot;:&quot;Canon EOS 5D&quot;,&quot;caption&quot;:&quot;&quot;,&quot;created_timestamp&quot;:&quot;1415883636&quot;,&quot;copyright&quot;:&quot;&quot;,&quot;focal_length&quot;:&quot;17&quot;,&quot;iso&quot;:&quot;400&quot;,&quot;shutter_speed&quot;:&quot;0.0025&quot;,&quot;title&quot;:&quot;&quot;,&quot;orientation&quot;:&quot;1&quot;}\" data-image-title=\"SanAgustin-12\" data-image-description=\"\" data-medium-file=\"https:\/\/i0.wp.com\/songkol.com\/WordPress3\/wp-content\/uploads\/2014\/11\/SanAgustin-12.jpg?fit=300%2C150\" data-large-file=\"https:\/\/i0.wp.com\/songkol.com\/WordPress3\/wp-content\/uploads\/2014\/11\/SanAgustin-12.jpg?fit=768%2C384\" src=\"https:\/\/i0.wp.com\/songkol.com\/WordPress3\/wp-content\/uploads\/2014\/11\/SanAgustin-12.jpg?w=764&#038;h=382\" width=\"764\" height=\"382\" data-original-width=\"764\" data-original-height=\"382\" itemprop=\"http:\/\/schema.org\/image\" title=\"SanAgustin-12\" alt=\"SAN AGUSTIN \/ Parc arch\u00e9ologique :\" style=\"width: 764px; height: 382px;\" \/> <\/a> <div class=\"tiled-gallery-caption\" itemprop=\"caption description\"> SAN AGUSTIN \/ Parc arch\u00e9ologique : <\/div> <\/div> <\/div> <!-- close group --> <\/div> <!-- close row --> <div class=\"gallery-row\" style=\"width: 768px; height: 384px;\" data-original-width=\"768\" data-original-height=\"384\" > <div class=\"gallery-group images-1\" style=\"width: 384px; height: 384px;\" data-original-width=\"384\" data-original-height=\"384\" > <div class=\"tiled-gallery-item tiled-gallery-item-large\" itemprop=\"associatedMedia\" itemscope itemtype=\"http:\/\/schema.org\/ImageObject\"> <a href=\"http:\/\/songkol.com\/WordPress3\/sanagustin-12b\/\" border=\"0\" itemprop=\"url\"> <meta itemprop=\"width\" content=\"380\"> <meta itemprop=\"height\" content=\"380\"> <img data-attachment-id=\"4254\" data-orig-file=\"http:\/\/songkol.com\/WordPress3\/wp-content\/uploads\/2014\/11\/SanAgustin-12b.jpg\" data-orig-size=\"600,600\" data-comments-opened=\"1\" data-image-meta=\"{&quot;aperture&quot;:&quot;7.1&quot;,&quot;credit&quot;:&quot;&quot;,&quot;camera&quot;:&quot;Canon EOS 5D&quot;,&quot;caption&quot;:&quot;&quot;,&quot;created_timestamp&quot;:&quot;1415907636&quot;,&quot;copyright&quot;:&quot;&quot;,&quot;focal_length&quot;:&quot;40&quot;,&quot;iso&quot;:&quot;400&quot;,&quot;shutter_speed&quot;:&quot;0.01&quot;,&quot;title&quot;:&quot;&quot;,&quot;orientation&quot;:&quot;1&quot;}\" data-image-title=\"SanAgustin-12b\" data-image-description=\"\" data-medium-file=\"https:\/\/i0.wp.com\/songkol.com\/WordPress3\/wp-content\/uploads\/2014\/11\/SanAgustin-12b.jpg?fit=300%2C300\" data-large-file=\"https:\/\/i0.wp.com\/songkol.com\/WordPress3\/wp-content\/uploads\/2014\/11\/SanAgustin-12b.jpg?fit=600%2C600\" src=\"https:\/\/i0.wp.com\/songkol.com\/WordPress3\/wp-content\/uploads\/2014\/11\/SanAgustin-12b.jpg?w=380&#038;h=380&#038;crop=1\" width=\"380\" height=\"380\" data-original-width=\"380\" data-original-height=\"380\" itemprop=\"http:\/\/schema.org\/image\" title=\"SanAgustin-12b\" alt=\"SAN AGUSTIN \/ Parc arch\u00e9ologique : l&#039;une des rares statues \u00e0 avoir conserv\u00e9 ses teintes d&#039;origine\" style=\"width: 380px; height: 380px;\" \/> <\/a> <div class=\"tiled-gallery-caption\" itemprop=\"caption description\"> SAN AGUSTIN \/ Parc arch\u00e9ologique : l&rsquo;une des rares statues \u00e0 avoir conserv\u00e9 ses teintes d&rsquo;origine <\/div> <\/div> <\/div> <!-- close group --> <div class=\"gallery-group images-1\" style=\"width: 384px; height: 384px;\" data-original-width=\"384\" data-original-height=\"384\" > <div class=\"tiled-gallery-item tiled-gallery-item-large\" itemprop=\"associatedMedia\" itemscope itemtype=\"http:\/\/schema.org\/ImageObject\"> <a href=\"http:\/\/songkol.com\/WordPress3\/sanagustin-04b\/\" border=\"0\" itemprop=\"url\"> <meta itemprop=\"width\" content=\"380\"> <meta itemprop=\"height\" content=\"380\"> <img data-attachment-id=\"4245\" data-orig-file=\"http:\/\/songkol.com\/WordPress3\/wp-content\/uploads\/2014\/11\/SanAgustin-04b.jpg\" data-orig-size=\"600,600\" data-comments-opened=\"1\" data-image-meta=\"{&quot;aperture&quot;:&quot;7.1&quot;,&quot;credit&quot;:&quot;&quot;,&quot;camera&quot;:&quot;Canon EOS 5D&quot;,&quot;caption&quot;:&quot;&quot;,&quot;created_timestamp&quot;:&quot;1415905836&quot;,&quot;copyright&quot;:&quot;&quot;,&quot;focal_length&quot;:&quot;40&quot;,&quot;iso&quot;:&quot;400&quot;,&quot;shutter_speed&quot;:&quot;0.01&quot;,&quot;title&quot;:&quot;&quot;,&quot;orientation&quot;:&quot;1&quot;}\" data-image-title=\"SanAgustin-04b\" data-image-description=\"\" data-medium-file=\"https:\/\/i0.wp.com\/songkol.com\/WordPress3\/wp-content\/uploads\/2014\/11\/SanAgustin-04b.jpg?fit=300%2C300\" data-large-file=\"https:\/\/i0.wp.com\/songkol.com\/WordPress3\/wp-content\/uploads\/2014\/11\/SanAgustin-04b.jpg?fit=600%2C600\" src=\"https:\/\/i0.wp.com\/songkol.com\/WordPress3\/wp-content\/uploads\/2014\/11\/SanAgustin-04b.jpg?w=380&#038;h=380&#038;crop=1\" width=\"380\" height=\"380\" data-original-width=\"380\" data-original-height=\"380\" itemprop=\"http:\/\/schema.org\/image\" title=\"SanAgustin-04b\" alt=\"SAN AGUSTIN \/ Parc arch\u00e9ologique : la s\u00e8ve de cet arbre servait de colorant pour d\u00e9corer les statues\" style=\"width: 380px; height: 380px;\" \/> <\/a> <div class=\"tiled-gallery-caption\" itemprop=\"caption description\"> SAN AGUSTIN \/ Parc arch\u00e9ologique : la s\u00e8ve de cet arbre servait de colorant pour d\u00e9corer les statues <\/div> <\/div> <\/div> <!-- close group --> <\/div> <!-- close row --> <div class=\"gallery-row\" style=\"width: 768px; height: 386px;\" data-original-width=\"768\" data-original-height=\"386\" > <div class=\"gallery-group images-1\" style=\"width: 768px; height: 386px;\" data-original-width=\"768\" data-original-height=\"386\" > <div class=\"tiled-gallery-item tiled-gallery-item-large\" itemprop=\"associatedMedia\" itemscope itemtype=\"http:\/\/schema.org\/ImageObject\"> <a href=\"http:\/\/songkol.com\/WordPress3\/sanagustin-04\/\" border=\"0\" itemprop=\"url\"> <meta itemprop=\"width\" content=\"764\"> <meta itemprop=\"height\" content=\"382\"> <img data-attachment-id=\"4244\" data-orig-file=\"http:\/\/songkol.com\/WordPress3\/wp-content\/uploads\/2014\/11\/SanAgustin-04.jpg\" data-orig-size=\"1200,600\" data-comments-opened=\"1\" data-image-meta=\"{&quot;aperture&quot;:&quot;4.5&quot;,&quot;credit&quot;:&quot;&quot;,&quot;camera&quot;:&quot;Canon EOS 5D&quot;,&quot;caption&quot;:&quot;&quot;,&quot;created_timestamp&quot;:&quot;1415791007&quot;,&quot;copyright&quot;:&quot;&quot;,&quot;focal_length&quot;:&quot;40&quot;,&quot;iso&quot;:&quot;400&quot;,&quot;shutter_speed&quot;:&quot;0.025&quot;,&quot;title&quot;:&quot;&quot;,&quot;orientation&quot;:&quot;1&quot;}\" data-image-title=\"SanAgustin-04\" data-image-description=\"\" data-medium-file=\"https:\/\/i0.wp.com\/songkol.com\/WordPress3\/wp-content\/uploads\/2014\/11\/SanAgustin-04.jpg?fit=300%2C150\" data-large-file=\"https:\/\/i0.wp.com\/songkol.com\/WordPress3\/wp-content\/uploads\/2014\/11\/SanAgustin-04.jpg?fit=768%2C384\" src=\"https:\/\/i0.wp.com\/songkol.com\/WordPress3\/wp-content\/uploads\/2014\/11\/SanAgustin-04.jpg?w=764&#038;h=382\" width=\"764\" height=\"382\" data-original-width=\"764\" data-original-height=\"382\" itemprop=\"http:\/\/schema.org\/image\" title=\"SanAgustin-04\" alt=\"SAN AGUSTIN \/ Parc arch\u00e9ologique - le drapeau colombien dessin\u00e9 \u00e0 l&#039;aide de teinte naturelles (jus de fruit et s\u00e8ve)\" style=\"width: 764px; height: 382px;\" \/> <\/a> <div class=\"tiled-gallery-caption\" itemprop=\"caption description\"> SAN AGUSTIN \/ Parc arch\u00e9ologique &#8211; le drapeau colombien dessin\u00e9 \u00e0 l&rsquo;aide de teinte naturelles (jus de fruit et s\u00e8ve) <\/div> <\/div> <\/div> <!-- close group --> <\/div> <!-- close row --> <div class=\"gallery-row\" style=\"width: 768px; height: 257px;\" data-original-width=\"768\" data-original-height=\"257\" > <div class=\"gallery-group images-1\" style=\"width: 257px; height: 257px;\" data-original-width=\"257\" data-original-height=\"257\" > <div class=\"tiled-gallery-item tiled-gallery-item-large\" itemprop=\"associatedMedia\" itemscope itemtype=\"http:\/\/schema.org\/ImageObject\"> <a href=\"http:\/\/songkol.com\/WordPress3\/sanagustin-03\/\" border=\"0\" itemprop=\"url\"> <meta itemprop=\"width\" content=\"253\"> <meta itemprop=\"height\" content=\"253\"> <img data-attachment-id=\"4243\" data-orig-file=\"http:\/\/songkol.com\/WordPress3\/wp-content\/uploads\/2014\/11\/SanAgustin-03.jpg\" data-orig-size=\"600,600\" data-comments-opened=\"1\" data-image-meta=\"{&quot;aperture&quot;:&quot;7.1&quot;,&quot;credit&quot;:&quot;&quot;,&quot;camera&quot;:&quot;Canon EOS 5D&quot;,&quot;caption&quot;:&quot;&quot;,&quot;created_timestamp&quot;:&quot;1415790681&quot;,&quot;copyright&quot;:&quot;&quot;,&quot;focal_length&quot;:&quot;17&quot;,&quot;iso&quot;:&quot;400&quot;,&quot;shutter_speed&quot;:&quot;0.01&quot;,&quot;title&quot;:&quot;&quot;,&quot;orientation&quot;:&quot;1&quot;}\" data-image-title=\"SanAgustin-03\" data-image-description=\"\" data-medium-file=\"https:\/\/i0.wp.com\/songkol.com\/WordPress3\/wp-content\/uploads\/2014\/11\/SanAgustin-03.jpg?fit=300%2C300\" data-large-file=\"https:\/\/i0.wp.com\/songkol.com\/WordPress3\/wp-content\/uploads\/2014\/11\/SanAgustin-03.jpg?fit=600%2C600\" src=\"https:\/\/i0.wp.com\/songkol.com\/WordPress3\/wp-content\/uploads\/2014\/11\/SanAgustin-03.jpg?w=253&#038;h=253&#038;crop=1\" width=\"253\" height=\"253\" data-original-width=\"253\" data-original-height=\"253\" itemprop=\"http:\/\/schema.org\/image\" title=\"SanAgustin-03\" alt=\"SAN AGUSTIN \/ Parc arch\u00e9ologique - le drapeau colombien dessin\u00e9 \u00e0 l&#039;aide de teinte naturelles (jus de fruit et s\u00e8ve)\" style=\"width: 253px; height: 253px;\" \/> <\/a> <div class=\"tiled-gallery-caption\" itemprop=\"caption description\"> SAN AGUSTIN \/ Parc arch\u00e9ologique &#8211; le drapeau colombien dessin\u00e9 \u00e0 l&rsquo;aide de teinte naturelles (jus de fruit et s\u00e8ve) <\/div> <\/div> <\/div> <!-- close group --> <div class=\"gallery-group images-1\" style=\"width: 511px; height: 257px;\" data-original-width=\"511\" data-original-height=\"257\" > <div class=\"tiled-gallery-item tiled-gallery-item-large\" itemprop=\"associatedMedia\" itemscope itemtype=\"http:\/\/schema.org\/ImageObject\"> <a href=\"http:\/\/songkol.com\/WordPress3\/sanagustin-13\/\" border=\"0\" itemprop=\"url\"> <meta itemprop=\"width\" content=\"507\"> <meta itemprop=\"height\" content=\"253\"> <img data-attachment-id=\"4255\" data-orig-file=\"http:\/\/songkol.com\/WordPress3\/wp-content\/uploads\/2014\/11\/SanAgustin-13.jpg\" data-orig-size=\"1200,600\" data-comments-opened=\"1\" data-image-meta=\"{&quot;aperture&quot;:&quot;10&quot;,&quot;credit&quot;:&quot;&quot;,&quot;camera&quot;:&quot;Canon EOS 5D&quot;,&quot;caption&quot;:&quot;&quot;,&quot;created_timestamp&quot;:&quot;1415884836&quot;,&quot;copyright&quot;:&quot;&quot;,&quot;focal_length&quot;:&quot;40&quot;,&quot;iso&quot;:&quot;400&quot;,&quot;shutter_speed&quot;:&quot;0.005&quot;,&quot;title&quot;:&quot;&quot;,&quot;orientation&quot;:&quot;1&quot;}\" data-image-title=\"SanAgustin-13\" data-image-description=\"\" data-medium-file=\"https:\/\/i0.wp.com\/songkol.com\/WordPress3\/wp-content\/uploads\/2014\/11\/SanAgustin-13.jpg?fit=300%2C150\" data-large-file=\"https:\/\/i0.wp.com\/songkol.com\/WordPress3\/wp-content\/uploads\/2014\/11\/SanAgustin-13.jpg?fit=768%2C384\" src=\"https:\/\/i0.wp.com\/songkol.com\/WordPress3\/wp-content\/uploads\/2014\/11\/SanAgustin-13.jpg?w=507&#038;h=253\" width=\"507\" height=\"253\" data-original-width=\"507\" data-original-height=\"253\" itemprop=\"http:\/\/schema.org\/image\" title=\"SanAgustin-13\" alt=\"SAN AGUSTIN \/ Parc arch\u00e9ologique : une finca accroch\u00e9e \u00e0 la montagne. Quel courage !\" style=\"width: 507px; height: 253px;\" \/> <\/a> <div class=\"tiled-gallery-caption\" itemprop=\"caption description\"> SAN AGUSTIN \/ Parc arch\u00e9ologique : une finca accroch\u00e9e \u00e0 la montagne. Quel courage ! <\/div> <\/div> <\/div> <!-- close group --> <\/div> <!-- close row --> <div class=\"gallery-row\" style=\"width: 768px; height: 386px;\" data-original-width=\"768\" data-original-height=\"386\" > <div class=\"gallery-group images-1\" style=\"width: 768px; height: 386px;\" data-original-width=\"768\" data-original-height=\"386\" > <div class=\"tiled-gallery-item tiled-gallery-item-large\" itemprop=\"associatedMedia\" itemscope itemtype=\"http:\/\/schema.org\/ImageObject\"> <a href=\"http:\/\/songkol.com\/WordPress3\/sanagustin-15\/\" border=\"0\" itemprop=\"url\"> <meta itemprop=\"width\" content=\"764\"> <meta itemprop=\"height\" content=\"382\"> <img data-attachment-id=\"4257\" data-orig-file=\"http:\/\/songkol.com\/WordPress3\/wp-content\/uploads\/2014\/11\/SanAgustin-15.jpg\" data-orig-size=\"1200,600\" data-comments-opened=\"1\" data-image-meta=\"{&quot;aperture&quot;:&quot;14&quot;,&quot;credit&quot;:&quot;&quot;,&quot;camera&quot;:&quot;Canon EOS 5D&quot;,&quot;caption&quot;:&quot;&quot;,&quot;created_timestamp&quot;:&quot;1415889036&quot;,&quot;copyright&quot;:&quot;&quot;,&quot;focal_length&quot;:&quot;17&quot;,&quot;iso&quot;:&quot;400&quot;,&quot;shutter_speed&quot;:&quot;0.0025&quot;,&quot;title&quot;:&quot;&quot;,&quot;orientation&quot;:&quot;1&quot;}\" data-image-title=\"SanAgustin-15\" data-image-description=\"\" data-medium-file=\"https:\/\/i0.wp.com\/songkol.com\/WordPress3\/wp-content\/uploads\/2014\/11\/SanAgustin-15.jpg?fit=300%2C150\" data-large-file=\"https:\/\/i0.wp.com\/songkol.com\/WordPress3\/wp-content\/uploads\/2014\/11\/SanAgustin-15.jpg?fit=768%2C384\" src=\"https:\/\/i0.wp.com\/songkol.com\/WordPress3\/wp-content\/uploads\/2014\/11\/SanAgustin-15.jpg?w=764&#038;h=382\" width=\"764\" height=\"382\" data-original-width=\"764\" data-original-height=\"382\" itemprop=\"http:\/\/schema.org\/image\" title=\"SanAgustin-15\" alt=\"SAN AGUSTIN \/ Parc arch\u00e9ologique : la fine \u00e9quipe listo pour 5h de cabalgata\" style=\"width: 764px; height: 382px;\" \/> <\/a> <div class=\"tiled-gallery-caption\" itemprop=\"caption description\"> SAN AGUSTIN \/ Parc arch\u00e9ologique : la fine \u00e9quipe listo pour 5h de cabalgata <\/div> <\/div> <\/div> <!-- close group --> <\/div> <!-- close row --> <div class=\"gallery-row\" style=\"width: 768px; height: 386px;\" data-original-width=\"768\" data-original-height=\"386\" > <div class=\"gallery-group images-1\" style=\"width: 768px; height: 386px;\" data-original-width=\"768\" data-original-height=\"386\" > <div class=\"tiled-gallery-item tiled-gallery-item-large\" itemprop=\"associatedMedia\" itemscope itemtype=\"http:\/\/schema.org\/ImageObject\"> <a href=\"http:\/\/songkol.com\/WordPress3\/sanagustin-14\/\" border=\"0\" itemprop=\"url\"> <meta itemprop=\"width\" content=\"764\"> <meta itemprop=\"height\" content=\"382\"> <img data-attachment-id=\"4256\" data-orig-file=\"http:\/\/songkol.com\/WordPress3\/wp-content\/uploads\/2014\/11\/SanAgustin-14.jpg\" data-orig-size=\"1200,600\" data-comments-opened=\"1\" data-image-meta=\"{&quot;aperture&quot;:&quot;13&quot;,&quot;credit&quot;:&quot;&quot;,&quot;camera&quot;:&quot;Canon EOS 5D&quot;,&quot;caption&quot;:&quot;&quot;,&quot;created_timestamp&quot;:&quot;1415886636&quot;,&quot;copyright&quot;:&quot;&quot;,&quot;focal_length&quot;:&quot;17&quot;,&quot;iso&quot;:&quot;400&quot;,&quot;shutter_speed&quot;:&quot;0.003125&quot;,&quot;title&quot;:&quot;&quot;,&quot;orientation&quot;:&quot;1&quot;}\" data-image-title=\"SanAgustin-14\" data-image-description=\"\" data-medium-file=\"https:\/\/i0.wp.com\/songkol.com\/WordPress3\/wp-content\/uploads\/2014\/11\/SanAgustin-14.jpg?fit=300%2C150\" data-large-file=\"https:\/\/i0.wp.com\/songkol.com\/WordPress3\/wp-content\/uploads\/2014\/11\/SanAgustin-14.jpg?fit=768%2C384\" src=\"https:\/\/i0.wp.com\/songkol.com\/WordPress3\/wp-content\/uploads\/2014\/11\/SanAgustin-14.jpg?w=764&#038;h=382\" width=\"764\" height=\"382\" data-original-width=\"764\" data-original-height=\"382\" itemprop=\"http:\/\/schema.org\/image\" title=\"SanAgustin-14\" alt=\"SAN AGUSTIN \/ Parc arch\u00e9ologique : sur le chemin entre deux sites\" style=\"width: 764px; height: 382px;\" \/> <\/a> <div class=\"tiled-gallery-caption\" itemprop=\"caption description\"> SAN AGUSTIN \/ Parc arch\u00e9ologique : sur le chemin entre deux sites <\/div> <\/div> <\/div> <!-- close group --> <\/div> <!-- close row --> <div class=\"gallery-row\" style=\"width: 768px; height: 386px;\" data-original-width=\"768\" data-original-height=\"386\" > <div class=\"gallery-group images-1\" style=\"width: 768px; height: 386px;\" data-original-width=\"768\" data-original-height=\"386\" > <div class=\"tiled-gallery-item tiled-gallery-item-large\" itemprop=\"associatedMedia\" itemscope itemtype=\"http:\/\/schema.org\/ImageObject\"> <a href=\"http:\/\/songkol.com\/WordPress3\/sanagustin-17\/\" border=\"0\" itemprop=\"url\"> <meta itemprop=\"width\" content=\"764\"> <meta itemprop=\"height\" content=\"382\"> <img data-attachment-id=\"4258\" data-orig-file=\"http:\/\/songkol.com\/WordPress3\/wp-content\/uploads\/2014\/11\/SanAgustin-17.jpg\" data-orig-size=\"1200,600\" data-comments-opened=\"1\" data-image-meta=\"{&quot;aperture&quot;:&quot;13&quot;,&quot;credit&quot;:&quot;&quot;,&quot;camera&quot;:&quot;Canon EOS 5D&quot;,&quot;caption&quot;:&quot;&quot;,&quot;created_timestamp&quot;:&quot;1415895036&quot;,&quot;copyright&quot;:&quot;&quot;,&quot;focal_length&quot;:&quot;19&quot;,&quot;iso&quot;:&quot;400&quot;,&quot;shutter_speed&quot;:&quot;0.003125&quot;,&quot;title&quot;:&quot;&quot;,&quot;orientation&quot;:&quot;1&quot;}\" data-image-title=\"SanAgustin-17\" data-image-description=\"\" data-medium-file=\"https:\/\/i0.wp.com\/songkol.com\/WordPress3\/wp-content\/uploads\/2014\/11\/SanAgustin-17.jpg?fit=300%2C150\" data-large-file=\"https:\/\/i0.wp.com\/songkol.com\/WordPress3\/wp-content\/uploads\/2014\/11\/SanAgustin-17.jpg?fit=768%2C384\" src=\"https:\/\/i0.wp.com\/songkol.com\/WordPress3\/wp-content\/uploads\/2014\/11\/SanAgustin-17.jpg?w=764&#038;h=382\" width=\"764\" height=\"382\" data-original-width=\"764\" data-original-height=\"382\" itemprop=\"http:\/\/schema.org\/image\" title=\"SanAgustin-17\" alt=\"SAN AGUSTIN \/ Parc arch\u00e9ologique : connecting people\" style=\"width: 764px; height: 382px;\" \/> <\/a> <div class=\"tiled-gallery-caption\" itemprop=\"caption description\"> SAN AGUSTIN \/ Parc arch\u00e9ologique : connecting people <\/div> <\/div> <\/div> <!-- close group --> <\/div> <!-- close row --> <div class=\"gallery-row\" style=\"width: 768px; height: 386px;\" data-original-width=\"768\" data-original-height=\"386\" > <div class=\"gallery-group images-1\" style=\"width: 768px; height: 386px;\" data-original-width=\"768\" data-original-height=\"386\" > <div class=\"tiled-gallery-item tiled-gallery-item-large\" itemprop=\"associatedMedia\" itemscope itemtype=\"http:\/\/schema.org\/ImageObject\"> <a href=\"http:\/\/songkol.com\/WordPress3\/sanagustin-17b\/\" border=\"0\" itemprop=\"url\"> <meta itemprop=\"width\" content=\"764\"> <meta itemprop=\"height\" content=\"382\"> <img data-attachment-id=\"4259\" data-orig-file=\"http:\/\/songkol.com\/WordPress3\/wp-content\/uploads\/2014\/11\/SanAgustin-17b.jpg\" data-orig-size=\"1200,600\" data-comments-opened=\"1\" data-image-meta=\"{&quot;aperture&quot;:&quot;9&quot;,&quot;credit&quot;:&quot;&quot;,&quot;camera&quot;:&quot;Canon EOS 5D&quot;,&quot;caption&quot;:&quot;&quot;,&quot;created_timestamp&quot;:&quot;1415910636&quot;,&quot;copyright&quot;:&quot;&quot;,&quot;focal_length&quot;:&quot;17&quot;,&quot;iso&quot;:&quot;400&quot;,&quot;shutter_speed&quot;:&quot;0.00625&quot;,&quot;title&quot;:&quot;&quot;,&quot;orientation&quot;:&quot;1&quot;}\" data-image-title=\"SanAgustin-17b\" data-image-description=\"\" data-medium-file=\"https:\/\/i0.wp.com\/songkol.com\/WordPress3\/wp-content\/uploads\/2014\/11\/SanAgustin-17b.jpg?fit=300%2C150\" data-large-file=\"https:\/\/i0.wp.com\/songkol.com\/WordPress3\/wp-content\/uploads\/2014\/11\/SanAgustin-17b.jpg?fit=768%2C384\" src=\"https:\/\/i0.wp.com\/songkol.com\/WordPress3\/wp-content\/uploads\/2014\/11\/SanAgustin-17b.jpg?w=764&#038;h=382\" width=\"764\" height=\"382\" data-original-width=\"764\" data-original-height=\"382\" itemprop=\"http:\/\/schema.org\/image\" title=\"SanAgustin-17b\" alt=\"SAN AGUSTIN \/ Parc arch\u00e9ologique : maison traditionnelle de la r\u00e9gion sud ( structure en bambou, remplissage d&#039;adobe entre les deux parois du mur et cr\u00e9pi \u00e0 la boue\" style=\"width: 764px; height: 382px;\" \/> <\/a> <div class=\"tiled-gallery-caption\" itemprop=\"caption description\"> SAN AGUSTIN \/ Parc arch\u00e9ologique : maison traditionnelle de la r\u00e9gion sud ( structure en bambou, remplissage d&rsquo;adobe entre les deux parois du mur et cr\u00e9pi \u00e0 la boue <\/div> <\/div> <\/div> <!-- close group --> <\/div> <!-- close row --> <div class=\"gallery-row\" style=\"width: 768px; height: 512px;\" data-original-width=\"768\" data-original-height=\"512\" > <div class=\"gallery-group images-1\" style=\"width: 512px; height: 512px;\" data-original-width=\"512\" data-original-height=\"512\" > <div class=\"tiled-gallery-item tiled-gallery-item-large\" itemprop=\"associatedMedia\" itemscope itemtype=\"http:\/\/schema.org\/ImageObject\"> <a href=\"http:\/\/songkol.com\/WordPress3\/sanagustin-22\/\" border=\"0\" itemprop=\"url\"> <meta itemprop=\"width\" content=\"508\"> <meta itemprop=\"height\" content=\"508\"> <img data-attachment-id=\"4260\" data-orig-file=\"http:\/\/songkol.com\/WordPress3\/wp-content\/uploads\/2014\/11\/SanAgustin-22.jpg\" data-orig-size=\"600,600\" data-comments-opened=\"1\" data-image-meta=\"{&quot;aperture&quot;:&quot;10&quot;,&quot;credit&quot;:&quot;&quot;,&quot;camera&quot;:&quot;Canon EOS 5D&quot;,&quot;caption&quot;:&quot;&quot;,&quot;created_timestamp&quot;:&quot;1415959836&quot;,&quot;copyright&quot;:&quot;&quot;,&quot;focal_length&quot;:&quot;17&quot;,&quot;iso&quot;:&quot;400&quot;,&quot;shutter_speed&quot;:&quot;0.005&quot;,&quot;title&quot;:&quot;&quot;,&quot;orientation&quot;:&quot;1&quot;}\" data-image-title=\"SanAgustin-22\" data-image-description=\"\" data-medium-file=\"https:\/\/i0.wp.com\/songkol.com\/WordPress3\/wp-content\/uploads\/2014\/11\/SanAgustin-22.jpg?fit=300%2C300\" data-large-file=\"https:\/\/i0.wp.com\/songkol.com\/WordPress3\/wp-content\/uploads\/2014\/11\/SanAgustin-22.jpg?fit=600%2C600\" src=\"https:\/\/i0.wp.com\/songkol.com\/WordPress3\/wp-content\/uploads\/2014\/11\/SanAgustin-22.jpg?w=508&#038;h=508&#038;crop=1\" width=\"508\" height=\"508\" data-original-width=\"508\" data-original-height=\"508\" itemprop=\"http:\/\/schema.org\/image\" title=\"SanAgustin-22\" alt=\"SAN AGUSTIN \/ Visite d&#039;une finca de caf\u00e9 : premi\u00e8re \u00e9tape (germination dans le sable)\" style=\"width: 508px; height: 508px;\" \/> <\/a> <div class=\"tiled-gallery-caption\" itemprop=\"caption description\"> SAN AGUSTIN \/ Visite d&rsquo;une finca de caf\u00e9 : premi\u00e8re \u00e9tape (germination dans le sable) <\/div> <\/div> <\/div> <!-- close group --> <div class=\"gallery-group images-2\" style=\"width: 256px; height: 512px;\" data-original-width=\"256\" data-original-height=\"512\" > <div class=\"tiled-gallery-item tiled-gallery-item-large\" itemprop=\"associatedMedia\" itemscope itemtype=\"http:\/\/schema.org\/ImageObject\"> <a href=\"http:\/\/songkol.com\/WordPress3\/sanagustin-23\/\" border=\"0\" itemprop=\"url\"> <meta itemprop=\"width\" content=\"252\"> <meta itemprop=\"height\" content=\"252\"> <img data-attachment-id=\"4261\" data-orig-file=\"http:\/\/songkol.com\/WordPress3\/wp-content\/uploads\/2014\/11\/SanAgustin-23.jpg\" data-orig-size=\"600,600\" data-comments-opened=\"1\" data-image-meta=\"{&quot;aperture&quot;:&quot;10&quot;,&quot;credit&quot;:&quot;&quot;,&quot;camera&quot;:&quot;Canon EOS 5D&quot;,&quot;caption&quot;:&quot;&quot;,&quot;created_timestamp&quot;:&quot;1415960016&quot;,&quot;copyright&quot;:&quot;&quot;,&quot;focal_length&quot;:&quot;17&quot;,&quot;iso&quot;:&quot;400&quot;,&quot;shutter_speed&quot;:&quot;0.005&quot;,&quot;title&quot;:&quot;&quot;,&quot;orientation&quot;:&quot;1&quot;}\" data-image-title=\"SanAgustin-23\" data-image-description=\"\" data-medium-file=\"https:\/\/i0.wp.com\/songkol.com\/WordPress3\/wp-content\/uploads\/2014\/11\/SanAgustin-23.jpg?fit=300%2C300\" data-large-file=\"https:\/\/i0.wp.com\/songkol.com\/WordPress3\/wp-content\/uploads\/2014\/11\/SanAgustin-23.jpg?fit=600%2C600\" src=\"https:\/\/i0.wp.com\/songkol.com\/WordPress3\/wp-content\/uploads\/2014\/11\/SanAgustin-23.jpg?w=252&#038;h=252&#038;crop=1\" width=\"252\" height=\"252\" data-original-width=\"252\" data-original-height=\"252\" itemprop=\"http:\/\/schema.org\/image\" title=\"SanAgustin-23\" alt=\"SAN AGUSTIN \/ Visite d&#039;une finca de caf\u00e9 : transplantation dans une sac plastique pour 7 semaines\" style=\"width: 252px; height: 252px;\" \/> <\/a> <div class=\"tiled-gallery-caption\" itemprop=\"caption description\"> SAN AGUSTIN \/ Visite d&rsquo;une finca de caf\u00e9 : transplantation dans une sac plastique pour 7 semaines <\/div> <\/div> <div class=\"tiled-gallery-item tiled-gallery-item-large\" itemprop=\"associatedMedia\" itemscope itemtype=\"http:\/\/schema.org\/ImageObject\"> <a href=\"http:\/\/songkol.com\/WordPress3\/sanagustin-24\/\" border=\"0\" itemprop=\"url\"> <meta itemprop=\"width\" content=\"252\"> <meta itemprop=\"height\" content=\"252\"> <img data-attachment-id=\"4262\" data-orig-file=\"http:\/\/songkol.com\/WordPress3\/wp-content\/uploads\/2014\/11\/SanAgustin-24.jpg\" data-orig-size=\"600,600\" data-comments-opened=\"1\" data-image-meta=\"{&quot;aperture&quot;:&quot;8&quot;,&quot;credit&quot;:&quot;&quot;,&quot;camera&quot;:&quot;Canon EOS 5D&quot;,&quot;caption&quot;:&quot;&quot;,&quot;created_timestamp&quot;:&quot;1415960256&quot;,&quot;copyright&quot;:&quot;&quot;,&quot;focal_length&quot;:&quot;20&quot;,&quot;iso&quot;:&quot;400&quot;,&quot;shutter_speed&quot;:&quot;0.008&quot;,&quot;title&quot;:&quot;&quot;,&quot;orientation&quot;:&quot;1&quot;}\" data-image-title=\"SanAgustin-24\" data-image-description=\"\" data-medium-file=\"https:\/\/i0.wp.com\/songkol.com\/WordPress3\/wp-content\/uploads\/2014\/11\/SanAgustin-24.jpg?fit=300%2C300\" data-large-file=\"https:\/\/i0.wp.com\/songkol.com\/WordPress3\/wp-content\/uploads\/2014\/11\/SanAgustin-24.jpg?fit=600%2C600\" src=\"https:\/\/i0.wp.com\/songkol.com\/WordPress3\/wp-content\/uploads\/2014\/11\/SanAgustin-24.jpg?w=252&#038;h=252&#038;crop=1\" width=\"252\" height=\"252\" data-original-width=\"252\" data-original-height=\"252\" itemprop=\"http:\/\/schema.org\/image\" title=\"SanAgustin-24\" alt=\"SAN AGUSTIN \/ Visite d&#039;une finca de caf\u00e9 : le caf\u00e9ier donne ses premiers fruits d\u00e8s la premi\u00e8re ann\u00e9e mais son exploitation commence \u00e0 ses trois ans\" style=\"width: 252px; height: 252px;\" \/> <\/a> <div class=\"tiled-gallery-caption\" itemprop=\"caption description\"> SAN AGUSTIN \/ Visite d&rsquo;une finca de caf\u00e9 : le caf\u00e9ier donne ses premiers fruits d\u00e8s la premi\u00e8re ann\u00e9e mais son exploitation commence \u00e0 ses trois ans <\/div> <\/div> <\/div> <!-- close group --> <\/div> <!-- close row --> <div class=\"gallery-row\" style=\"width: 768px; height: 386px;\" data-original-width=\"768\" data-original-height=\"386\" > <div class=\"gallery-group images-1\" style=\"width: 768px; height: 386px;\" data-original-width=\"768\" data-original-height=\"386\" > <div class=\"tiled-gallery-item tiled-gallery-item-large\" itemprop=\"associatedMedia\" itemscope itemtype=\"http:\/\/schema.org\/ImageObject\"> <a href=\"http:\/\/songkol.com\/WordPress3\/sanagustin-25\/\" border=\"0\" itemprop=\"url\"> <meta itemprop=\"width\" content=\"764\"> <meta itemprop=\"height\" content=\"382\"> <img data-attachment-id=\"4263\" data-orig-file=\"http:\/\/songkol.com\/WordPress3\/wp-content\/uploads\/2014\/11\/SanAgustin-25.jpg\" data-orig-size=\"1200,600\" data-comments-opened=\"1\" data-image-meta=\"{&quot;aperture&quot;:&quot;10&quot;,&quot;credit&quot;:&quot;&quot;,&quot;camera&quot;:&quot;Canon EOS 5D&quot;,&quot;caption&quot;:&quot;&quot;,&quot;created_timestamp&quot;:&quot;1415961156&quot;,&quot;copyright&quot;:&quot;&quot;,&quot;focal_length&quot;:&quot;17&quot;,&quot;iso&quot;:&quot;400&quot;,&quot;shutter_speed&quot;:&quot;0.005&quot;,&quot;title&quot;:&quot;&quot;,&quot;orientation&quot;:&quot;1&quot;}\" data-image-title=\"SanAgustin-25\" data-image-description=\"\" data-medium-file=\"https:\/\/i0.wp.com\/songkol.com\/WordPress3\/wp-content\/uploads\/2014\/11\/SanAgustin-25.jpg?fit=300%2C150\" data-large-file=\"https:\/\/i0.wp.com\/songkol.com\/WordPress3\/wp-content\/uploads\/2014\/11\/SanAgustin-25.jpg?fit=768%2C384\" src=\"https:\/\/i0.wp.com\/songkol.com\/WordPress3\/wp-content\/uploads\/2014\/11\/SanAgustin-25.jpg?w=764&#038;h=382\" width=\"764\" height=\"382\" data-original-width=\"764\" data-original-height=\"382\" itemprop=\"http:\/\/schema.org\/image\" title=\"SanAgustin-25\" alt=\"SAN AGUSTIN \/ Visite d&#039;une finca de caf\u00e9 : le caf\u00e9ier a besoin d&#039;altitude (+\/- 1500m), de chaleur et d&#039;ombre (grands arbres et bananiers les prot\u00e8ges)\" style=\"width: 764px; height: 382px;\" \/> <\/a> <div class=\"tiled-gallery-caption\" itemprop=\"caption description\"> SAN AGUSTIN \/ Visite d&rsquo;une finca de caf\u00e9 : le caf\u00e9ier a besoin d&rsquo;altitude (+\/- 1500m), de chaleur et d&rsquo;ombre (grands arbres et bananiers les prot\u00e8ges) <\/div> <\/div> <\/div> <!-- close group --> <\/div> <!-- close row --> <div class=\"gallery-row\" style=\"width: 768px; height: 386px;\" data-original-width=\"768\" data-original-height=\"386\" > <div class=\"gallery-group images-1\" style=\"width: 768px; height: 386px;\" data-original-width=\"768\" data-original-height=\"386\" > <div class=\"tiled-gallery-item tiled-gallery-item-large\" itemprop=\"associatedMedia\" itemscope itemtype=\"http:\/\/schema.org\/ImageObject\"> <a href=\"http:\/\/songkol.com\/WordPress3\/sanagustin-26\/\" border=\"0\" itemprop=\"url\"> <meta itemprop=\"width\" content=\"764\"> <meta itemprop=\"height\" content=\"382\"> <img data-attachment-id=\"4264\" data-orig-file=\"http:\/\/songkol.com\/WordPress3\/wp-content\/uploads\/2014\/11\/SanAgustin-26.jpg\" data-orig-size=\"1200,600\" data-comments-opened=\"1\" data-image-meta=\"{&quot;aperture&quot;:&quot;7.1&quot;,&quot;credit&quot;:&quot;&quot;,&quot;camera&quot;:&quot;Canon EOS 5D&quot;,&quot;caption&quot;:&quot;&quot;,&quot;created_timestamp&quot;:&quot;1415961576&quot;,&quot;copyright&quot;:&quot;&quot;,&quot;focal_length&quot;:&quot;17&quot;,&quot;iso&quot;:&quot;400&quot;,&quot;shutter_speed&quot;:&quot;0.01&quot;,&quot;title&quot;:&quot;&quot;,&quot;orientation&quot;:&quot;1&quot;}\" data-image-title=\"SanAgustin-26\" data-image-description=\"\" data-medium-file=\"https:\/\/i0.wp.com\/songkol.com\/WordPress3\/wp-content\/uploads\/2014\/11\/SanAgustin-26.jpg?fit=300%2C150\" data-large-file=\"https:\/\/i0.wp.com\/songkol.com\/WordPress3\/wp-content\/uploads\/2014\/11\/SanAgustin-26.jpg?fit=768%2C384\" src=\"https:\/\/i0.wp.com\/songkol.com\/WordPress3\/wp-content\/uploads\/2014\/11\/SanAgustin-26.jpg?w=764&#038;h=382\" width=\"764\" height=\"382\" data-original-width=\"764\" data-original-height=\"382\" itemprop=\"http:\/\/schema.org\/image\" title=\"SanAgustin-26\" alt=\"SAN AGUSTIN \/ Visite d&#039;une finca de caf\u00e9 : les fruits poussent toute ann\u00e9e avec des pics en mars et d\u00e9cembre. La r\u00e9colte des fruits m\u00fbrs a lieu tous les 14 jours. Ces derniers ont une pulpe sucr\u00e9e.\" style=\"width: 764px; height: 382px;\" \/> <\/a> <div class=\"tiled-gallery-caption\" itemprop=\"caption description\"> SAN AGUSTIN \/ Visite d&rsquo;une finca de caf\u00e9 : les fruits poussent toute ann\u00e9e avec des pics en mars et d\u00e9cembre. La r\u00e9colte des fruits m\u00fbrs a lieu tous les 14 jours. Ces derniers ont une pulpe sucr\u00e9e. <\/div> <\/div> <\/div> <!-- close group --> <\/div> <!-- close row --> <div class=\"gallery-row\" style=\"width: 768px; height: 193px;\" data-original-width=\"768\" data-original-height=\"193\" > <div class=\"gallery-group images-1\" style=\"width: 193px; height: 193px;\" data-original-width=\"193\" data-original-height=\"193\" > <div class=\"tiled-gallery-item tiled-gallery-item-small\" itemprop=\"associatedMedia\" itemscope itemtype=\"http:\/\/schema.org\/ImageObject\"> <a href=\"http:\/\/songkol.com\/WordPress3\/sanagustin-27\/\" border=\"0\" itemprop=\"url\"> <meta itemprop=\"width\" content=\"189\"> <meta itemprop=\"height\" content=\"189\"> <img data-attachment-id=\"4265\" data-orig-file=\"http:\/\/songkol.com\/WordPress3\/wp-content\/uploads\/2014\/11\/SanAgustin-27.jpg\" data-orig-size=\"600,600\" data-comments-opened=\"1\" data-image-meta=\"{&quot;aperture&quot;:&quot;7.1&quot;,&quot;credit&quot;:&quot;&quot;,&quot;camera&quot;:&quot;Canon EOS 5D&quot;,&quot;caption&quot;:&quot;&quot;,&quot;created_timestamp&quot;:&quot;1415961876&quot;,&quot;copyright&quot;:&quot;&quot;,&quot;focal_length&quot;:&quot;40&quot;,&quot;iso&quot;:&quot;400&quot;,&quot;shutter_speed&quot;:&quot;0.01&quot;,&quot;title&quot;:&quot;&quot;,&quot;orientation&quot;:&quot;1&quot;}\" data-image-title=\"SanAgustin-27\" data-image-description=\"\" data-medium-file=\"https:\/\/i0.wp.com\/songkol.com\/WordPress3\/wp-content\/uploads\/2014\/11\/SanAgustin-27.jpg?fit=300%2C300\" data-large-file=\"https:\/\/i0.wp.com\/songkol.com\/WordPress3\/wp-content\/uploads\/2014\/11\/SanAgustin-27.jpg?fit=600%2C600\" src=\"https:\/\/i0.wp.com\/songkol.com\/WordPress3\/wp-content\/uploads\/2014\/11\/SanAgustin-27.jpg?w=189&#038;h=189&#038;crop=1\" width=\"189\" height=\"189\" data-original-width=\"189\" data-original-height=\"189\" itemprop=\"http:\/\/schema.org\/image\" title=\"SanAgustin-27\" alt=\"SAN AGUSTIN \/ Visite d&#039;une finca de caf\u00e9 : les fruits ont une pulpe sucr\u00e9e.\" style=\"width: 189px; height: 189px;\" \/> <\/a> <div class=\"tiled-gallery-caption\" itemprop=\"caption description\"> SAN AGUSTIN \/ Visite d&rsquo;une finca de caf\u00e9 : les fruits ont une pulpe sucr\u00e9e. <\/div> <\/div> <\/div> <!-- close group --> <div class=\"gallery-group images-1\" style=\"width: 382px; height: 193px;\" data-original-width=\"382\" data-original-height=\"193\" > <div class=\"tiled-gallery-item tiled-gallery-item-large\" itemprop=\"associatedMedia\" itemscope itemtype=\"http:\/\/schema.org\/ImageObject\"> <a href=\"http:\/\/songkol.com\/WordPress3\/sanagustin-29\/\" border=\"0\" itemprop=\"url\"> <meta itemprop=\"width\" content=\"378\"> <meta itemprop=\"height\" content=\"189\"> <img data-attachment-id=\"4266\" data-orig-file=\"http:\/\/songkol.com\/WordPress3\/wp-content\/uploads\/2014\/11\/SanAgustin-29.jpg\" data-orig-size=\"1200,600\" data-comments-opened=\"1\" data-image-meta=\"{&quot;aperture&quot;:&quot;18&quot;,&quot;credit&quot;:&quot;&quot;,&quot;camera&quot;:&quot;Canon EOS 5D&quot;,&quot;caption&quot;:&quot;&quot;,&quot;created_timestamp&quot;:&quot;1415962536&quot;,&quot;copyright&quot;:&quot;&quot;,&quot;focal_length&quot;:&quot;19&quot;,&quot;iso&quot;:&quot;800&quot;,&quot;shutter_speed&quot;:&quot;0.0015625&quot;,&quot;title&quot;:&quot;&quot;,&quot;orientation&quot;:&quot;1&quot;}\" data-image-title=\"SanAgustin-29\" data-image-description=\"\" data-medium-file=\"https:\/\/i0.wp.com\/songkol.com\/WordPress3\/wp-content\/uploads\/2014\/11\/SanAgustin-29.jpg?fit=300%2C150\" data-large-file=\"https:\/\/i0.wp.com\/songkol.com\/WordPress3\/wp-content\/uploads\/2014\/11\/SanAgustin-29.jpg?fit=768%2C384\" src=\"https:\/\/i0.wp.com\/songkol.com\/WordPress3\/wp-content\/uploads\/2014\/11\/SanAgustin-29.jpg?w=378&#038;h=189\" width=\"378\" height=\"189\" data-original-width=\"378\" data-original-height=\"189\" itemprop=\"http:\/\/schema.org\/image\" title=\"SanAgustin-29\" alt=\"SAN AGUSTIN \/ Visite d&#039;une finca de caf\u00e9 : \u00e9tape de s\u00e9chage \u00e0 l&#039;air libre qui dure de 24h \u00e0 plusieurs semaines en fonction de la m\u00e9t\u00e9o\" style=\"width: 378px; height: 189px;\" \/> <\/a> <div class=\"tiled-gallery-caption\" itemprop=\"caption description\"> SAN AGUSTIN \/ Visite d&rsquo;une finca de caf\u00e9 : \u00e9tape de s\u00e9chage \u00e0 l&rsquo;air libre qui dure de 24h \u00e0 plusieurs semaines en fonction de la m\u00e9t\u00e9o <\/div> <\/div> <\/div> <!-- close group --> <div class=\"gallery-group images-1\" style=\"width: 193px; height: 193px;\" data-original-width=\"193\" data-original-height=\"193\" > <div class=\"tiled-gallery-item tiled-gallery-item-small\" itemprop=\"associatedMedia\" itemscope itemtype=\"http:\/\/schema.org\/ImageObject\"> <a href=\"http:\/\/songkol.com\/WordPress3\/sanagustin-30\/\" border=\"0\" itemprop=\"url\"> <meta itemprop=\"width\" content=\"189\"> <meta itemprop=\"height\" content=\"189\"> <img data-attachment-id=\"4267\" data-orig-file=\"http:\/\/songkol.com\/WordPress3\/wp-content\/uploads\/2014\/11\/SanAgustin-30.jpg\" data-orig-size=\"600,600\" data-comments-opened=\"1\" data-image-meta=\"{&quot;aperture&quot;:&quot;18&quot;,&quot;credit&quot;:&quot;&quot;,&quot;camera&quot;:&quot;Canon EOS 5D&quot;,&quot;caption&quot;:&quot;&quot;,&quot;created_timestamp&quot;:&quot;1415962716&quot;,&quot;copyright&quot;:&quot;&quot;,&quot;focal_length&quot;:&quot;40&quot;,&quot;iso&quot;:&quot;800&quot;,&quot;shutter_speed&quot;:&quot;0.0015625&quot;,&quot;title&quot;:&quot;&quot;,&quot;orientation&quot;:&quot;1&quot;}\" data-image-title=\"SanAgustin-30\" data-image-description=\"\" data-medium-file=\"https:\/\/i0.wp.com\/songkol.com\/WordPress3\/wp-content\/uploads\/2014\/11\/SanAgustin-30.jpg?fit=300%2C300\" data-large-file=\"https:\/\/i0.wp.com\/songkol.com\/WordPress3\/wp-content\/uploads\/2014\/11\/SanAgustin-30.jpg?fit=600%2C600\" src=\"https:\/\/i0.wp.com\/songkol.com\/WordPress3\/wp-content\/uploads\/2014\/11\/SanAgustin-30.jpg?w=189&#038;h=189&#038;crop=1\" width=\"189\" height=\"189\" data-original-width=\"189\" data-original-height=\"189\" itemprop=\"http:\/\/schema.org\/image\" title=\"SanAgustin-30\" alt=\"SAN AGUSTIN \/ Visite d&#039;une finca de caf\u00e9 : l&#039;\u00e9tape de s\u00e9chage s&#039;arr\u00eate quand il devient possible d&#039;enlever la 2e peau. Le producteur envoie ensuite sa production \u00e0 un intermediaire (la puissante Federacion de los productores de caf\u00e9) qui s&#039;occupe de la tostion et de l&#039;exportacion. Dans le cas de cette finca, 95% part vers San Francisco. Seule le caf\u00e9 de 2e qualit\u00e9 est consomm\u00e9 en Colombie. Pas de chance pour les colombiens\u2026\" style=\"width: 189px; height: 189px;\" \/> <\/a> <div class=\"tiled-gallery-caption\" itemprop=\"caption description\"> SAN AGUSTIN \/ Visite d&rsquo;une finca de caf\u00e9 : l&rsquo;\u00e9tape de s\u00e9chage s&rsquo;arr\u00eate quand il devient possible d&rsquo;enlever la 2e peau. Le producteur envoie ensuite sa production \u00e0 un intermediaire (la puissante Federacion de los productores de caf\u00e9) qui s&rsquo;occupe de la tostion et de l&rsquo;exportacion. Dans le cas de cette finca, 95% part vers San Francisco. Seule le caf\u00e9 de 2e qualit\u00e9 est consomm\u00e9 en Colombie. Pas de chance pour les colombiens\u2026 <\/div> <\/div> <\/div> <!-- close group --> <\/div> <!-- close row --> <div class=\"gallery-row\" style=\"width: 768px; height: 194px;\" data-original-width=\"768\" data-original-height=\"194\" > <div class=\"gallery-group images-1\" style=\"width: 384px; height: 194px;\" data-original-width=\"384\" data-original-height=\"194\" > <div class=\"tiled-gallery-item tiled-gallery-item-large\" itemprop=\"associatedMedia\" itemscope itemtype=\"http:\/\/schema.org\/ImageObject\"> <a href=\"http:\/\/songkol.com\/WordPress3\/sanagustin-31\/\" border=\"0\" itemprop=\"url\"> <meta itemprop=\"width\" content=\"380\"> <meta itemprop=\"height\" content=\"190\"> <img data-attachment-id=\"4268\" data-orig-file=\"http:\/\/songkol.com\/WordPress3\/wp-content\/uploads\/2014\/11\/SanAgustin-31.jpg\" data-orig-size=\"1200,600\" data-comments-opened=\"1\" data-image-meta=\"{&quot;aperture&quot;:&quot;16&quot;,&quot;credit&quot;:&quot;&quot;,&quot;camera&quot;:&quot;Canon EOS 5D&quot;,&quot;caption&quot;:&quot;&quot;,&quot;created_timestamp&quot;:&quot;1415904636&quot;,&quot;copyright&quot;:&quot;&quot;,&quot;focal_length&quot;:&quot;40&quot;,&quot;iso&quot;:&quot;800&quot;,&quot;shutter_speed&quot;:&quot;0.002&quot;,&quot;title&quot;:&quot;&quot;,&quot;orientation&quot;:&quot;1&quot;}\" data-image-title=\"SanAgustin-31\" data-image-description=\"\" data-medium-file=\"https:\/\/i0.wp.com\/songkol.com\/WordPress3\/wp-content\/uploads\/2014\/11\/SanAgustin-31.jpg?fit=300%2C150\" data-large-file=\"https:\/\/i0.wp.com\/songkol.com\/WordPress3\/wp-content\/uploads\/2014\/11\/SanAgustin-31.jpg?fit=768%2C384\" src=\"https:\/\/i0.wp.com\/songkol.com\/WordPress3\/wp-content\/uploads\/2014\/11\/SanAgustin-31.jpg?w=380&#038;h=190\" width=\"380\" height=\"190\" data-original-width=\"380\" data-original-height=\"190\" itemprop=\"http:\/\/schema.org\/image\" title=\"SanAgustin-31\" alt=\"SAN AGUSTIN \/ Bivouac du camping Gamcelat. Recommand\u00e9 en particulier si vous avez une famille.\" style=\"width: 380px; height: 190px;\" \/> <\/a> <div class=\"tiled-gallery-caption\" itemprop=\"caption description\"> SAN AGUSTIN \/ Bivouac du camping Gamcelat. Recommand\u00e9 en particulier si vous avez une famille. <\/div> <\/div> <\/div> <!-- close group --> <div class=\"gallery-group images-1\" style=\"width: 384px; height: 194px;\" data-original-width=\"384\" data-original-height=\"194\" > <div class=\"tiled-gallery-item tiled-gallery-item-large\" itemprop=\"associatedMedia\" itemscope itemtype=\"http:\/\/schema.org\/ImageObject\"> <a href=\"http:\/\/songkol.com\/WordPress3\/sanagustin-01\/\" border=\"0\" itemprop=\"url\"> <meta itemprop=\"width\" content=\"380\"> <meta itemprop=\"height\" content=\"190\"> <img data-attachment-id=\"4241\" data-orig-file=\"http:\/\/songkol.com\/WordPress3\/wp-content\/uploads\/2014\/11\/SanAgustin-01.jpg\" data-orig-size=\"1200,600\" data-comments-opened=\"1\" data-image-meta=\"{&quot;aperture&quot;:&quot;18&quot;,&quot;credit&quot;:&quot;&quot;,&quot;camera&quot;:&quot;Canon EOS 5D&quot;,&quot;caption&quot;:&quot;&quot;,&quot;created_timestamp&quot;:&quot;1415711141&quot;,&quot;copyright&quot;:&quot;&quot;,&quot;focal_length&quot;:&quot;17&quot;,&quot;iso&quot;:&quot;1600&quot;,&quot;shutter_speed&quot;:&quot;0.0015625&quot;,&quot;title&quot;:&quot;&quot;,&quot;orientation&quot;:&quot;1&quot;}\" data-image-title=\"SanAgustin-01\" data-image-description=\"\" data-medium-file=\"https:\/\/i0.wp.com\/songkol.com\/WordPress3\/wp-content\/uploads\/2014\/11\/SanAgustin-01.jpg?fit=300%2C150\" data-large-file=\"https:\/\/i0.wp.com\/songkol.com\/WordPress3\/wp-content\/uploads\/2014\/11\/SanAgustin-01.jpg?fit=768%2C384\" src=\"https:\/\/i0.wp.com\/songkol.com\/WordPress3\/wp-content\/uploads\/2014\/11\/SanAgustin-01.jpg?w=380&#038;h=190\" width=\"380\" height=\"190\" data-original-width=\"380\" data-original-height=\"190\" itemprop=\"http:\/\/schema.org\/image\" title=\"SanAgustin-01\" alt=\"Pause picnic sur la route entre Popayan et San Agustin\" style=\"width: 380px; height: 190px;\" \/> <\/a> <div class=\"tiled-gallery-caption\" itemprop=\"caption description\"> Pause picnic sur la route entre Popayan et San Agustin <\/div> <\/div> <\/div> <!-- close group --> <\/div> <!-- close row --> <\/div>\n","protected":false},"excerpt":{"rendered":"<p>Co-lom-bia, nous voil\u00e0! Ca y est, on y est. Derni\u00e8re \u00e9tape de notre aventure sud am\u00e9ricaine\u2026 Ca nous fait quelque chose\u2026 Passage de fronti\u00e8re sans probl\u00e8me puis direction Popayan pour rejoindre ensuite San Agustin. Premi\u00e8res impressions : une v\u00e9g\u00e9tation dense toujours omnipr\u00e9sente, comme en Equateur, mais aussi beaucoup beaucoup de camions sur cette principale entr\u00e9e [&hellip;]<\/p>\n","protected":false},"author":3,"featured_media":0,"comment_status":"open","ping_status":"open","sticky":false,"template":"","format":"standard","meta":{"spay_email":"","jetpack_publicize_message":"","jetpack_is_tweetstorm":false,"jetpack_publicize_feature_enabled":true},"categories":[25],"tags":[],"jetpack_featured_media_url":"","jetpack_publicize_connections":[],"jetpack_sharing_enabled":true,"jetpack_shortlink":"https:\/\/wp.me\/p4uy6M-160","jetpack_likes_enabled":true,"_links":{"self":[{"href":"http:\/\/songkol.com\/WordPress3\/wp-json\/wp\/v2\/posts\/4216"}],"collection":[{"href":"http:\/\/songkol.com\/WordPress3\/wp-json\/wp\/v2\/posts"}],"about":[{"href":"http:\/\/songkol.com\/WordPress3\/wp-json\/wp\/v2\/types\/post"}],"author":[{"embeddable":true,"href":"http:\/\/songkol.com\/WordPress3\/wp-json\/wp\/v2\/users\/3"}],"replies":[{"embeddable":true,"href":"http:\/\/songkol.com\/WordPress3\/wp-json\/wp\/v2\/comments?post=4216"}],"version-history":[{"count":10,"href":"http:\/\/songkol.com\/WordPress3\/wp-json\/wp\/v2\/posts\/4216\/revisions"}],"predecessor-version":[{"id":4324,"href":"http:\/\/songkol.com\/WordPress3\/wp-json\/wp\/v2\/posts\/4216\/revisions\/4324"}],"wp:attachment":[{"href":"http:\/\/songkol.com\/WordPress3\/wp-json\/wp\/v2\/media?parent=4216"}],"wp:term":[{"taxonomy":"category","embeddable":true,"href":"http:\/\/songkol.com\/WordPress3\/wp-json\/wp\/v2\/categories?post=4216"},{"taxonomy":"post_tag","embeddable":true,"href":"http:\/\/songkol.com\/WordPress3\/wp-json\/wp\/v2\/tags?post=4216"}],"curies":[{"name":"wp","href":"https:\/\/api.w.org\/{rel}","templated":true}]}}