{"id":3640,"date":"2014-09-18T21:24:32","date_gmt":"2014-09-19T02:24:32","guid":{"rendered":"http:\/\/songkol.com\/WordPress3\/?p=3640"},"modified":"2014-09-28T17:42:29","modified_gmt":"2014-09-28T22:42:29","slug":"les-condors-du-canyon-de-colca","status":"publish","type":"post","link":"http:\/\/songkol.com\/WordPress3\/blog\/2014\/09\/18\/les-condors-du-canyon-de-colca\/","title":{"rendered":"Les condors du canyon de Colca"},"content":{"rendered":"<p>Nous avons quitt\u00e9 Arequipa. Ouh la! On y \u00e9tait depuis 2 jours seulement et nous voil\u00e0 d\u00e9j\u00e0 repartis ? On se fait peur l\u00e0, que se passe-t-il? Il se passe tout simplement qu&rsquo;un petit bruit de montre revient insidieusement \u00e0 nos oreilles depuis quelques jours. On est mi-septembre et il nous reste \u00ab\u00a0tout\u00a0\u00bb le P\u00e9rou \u00e0 d\u00e9couvrir, puis l&rsquo;Equateur, puis la Colombie tout en visant la fin de l&rsquo;ann\u00e9e pour rejoindre l&rsquo;Am\u00e9rique centrale si l&rsquo;on se d\u00e9cide \u00e0 aller aux States. Donc, voil\u00e0, faudrait qu&rsquo;on acc\u00e9l\u00e8re un peu&#8230;<br \/>\nNous sommes donc aux portes du canyon de Colca qui laisse appara\u00eetre au fil des kilom\u00e8tres ses flans cultiv\u00e9s en terrasse. Les paysages sont sublimes. L\u00e0, on va direct se poser sur le parking de la Cruz del condors. C&rsquo;est de l\u00e0 que l&rsquo;on devrait voir le lendemain matin le vol de ces majestueux oiseaux qui attendent les \u00ab\u00a0thermiques ou courants ascendants\u00a0\u00bb, me dit Lionel, pour remonter du fond du canyon et tournoyer au dessus de nous. C&rsquo;est r\u00e9ussi. C&rsquo;est beau. Nous y passons la matin\u00e9e.<br \/>\nPuis nous remontons vers le d\u00e9but du canyon. Une belle balade nous m\u00e8ne jusqu&rsquo;aux ruines d&rsquo;un ancien village que les habitants ont \u00e9t\u00e9 contraints par les Espagnols d&rsquo;abandonner pour aller s&rsquo;installer ailleurs&#8230; Ca commence \u00e0 sentir l&rsquo;automne en France?\u00a0 c&rsquo;est tout le contraire ici! Le printemps n&rsquo;est pas loin et dans les champs les paysans se h\u00e2tent pour retourner la terre et semer. Il y a justement une famille qui est en train de s&rsquo;activer sur deux parcelles, nous passerons un long moment avec elle.<br \/>\nNous partons ensuite nous installer pour la nuit sur le parking des thermes de Shivay pour \u00eatre pr\u00eats d\u00e8s le lendemain \u00e0 sauter dans un eau \u00e0 38\u00b0. Trempette pour notre derni\u00e8re matin\u00e9e dans le canyon puis petite balade depuis le village de Coporaque o\u00f9 la pluie est mena\u00e7ante. Avec Anna et Lionel, alors que nous devisions sur les meilleures techniques \u00e0 adopter par temps de pluie, nous arrivons \u00e0 la conclusion que le mieux est quand m\u00eame de se promener tout nu&#8230; ce qui fait beaucoup rire Anna, ou, ou,ou, de ne pas sortir de chez soi (dit Lionel)&#8230;<\/p>\n<div class=\"tiled-gallery type-rectangular tiled-gallery-unresized\" data-original-width=\"768\" data-carousel-extra='{&quot;blog_id&quot;:1,&quot;permalink&quot;:&quot;http:\\\/\\\/songkol.com\\\/WordPress3\\\/blog\\\/2014\\\/09\\\/18\\\/les-condors-du-canyon-de-colca\\\/&quot;,&quot;likes_blog_id&quot;:66386300}' itemscope itemtype=\"http:\/\/schema.org\/ImageGallery\" > <div class=\"gallery-row\" style=\"width: 768px; height: 386px;\" data-original-width=\"768\" data-original-height=\"386\" > <div class=\"gallery-group images-1\" style=\"width: 768px; height: 386px;\" data-original-width=\"768\" data-original-height=\"386\" > <div class=\"tiled-gallery-item tiled-gallery-item-large\" itemprop=\"associatedMedia\" itemscope itemtype=\"http:\/\/schema.org\/ImageObject\"> <a href=\"http:\/\/songkol.com\/WordPress3\/canyoncolca-01\/\" border=\"0\" itemprop=\"url\"> <meta itemprop=\"width\" content=\"764\"> <meta itemprop=\"height\" content=\"382\"> <img data-attachment-id=\"3680\" data-orig-file=\"http:\/\/songkol.com\/WordPress3\/wp-content\/uploads\/2014\/09\/CANYONCOLCA-01.jpg\" data-orig-size=\"1200,600\" data-comments-opened=\"1\" data-image-meta=\"{&quot;aperture&quot;:&quot;13&quot;,&quot;credit&quot;:&quot;&quot;,&quot;camera&quot;:&quot;Canon EOS 5D&quot;,&quot;caption&quot;:&quot;&quot;,&quot;created_timestamp&quot;:&quot;1410794468&quot;,&quot;copyright&quot;:&quot;&quot;,&quot;focal_length&quot;:&quot;17&quot;,&quot;iso&quot;:&quot;400&quot;,&quot;shutter_speed&quot;:&quot;0.0025&quot;,&quot;title&quot;:&quot;&quot;}\" data-image-title=\"CANYONCOLCA-01\" data-image-description=\"\" data-medium-file=\"https:\/\/i0.wp.com\/songkol.com\/WordPress3\/wp-content\/uploads\/2014\/09\/CANYONCOLCA-01.jpg?fit=300%2C150\" data-large-file=\"https:\/\/i0.wp.com\/songkol.com\/WordPress3\/wp-content\/uploads\/2014\/09\/CANYONCOLCA-01.jpg?fit=768%2C384\" src=\"https:\/\/i0.wp.com\/songkol.com\/WordPress3\/wp-content\/uploads\/2014\/09\/CANYONCOLCA-01.jpg?w=764&#038;h=382\" width=\"764\" height=\"382\" data-original-width=\"764\" data-original-height=\"382\" itemprop=\"http:\/\/schema.org\/image\" title=\"CANYONCOLCA-01\" alt=\"CANYON DE COLCA \/ Au sud de Chivay, vues sur les champs en terrasses qui couvrent les pentes du canyon profond de 3400 m, autrefois consid\u00e9r\u00e9 comme le plus profond du monde\" style=\"width: 764px; height: 382px;\" \/> <\/a> <div class=\"tiled-gallery-caption\" itemprop=\"caption description\"> CANYON DE COLCA \/ Au sud de Chivay, vues sur les champs en terrasses qui couvrent les pentes du canyon profond de 3400 m, autrefois consid\u00e9r\u00e9 comme le plus profond du monde <\/div> <\/div> <\/div> <!-- close group --> <\/div> <!-- close row --> <div class=\"gallery-row\" style=\"width: 768px; height: 386px;\" data-original-width=\"768\" data-original-height=\"386\" > <div class=\"gallery-group images-1\" style=\"width: 768px; height: 386px;\" data-original-width=\"768\" data-original-height=\"386\" > <div class=\"tiled-gallery-item tiled-gallery-item-large\" itemprop=\"associatedMedia\" itemscope itemtype=\"http:\/\/schema.org\/ImageObject\"> <a href=\"http:\/\/songkol.com\/WordPress3\/canyoncolca-02\/\" border=\"0\" itemprop=\"url\"> <meta itemprop=\"width\" content=\"764\"> <meta itemprop=\"height\" content=\"382\"> <img data-attachment-id=\"3681\" data-orig-file=\"http:\/\/songkol.com\/WordPress3\/wp-content\/uploads\/2014\/09\/CANYONCOLCA-02.jpg\" data-orig-size=\"1200,600\" data-comments-opened=\"1\" data-image-meta=\"{&quot;aperture&quot;:&quot;13&quot;,&quot;credit&quot;:&quot;&quot;,&quot;camera&quot;:&quot;Canon EOS 5D&quot;,&quot;caption&quot;:&quot;&quot;,&quot;created_timestamp&quot;:&quot;1410794612&quot;,&quot;copyright&quot;:&quot;&quot;,&quot;focal_length&quot;:&quot;17&quot;,&quot;iso&quot;:&quot;400&quot;,&quot;shutter_speed&quot;:&quot;0.003125&quot;,&quot;title&quot;:&quot;&quot;}\" data-image-title=\"CANYONCOLCA-02\" data-image-description=\"\" data-medium-file=\"https:\/\/i0.wp.com\/songkol.com\/WordPress3\/wp-content\/uploads\/2014\/09\/CANYONCOLCA-02.jpg?fit=300%2C150\" data-large-file=\"https:\/\/i0.wp.com\/songkol.com\/WordPress3\/wp-content\/uploads\/2014\/09\/CANYONCOLCA-02.jpg?fit=768%2C384\" src=\"https:\/\/i0.wp.com\/songkol.com\/WordPress3\/wp-content\/uploads\/2014\/09\/CANYONCOLCA-02.jpg?w=764&#038;h=382\" width=\"764\" height=\"382\" data-original-width=\"764\" data-original-height=\"382\" itemprop=\"http:\/\/schema.org\/image\" title=\"CANYONCOLCA-02\" alt=\"CANYON DE COLCA \/ Au sud de Chivay, vues sur les champs en terrasses qui couvrent les pentes du canyon profond de 3400 m, autrefois consid\u00e9r\u00e9 comme le plus profond du monde\" style=\"width: 764px; height: 382px;\" \/> <\/a> <div class=\"tiled-gallery-caption\" itemprop=\"caption description\"> CANYON DE COLCA \/ Au sud de Chivay, vues sur les champs en terrasses qui couvrent les pentes du canyon profond de 3400 m, autrefois consid\u00e9r\u00e9 comme le plus profond du monde <\/div> <\/div> <\/div> <!-- close group --> <\/div> <!-- close row --> <div class=\"gallery-row\" style=\"width: 768px; height: 386px;\" data-original-width=\"768\" data-original-height=\"386\" > <div class=\"gallery-group images-1\" style=\"width: 768px; height: 386px;\" data-original-width=\"768\" data-original-height=\"386\" > <div class=\"tiled-gallery-item tiled-gallery-item-large\" itemprop=\"associatedMedia\" itemscope itemtype=\"http:\/\/schema.org\/ImageObject\"> <a href=\"http:\/\/songkol.com\/WordPress3\/canyoncolca-02b\/\" border=\"0\" itemprop=\"url\"> <meta itemprop=\"width\" content=\"764\"> <meta itemprop=\"height\" content=\"382\"> <img data-attachment-id=\"3682\" data-orig-file=\"http:\/\/songkol.com\/WordPress3\/wp-content\/uploads\/2014\/09\/CANYONCOLCA-02b.jpg\" data-orig-size=\"1200,600\" data-comments-opened=\"1\" data-image-meta=\"{&quot;aperture&quot;:&quot;14&quot;,&quot;credit&quot;:&quot;&quot;,&quot;camera&quot;:&quot;Canon EOS 5D&quot;,&quot;caption&quot;:&quot;&quot;,&quot;created_timestamp&quot;:&quot;1410796217&quot;,&quot;copyright&quot;:&quot;&quot;,&quot;focal_length&quot;:&quot;40&quot;,&quot;iso&quot;:&quot;400&quot;,&quot;shutter_speed&quot;:&quot;0.0025&quot;,&quot;title&quot;:&quot;&quot;}\" data-image-title=\"CANYONCOLCA-02b\" data-image-description=\"\" data-medium-file=\"https:\/\/i0.wp.com\/songkol.com\/WordPress3\/wp-content\/uploads\/2014\/09\/CANYONCOLCA-02b.jpg?fit=300%2C150\" data-large-file=\"https:\/\/i0.wp.com\/songkol.com\/WordPress3\/wp-content\/uploads\/2014\/09\/CANYONCOLCA-02b.jpg?fit=768%2C384\" src=\"https:\/\/i0.wp.com\/songkol.com\/WordPress3\/wp-content\/uploads\/2014\/09\/CANYONCOLCA-02b.jpg?w=764&#038;h=382\" width=\"764\" height=\"382\" data-original-width=\"764\" data-original-height=\"382\" itemprop=\"http:\/\/schema.org\/image\" title=\"CANYONCOLCA-02b\" alt=\"CANYON DE COLCA \/ Au sud de Chivay, vues sur les champs en terrasses qui couvrent les pentes du canyon profond de 3400 m, autrefois consid\u00e9r\u00e9 comme le plus profond du monde\" style=\"width: 764px; height: 382px;\" \/> <\/a> <div class=\"tiled-gallery-caption\" itemprop=\"caption description\"> CANYON DE COLCA \/ Au sud de Chivay, vues sur les champs en terrasses qui couvrent les pentes du canyon profond de 3400 m, autrefois consid\u00e9r\u00e9 comme le plus profond du monde <\/div> <\/div> <\/div> <!-- close group --> <\/div> <!-- close row --> <div class=\"gallery-row\" style=\"width: 768px; height: 384px;\" data-original-width=\"768\" data-original-height=\"384\" > <div class=\"gallery-group images-1\" style=\"width: 384px; height: 384px;\" data-original-width=\"384\" data-original-height=\"384\" > <div class=\"tiled-gallery-item tiled-gallery-item-large\" itemprop=\"associatedMedia\" itemscope itemtype=\"http:\/\/schema.org\/ImageObject\"> <a href=\"http:\/\/songkol.com\/WordPress3\/canyoncolca-03\/\" border=\"0\" itemprop=\"url\"> <meta itemprop=\"width\" content=\"380\"> <meta itemprop=\"height\" content=\"380\"> <img data-attachment-id=\"3683\" data-orig-file=\"http:\/\/songkol.com\/WordPress3\/wp-content\/uploads\/2014\/09\/CANYONCOLCA-03.jpg\" data-orig-size=\"600,600\" data-comments-opened=\"1\" data-image-meta=\"{&quot;aperture&quot;:&quot;13&quot;,&quot;credit&quot;:&quot;&quot;,&quot;camera&quot;:&quot;Canon EOS 5D&quot;,&quot;caption&quot;:&quot;&quot;,&quot;created_timestamp&quot;:&quot;1410795020&quot;,&quot;copyright&quot;:&quot;&quot;,&quot;focal_length&quot;:&quot;17&quot;,&quot;iso&quot;:&quot;400&quot;,&quot;shutter_speed&quot;:&quot;0.003125&quot;,&quot;title&quot;:&quot;&quot;}\" data-image-title=\"CANYONCOLCA-03\" data-image-description=\"\" data-medium-file=\"https:\/\/i0.wp.com\/songkol.com\/WordPress3\/wp-content\/uploads\/2014\/09\/CANYONCOLCA-03.jpg?fit=300%2C300\" data-large-file=\"https:\/\/i0.wp.com\/songkol.com\/WordPress3\/wp-content\/uploads\/2014\/09\/CANYONCOLCA-03.jpg?fit=600%2C600\" src=\"https:\/\/i0.wp.com\/songkol.com\/WordPress3\/wp-content\/uploads\/2014\/09\/CANYONCOLCA-03.jpg?w=380&#038;h=380&#038;crop=1\" width=\"380\" height=\"380\" data-original-width=\"380\" data-original-height=\"380\" itemprop=\"http:\/\/schema.org\/image\" title=\"CANYONCOLCA-03\" alt=\"CANYON DE COLCA\" style=\"width: 380px; height: 380px;\" \/> <\/a> <div class=\"tiled-gallery-caption\" itemprop=\"caption description\"> CANYON DE COLCA <\/div> <\/div> <\/div> <!-- close group --> <div class=\"gallery-group images-1\" style=\"width: 384px; height: 384px;\" data-original-width=\"384\" data-original-height=\"384\" > <div class=\"tiled-gallery-item tiled-gallery-item-large\" itemprop=\"associatedMedia\" itemscope itemtype=\"http:\/\/schema.org\/ImageObject\"> <a href=\"http:\/\/songkol.com\/WordPress3\/canyoncolca-05\/\" border=\"0\" itemprop=\"url\"> <meta itemprop=\"width\" content=\"380\"> <meta itemprop=\"height\" content=\"380\"> <img data-attachment-id=\"3684\" data-orig-file=\"http:\/\/songkol.com\/WordPress3\/wp-content\/uploads\/2014\/09\/CANYONCOLCA-05.jpg\" data-orig-size=\"600,600\" data-comments-opened=\"1\" data-image-meta=\"{&quot;aperture&quot;:&quot;10&quot;,&quot;credit&quot;:&quot;&quot;,&quot;camera&quot;:&quot;Canon EOS 5D&quot;,&quot;caption&quot;:&quot;&quot;,&quot;created_timestamp&quot;:&quot;1410798903&quot;,&quot;copyright&quot;:&quot;&quot;,&quot;focal_length&quot;:&quot;24&quot;,&quot;iso&quot;:&quot;400&quot;,&quot;shutter_speed&quot;:&quot;0.005&quot;,&quot;title&quot;:&quot;&quot;}\" data-image-title=\"CANYONCOLCA-05\" data-image-description=\"\" data-medium-file=\"https:\/\/i0.wp.com\/songkol.com\/WordPress3\/wp-content\/uploads\/2014\/09\/CANYONCOLCA-05.jpg?fit=300%2C300\" data-large-file=\"https:\/\/i0.wp.com\/songkol.com\/WordPress3\/wp-content\/uploads\/2014\/09\/CANYONCOLCA-05.jpg?fit=600%2C600\" src=\"https:\/\/i0.wp.com\/songkol.com\/WordPress3\/wp-content\/uploads\/2014\/09\/CANYONCOLCA-05.jpg?w=380&#038;h=380&#038;crop=1\" width=\"380\" height=\"380\" data-original-width=\"380\" data-original-height=\"380\" itemprop=\"http:\/\/schema.org\/image\" title=\"CANYONCOLCA-05\" alt=\"CANYON DE COLCA \/ Matin\u00e9e d&#039;observation des condors au lieu-dit Cruz del condor\" style=\"width: 380px; height: 380px;\" \/> <\/a> <div class=\"tiled-gallery-caption\" itemprop=\"caption description\"> CANYON DE COLCA \/ Matin\u00e9e d&rsquo;observation des condors au lieu-dit Cruz del condor <\/div> <\/div> <\/div> <!-- close group --> <\/div> <!-- close row --> <div class=\"gallery-row\" style=\"width: 768px; height: 386px;\" data-original-width=\"768\" data-original-height=\"386\" > <div class=\"gallery-group images-1\" style=\"width: 768px; height: 386px;\" data-original-width=\"768\" data-original-height=\"386\" > <div class=\"tiled-gallery-item tiled-gallery-item-large\" itemprop=\"associatedMedia\" itemscope itemtype=\"http:\/\/schema.org\/ImageObject\"> <a href=\"http:\/\/songkol.com\/WordPress3\/canyoncolca-06\/\" border=\"0\" itemprop=\"url\"> <meta itemprop=\"width\" content=\"764\"> <meta itemprop=\"height\" content=\"382\"> <img data-attachment-id=\"3685\" data-orig-file=\"http:\/\/songkol.com\/WordPress3\/wp-content\/uploads\/2014\/09\/CANYONCOLCA-06.jpg\" data-orig-size=\"1200,600\" data-comments-opened=\"1\" data-image-meta=\"{&quot;aperture&quot;:&quot;11&quot;,&quot;credit&quot;:&quot;&quot;,&quot;camera&quot;:&quot;Canon EOS 5D&quot;,&quot;caption&quot;:&quot;&quot;,&quot;created_timestamp&quot;:&quot;1410798916&quot;,&quot;copyright&quot;:&quot;&quot;,&quot;focal_length&quot;:&quot;17&quot;,&quot;iso&quot;:&quot;400&quot;,&quot;shutter_speed&quot;:&quot;0.004&quot;,&quot;title&quot;:&quot;&quot;}\" data-image-title=\"CANYONCOLCA-06\" data-image-description=\"\" data-medium-file=\"https:\/\/i0.wp.com\/songkol.com\/WordPress3\/wp-content\/uploads\/2014\/09\/CANYONCOLCA-06.jpg?fit=300%2C150\" data-large-file=\"https:\/\/i0.wp.com\/songkol.com\/WordPress3\/wp-content\/uploads\/2014\/09\/CANYONCOLCA-06.jpg?fit=768%2C384\" src=\"https:\/\/i0.wp.com\/songkol.com\/WordPress3\/wp-content\/uploads\/2014\/09\/CANYONCOLCA-06.jpg?w=764&#038;h=382\" width=\"764\" height=\"382\" data-original-width=\"764\" data-original-height=\"382\" itemprop=\"http:\/\/schema.org\/image\" title=\"CANYONCOLCA-06\" alt=\"CANYON DE COLCA \/ Matin\u00e9e d&#039;observation des condors au lieu-dit Cruz del condor\" style=\"width: 764px; height: 382px;\" \/> <\/a> <div class=\"tiled-gallery-caption\" itemprop=\"caption description\"> CANYON DE COLCA \/ Matin\u00e9e d&rsquo;observation des condors au lieu-dit Cruz del condor <\/div> <\/div> <\/div> <!-- close group --> <\/div> <!-- close row --> <div class=\"gallery-row\" style=\"width: 768px; height: 386px;\" data-original-width=\"768\" data-original-height=\"386\" > <div class=\"gallery-group images-1\" style=\"width: 768px; height: 386px;\" data-original-width=\"768\" data-original-height=\"386\" > <div class=\"tiled-gallery-item tiled-gallery-item-large\" itemprop=\"associatedMedia\" itemscope itemtype=\"http:\/\/schema.org\/ImageObject\"> <a href=\"http:\/\/songkol.com\/WordPress3\/canyoncolca-07\/\" border=\"0\" itemprop=\"url\"> <meta itemprop=\"width\" content=\"764\"> <meta itemprop=\"height\" content=\"382\"> <img data-attachment-id=\"3686\" data-orig-file=\"http:\/\/songkol.com\/WordPress3\/wp-content\/uploads\/2014\/09\/CANYONCOLCA-07.jpg\" data-orig-size=\"1200,600\" data-comments-opened=\"1\" data-image-meta=\"{&quot;aperture&quot;:&quot;6.3&quot;,&quot;credit&quot;:&quot;&quot;,&quot;camera&quot;:&quot;DSC-HX50V&quot;,&quot;caption&quot;:&quot;&quot;,&quot;created_timestamp&quot;:&quot;1410857217&quot;,&quot;copyright&quot;:&quot;&quot;,&quot;focal_length&quot;:&quot;64.31&quot;,&quot;iso&quot;:&quot;160&quot;,&quot;shutter_speed&quot;:&quot;0.004&quot;,&quot;title&quot;:&quot;&quot;}\" data-image-title=\"CANYONCOLCA-07\" data-image-description=\"\" data-medium-file=\"https:\/\/i0.wp.com\/songkol.com\/WordPress3\/wp-content\/uploads\/2014\/09\/CANYONCOLCA-07.jpg?fit=300%2C150\" data-large-file=\"https:\/\/i0.wp.com\/songkol.com\/WordPress3\/wp-content\/uploads\/2014\/09\/CANYONCOLCA-07.jpg?fit=768%2C384\" src=\"https:\/\/i0.wp.com\/songkol.com\/WordPress3\/wp-content\/uploads\/2014\/09\/CANYONCOLCA-07.jpg?w=764&#038;h=382\" width=\"764\" height=\"382\" data-original-width=\"764\" data-original-height=\"382\" itemprop=\"http:\/\/schema.org\/image\" title=\"CANYONCOLCA-07\" alt=\"CANYON DE COLCA \/ Matin\u00e9e d&#039;observation des condors au lieu-dit Cruz del condor. D\u2019une envergure de 3,20m, le condor des Andes a une collerette de plumes blanches autour de la base du cou et parfois de grandes taches blanches sur les c\u00f4t\u00e9s. C\u2019est le plus grand oiseau de l\u2019h\u00e9misph\u00e8re sud.\" style=\"width: 764px; height: 382px;\" \/> <\/a> <div class=\"tiled-gallery-caption\" itemprop=\"caption description\"> CANYON DE COLCA \/ Matin\u00e9e d&rsquo;observation des condors au lieu-dit Cruz del condor. D\u2019une envergure de 3,20m, le condor des Andes a une collerette de plumes blanches autour de la base du cou et parfois de grandes taches blanches sur les c\u00f4t\u00e9s. C\u2019est le plus grand oiseau de l\u2019h\u00e9misph\u00e8re sud. <\/div> <\/div> <\/div> <!-- close group --> <\/div> <!-- close row --> <div class=\"gallery-row\" style=\"width: 768px; height: 384px;\" data-original-width=\"768\" data-original-height=\"384\" > <div class=\"gallery-group images-1\" style=\"width: 384px; height: 384px;\" data-original-width=\"384\" data-original-height=\"384\" > <div class=\"tiled-gallery-item tiled-gallery-item-large\" itemprop=\"associatedMedia\" itemscope itemtype=\"http:\/\/schema.org\/ImageObject\"> <a href=\"http:\/\/songkol.com\/WordPress3\/canyoncolca-08\/\" border=\"0\" itemprop=\"url\"> <meta itemprop=\"width\" content=\"380\"> <meta itemprop=\"height\" content=\"380\"> <img data-attachment-id=\"3687\" data-orig-file=\"http:\/\/songkol.com\/WordPress3\/wp-content\/uploads\/2014\/09\/CANYONCOLCA-08.jpg\" data-orig-size=\"600,600\" data-comments-opened=\"1\" data-image-meta=\"{&quot;aperture&quot;:&quot;6.3&quot;,&quot;credit&quot;:&quot;&quot;,&quot;camera&quot;:&quot;DSC-HX50V&quot;,&quot;caption&quot;:&quot;&quot;,&quot;created_timestamp&quot;:&quot;1410857264&quot;,&quot;copyright&quot;:&quot;&quot;,&quot;focal_length&quot;:&quot;109.32&quot;,&quot;iso&quot;:&quot;200&quot;,&quot;shutter_speed&quot;:&quot;0.004&quot;,&quot;title&quot;:&quot;&quot;}\" data-image-title=\"CANYONCOLCA-08\" data-image-description=\"\" data-medium-file=\"https:\/\/i0.wp.com\/songkol.com\/WordPress3\/wp-content\/uploads\/2014\/09\/CANYONCOLCA-08.jpg?fit=300%2C300\" data-large-file=\"https:\/\/i0.wp.com\/songkol.com\/WordPress3\/wp-content\/uploads\/2014\/09\/CANYONCOLCA-08.jpg?fit=600%2C600\" src=\"https:\/\/i0.wp.com\/songkol.com\/WordPress3\/wp-content\/uploads\/2014\/09\/CANYONCOLCA-08.jpg?w=380&#038;h=380&#038;crop=1\" width=\"380\" height=\"380\" data-original-width=\"380\" data-original-height=\"380\" itemprop=\"http:\/\/schema.org\/image\" title=\"CANYONCOLCA-08\" alt=\"CANYON DE COLCA \/ Le condor tient un r\u00f4le important dans la mythologie andine, avec le puma (terre) et le serpent (sous-sol).\" style=\"width: 380px; height: 380px;\" \/> <\/a> <div class=\"tiled-gallery-caption\" itemprop=\"caption description\"> CANYON DE COLCA \/ Le condor tient un r\u00f4le important dans la mythologie andine, avec le puma (terre) et le serpent (sous-sol). <\/div> <\/div> <\/div> <!-- close group --> <div class=\"gallery-group images-1\" style=\"width: 384px; height: 384px;\" data-original-width=\"384\" data-original-height=\"384\" > <div class=\"tiled-gallery-item tiled-gallery-item-large\" itemprop=\"associatedMedia\" itemscope itemtype=\"http:\/\/schema.org\/ImageObject\"> <a href=\"http:\/\/songkol.com\/WordPress3\/canyoncolca-09\/\" border=\"0\" itemprop=\"url\"> <meta itemprop=\"width\" content=\"380\"> <meta itemprop=\"height\" content=\"380\"> <img data-attachment-id=\"3688\" data-orig-file=\"http:\/\/songkol.com\/WordPress3\/wp-content\/uploads\/2014\/09\/CANYONCOLCA-09.jpg\" data-orig-size=\"600,600\" data-comments-opened=\"1\" data-image-meta=\"{&quot;aperture&quot;:&quot;6.3&quot;,&quot;credit&quot;:&quot;&quot;,&quot;camera&quot;:&quot;DSC-HX50V&quot;,&quot;caption&quot;:&quot;&quot;,&quot;created_timestamp&quot;:&quot;1410857320&quot;,&quot;copyright&quot;:&quot;&quot;,&quot;focal_length&quot;:&quot;48.77&quot;,&quot;iso&quot;:&quot;80&quot;,&quot;shutter_speed&quot;:&quot;0.004&quot;,&quot;title&quot;:&quot;&quot;}\" data-image-title=\"CANYONCOLCA-09\" data-image-description=\"\" data-medium-file=\"https:\/\/i0.wp.com\/songkol.com\/WordPress3\/wp-content\/uploads\/2014\/09\/CANYONCOLCA-09.jpg?fit=300%2C300\" data-large-file=\"https:\/\/i0.wp.com\/songkol.com\/WordPress3\/wp-content\/uploads\/2014\/09\/CANYONCOLCA-09.jpg?fit=600%2C600\" src=\"https:\/\/i0.wp.com\/songkol.com\/WordPress3\/wp-content\/uploads\/2014\/09\/CANYONCOLCA-09.jpg?w=380&#038;h=380&#038;crop=1\" width=\"380\" height=\"380\" data-original-width=\"380\" data-original-height=\"380\" itemprop=\"http:\/\/schema.org\/image\" title=\"CANYONCOLCA-09\" alt=\"CANYON DE COLCA \/ Matin\u00e9e d&#039;observation des condors au lieu-dit Cruz del condor\" style=\"width: 380px; height: 380px;\" \/> <\/a> <div class=\"tiled-gallery-caption\" itemprop=\"caption description\"> CANYON DE COLCA \/ Matin\u00e9e d&rsquo;observation des condors au lieu-dit Cruz del condor <\/div> <\/div> <\/div> <!-- close group --> <\/div> <!-- close row --> <div class=\"gallery-row\" style=\"width: 768px; height: 386px;\" data-original-width=\"768\" data-original-height=\"386\" > <div class=\"gallery-group images-1\" style=\"width: 768px; height: 386px;\" data-original-width=\"768\" data-original-height=\"386\" > <div class=\"tiled-gallery-item tiled-gallery-item-large\" itemprop=\"associatedMedia\" itemscope itemtype=\"http:\/\/schema.org\/ImageObject\"> <a href=\"http:\/\/songkol.com\/WordPress3\/preparatifs\/bons-plans-par-pays\/canyoncolca-10\/\" border=\"0\" itemprop=\"url\"> <meta itemprop=\"width\" content=\"764\"> <meta itemprop=\"height\" content=\"382\"> <img data-attachment-id=\"3689\" data-orig-file=\"http:\/\/songkol.com\/WordPress3\/wp-content\/uploads\/2014\/09\/CANYONCOLCA-10.jpg\" data-orig-size=\"1200,600\" data-comments-opened=\"1\" data-image-meta=\"{&quot;aperture&quot;:&quot;6.3&quot;,&quot;credit&quot;:&quot;&quot;,&quot;camera&quot;:&quot;DSC-HX50V&quot;,&quot;caption&quot;:&quot;&quot;,&quot;created_timestamp&quot;:&quot;1410857758&quot;,&quot;copyright&quot;:&quot;&quot;,&quot;focal_length&quot;:&quot;54.62&quot;,&quot;iso&quot;:&quot;80&quot;,&quot;shutter_speed&quot;:&quot;0.003125&quot;,&quot;title&quot;:&quot;&quot;}\" data-image-title=\"CANYONCOLCA-10\" data-image-description=\"\" data-medium-file=\"https:\/\/i0.wp.com\/songkol.com\/WordPress3\/wp-content\/uploads\/2014\/09\/CANYONCOLCA-10.jpg?fit=300%2C150\" data-large-file=\"https:\/\/i0.wp.com\/songkol.com\/WordPress3\/wp-content\/uploads\/2014\/09\/CANYONCOLCA-10.jpg?fit=768%2C384\" src=\"https:\/\/i0.wp.com\/songkol.com\/WordPress3\/wp-content\/uploads\/2014\/09\/CANYONCOLCA-10.jpg?w=764&#038;h=382\" width=\"764\" height=\"382\" data-original-width=\"764\" data-original-height=\"382\" itemprop=\"http:\/\/schema.org\/image\" title=\"CANYONCOLCA-10\" alt=\"CANYON DE COLCA \/ Matin\u00e9e d&#039;observation des condors au lieu-dit Cruz del condor\" style=\"width: 764px; height: 382px;\" \/> <\/a> <div class=\"tiled-gallery-caption\" itemprop=\"caption description\"> CANYON DE COLCA \/ Matin\u00e9e d&rsquo;observation des condors au lieu-dit Cruz del condor <\/div> <\/div> <\/div> <!-- close group --> <\/div> <!-- close row --> <div class=\"gallery-row\" style=\"width: 768px; height: 386px;\" data-original-width=\"768\" data-original-height=\"386\" > <div class=\"gallery-group images-1\" style=\"width: 768px; height: 386px;\" data-original-width=\"768\" data-original-height=\"386\" > <div class=\"tiled-gallery-item tiled-gallery-item-large\" itemprop=\"associatedMedia\" itemscope itemtype=\"http:\/\/schema.org\/ImageObject\"> <a href=\"http:\/\/songkol.com\/WordPress3\/canyoncolca-11\/\" border=\"0\" itemprop=\"url\"> <meta itemprop=\"width\" content=\"764\"> <meta itemprop=\"height\" content=\"382\"> <img data-attachment-id=\"3690\" data-orig-file=\"http:\/\/songkol.com\/WordPress3\/wp-content\/uploads\/2014\/09\/CANYONCOLCA-11.jpg\" data-orig-size=\"1200,600\" data-comments-opened=\"1\" data-image-meta=\"{&quot;aperture&quot;:&quot;6.3&quot;,&quot;credit&quot;:&quot;&quot;,&quot;camera&quot;:&quot;DSC-HX50V&quot;,&quot;caption&quot;:&quot;&quot;,&quot;created_timestamp&quot;:&quot;1410858324&quot;,&quot;copyright&quot;:&quot;&quot;,&quot;focal_length&quot;:&quot;98.97&quot;,&quot;iso&quot;:&quot;160&quot;,&quot;shutter_speed&quot;:&quot;0.00125&quot;,&quot;title&quot;:&quot;&quot;}\" data-image-title=\"CANYONCOLCA-11\" data-image-description=\"\" data-medium-file=\"https:\/\/i0.wp.com\/songkol.com\/WordPress3\/wp-content\/uploads\/2014\/09\/CANYONCOLCA-11.jpg?fit=300%2C150\" data-large-file=\"https:\/\/i0.wp.com\/songkol.com\/WordPress3\/wp-content\/uploads\/2014\/09\/CANYONCOLCA-11.jpg?fit=768%2C384\" src=\"https:\/\/i0.wp.com\/songkol.com\/WordPress3\/wp-content\/uploads\/2014\/09\/CANYONCOLCA-11.jpg?w=764&#038;h=382\" width=\"764\" height=\"382\" data-original-width=\"764\" data-original-height=\"382\" itemprop=\"http:\/\/schema.org\/image\" title=\"CANYONCOLCA-11\" alt=\"CANYON DE COLCA \/ L&#039;oiseau-roi de la cordill\u00e8re des Andes\" style=\"width: 764px; height: 382px;\" \/> <\/a> <div class=\"tiled-gallery-caption\" itemprop=\"caption description\"> CANYON DE COLCA \/ L&rsquo;oiseau-roi de la cordill\u00e8re des Andes <\/div> <\/div> <\/div> <!-- close group --> <\/div> <!-- close row --> <div class=\"gallery-row\" style=\"width: 768px; height: 386px;\" data-original-width=\"768\" data-original-height=\"386\" > <div class=\"gallery-group images-1\" style=\"width: 768px; height: 386px;\" data-original-width=\"768\" data-original-height=\"386\" > <div class=\"tiled-gallery-item tiled-gallery-item-large\" itemprop=\"associatedMedia\" itemscope itemtype=\"http:\/\/schema.org\/ImageObject\"> <a href=\"http:\/\/songkol.com\/WordPress3\/canyoncolcayanque-01\/\" border=\"0\" itemprop=\"url\"> <meta itemprop=\"width\" content=\"764\"> <meta itemprop=\"height\" content=\"382\"> <img data-attachment-id=\"3691\" data-orig-file=\"http:\/\/songkol.com\/WordPress3\/wp-content\/uploads\/2014\/09\/CANYONCOLCAYANQUE-01.jpg\" data-orig-size=\"1200,600\" data-comments-opened=\"1\" data-image-meta=\"{&quot;aperture&quot;:&quot;13&quot;,&quot;credit&quot;:&quot;&quot;,&quot;camera&quot;:&quot;Canon EOS 5D&quot;,&quot;caption&quot;:&quot;&quot;,&quot;created_timestamp&quot;:&quot;1410876665&quot;,&quot;copyright&quot;:&quot;&quot;,&quot;focal_length&quot;:&quot;17&quot;,&quot;iso&quot;:&quot;400&quot;,&quot;shutter_speed&quot;:&quot;0.003125&quot;,&quot;title&quot;:&quot;&quot;}\" data-image-title=\"CANYONCOLCAYANQUE-01\" data-image-description=\"\" data-medium-file=\"https:\/\/i0.wp.com\/songkol.com\/WordPress3\/wp-content\/uploads\/2014\/09\/CANYONCOLCAYANQUE-01.jpg?fit=300%2C150\" data-large-file=\"https:\/\/i0.wp.com\/songkol.com\/WordPress3\/wp-content\/uploads\/2014\/09\/CANYONCOLCAYANQUE-01.jpg?fit=768%2C384\" src=\"https:\/\/i0.wp.com\/songkol.com\/WordPress3\/wp-content\/uploads\/2014\/09\/CANYONCOLCAYANQUE-01.jpg?w=764&#038;h=382\" width=\"764\" height=\"382\" data-original-width=\"764\" data-original-height=\"382\" itemprop=\"http:\/\/schema.org\/image\" title=\"CANYONCOLCAYANQUE-01\" alt=\"CANYON DE COLCA \/ Balade sur les hauteurs de Yanque vers le village abandonn\u00e9 Uyo Uyo.\" style=\"width: 764px; height: 382px;\" \/> <\/a> <div class=\"tiled-gallery-caption\" itemprop=\"caption description\"> CANYON DE COLCA \/ Balade sur les hauteurs de Yanque vers le village abandonn\u00e9 Uyo Uyo. <\/div> <\/div> <\/div> <!-- close group --> <\/div> <!-- close row --> <div class=\"gallery-row\" style=\"width: 768px; height: 386px;\" data-original-width=\"768\" data-original-height=\"386\" > <div class=\"gallery-group images-1\" style=\"width: 768px; height: 386px;\" data-original-width=\"768\" data-original-height=\"386\" > <div class=\"tiled-gallery-item tiled-gallery-item-large\" itemprop=\"associatedMedia\" itemscope itemtype=\"http:\/\/schema.org\/ImageObject\"> <a href=\"http:\/\/songkol.com\/WordPress3\/canyoncolcayanque-02\/\" border=\"0\" itemprop=\"url\"> <meta itemprop=\"width\" content=\"764\"> <meta itemprop=\"height\" content=\"382\"> <img data-attachment-id=\"3692\" data-orig-file=\"http:\/\/songkol.com\/WordPress3\/wp-content\/uploads\/2014\/09\/CANYONCOLCAYANQUE-02.jpg\" data-orig-size=\"1200,600\" data-comments-opened=\"1\" data-image-meta=\"{&quot;aperture&quot;:&quot;14&quot;,&quot;credit&quot;:&quot;&quot;,&quot;camera&quot;:&quot;Canon EOS 5D&quot;,&quot;caption&quot;:&quot;&quot;,&quot;created_timestamp&quot;:&quot;1410877928&quot;,&quot;copyright&quot;:&quot;&quot;,&quot;focal_length&quot;:&quot;40&quot;,&quot;iso&quot;:&quot;400&quot;,&quot;shutter_speed&quot;:&quot;0.0025&quot;,&quot;title&quot;:&quot;&quot;}\" data-image-title=\"CANYONCOLCAYANQUE-02\" data-image-description=\"\" data-medium-file=\"https:\/\/i0.wp.com\/songkol.com\/WordPress3\/wp-content\/uploads\/2014\/09\/CANYONCOLCAYANQUE-02.jpg?fit=300%2C150\" data-large-file=\"https:\/\/i0.wp.com\/songkol.com\/WordPress3\/wp-content\/uploads\/2014\/09\/CANYONCOLCAYANQUE-02.jpg?fit=768%2C384\" src=\"https:\/\/i0.wp.com\/songkol.com\/WordPress3\/wp-content\/uploads\/2014\/09\/CANYONCOLCAYANQUE-02.jpg?w=764&#038;h=382\" width=\"764\" height=\"382\" data-original-width=\"764\" data-original-height=\"382\" itemprop=\"http:\/\/schema.org\/image\" title=\"CANYONCOLCAYANQUE-02\" alt=\"CANYON DE COLCA \/ Balade sur les hauteurs de Yanque vers l&#039;ancien village abandonn\u00e9 Uyo Uyo. La conception de l&#039;univers, du monde et de l&#039;homme se r\u00e9sume dans la cosmovision de la culture andine et le respect \u00e0 la Pachamama (terre-m\u00e8re). Le campesino (paysan) dit vivre de la nature parce qu&#039;il trouve en elle la raison de son existence\" style=\"width: 764px; height: 382px;\" \/> <\/a> <div class=\"tiled-gallery-caption\" itemprop=\"caption description\"> CANYON DE COLCA \/ Balade sur les hauteurs de Yanque vers l&rsquo;ancien village abandonn\u00e9 Uyo Uyo. La conception de l&rsquo;univers, du monde et de l&rsquo;homme se r\u00e9sume dans la cosmovision de la culture andine et le respect \u00e0 la Pachamama (terre-m\u00e8re). Le campesino (paysan) dit vivre de la nature parce qu&rsquo;il trouve en elle la raison de son existence <\/div> <\/div> <\/div> <!-- close group --> <\/div> <!-- close row --> <div class=\"gallery-row\" style=\"width: 768px; height: 386px;\" data-original-width=\"768\" data-original-height=\"386\" > <div class=\"gallery-group images-1\" style=\"width: 768px; height: 386px;\" data-original-width=\"768\" data-original-height=\"386\" > <div class=\"tiled-gallery-item tiled-gallery-item-large\" itemprop=\"associatedMedia\" itemscope itemtype=\"http:\/\/schema.org\/ImageObject\"> <a href=\"http:\/\/songkol.com\/WordPress3\/canyoncolcayanque-02a\/\" border=\"0\" itemprop=\"url\"> <meta itemprop=\"width\" content=\"764\"> <meta itemprop=\"height\" content=\"382\"> <img data-attachment-id=\"3693\" data-orig-file=\"http:\/\/songkol.com\/WordPress3\/wp-content\/uploads\/2014\/09\/CANYONCOLCAYANQUE-02a.jpg\" data-orig-size=\"1200,600\" data-comments-opened=\"1\" data-image-meta=\"{&quot;aperture&quot;:&quot;14&quot;,&quot;credit&quot;:&quot;&quot;,&quot;camera&quot;:&quot;Canon EOS 5D&quot;,&quot;caption&quot;:&quot;&quot;,&quot;created_timestamp&quot;:&quot;1410880413&quot;,&quot;copyright&quot;:&quot;&quot;,&quot;focal_length&quot;:&quot;17&quot;,&quot;iso&quot;:&quot;400&quot;,&quot;shutter_speed&quot;:&quot;0.0025&quot;,&quot;title&quot;:&quot;&quot;}\" data-image-title=\"CANYONCOLCAYANQUE-02a\" data-image-description=\"\" data-medium-file=\"https:\/\/i0.wp.com\/songkol.com\/WordPress3\/wp-content\/uploads\/2014\/09\/CANYONCOLCAYANQUE-02a.jpg?fit=300%2C150\" data-large-file=\"https:\/\/i0.wp.com\/songkol.com\/WordPress3\/wp-content\/uploads\/2014\/09\/CANYONCOLCAYANQUE-02a.jpg?fit=768%2C384\" src=\"https:\/\/i0.wp.com\/songkol.com\/WordPress3\/wp-content\/uploads\/2014\/09\/CANYONCOLCAYANQUE-02a.jpg?w=764&#038;h=382\" width=\"764\" height=\"382\" data-original-width=\"764\" data-original-height=\"382\" itemprop=\"http:\/\/schema.org\/image\" title=\"CANYONCOLCAYANQUE-02a\" alt=\"CANYON DE COLCA \/ Balade sur les hauteurs de Yanque : ruines de Uyo Uyo. Ce village servait de point de contr\u00f4le administratif et \u00e9conomique. Au XVIe si\u00e8cle, les religieux des missions j\u00e9suites ont forc\u00e9 les habitants a abandonner leur village antique pour aller occuper un village de l&#039;autre c\u00f4t\u00e9 du Colca. Pour les y forcer, maisons et greniers ont \u00e9t\u00e9 brul\u00e9s\u2026 Et bien sur, le catholicisme est devenue la religion officielle\u2026\" style=\"width: 764px; height: 382px;\" \/> <\/a> <div class=\"tiled-gallery-caption\" itemprop=\"caption description\"> CANYON DE COLCA \/ Balade sur les hauteurs de Yanque : ruines de Uyo Uyo. Ce village servait de point de contr\u00f4le administratif et \u00e9conomique. Au XVIe si\u00e8cle, les religieux des missions j\u00e9suites ont forc\u00e9 les habitants a abandonner leur village antique pour aller occuper un village de l&rsquo;autre c\u00f4t\u00e9 du Colca. Pour les y forcer, maisons et greniers ont \u00e9t\u00e9 brul\u00e9s\u2026 Et bien sur, le catholicisme est devenue la religion officielle\u2026 <\/div> <\/div> <\/div> <!-- close group --> <\/div> <!-- close row --> <div class=\"gallery-row\" style=\"width: 768px; height: 386px;\" data-original-width=\"768\" data-original-height=\"386\" > <div class=\"gallery-group images-1\" style=\"width: 768px; height: 386px;\" data-original-width=\"768\" data-original-height=\"386\" > <div class=\"tiled-gallery-item tiled-gallery-item-large\" itemprop=\"associatedMedia\" itemscope itemtype=\"http:\/\/schema.org\/ImageObject\"> <a href=\"http:\/\/songkol.com\/WordPress3\/canyoncolcayanque-03\/\" border=\"0\" itemprop=\"url\"> <meta itemprop=\"width\" content=\"764\"> <meta itemprop=\"height\" content=\"382\"> <img data-attachment-id=\"3694\" data-orig-file=\"http:\/\/songkol.com\/WordPress3\/wp-content\/uploads\/2014\/09\/CANYONCOLCAYANQUE-03.jpg\" data-orig-size=\"1200,600\" data-comments-opened=\"1\" data-image-meta=\"{&quot;aperture&quot;:&quot;13&quot;,&quot;credit&quot;:&quot;&quot;,&quot;camera&quot;:&quot;Canon EOS 5D&quot;,&quot;caption&quot;:&quot;&quot;,&quot;created_timestamp&quot;:&quot;1410880279&quot;,&quot;copyright&quot;:&quot;&quot;,&quot;focal_length&quot;:&quot;17&quot;,&quot;iso&quot;:&quot;400&quot;,&quot;shutter_speed&quot;:&quot;0.0025&quot;,&quot;title&quot;:&quot;&quot;}\" data-image-title=\"CANYONCOLCAYANQUE-03\" data-image-description=\"\" data-medium-file=\"https:\/\/i0.wp.com\/songkol.com\/WordPress3\/wp-content\/uploads\/2014\/09\/CANYONCOLCAYANQUE-03.jpg?fit=300%2C150\" data-large-file=\"https:\/\/i0.wp.com\/songkol.com\/WordPress3\/wp-content\/uploads\/2014\/09\/CANYONCOLCAYANQUE-03.jpg?fit=768%2C384\" src=\"https:\/\/i0.wp.com\/songkol.com\/WordPress3\/wp-content\/uploads\/2014\/09\/CANYONCOLCAYANQUE-03.jpg?w=764&#038;h=382\" width=\"764\" height=\"382\" data-original-width=\"764\" data-original-height=\"382\" itemprop=\"http:\/\/schema.org\/image\" title=\"CANYONCOLCAYANQUE-03\" alt=\"CANYON DE COLCA \/ Balade sur les hauteurs de Yanque : ruines de Uyo Uyo\" style=\"width: 764px; height: 382px;\" \/> <\/a> <div class=\"tiled-gallery-caption\" itemprop=\"caption description\"> CANYON DE COLCA \/ Balade sur les hauteurs de Yanque : ruines de Uyo Uyo <\/div> <\/div> <\/div> <!-- close group --> <\/div> <!-- close row --> <div class=\"gallery-row\" style=\"width: 768px; height: 386px;\" data-original-width=\"768\" data-original-height=\"386\" > <div class=\"gallery-group images-1\" style=\"width: 768px; height: 386px;\" data-original-width=\"768\" data-original-height=\"386\" > <div class=\"tiled-gallery-item tiled-gallery-item-large\" itemprop=\"associatedMedia\" itemscope itemtype=\"http:\/\/schema.org\/ImageObject\"> <a href=\"http:\/\/songkol.com\/WordPress3\/canyoncolcayanque-05\/\" border=\"0\" itemprop=\"url\"> <meta itemprop=\"width\" content=\"764\"> <meta itemprop=\"height\" content=\"382\"> <img data-attachment-id=\"3695\" data-orig-file=\"http:\/\/songkol.com\/WordPress3\/wp-content\/uploads\/2014\/09\/CANYONCOLCAYANQUE-05.jpg\" data-orig-size=\"1200,600\" data-comments-opened=\"1\" data-image-meta=\"{&quot;aperture&quot;:&quot;16&quot;,&quot;credit&quot;:&quot;&quot;,&quot;camera&quot;:&quot;Canon EOS 5D&quot;,&quot;caption&quot;:&quot;&quot;,&quot;created_timestamp&quot;:&quot;1410880729&quot;,&quot;copyright&quot;:&quot;&quot;,&quot;focal_length&quot;:&quot;17&quot;,&quot;iso&quot;:&quot;400&quot;,&quot;shutter_speed&quot;:&quot;0.002&quot;,&quot;title&quot;:&quot;&quot;}\" data-image-title=\"CANYONCOLCAYANQUE-05\" data-image-description=\"\" data-medium-file=\"https:\/\/i0.wp.com\/songkol.com\/WordPress3\/wp-content\/uploads\/2014\/09\/CANYONCOLCAYANQUE-05.jpg?fit=300%2C150\" data-large-file=\"https:\/\/i0.wp.com\/songkol.com\/WordPress3\/wp-content\/uploads\/2014\/09\/CANYONCOLCAYANQUE-05.jpg?fit=768%2C384\" src=\"https:\/\/i0.wp.com\/songkol.com\/WordPress3\/wp-content\/uploads\/2014\/09\/CANYONCOLCAYANQUE-05.jpg?w=764&#038;h=382\" width=\"764\" height=\"382\" data-original-width=\"764\" data-original-height=\"382\" itemprop=\"http:\/\/schema.org\/image\" title=\"CANYONCOLCAYANQUE-05\" alt=\"CANYON DE COLCA \/ Balade sur les hauteurs de Yanque : ruines de Uyo Uyo. La communaut\u00e9 de ce village a d\u00e9velopp\u00e9 une architecture particuli\u00e8re pour l&#039;acc\u00e8s aux maisons (portes \u00e9troites et hautes).\" style=\"width: 764px; height: 382px;\" \/> <\/a> <div class=\"tiled-gallery-caption\" itemprop=\"caption description\"> CANYON DE COLCA \/ Balade sur les hauteurs de Yanque : ruines de Uyo Uyo. La communaut\u00e9 de ce village a d\u00e9velopp\u00e9 une architecture particuli\u00e8re pour l&rsquo;acc\u00e8s aux maisons (portes \u00e9troites et hautes). <\/div> <\/div> <\/div> <!-- close group --> <\/div> <!-- close row --> <div class=\"gallery-row\" style=\"width: 768px; height: 386px;\" data-original-width=\"768\" data-original-height=\"386\" > <div class=\"gallery-group images-1\" style=\"width: 768px; height: 386px;\" data-original-width=\"768\" data-original-height=\"386\" > <div class=\"tiled-gallery-item tiled-gallery-item-large\" itemprop=\"associatedMedia\" itemscope itemtype=\"http:\/\/schema.org\/ImageObject\"> <a href=\"http:\/\/songkol.com\/WordPress3\/canyoncolcayanque-06\/\" border=\"0\" itemprop=\"url\"> <meta itemprop=\"width\" content=\"764\"> <meta itemprop=\"height\" content=\"382\"> <img data-attachment-id=\"3696\" data-orig-file=\"http:\/\/songkol.com\/WordPress3\/wp-content\/uploads\/2014\/09\/CANYONCOLCAYANQUE-06.jpg\" data-orig-size=\"1200,600\" data-comments-opened=\"1\" data-image-meta=\"{&quot;aperture&quot;:&quot;4&quot;,&quot;credit&quot;:&quot;&quot;,&quot;camera&quot;:&quot;Canon EOS 5D&quot;,&quot;caption&quot;:&quot;&quot;,&quot;created_timestamp&quot;:&quot;1410880871&quot;,&quot;copyright&quot;:&quot;&quot;,&quot;focal_length&quot;:&quot;17&quot;,&quot;iso&quot;:&quot;400&quot;,&quot;shutter_speed&quot;:&quot;0.05&quot;,&quot;title&quot;:&quot;&quot;}\" data-image-title=\"CANYONCOLCAYANQUE-06\" data-image-description=\"\" data-medium-file=\"https:\/\/i0.wp.com\/songkol.com\/WordPress3\/wp-content\/uploads\/2014\/09\/CANYONCOLCAYANQUE-06.jpg?fit=300%2C150\" data-large-file=\"https:\/\/i0.wp.com\/songkol.com\/WordPress3\/wp-content\/uploads\/2014\/09\/CANYONCOLCAYANQUE-06.jpg?fit=768%2C384\" src=\"https:\/\/i0.wp.com\/songkol.com\/WordPress3\/wp-content\/uploads\/2014\/09\/CANYONCOLCAYANQUE-06.jpg?w=764&#038;h=382\" width=\"764\" height=\"382\" data-original-width=\"764\" data-original-height=\"382\" itemprop=\"http:\/\/schema.org\/image\" title=\"CANYONCOLCAYANQUE-06\" alt=\"CANYON DE COLCA \/ Balade sur les hauteurs de Yanque : ruines de Uyo Uyo\" style=\"width: 764px; height: 382px;\" \/> <\/a> <div class=\"tiled-gallery-caption\" itemprop=\"caption description\"> CANYON DE COLCA \/ Balade sur les hauteurs de Yanque : ruines de Uyo Uyo <\/div> <\/div> <\/div> <!-- close group --> <\/div> <!-- close row --> <div class=\"gallery-row\" style=\"width: 768px; height: 386px;\" data-original-width=\"768\" data-original-height=\"386\" > <div class=\"gallery-group images-1\" style=\"width: 768px; height: 386px;\" data-original-width=\"768\" data-original-height=\"386\" > <div class=\"tiled-gallery-item tiled-gallery-item-large\" itemprop=\"associatedMedia\" itemscope itemtype=\"http:\/\/schema.org\/ImageObject\"> <a href=\"http:\/\/songkol.com\/WordPress3\/canyoncolcayanque-07\/\" border=\"0\" itemprop=\"url\"> <meta itemprop=\"width\" content=\"764\"> <meta itemprop=\"height\" content=\"382\"> <img data-attachment-id=\"3697\" data-orig-file=\"http:\/\/songkol.com\/WordPress3\/wp-content\/uploads\/2014\/09\/CANYONCOLCAYANQUE-07.jpg\" data-orig-size=\"1200,600\" data-comments-opened=\"1\" data-image-meta=\"{&quot;aperture&quot;:&quot;16&quot;,&quot;credit&quot;:&quot;&quot;,&quot;camera&quot;:&quot;Canon EOS 5D&quot;,&quot;caption&quot;:&quot;&quot;,&quot;created_timestamp&quot;:&quot;1410881063&quot;,&quot;copyright&quot;:&quot;&quot;,&quot;focal_length&quot;:&quot;22&quot;,&quot;iso&quot;:&quot;400&quot;,&quot;shutter_speed&quot;:&quot;0.002&quot;,&quot;title&quot;:&quot;&quot;}\" data-image-title=\"CANYONCOLCAYANQUE-07\" data-image-description=\"\" data-medium-file=\"https:\/\/i0.wp.com\/songkol.com\/WordPress3\/wp-content\/uploads\/2014\/09\/CANYONCOLCAYANQUE-07.jpg?fit=300%2C150\" data-large-file=\"https:\/\/i0.wp.com\/songkol.com\/WordPress3\/wp-content\/uploads\/2014\/09\/CANYONCOLCAYANQUE-07.jpg?fit=768%2C384\" src=\"https:\/\/i0.wp.com\/songkol.com\/WordPress3\/wp-content\/uploads\/2014\/09\/CANYONCOLCAYANQUE-07.jpg?w=764&#038;h=382\" width=\"764\" height=\"382\" data-original-width=\"764\" data-original-height=\"382\" itemprop=\"http:\/\/schema.org\/image\" title=\"CANYONCOLCAYANQUE-07\" alt=\"CANYON DE COLCA \/ Balade sur les hauteurs de Yanque\" style=\"width: 764px; height: 382px;\" \/> <\/a> <div class=\"tiled-gallery-caption\" itemprop=\"caption description\"> CANYON DE COLCA \/ Balade sur les hauteurs de Yanque <\/div> <\/div> <\/div> <!-- close group --> <\/div> <!-- close row --> <div class=\"gallery-row\" style=\"width: 768px; height: 257px;\" data-original-width=\"768\" data-original-height=\"257\" > <div class=\"gallery-group images-1\" style=\"width: 257px; height: 257px;\" data-original-width=\"257\" data-original-height=\"257\" > <div class=\"tiled-gallery-item tiled-gallery-item-large\" itemprop=\"associatedMedia\" itemscope itemtype=\"http:\/\/schema.org\/ImageObject\"> <a href=\"http:\/\/songkol.com\/WordPress3\/canyoncolcayanque-08\/\" border=\"0\" itemprop=\"url\"> <meta itemprop=\"width\" content=\"253\"> <meta itemprop=\"height\" content=\"253\"> <img data-attachment-id=\"3698\" data-orig-file=\"http:\/\/songkol.com\/WordPress3\/wp-content\/uploads\/2014\/09\/CANYONCOLCAYANQUE-08.jpg\" data-orig-size=\"600,600\" data-comments-opened=\"1\" data-image-meta=\"{&quot;aperture&quot;:&quot;11&quot;,&quot;credit&quot;:&quot;&quot;,&quot;camera&quot;:&quot;Canon EOS 5D&quot;,&quot;caption&quot;:&quot;&quot;,&quot;created_timestamp&quot;:&quot;1410881448&quot;,&quot;copyright&quot;:&quot;&quot;,&quot;focal_length&quot;:&quot;30&quot;,&quot;iso&quot;:&quot;400&quot;,&quot;shutter_speed&quot;:&quot;0.004&quot;,&quot;title&quot;:&quot;&quot;}\" data-image-title=\"CANYONCOLCAYANQUE-08\" data-image-description=\"\" data-medium-file=\"https:\/\/i0.wp.com\/songkol.com\/WordPress3\/wp-content\/uploads\/2014\/09\/CANYONCOLCAYANQUE-08.jpg?fit=300%2C300\" data-large-file=\"https:\/\/i0.wp.com\/songkol.com\/WordPress3\/wp-content\/uploads\/2014\/09\/CANYONCOLCAYANQUE-08.jpg?fit=600%2C600\" src=\"https:\/\/i0.wp.com\/songkol.com\/WordPress3\/wp-content\/uploads\/2014\/09\/CANYONCOLCAYANQUE-08.jpg?w=253&#038;h=253&#038;crop=1\" width=\"253\" height=\"253\" data-original-width=\"253\" data-original-height=\"253\" itemprop=\"http:\/\/schema.org\/image\" title=\"CANYONCOLCAYANQUE-08\" alt=\"CANYON DE COLCA \/ Balade sur les hauteurs de Yanque\" style=\"width: 253px; height: 253px;\" \/> <\/a> <div class=\"tiled-gallery-caption\" itemprop=\"caption description\"> CANYON DE COLCA \/ Balade sur les hauteurs de Yanque <\/div> <\/div> <\/div> <!-- close group --> <div class=\"gallery-group images-1\" style=\"width: 511px; height: 257px;\" data-original-width=\"511\" data-original-height=\"257\" > <div class=\"tiled-gallery-item tiled-gallery-item-large\" itemprop=\"associatedMedia\" itemscope itemtype=\"http:\/\/schema.org\/ImageObject\"> <a href=\"http:\/\/songkol.com\/WordPress3\/canyoncolcayanque-11\/\" border=\"0\" itemprop=\"url\"> <meta itemprop=\"width\" content=\"507\"> <meta itemprop=\"height\" content=\"253\"> <img data-attachment-id=\"3699\" data-orig-file=\"http:\/\/songkol.com\/WordPress3\/wp-content\/uploads\/2014\/09\/CANYONCOLCAYANQUE-11.jpg\" data-orig-size=\"1200,600\" data-comments-opened=\"1\" data-image-meta=\"{&quot;aperture&quot;:&quot;11&quot;,&quot;credit&quot;:&quot;&quot;,&quot;camera&quot;:&quot;Canon EOS 5D&quot;,&quot;caption&quot;:&quot;&quot;,&quot;created_timestamp&quot;:&quot;1410883239&quot;,&quot;copyright&quot;:&quot;&quot;,&quot;focal_length&quot;:&quot;40&quot;,&quot;iso&quot;:&quot;400&quot;,&quot;shutter_speed&quot;:&quot;0.003125&quot;,&quot;title&quot;:&quot;&quot;}\" data-image-title=\"CANYONCOLCAYANQUE-11\" data-image-description=\"\" data-medium-file=\"https:\/\/i0.wp.com\/songkol.com\/WordPress3\/wp-content\/uploads\/2014\/09\/CANYONCOLCAYANQUE-11.jpg?fit=300%2C150\" data-large-file=\"https:\/\/i0.wp.com\/songkol.com\/WordPress3\/wp-content\/uploads\/2014\/09\/CANYONCOLCAYANQUE-11.jpg?fit=768%2C384\" src=\"https:\/\/i0.wp.com\/songkol.com\/WordPress3\/wp-content\/uploads\/2014\/09\/CANYONCOLCAYANQUE-11.jpg?w=507&#038;h=253\" width=\"507\" height=\"253\" data-original-width=\"507\" data-original-height=\"253\" itemprop=\"http:\/\/schema.org\/image\" title=\"CANYONCOLCAYANQUE-11\" alt=\"CANYON DE COLCA \/ Balade sur les hauteurs de Yanque : petite heure pass\u00e9e avec une famille d&#039;agriculteurs qui retournait un champ avant d&#039;y planter des graines de ma\u00efs et de quinoa. 30 minutes sont necessaires pour retourner un &quot;tereno&quot; de cette taille.\" style=\"width: 507px; height: 253px;\" \/> <\/a> <div class=\"tiled-gallery-caption\" itemprop=\"caption description\"> CANYON DE COLCA \/ Balade sur les hauteurs de Yanque : petite heure pass\u00e9e avec une famille d&rsquo;agriculteurs qui retournait un champ avant d&rsquo;y planter des graines de ma\u00efs et de quinoa. 30 minutes sont necessaires pour retourner un \u00ab\u00a0tereno\u00a0\u00bb de cette taille. <\/div> <\/div> <\/div> <!-- close group --> <\/div> <!-- close row --> <div class=\"gallery-row\" style=\"width: 768px; height: 386px;\" data-original-width=\"768\" data-original-height=\"386\" > <div class=\"gallery-group images-1\" style=\"width: 768px; height: 386px;\" data-original-width=\"768\" data-original-height=\"386\" > <div class=\"tiled-gallery-item tiled-gallery-item-large\" itemprop=\"associatedMedia\" itemscope itemtype=\"http:\/\/schema.org\/ImageObject\"> <a href=\"http:\/\/songkol.com\/WordPress3\/canyoncolcayanque-11a\/\" border=\"0\" itemprop=\"url\"> <meta itemprop=\"width\" content=\"764\"> <meta itemprop=\"height\" content=\"382\"> <img data-attachment-id=\"3701\" data-orig-file=\"http:\/\/songkol.com\/WordPress3\/wp-content\/uploads\/2014\/09\/CANYONCOLCAYANQUE-11a.jpg\" data-orig-size=\"1200,600\" data-comments-opened=\"1\" data-image-meta=\"{&quot;aperture&quot;:&quot;14&quot;,&quot;credit&quot;:&quot;&quot;,&quot;camera&quot;:&quot;Canon EOS 5D&quot;,&quot;caption&quot;:&quot;&quot;,&quot;created_timestamp&quot;:&quot;1410882534&quot;,&quot;copyright&quot;:&quot;&quot;,&quot;focal_length&quot;:&quot;40&quot;,&quot;iso&quot;:&quot;400&quot;,&quot;shutter_speed&quot;:&quot;0.0025&quot;,&quot;title&quot;:&quot;&quot;}\" data-image-title=\"CANYONCOLCAYANQUE-11a\" data-image-description=\"\" data-medium-file=\"https:\/\/i0.wp.com\/songkol.com\/WordPress3\/wp-content\/uploads\/2014\/09\/CANYONCOLCAYANQUE-11a.jpg?fit=300%2C150\" data-large-file=\"https:\/\/i0.wp.com\/songkol.com\/WordPress3\/wp-content\/uploads\/2014\/09\/CANYONCOLCAYANQUE-11a.jpg?fit=768%2C384\" src=\"https:\/\/i0.wp.com\/songkol.com\/WordPress3\/wp-content\/uploads\/2014\/09\/CANYONCOLCAYANQUE-11a.jpg?w=764&#038;h=382\" width=\"764\" height=\"382\" data-original-width=\"764\" data-original-height=\"382\" itemprop=\"http:\/\/schema.org\/image\" title=\"CANYONCOLCAYANQUE-11a\" alt=\"CANYON DE COLCA \/ Balade sur les hauteurs de Yanque : l&#039;instrument utilis\u00e9 est une araire qui fend le sol, laissant derri\u00e8re un sillon dans lequel est plant\u00e9 des graines\" style=\"width: 764px; height: 382px;\" \/> <\/a> <div class=\"tiled-gallery-caption\" itemprop=\"caption description\"> CANYON DE COLCA \/ Balade sur les hauteurs de Yanque : l&rsquo;instrument utilis\u00e9 est une araire qui fend le sol, laissant derri\u00e8re un sillon dans lequel est plant\u00e9 des graines <\/div> <\/div> <\/div> <!-- close group --> <\/div> <!-- close row --> <div class=\"gallery-row\" style=\"width: 768px; height: 386px;\" data-original-width=\"768\" data-original-height=\"386\" > <div class=\"gallery-group images-1\" style=\"width: 768px; height: 386px;\" data-original-width=\"768\" data-original-height=\"386\" > <div class=\"tiled-gallery-item tiled-gallery-item-large\" itemprop=\"associatedMedia\" itemscope itemtype=\"http:\/\/schema.org\/ImageObject\"> <a href=\"http:\/\/songkol.com\/WordPress3\/canyoncolcayanque-11b\/\" border=\"0\" itemprop=\"url\"> <meta itemprop=\"width\" content=\"764\"> <meta itemprop=\"height\" content=\"382\"> <img data-attachment-id=\"3702\" data-orig-file=\"http:\/\/songkol.com\/WordPress3\/wp-content\/uploads\/2014\/09\/CANYONCOLCAYANQUE-11b.jpg\" data-orig-size=\"1200,600\" data-comments-opened=\"1\" data-image-meta=\"{&quot;aperture&quot;:&quot;14&quot;,&quot;credit&quot;:&quot;&quot;,&quot;camera&quot;:&quot;Canon EOS 5D&quot;,&quot;caption&quot;:&quot;&quot;,&quot;created_timestamp&quot;:&quot;1410882503&quot;,&quot;copyright&quot;:&quot;&quot;,&quot;focal_length&quot;:&quot;26&quot;,&quot;iso&quot;:&quot;400&quot;,&quot;shutter_speed&quot;:&quot;0.0025&quot;,&quot;title&quot;:&quot;&quot;}\" data-image-title=\"CANYONCOLCAYANQUE-11b\" data-image-description=\"\" data-medium-file=\"https:\/\/i0.wp.com\/songkol.com\/WordPress3\/wp-content\/uploads\/2014\/09\/CANYONCOLCAYANQUE-11b.jpg?fit=300%2C150\" data-large-file=\"https:\/\/i0.wp.com\/songkol.com\/WordPress3\/wp-content\/uploads\/2014\/09\/CANYONCOLCAYANQUE-11b.jpg?fit=768%2C384\" src=\"https:\/\/i0.wp.com\/songkol.com\/WordPress3\/wp-content\/uploads\/2014\/09\/CANYONCOLCAYANQUE-11b.jpg?w=764&#038;h=382\" width=\"764\" height=\"382\" data-original-width=\"764\" data-original-height=\"382\" itemprop=\"http:\/\/schema.org\/image\" title=\"CANYONCOLCAYANQUE-11b\" alt=\"CANYON DE COLCA \/ Balade sur les hauteurs de Yanque\" style=\"width: 764px; height: 382px;\" \/> <\/a> <div class=\"tiled-gallery-caption\" itemprop=\"caption description\"> CANYON DE COLCA \/ Balade sur les hauteurs de Yanque <\/div> <\/div> <\/div> <!-- close group --> <\/div> <!-- close row --> <div class=\"gallery-row\" style=\"width: 768px; height: 386px;\" data-original-width=\"768\" data-original-height=\"386\" > <div class=\"gallery-group images-1\" style=\"width: 768px; height: 386px;\" data-original-width=\"768\" data-original-height=\"386\" > <div class=\"tiled-gallery-item tiled-gallery-item-large\" itemprop=\"associatedMedia\" itemscope itemtype=\"http:\/\/schema.org\/ImageObject\"> <a href=\"http:\/\/songkol.com\/WordPress3\/canyoncolcayanque-11c\/\" border=\"0\" itemprop=\"url\"> <meta itemprop=\"width\" content=\"764\"> <meta itemprop=\"height\" content=\"382\"> <img data-attachment-id=\"3703\" data-orig-file=\"http:\/\/songkol.com\/WordPress3\/wp-content\/uploads\/2014\/09\/CANYONCOLCAYANQUE-11c.jpg\" data-orig-size=\"1200,600\" data-comments-opened=\"1\" data-image-meta=\"{&quot;aperture&quot;:&quot;13&quot;,&quot;credit&quot;:&quot;&quot;,&quot;camera&quot;:&quot;Canon EOS 5D&quot;,&quot;caption&quot;:&quot;&quot;,&quot;created_timestamp&quot;:&quot;1410884106&quot;,&quot;copyright&quot;:&quot;&quot;,&quot;focal_length&quot;:&quot;17&quot;,&quot;iso&quot;:&quot;400&quot;,&quot;shutter_speed&quot;:&quot;0.003125&quot;,&quot;title&quot;:&quot;&quot;}\" data-image-title=\"CANYONCOLCAYANQUE-11c\" data-image-description=\"\" data-medium-file=\"https:\/\/i0.wp.com\/songkol.com\/WordPress3\/wp-content\/uploads\/2014\/09\/CANYONCOLCAYANQUE-11c.jpg?fit=300%2C150\" data-large-file=\"https:\/\/i0.wp.com\/songkol.com\/WordPress3\/wp-content\/uploads\/2014\/09\/CANYONCOLCAYANQUE-11c.jpg?fit=768%2C384\" src=\"https:\/\/i0.wp.com\/songkol.com\/WordPress3\/wp-content\/uploads\/2014\/09\/CANYONCOLCAYANQUE-11c.jpg?w=764&#038;h=382\" width=\"764\" height=\"382\" data-original-width=\"764\" data-original-height=\"382\" itemprop=\"http:\/\/schema.org\/image\" title=\"CANYONCOLCAYANQUE-11c\" alt=\"CANYON DE COLCA \/ Balade sur les hauteurs de Yanque : C&#039;est la grand-m\u00e8re qui s\u00e8me minutieusement les graines de ma\u00efs\" style=\"width: 764px; height: 382px;\" \/> <\/a> <div class=\"tiled-gallery-caption\" itemprop=\"caption description\"> CANYON DE COLCA \/ Balade sur les hauteurs de Yanque : C&rsquo;est la grand-m\u00e8re qui s\u00e8me minutieusement les graines de ma\u00efs <\/div> <\/div> <\/div> <!-- close group --> <\/div> <!-- close row --> <div class=\"gallery-row\" style=\"width: 768px; height: 386px;\" data-original-width=\"768\" data-original-height=\"386\" > <div class=\"gallery-group images-1\" style=\"width: 768px; height: 386px;\" data-original-width=\"768\" data-original-height=\"386\" > <div class=\"tiled-gallery-item tiled-gallery-item-large\" itemprop=\"associatedMedia\" itemscope itemtype=\"http:\/\/schema.org\/ImageObject\"> <a href=\"http:\/\/songkol.com\/WordPress3\/canyoncolcayanque-12\/\" border=\"0\" itemprop=\"url\"> <meta itemprop=\"width\" content=\"764\"> <meta itemprop=\"height\" content=\"382\"> <img data-attachment-id=\"3704\" data-orig-file=\"http:\/\/songkol.com\/WordPress3\/wp-content\/uploads\/2014\/09\/CANYONCOLCAYANQUE-12.jpg\" data-orig-size=\"1200,600\" data-comments-opened=\"1\" data-image-meta=\"{&quot;aperture&quot;:&quot;9&quot;,&quot;credit&quot;:&quot;&quot;,&quot;camera&quot;:&quot;Canon EOS 5D&quot;,&quot;caption&quot;:&quot;&quot;,&quot;created_timestamp&quot;:&quot;1410883983&quot;,&quot;copyright&quot;:&quot;&quot;,&quot;focal_length&quot;:&quot;40&quot;,&quot;iso&quot;:&quot;400&quot;,&quot;shutter_speed&quot;:&quot;0.00625&quot;,&quot;title&quot;:&quot;&quot;}\" data-image-title=\"CANYONCOLCAYANQUE-12\" data-image-description=\"\" data-medium-file=\"https:\/\/i0.wp.com\/songkol.com\/WordPress3\/wp-content\/uploads\/2014\/09\/CANYONCOLCAYANQUE-12.jpg?fit=300%2C150\" data-large-file=\"https:\/\/i0.wp.com\/songkol.com\/WordPress3\/wp-content\/uploads\/2014\/09\/CANYONCOLCAYANQUE-12.jpg?fit=768%2C384\" src=\"https:\/\/i0.wp.com\/songkol.com\/WordPress3\/wp-content\/uploads\/2014\/09\/CANYONCOLCAYANQUE-12.jpg?w=764&#038;h=382\" width=\"764\" height=\"382\" data-original-width=\"764\" data-original-height=\"382\" itemprop=\"http:\/\/schema.org\/image\" title=\"CANYONCOLCAYANQUE-12\" alt=\"CANYON DE COLCA \/ Balade sur les hauteurs de Yanque : pause chicha, une boisson andine ferment\u00e9e \u00e0 base de ma\u00efs. J&#039;en raffole pas\u2026 Ne pas oublier d&#039;en verser un peu sur le sol avant de boire (offrande \u00e0 la Pachamama, la d\u00e9esse-t\u00e8re dans la cosmogonie andine)\" style=\"width: 764px; height: 382px;\" \/> <\/a> <div class=\"tiled-gallery-caption\" itemprop=\"caption description\"> CANYON DE COLCA \/ Balade sur les hauteurs de Yanque : pause chicha, une boisson andine ferment\u00e9e \u00e0 base de ma\u00efs. J&rsquo;en raffole pas\u2026 Ne pas oublier d&rsquo;en verser un peu sur le sol avant de boire (offrande \u00e0 la Pachamama, la d\u00e9esse-t\u00e8re dans la cosmogonie andine) <\/div> <\/div> <\/div> <!-- close group --> <\/div> <!-- close row --> <div class=\"gallery-row\" style=\"width: 768px; height: 384px;\" data-original-width=\"768\" data-original-height=\"384\" > <div class=\"gallery-group images-1\" style=\"width: 384px; height: 384px;\" data-original-width=\"384\" data-original-height=\"384\" > <div class=\"tiled-gallery-item tiled-gallery-item-large\" itemprop=\"associatedMedia\" itemscope itemtype=\"http:\/\/schema.org\/ImageObject\"> <a href=\"http:\/\/songkol.com\/WordPress3\/canyoncolcayanque-14\/\" border=\"0\" itemprop=\"url\"> <meta itemprop=\"width\" content=\"380\"> <meta itemprop=\"height\" content=\"380\"> <img data-attachment-id=\"3705\" data-orig-file=\"http:\/\/songkol.com\/WordPress3\/wp-content\/uploads\/2014\/09\/CANYONCOLCAYANQUE-14.jpg\" data-orig-size=\"600,600\" data-comments-opened=\"1\" data-image-meta=\"{&quot;aperture&quot;:&quot;13&quot;,&quot;credit&quot;:&quot;&quot;,&quot;camera&quot;:&quot;Canon EOS 5D&quot;,&quot;caption&quot;:&quot;&quot;,&quot;created_timestamp&quot;:&quot;1410884968&quot;,&quot;copyright&quot;:&quot;&quot;,&quot;focal_length&quot;:&quot;24&quot;,&quot;iso&quot;:&quot;400&quot;,&quot;shutter_speed&quot;:&quot;0.003125&quot;,&quot;title&quot;:&quot;&quot;}\" data-image-title=\"CANYONCOLCAYANQUE-14\" data-image-description=\"\" data-medium-file=\"https:\/\/i0.wp.com\/songkol.com\/WordPress3\/wp-content\/uploads\/2014\/09\/CANYONCOLCAYANQUE-14.jpg?fit=300%2C300\" data-large-file=\"https:\/\/i0.wp.com\/songkol.com\/WordPress3\/wp-content\/uploads\/2014\/09\/CANYONCOLCAYANQUE-14.jpg?fit=600%2C600\" src=\"https:\/\/i0.wp.com\/songkol.com\/WordPress3\/wp-content\/uploads\/2014\/09\/CANYONCOLCAYANQUE-14.jpg?w=380&#038;h=380&#038;crop=1\" width=\"380\" height=\"380\" data-original-width=\"380\" data-original-height=\"380\" itemprop=\"http:\/\/schema.org\/image\" title=\"CANYONCOLCAYANQUE-14\" alt=\"CANYON DE COLCA \/ Balade sur les hauteurs de Yanque\" style=\"width: 380px; height: 380px;\" \/> <\/a> <div class=\"tiled-gallery-caption\" itemprop=\"caption description\"> CANYON DE COLCA \/ Balade sur les hauteurs de Yanque <\/div> <\/div> <\/div> <!-- close group --> <div class=\"gallery-group images-1\" style=\"width: 384px; height: 384px;\" data-original-width=\"384\" data-original-height=\"384\" > <div class=\"tiled-gallery-item tiled-gallery-item-large\" itemprop=\"associatedMedia\" itemscope itemtype=\"http:\/\/schema.org\/ImageObject\"> <a href=\"http:\/\/songkol.com\/WordPress3\/canyoncolcayanque-16\/\" border=\"0\" itemprop=\"url\"> <meta itemprop=\"width\" content=\"380\"> <meta itemprop=\"height\" content=\"380\"> <img data-attachment-id=\"3706\" data-orig-file=\"http:\/\/songkol.com\/WordPress3\/wp-content\/uploads\/2014\/09\/CANYONCOLCAYANQUE-16.jpg\" data-orig-size=\"600,600\" data-comments-opened=\"1\" data-image-meta=\"{&quot;aperture&quot;:&quot;7.1&quot;,&quot;credit&quot;:&quot;&quot;,&quot;camera&quot;:&quot;Canon EOS 5D&quot;,&quot;caption&quot;:&quot;&quot;,&quot;created_timestamp&quot;:&quot;1410885919&quot;,&quot;copyright&quot;:&quot;&quot;,&quot;focal_length&quot;:&quot;40&quot;,&quot;iso&quot;:&quot;400&quot;,&quot;shutter_speed&quot;:&quot;0.01&quot;,&quot;title&quot;:&quot;&quot;}\" data-image-title=\"CANYONCOLCAYANQUE-16\" data-image-description=\"\" data-medium-file=\"https:\/\/i0.wp.com\/songkol.com\/WordPress3\/wp-content\/uploads\/2014\/09\/CANYONCOLCAYANQUE-16.jpg?fit=300%2C300\" data-large-file=\"https:\/\/i0.wp.com\/songkol.com\/WordPress3\/wp-content\/uploads\/2014\/09\/CANYONCOLCAYANQUE-16.jpg?fit=600%2C600\" src=\"https:\/\/i0.wp.com\/songkol.com\/WordPress3\/wp-content\/uploads\/2014\/09\/CANYONCOLCAYANQUE-16.jpg?w=380&#038;h=380&#038;crop=1\" width=\"380\" height=\"380\" data-original-width=\"380\" data-original-height=\"380\" itemprop=\"http:\/\/schema.org\/image\" title=\"CANYONCOLCAYANQUE-16\" alt=\"CANYON DE COLCA \/ Balade sur les hauteurs de Yanque : ces niches dans la falaise d&#039;un mini-canyon \u00e9taient des greniers \u00e0 semences de ma\u00efs, quinoa et pommes de terre\" style=\"width: 380px; height: 380px;\" \/> <\/a> <div class=\"tiled-gallery-caption\" itemprop=\"caption description\"> CANYON DE COLCA \/ Balade sur les hauteurs de Yanque : ces niches dans la falaise d&rsquo;un mini-canyon \u00e9taient des greniers \u00e0 semences de ma\u00efs, quinoa et pommes de terre <\/div> <\/div> <\/div> <!-- close group --> <\/div> <!-- close row --> <div class=\"gallery-row\" style=\"width: 768px; height: 386px;\" data-original-width=\"768\" data-original-height=\"386\" > <div class=\"gallery-group images-1\" style=\"width: 768px; height: 386px;\" data-original-width=\"768\" data-original-height=\"386\" > <div class=\"tiled-gallery-item tiled-gallery-item-large\" itemprop=\"associatedMedia\" itemscope itemtype=\"http:\/\/schema.org\/ImageObject\"> <a href=\"http:\/\/songkol.com\/WordPress3\/canyoncolcayanque-17\/\" border=\"0\" itemprop=\"url\"> <meta itemprop=\"width\" content=\"764\"> <meta itemprop=\"height\" content=\"382\"> <img data-attachment-id=\"3707\" data-orig-file=\"http:\/\/songkol.com\/WordPress3\/wp-content\/uploads\/2014\/09\/CANYONCOLCAYANQUE-17.jpg\" data-orig-size=\"1200,600\" data-comments-opened=\"1\" data-image-meta=\"{&quot;aperture&quot;:&quot;10&quot;,&quot;credit&quot;:&quot;&quot;,&quot;camera&quot;:&quot;Canon EOS 5D&quot;,&quot;caption&quot;:&quot;&quot;,&quot;created_timestamp&quot;:&quot;1410886323&quot;,&quot;copyright&quot;:&quot;&quot;,&quot;focal_length&quot;:&quot;40&quot;,&quot;iso&quot;:&quot;400&quot;,&quot;shutter_speed&quot;:&quot;0.005&quot;,&quot;title&quot;:&quot;&quot;}\" data-image-title=\"CANYONCOLCAYANQUE-17\" data-image-description=\"\" data-medium-file=\"https:\/\/i0.wp.com\/songkol.com\/WordPress3\/wp-content\/uploads\/2014\/09\/CANYONCOLCAYANQUE-17.jpg?fit=300%2C150\" data-large-file=\"https:\/\/i0.wp.com\/songkol.com\/WordPress3\/wp-content\/uploads\/2014\/09\/CANYONCOLCAYANQUE-17.jpg?fit=768%2C384\" src=\"https:\/\/i0.wp.com\/songkol.com\/WordPress3\/wp-content\/uploads\/2014\/09\/CANYONCOLCAYANQUE-17.jpg?w=764&#038;h=382\" width=\"764\" height=\"382\" data-original-width=\"764\" data-original-height=\"382\" itemprop=\"http:\/\/schema.org\/image\" title=\"CANYONCOLCAYANQUE-17\" alt=\"CANYON DE COLCA \/ Balade sur les hauteurs de Yanque\" style=\"width: 764px; height: 382px;\" \/> <\/a> <div class=\"tiled-gallery-caption\" itemprop=\"caption description\"> CANYON DE COLCA \/ Balade sur les hauteurs de Yanque <\/div> <\/div> <\/div> <!-- close group --> <\/div> <!-- close row --> <div class=\"gallery-row\" style=\"width: 768px; height: 384px;\" data-original-width=\"768\" data-original-height=\"384\" > <div class=\"gallery-group images-1\" style=\"width: 384px; height: 384px;\" data-original-width=\"384\" data-original-height=\"384\" > <div class=\"tiled-gallery-item tiled-gallery-item-large\" itemprop=\"associatedMedia\" itemscope itemtype=\"http:\/\/schema.org\/ImageObject\"> <a href=\"http:\/\/songkol.com\/WordPress3\/canyoncolcayanque-17a\/\" border=\"0\" itemprop=\"url\"> <meta itemprop=\"width\" content=\"380\"> <meta itemprop=\"height\" content=\"380\"> <img data-attachment-id=\"3708\" data-orig-file=\"http:\/\/songkol.com\/WordPress3\/wp-content\/uploads\/2014\/09\/CANYONCOLCAYANQUE-17a.jpg\" data-orig-size=\"600,600\" data-comments-opened=\"1\" data-image-meta=\"{&quot;aperture&quot;:&quot;13&quot;,&quot;credit&quot;:&quot;&quot;,&quot;camera&quot;:&quot;Canon EOS 5D&quot;,&quot;caption&quot;:&quot;&quot;,&quot;created_timestamp&quot;:&quot;1410885714&quot;,&quot;copyright&quot;:&quot;&quot;,&quot;focal_length&quot;:&quot;17&quot;,&quot;iso&quot;:&quot;400&quot;,&quot;shutter_speed&quot;:&quot;0.0025&quot;,&quot;title&quot;:&quot;&quot;}\" data-image-title=\"CANYONCOLCAYANQUE-17a\" data-image-description=\"\" data-medium-file=\"https:\/\/i0.wp.com\/songkol.com\/WordPress3\/wp-content\/uploads\/2014\/09\/CANYONCOLCAYANQUE-17a.jpg?fit=300%2C300\" data-large-file=\"https:\/\/i0.wp.com\/songkol.com\/WordPress3\/wp-content\/uploads\/2014\/09\/CANYONCOLCAYANQUE-17a.jpg?fit=600%2C600\" src=\"https:\/\/i0.wp.com\/songkol.com\/WordPress3\/wp-content\/uploads\/2014\/09\/CANYONCOLCAYANQUE-17a.jpg?w=380&#038;h=380&#038;crop=1\" width=\"380\" height=\"380\" data-original-width=\"380\" data-original-height=\"380\" itemprop=\"http:\/\/schema.org\/image\" title=\"CANYONCOLCAYANQUE-17a\" alt=\"CANYON DE COLCA \/ Balade sur les hauteurs de Yanque\" style=\"width: 380px; height: 380px;\" \/> <\/a> <div class=\"tiled-gallery-caption\" itemprop=\"caption description\"> CANYON DE COLCA \/ Balade sur les hauteurs de Yanque <\/div> <\/div> <\/div> <!-- close group --> <div class=\"gallery-group images-1\" style=\"width: 384px; height: 384px;\" data-original-width=\"384\" data-original-height=\"384\" > <div class=\"tiled-gallery-item tiled-gallery-item-large\" itemprop=\"associatedMedia\" itemscope itemtype=\"http:\/\/schema.org\/ImageObject\"> <a href=\"http:\/\/songkol.com\/WordPress3\/canyoncolcayanque-18\/\" border=\"0\" itemprop=\"url\"> <meta itemprop=\"width\" content=\"380\"> <meta itemprop=\"height\" content=\"380\"> <img data-attachment-id=\"3709\" data-orig-file=\"http:\/\/songkol.com\/WordPress3\/wp-content\/uploads\/2014\/09\/CANYONCOLCAYANQUE-18.jpg\" data-orig-size=\"600,600\" data-comments-opened=\"1\" data-image-meta=\"{&quot;aperture&quot;:&quot;10&quot;,&quot;credit&quot;:&quot;&quot;,&quot;camera&quot;:&quot;Canon EOS 5D&quot;,&quot;caption&quot;:&quot;&quot;,&quot;created_timestamp&quot;:&quot;1410886917&quot;,&quot;copyright&quot;:&quot;&quot;,&quot;focal_length&quot;:&quot;17&quot;,&quot;iso&quot;:&quot;400&quot;,&quot;shutter_speed&quot;:&quot;0.005&quot;,&quot;title&quot;:&quot;&quot;}\" data-image-title=\"CANYONCOLCAYANQUE-18\" data-image-description=\"\" data-medium-file=\"https:\/\/i0.wp.com\/songkol.com\/WordPress3\/wp-content\/uploads\/2014\/09\/CANYONCOLCAYANQUE-18.jpg?fit=300%2C300\" data-large-file=\"https:\/\/i0.wp.com\/songkol.com\/WordPress3\/wp-content\/uploads\/2014\/09\/CANYONCOLCAYANQUE-18.jpg?fit=600%2C600\" src=\"https:\/\/i0.wp.com\/songkol.com\/WordPress3\/wp-content\/uploads\/2014\/09\/CANYONCOLCAYANQUE-18.jpg?w=380&#038;h=380&#038;crop=1\" width=\"380\" height=\"380\" data-original-width=\"380\" data-original-height=\"380\" itemprop=\"http:\/\/schema.org\/image\" title=\"CANYONCOLCAYANQUE-18\" alt=\"CANYON DE COLCA \/ A Yanque, permanence \u00e9lectorale\" style=\"width: 380px; height: 380px;\" \/> <\/a> <div class=\"tiled-gallery-caption\" itemprop=\"caption description\"> CANYON DE COLCA \/ A Yanque, permanence \u00e9lectorale <\/div> <\/div> <\/div> <!-- close group --> <\/div> <!-- close row --> <div class=\"gallery-row\" style=\"width: 768px; height: 386px;\" data-original-width=\"768\" data-original-height=\"386\" > <div class=\"gallery-group images-1\" style=\"width: 768px; height: 386px;\" data-original-width=\"768\" data-original-height=\"386\" > <div class=\"tiled-gallery-item tiled-gallery-item-large\" itemprop=\"associatedMedia\" itemscope itemtype=\"http:\/\/schema.org\/ImageObject\"> <a href=\"http:\/\/songkol.com\/WordPress3\/canyoncolcoporaque-01\/\" border=\"0\" itemprop=\"url\"> <meta itemprop=\"width\" content=\"764\"> <meta itemprop=\"height\" content=\"382\"> <img data-attachment-id=\"3710\" data-orig-file=\"http:\/\/songkol.com\/WordPress3\/wp-content\/uploads\/2014\/09\/CANYONCOLCOPORAQUE-01.jpg\" data-orig-size=\"1200,600\" data-comments-opened=\"1\" data-image-meta=\"{&quot;aperture&quot;:&quot;13&quot;,&quot;credit&quot;:&quot;&quot;,&quot;camera&quot;:&quot;Canon EOS 5D&quot;,&quot;caption&quot;:&quot;&quot;,&quot;created_timestamp&quot;:&quot;1410960826&quot;,&quot;copyright&quot;:&quot;&quot;,&quot;focal_length&quot;:&quot;17&quot;,&quot;iso&quot;:&quot;400&quot;,&quot;shutter_speed&quot;:&quot;0.003125&quot;,&quot;title&quot;:&quot;&quot;}\" data-image-title=\"CANYONCOLCOPORAQUE-01\" data-image-description=\"\" data-medium-file=\"https:\/\/i0.wp.com\/songkol.com\/WordPress3\/wp-content\/uploads\/2014\/09\/CANYONCOLCOPORAQUE-01.jpg?fit=300%2C150\" data-large-file=\"https:\/\/i0.wp.com\/songkol.com\/WordPress3\/wp-content\/uploads\/2014\/09\/CANYONCOLCOPORAQUE-01.jpg?fit=768%2C384\" src=\"https:\/\/i0.wp.com\/songkol.com\/WordPress3\/wp-content\/uploads\/2014\/09\/CANYONCOLCOPORAQUE-01.jpg?w=764&#038;h=382\" width=\"764\" height=\"382\" data-original-width=\"764\" data-original-height=\"382\" itemprop=\"http:\/\/schema.org\/image\" title=\"CANYONCOLCOPORAQUE-01\" alt=\"CANYON DE COLCA \/ Eglise de Coporaque\" style=\"width: 764px; height: 382px;\" \/> <\/a> <div class=\"tiled-gallery-caption\" itemprop=\"caption description\"> CANYON DE COLCA \/ Eglise de Coporaque <\/div> <\/div> <\/div> <!-- close group --> <\/div> <!-- close row --> <div class=\"gallery-row\" style=\"width: 768px; height: 386px;\" data-original-width=\"768\" data-original-height=\"386\" > <div class=\"gallery-group images-1\" style=\"width: 768px; height: 386px;\" data-original-width=\"768\" data-original-height=\"386\" > <div class=\"tiled-gallery-item tiled-gallery-item-large\" itemprop=\"associatedMedia\" itemscope itemtype=\"http:\/\/schema.org\/ImageObject\"> <a href=\"http:\/\/songkol.com\/WordPress3\/canyoncolcoporaque-01a\/\" border=\"0\" itemprop=\"url\"> <meta itemprop=\"width\" content=\"764\"> <meta itemprop=\"height\" content=\"382\"> <img data-attachment-id=\"3711\" data-orig-file=\"http:\/\/songkol.com\/WordPress3\/wp-content\/uploads\/2014\/09\/CANYONCOLCOPORAQUE-01a.jpg\" data-orig-size=\"1200,600\" data-comments-opened=\"1\" data-image-meta=\"{&quot;aperture&quot;:&quot;4&quot;,&quot;credit&quot;:&quot;&quot;,&quot;camera&quot;:&quot;Canon EOS 5D&quot;,&quot;caption&quot;:&quot;&quot;,&quot;created_timestamp&quot;:&quot;1410961473&quot;,&quot;copyright&quot;:&quot;&quot;,&quot;focal_length&quot;:&quot;17&quot;,&quot;iso&quot;:&quot;800&quot;,&quot;shutter_speed&quot;:&quot;0.066666666666667&quot;,&quot;title&quot;:&quot;&quot;}\" data-image-title=\"CANYONCOLCOPORAQUE-01a\" data-image-description=\"\" data-medium-file=\"https:\/\/i0.wp.com\/songkol.com\/WordPress3\/wp-content\/uploads\/2014\/09\/CANYONCOLCOPORAQUE-01a.jpg?fit=300%2C150\" data-large-file=\"https:\/\/i0.wp.com\/songkol.com\/WordPress3\/wp-content\/uploads\/2014\/09\/CANYONCOLCOPORAQUE-01a.jpg?fit=768%2C384\" src=\"https:\/\/i0.wp.com\/songkol.com\/WordPress3\/wp-content\/uploads\/2014\/09\/CANYONCOLCOPORAQUE-01a.jpg?w=764&#038;h=382\" width=\"764\" height=\"382\" data-original-width=\"764\" data-original-height=\"382\" itemprop=\"http:\/\/schema.org\/image\" title=\"CANYONCOLCOPORAQUE-01a\" alt=\"CANYON DE COLCA \/ Eglise de Coporaque\" style=\"width: 764px; height: 382px;\" \/> <\/a> <div class=\"tiled-gallery-caption\" itemprop=\"caption description\"> CANYON DE COLCA \/ Eglise de Coporaque <\/div> <\/div> <\/div> <!-- close group --> <\/div> <!-- close row --> <div class=\"gallery-row\" style=\"width: 768px; height: 277px;\" data-original-width=\"768\" data-original-height=\"277\" > <div class=\"gallery-group images-1\" style=\"width: 277px; height: 277px;\" data-original-width=\"277\" data-original-height=\"277\" > <div class=\"tiled-gallery-item tiled-gallery-item-large\" itemprop=\"associatedMedia\" itemscope itemtype=\"http:\/\/schema.org\/ImageObject\"> <a href=\"http:\/\/songkol.com\/WordPress3\/canyoncolcoporaque-01b\/\" border=\"0\" itemprop=\"url\"> <meta itemprop=\"width\" content=\"273\"> <meta itemprop=\"height\" content=\"273\"> <img data-attachment-id=\"3712\" data-orig-file=\"http:\/\/songkol.com\/WordPress3\/wp-content\/uploads\/2014\/09\/CANYONCOLCOPORAQUE-01b.jpg\" data-orig-size=\"600,600\" data-comments-opened=\"1\" data-image-meta=\"{&quot;aperture&quot;:&quot;4&quot;,&quot;credit&quot;:&quot;&quot;,&quot;camera&quot;:&quot;Canon EOS 5D&quot;,&quot;caption&quot;:&quot;&quot;,&quot;created_timestamp&quot;:&quot;1410961203&quot;,&quot;copyright&quot;:&quot;&quot;,&quot;focal_length&quot;:&quot;27&quot;,&quot;iso&quot;:&quot;800&quot;,&quot;shutter_speed&quot;:&quot;0.066666666666667&quot;,&quot;title&quot;:&quot;&quot;}\" data-image-title=\"CANYONCOLCOPORAQUE-01b\" data-image-description=\"\" data-medium-file=\"https:\/\/i0.wp.com\/songkol.com\/WordPress3\/wp-content\/uploads\/2014\/09\/CANYONCOLCOPORAQUE-01b.jpg?fit=300%2C300\" data-large-file=\"https:\/\/i0.wp.com\/songkol.com\/WordPress3\/wp-content\/uploads\/2014\/09\/CANYONCOLCOPORAQUE-01b.jpg?fit=600%2C600\" src=\"https:\/\/i0.wp.com\/songkol.com\/WordPress3\/wp-content\/uploads\/2014\/09\/CANYONCOLCOPORAQUE-01b.jpg?w=273&#038;h=273&#038;crop=1\" width=\"273\" height=\"273\" data-original-width=\"273\" data-original-height=\"273\" itemprop=\"http:\/\/schema.org\/image\" title=\"CANYONCOLCOPORAQUE-01b\" alt=\"CANYON DE COLCA \/ Eglise de Coporaque\" style=\"width: 273px; height: 273px;\" \/> <\/a> <div class=\"tiled-gallery-caption\" itemprop=\"caption description\"> CANYON DE COLCA \/ Eglise de Coporaque <\/div> <\/div> <\/div> <!-- close group --> <div class=\"gallery-group images-1\" style=\"width: 214px; height: 277px;\" data-original-width=\"214\" data-original-height=\"277\" > <div class=\"tiled-gallery-item tiled-gallery-item-small\" itemprop=\"associatedMedia\" itemscope itemtype=\"http:\/\/schema.org\/ImageObject\"> <a href=\"http:\/\/songkol.com\/WordPress3\/canyoncolcoporaque-01c\/\" border=\"0\" itemprop=\"url\"> <meta itemprop=\"width\" content=\"210\"> <meta itemprop=\"height\" content=\"273\"> <img data-attachment-id=\"3713\" data-orig-file=\"http:\/\/songkol.com\/WordPress3\/wp-content\/uploads\/2014\/09\/CANYONCOLCOPORAQUE-01c.jpg\" data-orig-size=\"461,600\" data-comments-opened=\"1\" data-image-meta=\"{&quot;aperture&quot;:&quot;4&quot;,&quot;credit&quot;:&quot;&quot;,&quot;camera&quot;:&quot;Canon EOS 5D&quot;,&quot;caption&quot;:&quot;&quot;,&quot;created_timestamp&quot;:&quot;1410961089&quot;,&quot;copyright&quot;:&quot;&quot;,&quot;focal_length&quot;:&quot;26&quot;,&quot;iso&quot;:&quot;1600&quot;,&quot;shutter_speed&quot;:&quot;0.2&quot;,&quot;title&quot;:&quot;&quot;}\" data-image-title=\"CANYONCOLCOPORAQUE-01c\" data-image-description=\"\" data-medium-file=\"https:\/\/i0.wp.com\/songkol.com\/WordPress3\/wp-content\/uploads\/2014\/09\/CANYONCOLCOPORAQUE-01c.jpg?fit=230%2C300\" data-large-file=\"https:\/\/i0.wp.com\/songkol.com\/WordPress3\/wp-content\/uploads\/2014\/09\/CANYONCOLCOPORAQUE-01c.jpg?fit=461%2C600\" src=\"https:\/\/i0.wp.com\/songkol.com\/WordPress3\/wp-content\/uploads\/2014\/09\/CANYONCOLCOPORAQUE-01c.jpg?w=210&#038;h=273\" width=\"210\" height=\"273\" data-original-width=\"210\" data-original-height=\"273\" itemprop=\"http:\/\/schema.org\/image\" title=\"CANYONCOLCOPORAQUE-01c\" alt=\"CANYON DE COLCA \/ Eglise de Coporaque\" style=\"width: 210px; height: 273px;\" \/> <\/a> <div class=\"tiled-gallery-caption\" itemprop=\"caption description\"> CANYON DE COLCA \/ Eglise de Coporaque <\/div> <\/div> <\/div> <!-- close group --> <div class=\"gallery-group images-1\" style=\"width: 277px; height: 277px;\" data-original-width=\"277\" data-original-height=\"277\" > <div class=\"tiled-gallery-item tiled-gallery-item-large\" itemprop=\"associatedMedia\" itemscope itemtype=\"http:\/\/schema.org\/ImageObject\"> <a href=\"http:\/\/songkol.com\/WordPress3\/canyoncolcoporaque-02\/\" border=\"0\" itemprop=\"url\"> <meta itemprop=\"width\" content=\"273\"> <meta itemprop=\"height\" content=\"273\"> <img data-attachment-id=\"3714\" data-orig-file=\"http:\/\/songkol.com\/WordPress3\/wp-content\/uploads\/2014\/09\/CANYONCOLCOPORAQUE-02.jpg\" data-orig-size=\"600,600\" data-comments-opened=\"1\" data-image-meta=\"{&quot;aperture&quot;:&quot;22&quot;,&quot;credit&quot;:&quot;&quot;,&quot;camera&quot;:&quot;Canon EOS 5D&quot;,&quot;caption&quot;:&quot;&quot;,&quot;created_timestamp&quot;:&quot;1410960918&quot;,&quot;copyright&quot;:&quot;&quot;,&quot;focal_length&quot;:&quot;40&quot;,&quot;iso&quot;:&quot;800&quot;,&quot;shutter_speed&quot;:&quot;0.04&quot;,&quot;title&quot;:&quot;&quot;}\" data-image-title=\"CANYONCOLCOPORAQUE-02\" data-image-description=\"\" data-medium-file=\"https:\/\/i0.wp.com\/songkol.com\/WordPress3\/wp-content\/uploads\/2014\/09\/CANYONCOLCOPORAQUE-02.jpg?fit=300%2C300\" data-large-file=\"https:\/\/i0.wp.com\/songkol.com\/WordPress3\/wp-content\/uploads\/2014\/09\/CANYONCOLCOPORAQUE-02.jpg?fit=600%2C600\" src=\"https:\/\/i0.wp.com\/songkol.com\/WordPress3\/wp-content\/uploads\/2014\/09\/CANYONCOLCOPORAQUE-02.jpg?w=273&#038;h=273&#038;crop=1\" width=\"273\" height=\"273\" data-original-width=\"273\" data-original-height=\"273\" itemprop=\"http:\/\/schema.org\/image\" title=\"CANYONCOLCOPORAQUE-02\" alt=\"CANYON DE COLCA \/ Eglise de Coporaque\" style=\"width: 273px; height: 273px;\" \/> <\/a> <div class=\"tiled-gallery-caption\" itemprop=\"caption description\"> CANYON DE COLCA \/ Eglise de Coporaque <\/div> <\/div> <\/div> <!-- close group --> <\/div> <!-- close row --> <div class=\"gallery-row\" style=\"width: 768px; height: 409px;\" data-original-width=\"768\" data-original-height=\"409\" > <div class=\"gallery-group images-1\" style=\"width: 409px; height: 409px;\" data-original-width=\"409\" data-original-height=\"409\" > <div class=\"tiled-gallery-item tiled-gallery-item-large\" itemprop=\"associatedMedia\" itemscope itemtype=\"http:\/\/schema.org\/ImageObject\"> <a href=\"http:\/\/songkol.com\/WordPress3\/canyoncolcoporaque-05\/\" border=\"0\" itemprop=\"url\"> <meta itemprop=\"width\" content=\"405\"> <meta itemprop=\"height\" content=\"405\"> <img data-attachment-id=\"3715\" data-orig-file=\"http:\/\/songkol.com\/WordPress3\/wp-content\/uploads\/2014\/09\/CANYONCOLCOPORAQUE-05.jpg\" data-orig-size=\"600,600\" data-comments-opened=\"1\" data-image-meta=\"{&quot;aperture&quot;:&quot;4&quot;,&quot;credit&quot;:&quot;&quot;,&quot;camera&quot;:&quot;Canon EOS 5D&quot;,&quot;caption&quot;:&quot;&quot;,&quot;created_timestamp&quot;:&quot;1410961281&quot;,&quot;copyright&quot;:&quot;&quot;,&quot;focal_length&quot;:&quot;40&quot;,&quot;iso&quot;:&quot;800&quot;,&quot;shutter_speed&quot;:&quot;0.1&quot;,&quot;title&quot;:&quot;&quot;}\" data-image-title=\"CANYONCOLCOPORAQUE-05\" data-image-description=\"\" data-medium-file=\"https:\/\/i0.wp.com\/songkol.com\/WordPress3\/wp-content\/uploads\/2014\/09\/CANYONCOLCOPORAQUE-05.jpg?fit=300%2C300\" data-large-file=\"https:\/\/i0.wp.com\/songkol.com\/WordPress3\/wp-content\/uploads\/2014\/09\/CANYONCOLCOPORAQUE-05.jpg?fit=600%2C600\" src=\"https:\/\/i0.wp.com\/songkol.com\/WordPress3\/wp-content\/uploads\/2014\/09\/CANYONCOLCOPORAQUE-05.jpg?w=405&#038;h=405&#038;crop=1\" width=\"405\" height=\"405\" data-original-width=\"405\" data-original-height=\"405\" itemprop=\"http:\/\/schema.org\/image\" title=\"CANYONCOLCOPORAQUE-05\" alt=\"CANYONCOLCOPORAQUE-05\" style=\"width: 405px; height: 405px;\" \/> <\/a> <\/div> <\/div> <!-- close group --> <div class=\"gallery-group images-1\" style=\"width: 359px; height: 409px;\" data-original-width=\"359\" data-original-height=\"409\" > <div class=\"tiled-gallery-item tiled-gallery-item-large\" itemprop=\"associatedMedia\" itemscope itemtype=\"http:\/\/schema.org\/ImageObject\"> <a href=\"http:\/\/songkol.com\/WordPress3\/canyoncolcoporaque-06\/\" border=\"0\" itemprop=\"url\"> <meta itemprop=\"width\" content=\"355\"> <meta itemprop=\"height\" content=\"405\"> <img data-attachment-id=\"3716\" data-orig-file=\"http:\/\/songkol.com\/WordPress3\/wp-content\/uploads\/2014\/09\/CANYONCOLCOPORAQUE-06.jpg\" data-orig-size=\"526,600\" data-comments-opened=\"1\" data-image-meta=\"{&quot;aperture&quot;:&quot;4&quot;,&quot;credit&quot;:&quot;&quot;,&quot;camera&quot;:&quot;Canon EOS 5D&quot;,&quot;caption&quot;:&quot;&quot;,&quot;created_timestamp&quot;:&quot;1410961325&quot;,&quot;copyright&quot;:&quot;&quot;,&quot;focal_length&quot;:&quot;29&quot;,&quot;iso&quot;:&quot;800&quot;,&quot;shutter_speed&quot;:&quot;0.066666666666667&quot;,&quot;title&quot;:&quot;&quot;}\" data-image-title=\"CANYONCOLCOPORAQUE-06\" data-image-description=\"\" data-medium-file=\"https:\/\/i0.wp.com\/songkol.com\/WordPress3\/wp-content\/uploads\/2014\/09\/CANYONCOLCOPORAQUE-06.jpg?fit=263%2C300\" data-large-file=\"https:\/\/i0.wp.com\/songkol.com\/WordPress3\/wp-content\/uploads\/2014\/09\/CANYONCOLCOPORAQUE-06.jpg?fit=526%2C600\" src=\"https:\/\/i0.wp.com\/songkol.com\/WordPress3\/wp-content\/uploads\/2014\/09\/CANYONCOLCOPORAQUE-06.jpg?w=355&#038;h=405\" width=\"355\" height=\"405\" data-original-width=\"355\" data-original-height=\"405\" itemprop=\"http:\/\/schema.org\/image\" title=\"CANYONCOLCOPORAQUE-06\" alt=\"CANYON DE COLCA \/ Eglise de Coporaque\" style=\"width: 355px; height: 405px;\" \/> <\/a> <div class=\"tiled-gallery-caption\" itemprop=\"caption description\"> CANYON DE COLCA \/ Eglise de Coporaque <\/div> <\/div> <\/div> <!-- close group --> <\/div> <!-- close row --> <div class=\"gallery-row\" style=\"width: 768px; height: 386px;\" data-original-width=\"768\" data-original-height=\"386\" > <div class=\"gallery-group images-1\" style=\"width: 768px; height: 386px;\" data-original-width=\"768\" data-original-height=\"386\" > <div class=\"tiled-gallery-item tiled-gallery-item-large\" itemprop=\"associatedMedia\" itemscope itemtype=\"http:\/\/schema.org\/ImageObject\"> <a href=\"http:\/\/songkol.com\/WordPress3\/canyoncolcoporaque-08\/\" border=\"0\" itemprop=\"url\"> <meta itemprop=\"width\" content=\"764\"> <meta itemprop=\"height\" content=\"382\"> <img data-attachment-id=\"3717\" data-orig-file=\"http:\/\/songkol.com\/WordPress3\/wp-content\/uploads\/2014\/09\/CANYONCOLCOPORAQUE-08.jpg\" data-orig-size=\"1200,600\" data-comments-opened=\"1\" data-image-meta=\"{&quot;aperture&quot;:&quot;7.1&quot;,&quot;credit&quot;:&quot;&quot;,&quot;camera&quot;:&quot;Canon EOS 5D&quot;,&quot;caption&quot;:&quot;&quot;,&quot;created_timestamp&quot;:&quot;1410961545&quot;,&quot;copyright&quot;:&quot;&quot;,&quot;focal_length&quot;:&quot;40&quot;,&quot;iso&quot;:&quot;800&quot;,&quot;shutter_speed&quot;:&quot;0.01&quot;,&quot;title&quot;:&quot;&quot;}\" data-image-title=\"CANYONCOLCOPORAQUE-08\" data-image-description=\"\" data-medium-file=\"https:\/\/i0.wp.com\/songkol.com\/WordPress3\/wp-content\/uploads\/2014\/09\/CANYONCOLCOPORAQUE-08.jpg?fit=300%2C150\" data-large-file=\"https:\/\/i0.wp.com\/songkol.com\/WordPress3\/wp-content\/uploads\/2014\/09\/CANYONCOLCOPORAQUE-08.jpg?fit=768%2C384\" src=\"https:\/\/i0.wp.com\/songkol.com\/WordPress3\/wp-content\/uploads\/2014\/09\/CANYONCOLCOPORAQUE-08.jpg?w=764&#038;h=382\" width=\"764\" height=\"382\" data-original-width=\"764\" data-original-height=\"382\" itemprop=\"http:\/\/schema.org\/image\" title=\"CANYONCOLCOPORAQUE-08\" alt=\"CANYON DE COLCA \/ Eglise de Coporaque\" style=\"width: 764px; height: 382px;\" \/> <\/a> <div class=\"tiled-gallery-caption\" itemprop=\"caption description\"> CANYON DE COLCA \/ Eglise de Coporaque <\/div> <\/div> <\/div> <!-- close group --> <\/div> <!-- close row --> <div class=\"gallery-row\" style=\"width: 768px; height: 607px;\" data-original-width=\"768\" data-original-height=\"607\" > <div class=\"gallery-group images-1\" style=\"width: 457px; height: 607px;\" data-original-width=\"457\" data-original-height=\"607\" > <div class=\"tiled-gallery-item tiled-gallery-item-large\" itemprop=\"associatedMedia\" itemscope itemtype=\"http:\/\/schema.org\/ImageObject\"> <a href=\"http:\/\/songkol.com\/WordPress3\/canyon_colca_nelly1\/\" border=\"0\" itemprop=\"url\"> <meta itemprop=\"width\" content=\"453\"> <meta itemprop=\"height\" content=\"603\"> <img data-attachment-id=\"3670\" data-orig-file=\"http:\/\/songkol.com\/WordPress3\/wp-content\/uploads\/2014\/09\/canyon_colca_nelly1.jpg\" data-orig-size=\"900,1200\" data-comments-opened=\"1\" data-image-meta=\"{&quot;aperture&quot;:&quot;6.3&quot;,&quot;credit&quot;:&quot;&quot;,&quot;camera&quot;:&quot;DSC-HX50V&quot;,&quot;caption&quot;:&quot;&quot;,&quot;created_timestamp&quot;:&quot;1410960796&quot;,&quot;copyright&quot;:&quot;&quot;,&quot;focal_length&quot;:&quot;53.12&quot;,&quot;iso&quot;:&quot;200&quot;,&quot;shutter_speed&quot;:&quot;0.004&quot;,&quot;title&quot;:&quot;&quot;}\" data-image-title=\"canyon_colca_nelly1\" data-image-description=\"\" data-medium-file=\"https:\/\/i0.wp.com\/songkol.com\/WordPress3\/wp-content\/uploads\/2014\/09\/canyon_colca_nelly1.jpg?fit=225%2C300\" data-large-file=\"https:\/\/i0.wp.com\/songkol.com\/WordPress3\/wp-content\/uploads\/2014\/09\/canyon_colca_nelly1.jpg?fit=768%2C1024\" src=\"https:\/\/i0.wp.com\/songkol.com\/WordPress3\/wp-content\/uploads\/2014\/09\/canyon_colca_nelly1.jpg?w=453&#038;h=603\" width=\"453\" height=\"603\" data-original-width=\"453\" data-original-height=\"603\" itemprop=\"http:\/\/schema.org\/image\" title=\"canyon_colca_nelly1\" alt=\"CANYON DE COLCA \/ Ecoli\u00e8res \u00e0 Coporaque\" style=\"width: 453px; height: 603px;\" \/> <\/a> <div class=\"tiled-gallery-caption\" itemprop=\"caption description\"> CANYON DE COLCA \/ Ecoli\u00e8res \u00e0 Coporaque <\/div> <\/div> <\/div> <!-- close group --> <div class=\"gallery-group images-2\" style=\"width: 311px; height: 607px;\" data-original-width=\"311\" data-original-height=\"607\" > <div class=\"tiled-gallery-item tiled-gallery-item-large\" itemprop=\"associatedMedia\" itemscope itemtype=\"http:\/\/schema.org\/ImageObject\"> <a href=\"http:\/\/songkol.com\/WordPress3\/canyon_colca_nelly2\/\" border=\"0\" itemprop=\"url\"> <meta itemprop=\"width\" content=\"307\"> <meta itemprop=\"height\" content=\"310\"> <img data-attachment-id=\"3669\" data-orig-file=\"http:\/\/songkol.com\/WordPress3\/wp-content\/uploads\/2014\/09\/canyon_colca_nelly2.jpg\" data-orig-size=\"1190,1200\" data-comments-opened=\"1\" data-image-meta=\"{&quot;aperture&quot;:&quot;6.3&quot;,&quot;credit&quot;:&quot;&quot;,&quot;camera&quot;:&quot;DSC-HX50V&quot;,&quot;caption&quot;:&quot;&quot;,&quot;created_timestamp&quot;:&quot;1410960867&quot;,&quot;copyright&quot;:&quot;&quot;,&quot;focal_length&quot;:&quot;53.12&quot;,&quot;iso&quot;:&quot;160&quot;,&quot;shutter_speed&quot;:&quot;0.004&quot;,&quot;title&quot;:&quot;&quot;}\" data-image-title=\"canyon_colca_nelly2\" data-image-description=\"\" data-medium-file=\"https:\/\/i0.wp.com\/songkol.com\/WordPress3\/wp-content\/uploads\/2014\/09\/canyon_colca_nelly2.jpg?fit=297%2C300\" data-large-file=\"https:\/\/i0.wp.com\/songkol.com\/WordPress3\/wp-content\/uploads\/2014\/09\/canyon_colca_nelly2.jpg?fit=768%2C775\" src=\"https:\/\/i0.wp.com\/songkol.com\/WordPress3\/wp-content\/uploads\/2014\/09\/canyon_colca_nelly2.jpg?w=307&#038;h=310\" width=\"307\" height=\"310\" data-original-width=\"307\" data-original-height=\"310\" itemprop=\"http:\/\/schema.org\/image\" title=\"canyon_colca_nelly2\" alt=\"CANYON DE COLCA \/ Ecoli\u00e8res \u00e0 Coporaque\" style=\"width: 307px; height: 310px;\" \/> <\/a> <div class=\"tiled-gallery-caption\" itemprop=\"caption description\"> CANYON DE COLCA \/ Ecoli\u00e8res \u00e0 Coporaque <\/div> <\/div> <div class=\"tiled-gallery-item tiled-gallery-item-large\" itemprop=\"associatedMedia\" itemscope itemtype=\"http:\/\/schema.org\/ImageObject\"> <a href=\"http:\/\/songkol.com\/WordPress3\/canyon_colca_nelly3\/\" border=\"0\" itemprop=\"url\"> <meta itemprop=\"width\" content=\"307\"> <meta itemprop=\"height\" content=\"289\"> <img data-attachment-id=\"3668\" data-orig-file=\"http:\/\/songkol.com\/WordPress3\/wp-content\/uploads\/2014\/09\/canyon_colca_nelly3.jpg\" data-orig-size=\"1200,1129\" data-comments-opened=\"1\" data-image-meta=\"{&quot;aperture&quot;:&quot;6.3&quot;,&quot;credit&quot;:&quot;&quot;,&quot;camera&quot;:&quot;DSC-HX50V&quot;,&quot;caption&quot;:&quot;&quot;,&quot;created_timestamp&quot;:&quot;1410960928&quot;,&quot;copyright&quot;:&quot;&quot;,&quot;focal_length&quot;:&quot;109.32&quot;,&quot;iso&quot;:&quot;250&quot;,&quot;shutter_speed&quot;:&quot;0.004&quot;,&quot;title&quot;:&quot;&quot;}\" data-image-title=\"canyon_colca_nelly3\" data-image-description=\"\" data-medium-file=\"https:\/\/i0.wp.com\/songkol.com\/WordPress3\/wp-content\/uploads\/2014\/09\/canyon_colca_nelly3.jpg?fit=300%2C282\" data-large-file=\"https:\/\/i0.wp.com\/songkol.com\/WordPress3\/wp-content\/uploads\/2014\/09\/canyon_colca_nelly3.jpg?fit=768%2C722\" src=\"https:\/\/i0.wp.com\/songkol.com\/WordPress3\/wp-content\/uploads\/2014\/09\/canyon_colca_nelly3.jpg?w=307&#038;h=289\" width=\"307\" height=\"289\" data-original-width=\"307\" data-original-height=\"289\" itemprop=\"http:\/\/schema.org\/image\" title=\"canyon_colca_nelly3\" alt=\"CANYON DE COLCA \/ Ecoli\u00e8res \u00e0 Coporaque\" style=\"width: 307px; height: 289px;\" \/> <\/a> <div class=\"tiled-gallery-caption\" itemprop=\"caption description\"> CANYON DE COLCA \/ Ecoli\u00e8res \u00e0 Coporaque <\/div> <\/div> <\/div> <!-- close group --> <\/div> <!-- close row --> <div class=\"gallery-row\" style=\"width: 768px; height: 257px;\" data-original-width=\"768\" data-original-height=\"257\" > <div class=\"gallery-group images-1\" style=\"width: 257px; height: 257px;\" data-original-width=\"257\" data-original-height=\"257\" > <div class=\"tiled-gallery-item tiled-gallery-item-large\" itemprop=\"associatedMedia\" itemscope itemtype=\"http:\/\/schema.org\/ImageObject\"> <a href=\"http:\/\/songkol.com\/WordPress3\/canyoncolcoporaque-10\/\" border=\"0\" itemprop=\"url\"> <meta itemprop=\"width\" content=\"253\"> <meta itemprop=\"height\" content=\"253\"> <img data-attachment-id=\"3718\" data-orig-file=\"http:\/\/songkol.com\/WordPress3\/wp-content\/uploads\/2014\/09\/CANYONCOLCOPORAQUE-10.jpg\" data-orig-size=\"600,600\" data-comments-opened=\"1\" data-image-meta=\"{&quot;aperture&quot;:&quot;9&quot;,&quot;credit&quot;:&quot;&quot;,&quot;camera&quot;:&quot;Canon EOS 5D&quot;,&quot;caption&quot;:&quot;&quot;,&quot;created_timestamp&quot;:&quot;1410961788&quot;,&quot;copyright&quot;:&quot;&quot;,&quot;focal_length&quot;:&quot;20&quot;,&quot;iso&quot;:&quot;400&quot;,&quot;shutter_speed&quot;:&quot;0.00625&quot;,&quot;title&quot;:&quot;&quot;}\" data-image-title=\"CANYONCOLCOPORAQUE-10\" data-image-description=\"\" data-medium-file=\"https:\/\/i0.wp.com\/songkol.com\/WordPress3\/wp-content\/uploads\/2014\/09\/CANYONCOLCOPORAQUE-10.jpg?fit=300%2C300\" data-large-file=\"https:\/\/i0.wp.com\/songkol.com\/WordPress3\/wp-content\/uploads\/2014\/09\/CANYONCOLCOPORAQUE-10.jpg?fit=600%2C600\" src=\"https:\/\/i0.wp.com\/songkol.com\/WordPress3\/wp-content\/uploads\/2014\/09\/CANYONCOLCOPORAQUE-10.jpg?w=253&#038;h=253&#038;crop=1\" width=\"253\" height=\"253\" data-original-width=\"253\" data-original-height=\"253\" itemprop=\"http:\/\/schema.org\/image\" title=\"CANYONCOLCOPORAQUE-10\" alt=\"CANYON DE COLCA \/ A Coporaque, Anna dessine un clown\" style=\"width: 253px; height: 253px;\" \/> <\/a> <div class=\"tiled-gallery-caption\" itemprop=\"caption description\"> CANYON DE COLCA \/ A Coporaque, Anna dessine un clown <\/div> <\/div> <\/div> <!-- close group --> <div class=\"gallery-group images-1\" style=\"width: 511px; height: 257px;\" data-original-width=\"511\" data-original-height=\"257\" > <div class=\"tiled-gallery-item tiled-gallery-item-large\" itemprop=\"associatedMedia\" itemscope itemtype=\"http:\/\/schema.org\/ImageObject\"> <a href=\"http:\/\/songkol.com\/WordPress3\/canyoncolcoporaque-10a\/\" border=\"0\" itemprop=\"url\"> <meta itemprop=\"width\" content=\"507\"> <meta itemprop=\"height\" content=\"253\"> <img data-attachment-id=\"3719\" data-orig-file=\"http:\/\/songkol.com\/WordPress3\/wp-content\/uploads\/2014\/09\/CANYONCOLCOPORAQUE-10a.jpg\" data-orig-size=\"1200,600\" data-comments-opened=\"1\" data-image-meta=\"{&quot;aperture&quot;:&quot;11&quot;,&quot;credit&quot;:&quot;&quot;,&quot;camera&quot;:&quot;Canon EOS 5D&quot;,&quot;caption&quot;:&quot;&quot;,&quot;created_timestamp&quot;:&quot;1410968866&quot;,&quot;copyright&quot;:&quot;&quot;,&quot;focal_length&quot;:&quot;17&quot;,&quot;iso&quot;:&quot;400&quot;,&quot;shutter_speed&quot;:&quot;0.004&quot;,&quot;title&quot;:&quot;&quot;}\" data-image-title=\"CANYONCOLCOPORAQUE-10a\" data-image-description=\"\" data-medium-file=\"https:\/\/i0.wp.com\/songkol.com\/WordPress3\/wp-content\/uploads\/2014\/09\/CANYONCOLCOPORAQUE-10a.jpg?fit=300%2C150\" data-large-file=\"https:\/\/i0.wp.com\/songkol.com\/WordPress3\/wp-content\/uploads\/2014\/09\/CANYONCOLCOPORAQUE-10a.jpg?fit=768%2C384\" src=\"https:\/\/i0.wp.com\/songkol.com\/WordPress3\/wp-content\/uploads\/2014\/09\/CANYONCOLCOPORAQUE-10a.jpg?w=507&#038;h=253\" width=\"507\" height=\"253\" data-original-width=\"507\" data-original-height=\"253\" itemprop=\"http:\/\/schema.org\/image\" title=\"CANYONCOLCOPORAQUE-10a\" alt=\"CANYON DE COLCA \/ A Coporaque, un canal passe sous une petite dizaine de maison\" style=\"width: 507px; height: 253px;\" \/> <\/a> <div class=\"tiled-gallery-caption\" itemprop=\"caption description\"> CANYON DE COLCA \/ A Coporaque, un canal passe sous une petite dizaine de maison <\/div> <\/div> <\/div> <!-- close group --> <\/div> <!-- close row --> <div class=\"gallery-row\" style=\"width: 768px; height: 386px;\" data-original-width=\"768\" data-original-height=\"386\" > <div class=\"gallery-group images-1\" style=\"width: 768px; height: 386px;\" data-original-width=\"768\" data-original-height=\"386\" > <div class=\"tiled-gallery-item tiled-gallery-item-large\" itemprop=\"associatedMedia\" itemscope itemtype=\"http:\/\/schema.org\/ImageObject\"> <a href=\"http:\/\/songkol.com\/WordPress3\/canyoncolcoporaque-11\/\" border=\"0\" itemprop=\"url\"> <meta itemprop=\"width\" content=\"764\"> <meta itemprop=\"height\" content=\"382\"> <img data-attachment-id=\"3720\" data-orig-file=\"http:\/\/songkol.com\/WordPress3\/wp-content\/uploads\/2014\/09\/CANYONCOLCOPORAQUE-11.jpg\" data-orig-size=\"1200,600\" data-comments-opened=\"1\" data-image-meta=\"{&quot;aperture&quot;:&quot;13&quot;,&quot;credit&quot;:&quot;&quot;,&quot;camera&quot;:&quot;Canon EOS 5D&quot;,&quot;caption&quot;:&quot;&quot;,&quot;created_timestamp&quot;:&quot;1410963570&quot;,&quot;copyright&quot;:&quot;&quot;,&quot;focal_length&quot;:&quot;17&quot;,&quot;iso&quot;:&quot;400&quot;,&quot;shutter_speed&quot;:&quot;0.003125&quot;,&quot;title&quot;:&quot;&quot;}\" data-image-title=\"CANYONCOLCOPORAQUE-11\" data-image-description=\"\" data-medium-file=\"https:\/\/i0.wp.com\/songkol.com\/WordPress3\/wp-content\/uploads\/2014\/09\/CANYONCOLCOPORAQUE-11.jpg?fit=300%2C150\" data-large-file=\"https:\/\/i0.wp.com\/songkol.com\/WordPress3\/wp-content\/uploads\/2014\/09\/CANYONCOLCOPORAQUE-11.jpg?fit=768%2C384\" src=\"https:\/\/i0.wp.com\/songkol.com\/WordPress3\/wp-content\/uploads\/2014\/09\/CANYONCOLCOPORAQUE-11.jpg?w=764&#038;h=382\" width=\"764\" height=\"382\" data-original-width=\"764\" data-original-height=\"382\" itemprop=\"http:\/\/schema.org\/image\" title=\"CANYONCOLCOPORAQUE-11\" alt=\"CANYON DE COLCA \/ Balade sur les hauteurs de Coporaque qui r\u00e9serve de belles vues sur les champs en terrasse qui couvrent les pentes du canyon\" style=\"width: 764px; height: 382px;\" \/> <\/a> <div class=\"tiled-gallery-caption\" itemprop=\"caption description\"> CANYON DE COLCA \/ Balade sur les hauteurs de Coporaque qui r\u00e9serve de belles vues sur les champs en terrasse qui couvrent les pentes du canyon <\/div> <\/div> <\/div> <!-- close group --> <\/div> <!-- close row --> <div class=\"gallery-row\" style=\"width: 768px; height: 289px;\" data-original-width=\"768\" data-original-height=\"289\" > <div class=\"gallery-group images-1\" style=\"width: 384px; height: 289px;\" data-original-width=\"384\" data-original-height=\"289\" > <div class=\"tiled-gallery-item tiled-gallery-item-large\" itemprop=\"associatedMedia\" itemscope itemtype=\"http:\/\/schema.org\/ImageObject\"> <a href=\"http:\/\/songkol.com\/WordPress3\/canyon_colca_nelly4\/\" border=\"0\" itemprop=\"url\"> <meta itemprop=\"width\" content=\"380\"> <meta itemprop=\"height\" content=\"285\"> <img data-attachment-id=\"3667\" data-orig-file=\"http:\/\/songkol.com\/WordPress3\/wp-content\/uploads\/2014\/09\/canyon_colca_nelly4.jpg\" data-orig-size=\"1200,900\" data-comments-opened=\"1\" data-image-meta=\"{&quot;aperture&quot;:&quot;3.5&quot;,&quot;credit&quot;:&quot;&quot;,&quot;camera&quot;:&quot;DSC-HX50V&quot;,&quot;caption&quot;:&quot;&quot;,&quot;created_timestamp&quot;:&quot;1410964650&quot;,&quot;copyright&quot;:&quot;&quot;,&quot;focal_length&quot;:&quot;4.3&quot;,&quot;iso&quot;:&quot;80&quot;,&quot;shutter_speed&quot;:&quot;0.002&quot;,&quot;title&quot;:&quot;&quot;}\" data-image-title=\"canyon_colca_nelly4\" data-image-description=\"\" data-medium-file=\"https:\/\/i0.wp.com\/songkol.com\/WordPress3\/wp-content\/uploads\/2014\/09\/canyon_colca_nelly4.jpg?fit=300%2C225\" data-large-file=\"https:\/\/i0.wp.com\/songkol.com\/WordPress3\/wp-content\/uploads\/2014\/09\/canyon_colca_nelly4.jpg?fit=768%2C576\" src=\"https:\/\/i0.wp.com\/songkol.com\/WordPress3\/wp-content\/uploads\/2014\/09\/canyon_colca_nelly4.jpg?w=380&#038;h=285\" width=\"380\" height=\"285\" data-original-width=\"380\" data-original-height=\"285\" itemprop=\"http:\/\/schema.org\/image\" title=\"canyon_colca_nelly4\" alt=\"CANYON DE COLCA \/ Balade sur les hauteurs de Coporaque\" style=\"width: 380px; height: 285px;\" \/> <\/a> <div class=\"tiled-gallery-caption\" itemprop=\"caption description\"> CANYON DE COLCA \/ Balade sur les hauteurs de Coporaque <\/div> <\/div> <\/div> <!-- close group --> <div class=\"gallery-group images-1\" style=\"width: 384px; height: 289px;\" data-original-width=\"384\" data-original-height=\"289\" > <div class=\"tiled-gallery-item tiled-gallery-item-large\" itemprop=\"associatedMedia\" itemscope itemtype=\"http:\/\/schema.org\/ImageObject\"> <a href=\"http:\/\/songkol.com\/WordPress3\/canyon_colca_nelly5\/\" border=\"0\" itemprop=\"url\"> <meta itemprop=\"width\" content=\"380\"> <meta itemprop=\"height\" content=\"285\"> <img data-attachment-id=\"3666\" data-orig-file=\"http:\/\/songkol.com\/WordPress3\/wp-content\/uploads\/2014\/09\/canyon_colca_nelly5.jpg\" data-orig-size=\"1200,900\" data-comments-opened=\"1\" data-image-meta=\"{&quot;aperture&quot;:&quot;3.5&quot;,&quot;credit&quot;:&quot;&quot;,&quot;camera&quot;:&quot;DSC-HX50V&quot;,&quot;caption&quot;:&quot;&quot;,&quot;created_timestamp&quot;:&quot;1410967255&quot;,&quot;copyright&quot;:&quot;&quot;,&quot;focal_length&quot;:&quot;4.68&quot;,&quot;iso&quot;:&quot;80&quot;,&quot;shutter_speed&quot;:&quot;0.002&quot;,&quot;title&quot;:&quot;&quot;}\" data-image-title=\"canyon_colca_nelly5\" data-image-description=\"\" data-medium-file=\"https:\/\/i0.wp.com\/songkol.com\/WordPress3\/wp-content\/uploads\/2014\/09\/canyon_colca_nelly5.jpg?fit=300%2C225\" data-large-file=\"https:\/\/i0.wp.com\/songkol.com\/WordPress3\/wp-content\/uploads\/2014\/09\/canyon_colca_nelly5.jpg?fit=768%2C576\" src=\"https:\/\/i0.wp.com\/songkol.com\/WordPress3\/wp-content\/uploads\/2014\/09\/canyon_colca_nelly5.jpg?w=380&#038;h=285\" width=\"380\" height=\"285\" data-original-width=\"380\" data-original-height=\"285\" itemprop=\"http:\/\/schema.org\/image\" title=\"canyon_colca_nelly5\" alt=\"CANYON DE COLCA \/ Balade sur les hauteurs de Coporaque\" style=\"width: 380px; height: 285px;\" \/> <\/a> <div class=\"tiled-gallery-caption\" itemprop=\"caption description\"> CANYON DE COLCA \/ Balade sur les hauteurs de Coporaque <\/div> <\/div> <\/div> <!-- close group --> <\/div> <!-- close row --> <div class=\"gallery-row\" style=\"width: 768px; height: 386px;\" data-original-width=\"768\" data-original-height=\"386\" > <div class=\"gallery-group images-1\" style=\"width: 768px; height: 386px;\" data-original-width=\"768\" data-original-height=\"386\" > <div class=\"tiled-gallery-item tiled-gallery-item-large\" itemprop=\"associatedMedia\" itemscope itemtype=\"http:\/\/schema.org\/ImageObject\"> <a href=\"http:\/\/songkol.com\/WordPress3\/canyoncolcoporaque-12a\/\" border=\"0\" itemprop=\"url\"> <meta itemprop=\"width\" content=\"764\"> <meta itemprop=\"height\" content=\"382\"> <img data-attachment-id=\"3721\" data-orig-file=\"http:\/\/songkol.com\/WordPress3\/wp-content\/uploads\/2014\/09\/CANYONCOLCOPORAQUE-12a.jpg\" data-orig-size=\"1200,600\" data-comments-opened=\"1\" data-image-meta=\"{&quot;aperture&quot;:&quot;9&quot;,&quot;credit&quot;:&quot;&quot;,&quot;camera&quot;:&quot;Canon EOS 5D&quot;,&quot;caption&quot;:&quot;&quot;,&quot;created_timestamp&quot;:&quot;1410965830&quot;,&quot;copyright&quot;:&quot;&quot;,&quot;focal_length&quot;:&quot;17&quot;,&quot;iso&quot;:&quot;400&quot;,&quot;shutter_speed&quot;:&quot;0.005&quot;,&quot;title&quot;:&quot;&quot;}\" data-image-title=\"CANYONCOLCOPORAQUE-12a\" data-image-description=\"\" data-medium-file=\"https:\/\/i0.wp.com\/songkol.com\/WordPress3\/wp-content\/uploads\/2014\/09\/CANYONCOLCOPORAQUE-12a.jpg?fit=300%2C150\" data-large-file=\"https:\/\/i0.wp.com\/songkol.com\/WordPress3\/wp-content\/uploads\/2014\/09\/CANYONCOLCOPORAQUE-12a.jpg?fit=768%2C384\" src=\"https:\/\/i0.wp.com\/songkol.com\/WordPress3\/wp-content\/uploads\/2014\/09\/CANYONCOLCOPORAQUE-12a.jpg?w=764&#038;h=382\" width=\"764\" height=\"382\" data-original-width=\"764\" data-original-height=\"382\" itemprop=\"http:\/\/schema.org\/image\" title=\"CANYONCOLCOPORAQUE-12a\" alt=\"CANYON DE COLCA \/ Balade sur les hauteurs de Coporaque : s\u00e9pultures incas au pied de la falaise (site Sh&#039;Iqra)\" style=\"width: 764px; height: 382px;\" \/> <\/a> <div class=\"tiled-gallery-caption\" itemprop=\"caption description\"> CANYON DE COLCA \/ Balade sur les hauteurs de Coporaque : s\u00e9pultures incas au pied de la falaise (site Sh&rsquo;Iqra) <\/div> <\/div> <\/div> <!-- close group --> <\/div> <!-- close row --> <div class=\"gallery-row\" style=\"width: 768px; height: 193px;\" data-original-width=\"768\" data-original-height=\"193\" > <div class=\"gallery-group images-1\" style=\"width: 193px; height: 193px;\" data-original-width=\"193\" data-original-height=\"193\" > <div class=\"tiled-gallery-item tiled-gallery-item-small\" itemprop=\"associatedMedia\" itemscope itemtype=\"http:\/\/schema.org\/ImageObject\"> <a href=\"http:\/\/songkol.com\/WordPress3\/canyoncolcoporaque-13\/\" border=\"0\" itemprop=\"url\"> <meta itemprop=\"width\" content=\"189\"> <meta itemprop=\"height\" content=\"189\"> <img data-attachment-id=\"3722\" data-orig-file=\"http:\/\/songkol.com\/WordPress3\/wp-content\/uploads\/2014\/09\/CANYONCOLCOPORAQUE-13.jpg\" data-orig-size=\"600,600\" data-comments-opened=\"1\" data-image-meta=\"{&quot;aperture&quot;:&quot;9&quot;,&quot;credit&quot;:&quot;&quot;,&quot;camera&quot;:&quot;Canon EOS 5D&quot;,&quot;caption&quot;:&quot;&quot;,&quot;created_timestamp&quot;:&quot;1410965276&quot;,&quot;copyright&quot;:&quot;&quot;,&quot;focal_length&quot;:&quot;17&quot;,&quot;iso&quot;:&quot;400&quot;,&quot;shutter_speed&quot;:&quot;0.00625&quot;,&quot;title&quot;:&quot;&quot;}\" data-image-title=\"CANYONCOLCOPORAQUE-13\" data-image-description=\"\" data-medium-file=\"https:\/\/i0.wp.com\/songkol.com\/WordPress3\/wp-content\/uploads\/2014\/09\/CANYONCOLCOPORAQUE-13.jpg?fit=300%2C300\" data-large-file=\"https:\/\/i0.wp.com\/songkol.com\/WordPress3\/wp-content\/uploads\/2014\/09\/CANYONCOLCOPORAQUE-13.jpg?fit=600%2C600\" src=\"https:\/\/i0.wp.com\/songkol.com\/WordPress3\/wp-content\/uploads\/2014\/09\/CANYONCOLCOPORAQUE-13.jpg?w=189&#038;h=189&#038;crop=1\" width=\"189\" height=\"189\" data-original-width=\"189\" data-original-height=\"189\" itemprop=\"http:\/\/schema.org\/image\" title=\"CANYONCOLCOPORAQUE-13\" alt=\"CANYON DE COLCA \/ Balade sur les hauteurs de Coporaque : s\u00e9pultures incas au pied de la falaise\" style=\"width: 189px; height: 189px;\" \/> <\/a> <div class=\"tiled-gallery-caption\" itemprop=\"caption description\"> CANYON DE COLCA \/ Balade sur les hauteurs de Coporaque : s\u00e9pultures incas au pied de la falaise <\/div> <\/div> <\/div> <!-- close group --> <div class=\"gallery-group images-1\" style=\"width: 382px; height: 193px;\" data-original-width=\"382\" data-original-height=\"193\" > <div class=\"tiled-gallery-item tiled-gallery-item-large\" itemprop=\"associatedMedia\" itemscope itemtype=\"http:\/\/schema.org\/ImageObject\"> <a href=\"http:\/\/songkol.com\/WordPress3\/canyoncolcoporaque-14\/\" border=\"0\" itemprop=\"url\"> <meta itemprop=\"width\" content=\"378\"> <meta itemprop=\"height\" content=\"189\"> <img data-attachment-id=\"3723\" data-orig-file=\"http:\/\/songkol.com\/WordPress3\/wp-content\/uploads\/2014\/09\/CANYONCOLCOPORAQUE-14.jpg\" data-orig-size=\"1200,600\" data-comments-opened=\"1\" data-image-meta=\"{&quot;aperture&quot;:&quot;9&quot;,&quot;credit&quot;:&quot;&quot;,&quot;camera&quot;:&quot;Canon EOS 5D&quot;,&quot;caption&quot;:&quot;&quot;,&quot;created_timestamp&quot;:&quot;1410965303&quot;,&quot;copyright&quot;:&quot;&quot;,&quot;focal_length&quot;:&quot;17&quot;,&quot;iso&quot;:&quot;400&quot;,&quot;shutter_speed&quot;:&quot;0.00625&quot;,&quot;title&quot;:&quot;&quot;}\" data-image-title=\"CANYONCOLCOPORAQUE-14\" data-image-description=\"\" data-medium-file=\"https:\/\/i0.wp.com\/songkol.com\/WordPress3\/wp-content\/uploads\/2014\/09\/CANYONCOLCOPORAQUE-14.jpg?fit=300%2C150\" data-large-file=\"https:\/\/i0.wp.com\/songkol.com\/WordPress3\/wp-content\/uploads\/2014\/09\/CANYONCOLCOPORAQUE-14.jpg?fit=768%2C384\" src=\"https:\/\/i0.wp.com\/songkol.com\/WordPress3\/wp-content\/uploads\/2014\/09\/CANYONCOLCOPORAQUE-14.jpg?w=378&#038;h=189\" width=\"378\" height=\"189\" data-original-width=\"378\" data-original-height=\"189\" itemprop=\"http:\/\/schema.org\/image\" title=\"CANYONCOLCOPORAQUE-14\" alt=\"CANYON DE COLCA \/ Balade sur les hauteurs de Coporaque : s\u00e9pultures incas au pied de la falaise. Cr\u00e2ne allong\u00e9 inca ?\" style=\"width: 378px; height: 189px;\" \/> <\/a> <div class=\"tiled-gallery-caption\" itemprop=\"caption description\"> CANYON DE COLCA \/ Balade sur les hauteurs de Coporaque : s\u00e9pultures incas au pied de la falaise. Cr\u00e2ne allong\u00e9 inca ? <\/div> <\/div> <\/div> <!-- close group --> <div class=\"gallery-group images-1\" style=\"width: 193px; height: 193px;\" data-original-width=\"193\" data-original-height=\"193\" > <div class=\"tiled-gallery-item tiled-gallery-item-small\" itemprop=\"associatedMedia\" itemscope itemtype=\"http:\/\/schema.org\/ImageObject\"> <a href=\"http:\/\/songkol.com\/WordPress3\/canyoncolcoporaque-16\/\" border=\"0\" itemprop=\"url\"> <meta itemprop=\"width\" content=\"189\"> <meta itemprop=\"height\" content=\"189\"> <img data-attachment-id=\"3724\" data-orig-file=\"http:\/\/songkol.com\/WordPress3\/wp-content\/uploads\/2014\/09\/CANYONCOLCOPORAQUE-16.jpg\" data-orig-size=\"600,600\" data-comments-opened=\"1\" data-image-meta=\"{&quot;aperture&quot;:&quot;8&quot;,&quot;credit&quot;:&quot;&quot;,&quot;camera&quot;:&quot;Canon EOS 5D&quot;,&quot;caption&quot;:&quot;&quot;,&quot;created_timestamp&quot;:&quot;1410965880&quot;,&quot;copyright&quot;:&quot;&quot;,&quot;focal_length&quot;:&quot;40&quot;,&quot;iso&quot;:&quot;400&quot;,&quot;shutter_speed&quot;:&quot;0.00625&quot;,&quot;title&quot;:&quot;&quot;}\" data-image-title=\"CANYONCOLCOPORAQUE-16\" data-image-description=\"\" data-medium-file=\"https:\/\/i0.wp.com\/songkol.com\/WordPress3\/wp-content\/uploads\/2014\/09\/CANYONCOLCOPORAQUE-16.jpg?fit=300%2C300\" data-large-file=\"https:\/\/i0.wp.com\/songkol.com\/WordPress3\/wp-content\/uploads\/2014\/09\/CANYONCOLCOPORAQUE-16.jpg?fit=600%2C600\" src=\"https:\/\/i0.wp.com\/songkol.com\/WordPress3\/wp-content\/uploads\/2014\/09\/CANYONCOLCOPORAQUE-16.jpg?w=189&#038;h=189&#038;crop=1\" width=\"189\" height=\"189\" data-original-width=\"189\" data-original-height=\"189\" itemprop=\"http:\/\/schema.org\/image\" title=\"CANYONCOLCOPORAQUE-16\" alt=\"CANYON DE COLCA \/ Balade sur les hauteurs de Coporaque\" style=\"width: 189px; height: 189px;\" \/> <\/a> <div class=\"tiled-gallery-caption\" itemprop=\"caption description\"> CANYON DE COLCA \/ Balade sur les hauteurs de Coporaque <\/div> <\/div> <\/div> <!-- close group --> <\/div> <!-- close row --> <div class=\"gallery-row\" style=\"width: 768px; height: 433px;\" data-original-width=\"768\" data-original-height=\"433\" > <div class=\"gallery-group images-1\" style=\"width: 433px; height: 433px;\" data-original-width=\"433\" data-original-height=\"433\" > <div class=\"tiled-gallery-item tiled-gallery-item-large\" itemprop=\"associatedMedia\" itemscope itemtype=\"http:\/\/schema.org\/ImageObject\"> <a href=\"http:\/\/songkol.com\/WordPress3\/canyoncolcoporaque-17\/\" border=\"0\" itemprop=\"url\"> <meta itemprop=\"width\" content=\"429\"> <meta itemprop=\"height\" content=\"429\"> <img data-attachment-id=\"3725\" data-orig-file=\"http:\/\/songkol.com\/WordPress3\/wp-content\/uploads\/2014\/09\/CANYONCOLCOPORAQUE-17.jpg\" data-orig-size=\"600,600\" data-comments-opened=\"1\" data-image-meta=\"{&quot;aperture&quot;:&quot;10&quot;,&quot;credit&quot;:&quot;&quot;,&quot;camera&quot;:&quot;Canon EOS 5D&quot;,&quot;caption&quot;:&quot;&quot;,&quot;created_timestamp&quot;:&quot;1410966158&quot;,&quot;copyright&quot;:&quot;&quot;,&quot;focal_length&quot;:&quot;17&quot;,&quot;iso&quot;:&quot;400&quot;,&quot;shutter_speed&quot;:&quot;0.005&quot;,&quot;title&quot;:&quot;&quot;}\" data-image-title=\"CANYONCOLCOPORAQUE-17\" data-image-description=\"\" data-medium-file=\"https:\/\/i0.wp.com\/songkol.com\/WordPress3\/wp-content\/uploads\/2014\/09\/CANYONCOLCOPORAQUE-17.jpg?fit=300%2C300\" data-large-file=\"https:\/\/i0.wp.com\/songkol.com\/WordPress3\/wp-content\/uploads\/2014\/09\/CANYONCOLCOPORAQUE-17.jpg?fit=600%2C600\" src=\"https:\/\/i0.wp.com\/songkol.com\/WordPress3\/wp-content\/uploads\/2014\/09\/CANYONCOLCOPORAQUE-17.jpg?w=429&#038;h=429&#038;crop=1\" width=\"429\" height=\"429\" data-original-width=\"429\" data-original-height=\"429\" itemprop=\"http:\/\/schema.org\/image\" title=\"CANYONCOLCOPORAQUE-17\" alt=\"CANYON DE COLCA \/ Balade sur les hauteurs de Coporaque : Anna et Nils inaugure leur nouveau poncho\" style=\"width: 429px; height: 429px;\" \/> <\/a> <div class=\"tiled-gallery-caption\" itemprop=\"caption description\"> CANYON DE COLCA \/ Balade sur les hauteurs de Coporaque : Anna et Nils inaugure leur nouveau poncho <\/div> <\/div> <\/div> <!-- close group --> <div class=\"gallery-group images-1\" style=\"width: 335px; height: 433px;\" data-original-width=\"335\" data-original-height=\"433\" > <div class=\"tiled-gallery-item tiled-gallery-item-large\" itemprop=\"associatedMedia\" itemscope itemtype=\"http:\/\/schema.org\/ImageObject\"> <a href=\"http:\/\/songkol.com\/WordPress3\/canyon_colca_nelly7\/\" border=\"0\" itemprop=\"url\"> <meta itemprop=\"width\" content=\"331\"> <meta itemprop=\"height\" content=\"429\"> <img data-attachment-id=\"3664\" data-orig-file=\"http:\/\/songkol.com\/WordPress3\/wp-content\/uploads\/2014\/09\/canyon_colca_nelly7.jpg\" data-orig-size=\"924,1200\" data-comments-opened=\"1\" data-image-meta=\"{&quot;aperture&quot;:&quot;5&quot;,&quot;credit&quot;:&quot;&quot;,&quot;camera&quot;:&quot;DSC-HX50V&quot;,&quot;caption&quot;:&quot;&quot;,&quot;created_timestamp&quot;:&quot;1410968091&quot;,&quot;copyright&quot;:&quot;&quot;,&quot;focal_length&quot;:&quot;10.05&quot;,&quot;iso&quot;:&quot;80&quot;,&quot;shutter_speed&quot;:&quot;0.0125&quot;,&quot;title&quot;:&quot;&quot;}\" data-image-title=\"canyon_colca_nelly7\" data-image-description=\"\" data-medium-file=\"https:\/\/i0.wp.com\/songkol.com\/WordPress3\/wp-content\/uploads\/2014\/09\/canyon_colca_nelly7.jpg?fit=231%2C300\" data-large-file=\"https:\/\/i0.wp.com\/songkol.com\/WordPress3\/wp-content\/uploads\/2014\/09\/canyon_colca_nelly7.jpg?fit=768%2C998\" src=\"https:\/\/i0.wp.com\/songkol.com\/WordPress3\/wp-content\/uploads\/2014\/09\/canyon_colca_nelly7.jpg?w=331&#038;h=429\" width=\"331\" height=\"429\" data-original-width=\"331\" data-original-height=\"429\" itemprop=\"http:\/\/schema.org\/image\" title=\"canyon_colca_nelly7\" alt=\"CANYON DE COLCA \/ Balade sur les hauteurs de Coporaque\" style=\"width: 331px; height: 429px;\" \/> <\/a> <div class=\"tiled-gallery-caption\" itemprop=\"caption description\"> CANYON DE COLCA \/ Balade sur les hauteurs de Coporaque <\/div> <\/div> <\/div> <!-- close group --> <\/div> <!-- close row --> <div class=\"gallery-row\" style=\"width: 768px; height: 330px;\" data-original-width=\"768\" data-original-height=\"330\" > <div class=\"gallery-group images-1\" style=\"width: 438px; height: 330px;\" data-original-width=\"438\" data-original-height=\"330\" > <div class=\"tiled-gallery-item tiled-gallery-item-large\" itemprop=\"associatedMedia\" itemscope itemtype=\"http:\/\/schema.org\/ImageObject\"> <a href=\"http:\/\/songkol.com\/WordPress3\/canyon_colca_nelly6\/\" border=\"0\" itemprop=\"url\"> <meta itemprop=\"width\" content=\"434\"> <meta itemprop=\"height\" content=\"326\"> <img data-attachment-id=\"3665\" data-orig-file=\"http:\/\/songkol.com\/WordPress3\/wp-content\/uploads\/2014\/09\/canyon_colca_nelly6.jpg\" data-orig-size=\"1200,900\" data-comments-opened=\"1\" data-image-meta=\"{&quot;aperture&quot;:&quot;3.5&quot;,&quot;credit&quot;:&quot;&quot;,&quot;camera&quot;:&quot;DSC-HX50V&quot;,&quot;caption&quot;:&quot;&quot;,&quot;created_timestamp&quot;:&quot;1410967848&quot;,&quot;copyright&quot;:&quot;&quot;,&quot;focal_length&quot;:&quot;4.4&quot;,&quot;iso&quot;:&quot;80&quot;,&quot;shutter_speed&quot;:&quot;0.0025&quot;,&quot;title&quot;:&quot;&quot;}\" data-image-title=\"canyon_colca_nelly6\" data-image-description=\"\" data-medium-file=\"https:\/\/i0.wp.com\/songkol.com\/WordPress3\/wp-content\/uploads\/2014\/09\/canyon_colca_nelly6.jpg?fit=300%2C225\" data-large-file=\"https:\/\/i0.wp.com\/songkol.com\/WordPress3\/wp-content\/uploads\/2014\/09\/canyon_colca_nelly6.jpg?fit=768%2C576\" src=\"https:\/\/i0.wp.com\/songkol.com\/WordPress3\/wp-content\/uploads\/2014\/09\/canyon_colca_nelly6.jpg?w=434&#038;h=326\" width=\"434\" height=\"326\" data-original-width=\"434\" data-original-height=\"326\" itemprop=\"http:\/\/schema.org\/image\" title=\"canyon_colca_nelly6\" alt=\"CANYON DE COLCA \/ Balade sur les hauteurs de Coporaque\" style=\"width: 434px; height: 326px;\" \/> <\/a> <div class=\"tiled-gallery-caption\" itemprop=\"caption description\"> CANYON DE COLCA \/ Balade sur les hauteurs de Coporaque <\/div> <\/div> <\/div> <!-- close group --> <div class=\"gallery-group images-1\" style=\"width: 330px; height: 330px;\" data-original-width=\"330\" data-original-height=\"330\" > <div class=\"tiled-gallery-item tiled-gallery-item-large\" itemprop=\"associatedMedia\" itemscope itemtype=\"http:\/\/schema.org\/ImageObject\"> <a href=\"http:\/\/songkol.com\/WordPress3\/canyoncolcoporaque-18\/\" border=\"0\" itemprop=\"url\"> <meta itemprop=\"width\" content=\"326\"> <meta itemprop=\"height\" content=\"326\"> <img data-attachment-id=\"3726\" data-orig-file=\"http:\/\/songkol.com\/WordPress3\/wp-content\/uploads\/2014\/09\/CANYONCOLCOPORAQUE-18.jpg\" data-orig-size=\"600,600\" data-comments-opened=\"1\" data-image-meta=\"{&quot;aperture&quot;:&quot;13&quot;,&quot;credit&quot;:&quot;&quot;,&quot;camera&quot;:&quot;Canon EOS 5D&quot;,&quot;caption&quot;:&quot;&quot;,&quot;created_timestamp&quot;:&quot;1410968554&quot;,&quot;copyright&quot;:&quot;&quot;,&quot;focal_length&quot;:&quot;17&quot;,&quot;iso&quot;:&quot;400&quot;,&quot;shutter_speed&quot;:&quot;0.0025&quot;,&quot;title&quot;:&quot;&quot;}\" data-image-title=\"CANYONCOLCOPORAQUE-18\" data-image-description=\"\" data-medium-file=\"https:\/\/i0.wp.com\/songkol.com\/WordPress3\/wp-content\/uploads\/2014\/09\/CANYONCOLCOPORAQUE-18.jpg?fit=300%2C300\" data-large-file=\"https:\/\/i0.wp.com\/songkol.com\/WordPress3\/wp-content\/uploads\/2014\/09\/CANYONCOLCOPORAQUE-18.jpg?fit=600%2C600\" src=\"https:\/\/i0.wp.com\/songkol.com\/WordPress3\/wp-content\/uploads\/2014\/09\/CANYONCOLCOPORAQUE-18.jpg?w=326&#038;h=326&#038;crop=1\" width=\"326\" height=\"326\" data-original-width=\"326\" data-original-height=\"326\" itemprop=\"http:\/\/schema.org\/image\" title=\"CANYONCOLCOPORAQUE-18\" alt=\"CANYON DE COLCA \/ Balade sur les hauteurs de Coporaque\" style=\"width: 326px; height: 326px;\" \/> <\/a> <div class=\"tiled-gallery-caption\" itemprop=\"caption description\"> CANYON DE COLCA \/ Balade sur les hauteurs de Coporaque <\/div> <\/div> <\/div> <!-- close group --> <\/div> <!-- close row --> <div class=\"gallery-row\" style=\"width: 768px; height: 386px;\" data-original-width=\"768\" data-original-height=\"386\" > <div class=\"gallery-group images-1\" style=\"width: 768px; height: 386px;\" data-original-width=\"768\" data-original-height=\"386\" > <div class=\"tiled-gallery-item tiled-gallery-item-large\" itemprop=\"associatedMedia\" itemscope itemtype=\"http:\/\/schema.org\/ImageObject\"> <a href=\"http:\/\/songkol.com\/WordPress3\/canyoncolcoporaque-19\/\" border=\"0\" itemprop=\"url\"> <meta itemprop=\"width\" content=\"764\"> <meta itemprop=\"height\" content=\"382\"> <img data-attachment-id=\"3727\" data-orig-file=\"http:\/\/songkol.com\/WordPress3\/wp-content\/uploads\/2014\/09\/CANYONCOLCOPORAQUE-19.jpg\" data-orig-size=\"1200,600\" data-comments-opened=\"1\" data-image-meta=\"{&quot;aperture&quot;:&quot;14&quot;,&quot;credit&quot;:&quot;&quot;,&quot;camera&quot;:&quot;Canon EOS 5D&quot;,&quot;caption&quot;:&quot;&quot;,&quot;created_timestamp&quot;:&quot;1410963942&quot;,&quot;copyright&quot;:&quot;&quot;,&quot;focal_length&quot;:&quot;17&quot;,&quot;iso&quot;:&quot;400&quot;,&quot;shutter_speed&quot;:&quot;0.0025&quot;,&quot;title&quot;:&quot;&quot;}\" data-image-title=\"CANYONCOLCOPORAQUE-19\" data-image-description=\"\" data-medium-file=\"https:\/\/i0.wp.com\/songkol.com\/WordPress3\/wp-content\/uploads\/2014\/09\/CANYONCOLCOPORAQUE-19.jpg?fit=300%2C150\" data-large-file=\"https:\/\/i0.wp.com\/songkol.com\/WordPress3\/wp-content\/uploads\/2014\/09\/CANYONCOLCOPORAQUE-19.jpg?fit=768%2C384\" src=\"https:\/\/i0.wp.com\/songkol.com\/WordPress3\/wp-content\/uploads\/2014\/09\/CANYONCOLCOPORAQUE-19.jpg?w=764&#038;h=382\" width=\"764\" height=\"382\" data-original-width=\"764\" data-original-height=\"382\" itemprop=\"http:\/\/schema.org\/image\" title=\"CANYONCOLCOPORAQUE-19\" alt=\"CANYON DE COLCA \/ Balade sur les hauteurs de Coporaque qui r\u00e9serve de belles vues sur les champs en terrasse qui couvrent les pentes du canyon\" style=\"width: 764px; height: 382px;\" \/> <\/a> <div class=\"tiled-gallery-caption\" itemprop=\"caption description\"> CANYON DE COLCA \/ Balade sur les hauteurs de Coporaque qui r\u00e9serve de belles vues sur les champs en terrasse qui couvrent les pentes du canyon <\/div> <\/div> <\/div> <!-- close group --> <\/div> <!-- close row --> <\/div>\n","protected":false},"excerpt":{"rendered":"<p>Nous avons quitt\u00e9 Arequipa. Ouh la! On y \u00e9tait depuis 2 jours seulement et nous voil\u00e0 d\u00e9j\u00e0 repartis ? On se fait peur l\u00e0, que se passe-t-il? Il se passe tout simplement qu&rsquo;un petit bruit de montre revient insidieusement \u00e0 nos oreilles depuis quelques jours. On est mi-septembre et il nous reste \u00ab\u00a0tout\u00a0\u00bb le P\u00e9rou [&hellip;]<\/p>\n","protected":false},"author":3,"featured_media":0,"comment_status":"open","ping_status":"open","sticky":false,"template":"","format":"standard","meta":{"spay_email":"","jetpack_publicize_message":"","jetpack_is_tweetstorm":false,"jetpack_publicize_feature_enabled":true},"categories":[22],"tags":[],"jetpack_featured_media_url":"","jetpack_publicize_connections":[],"jetpack_sharing_enabled":true,"jetpack_shortlink":"https:\/\/wp.me\/p4uy6M-WI","jetpack_likes_enabled":true,"_links":{"self":[{"href":"http:\/\/songkol.com\/WordPress3\/wp-json\/wp\/v2\/posts\/3640"}],"collection":[{"href":"http:\/\/songkol.com\/WordPress3\/wp-json\/wp\/v2\/posts"}],"about":[{"href":"http:\/\/songkol.com\/WordPress3\/wp-json\/wp\/v2\/types\/post"}],"author":[{"embeddable":true,"href":"http:\/\/songkol.com\/WordPress3\/wp-json\/wp\/v2\/users\/3"}],"replies":[{"embeddable":true,"href":"http:\/\/songkol.com\/WordPress3\/wp-json\/wp\/v2\/comments?post=3640"}],"version-history":[{"count":9,"href":"http:\/\/songkol.com\/WordPress3\/wp-json\/wp\/v2\/posts\/3640\/revisions"}],"predecessor-version":[{"id":3777,"href":"http:\/\/songkol.com\/WordPress3\/wp-json\/wp\/v2\/posts\/3640\/revisions\/3777"}],"wp:attachment":[{"href":"http:\/\/songkol.com\/WordPress3\/wp-json\/wp\/v2\/media?parent=3640"}],"wp:term":[{"taxonomy":"category","embeddable":true,"href":"http:\/\/songkol.com\/WordPress3\/wp-json\/wp\/v2\/categories?post=3640"},{"taxonomy":"post_tag","embeddable":true,"href":"http:\/\/songkol.com\/WordPress3\/wp-json\/wp\/v2\/tags?post=3640"}],"curies":[{"name":"wp","href":"https:\/\/api.w.org\/{rel}","templated":true}]}}