{"id":3637,"date":"2014-09-15T10:47:33","date_gmt":"2014-09-15T15:47:33","guid":{"rendered":"http:\/\/songkol.com\/WordPress3\/?p=3637"},"modified":"2014-09-28T17:38:45","modified_gmt":"2014-09-28T22:38:45","slug":"on-est-passe-par-arequipa","status":"publish","type":"post","link":"http:\/\/songkol.com\/WordPress3\/blog\/2014\/09\/15\/on-est-passe-par-arequipa\/","title":{"rendered":"On est pass\u00e9 par Arequipa"},"content":{"rendered":"<p>Nous avons quitt\u00e9 les rives du lac Titicaca pour rejoindre Arequipa, belle ville coloniale \u00e0 quelque 5 heures de route. Il y fait tr\u00e8s doux, ce qui fait du bien! Nous sommes \u00e0 2350 m d&rsquo;altitude, la mer est \u00e0 2h de route, on l&rsquo;imagine \u00e0 5 minutes en d\u00e9ambulant dans les rues de la ville&#8230;Elle nous manque un peu&#8230;<br \/>\nMer ou pas mer, nous replongeons dans le monde de la consommation. Notre premier objectif est de remplir le frigidaire gr\u00e2ce au grand supermarch\u00e9 situ\u00e9 \u00e0 quelques m\u00e8tres du parking de l&rsquo;h\u00f4tel Las Mercedes o\u00f9 nous stationnons pendant ce s\u00e9jour. D\u00e8s le lendemain de notre arriv\u00e9e, nous partons visiter le monast\u00e8re santa Catalina, qui abrita jusqu&rsquo;\u00e0 200 Soeurs (plus les la\u00efques), bref une petite ville dans la ville, parfaitement conserv\u00e9, qui compte aujourd&rsquo;hui 20 Soeurs \u00e0 demeure. Au fil des mois, on s&rsquo;est habitu\u00e9 \u00e0 cette pr\u00e9sence permanente de l&#8217;empreinte de l&rsquo;Eglise catholique et des Espagnols. Pas une seule ville, pas un seul village, fut-il perdu \u00e0 des centaines de kilom\u00e8tres des grands axes de circulation, n&rsquo;a pas son \u00e9glise et ses restes de demeures coloniales. C&rsquo;est impressionnant et parfois m\u00eame un peu troublant car on devine et on comprend petit \u00e0 petit combien, pour \u00eatre aussi pr\u00e9sente, cette empreinte a d\u00fb \u00eatre forte et marqu\u00e9e sur ces habitants d&rsquo;Am\u00e9rique du Sud qui \u00e9taient \u00e0 des ann\u00e9es lumi\u00e8re de tout cela.<br \/>\nNous passons \u00e0 Arequipa deux jours tr\u00e8s agr\u00e9ables, on y go\u00fbte nos premiers ceviches (poissons marin\u00e9s dans du citron), succulents\u2026, et on squatte&#8230; le Starbuck Caf\u00e9\u2026 : comme c&rsquo;est rassurant &#8211; et agr\u00e9able- de se plonger de temps en temps dans les standards internationaux\u2026<\/p>\n<div class=\"tiled-gallery type-rectangular tiled-gallery-unresized\" data-original-width=\"768\" data-carousel-extra='{&quot;blog_id&quot;:1,&quot;permalink&quot;:&quot;http:\\\/\\\/songkol.com\\\/WordPress3\\\/blog\\\/2014\\\/09\\\/15\\\/on-est-passe-par-arequipa\\\/&quot;,&quot;likes_blog_id&quot;:66386300}' itemscope itemtype=\"http:\/\/schema.org\/ImageGallery\" > <div class=\"gallery-row\" style=\"width: 768px; height: 386px;\" data-original-width=\"768\" data-original-height=\"386\" > <div class=\"gallery-group images-1\" style=\"width: 768px; height: 386px;\" data-original-width=\"768\" data-original-height=\"386\" > <div class=\"tiled-gallery-item tiled-gallery-item-large\" itemprop=\"associatedMedia\" itemscope itemtype=\"http:\/\/schema.org\/ImageObject\"> <a href=\"http:\/\/songkol.com\/WordPress3\/blog\/2014\/09\/15\/on-est-passe-par-arequipa\/versarequipa-1\/\" border=\"0\" itemprop=\"url\"> <meta itemprop=\"width\" content=\"764\"> <meta itemprop=\"height\" content=\"382\"> <img data-attachment-id=\"3771\" data-orig-file=\"http:\/\/songkol.com\/WordPress3\/wp-content\/uploads\/2014\/09\/VERSAREQUIPA-1.jpg\" data-orig-size=\"1200,600\" data-comments-opened=\"1\" data-image-meta=\"{&quot;aperture&quot;:&quot;16&quot;,&quot;credit&quot;:&quot;&quot;,&quot;camera&quot;:&quot;Canon EOS 5D&quot;,&quot;caption&quot;:&quot;&quot;,&quot;created_timestamp&quot;:&quot;1410527657&quot;,&quot;copyright&quot;:&quot;&quot;,&quot;focal_length&quot;:&quot;17&quot;,&quot;iso&quot;:&quot;400&quot;,&quot;shutter_speed&quot;:&quot;0.0015625&quot;,&quot;title&quot;:&quot;&quot;}\" data-image-title=\"VERSAREQUIPA-1\" data-image-description=\"\" data-medium-file=\"https:\/\/i0.wp.com\/songkol.com\/WordPress3\/wp-content\/uploads\/2014\/09\/VERSAREQUIPA-1.jpg?fit=300%2C150\" data-large-file=\"https:\/\/i0.wp.com\/songkol.com\/WordPress3\/wp-content\/uploads\/2014\/09\/VERSAREQUIPA-1.jpg?fit=768%2C384\" src=\"https:\/\/i0.wp.com\/songkol.com\/WordPress3\/wp-content\/uploads\/2014\/09\/VERSAREQUIPA-1.jpg?w=764&#038;h=382\" width=\"764\" height=\"382\" data-original-width=\"764\" data-original-height=\"382\" itemprop=\"http:\/\/schema.org\/image\" title=\"VERSAREQUIPA-1\" alt=\"Sur la route d&#039;Arequipa, entre 3 500 et 4 800 m\u00e8tres d&#039;altitude, le relief ondul\u00e9 de la puna andine p\u00e9ruvienne qui contraste la puna argentine bien plus s\u00e9che\" style=\"width: 764px; height: 382px;\" \/> <\/a> <div class=\"tiled-gallery-caption\" itemprop=\"caption description\"> Sur la route d&rsquo;Arequipa, entre 3 500 et 4 800 m\u00e8tres d&rsquo;altitude, le relief ondul\u00e9 de la puna andine p\u00e9ruvienne qui contraste la puna argentine bien plus s\u00e9che <\/div> <\/div> <\/div> <!-- close group --> <\/div> <!-- close row --> <div class=\"gallery-row\" style=\"width: 768px; height: 386px;\" data-original-width=\"768\" data-original-height=\"386\" > <div class=\"gallery-group images-1\" style=\"width: 768px; height: 386px;\" data-original-width=\"768\" data-original-height=\"386\" > <div class=\"tiled-gallery-item tiled-gallery-item-large\" itemprop=\"associatedMedia\" itemscope itemtype=\"http:\/\/schema.org\/ImageObject\"> <a href=\"http:\/\/songkol.com\/WordPress3\/blog\/2014\/09\/15\/on-est-passe-par-arequipa\/versarequipa-2\/\" border=\"0\" itemprop=\"url\"> <meta itemprop=\"width\" content=\"764\"> <meta itemprop=\"height\" content=\"382\"> <img data-attachment-id=\"3772\" data-orig-file=\"http:\/\/songkol.com\/WordPress3\/wp-content\/uploads\/2014\/09\/VERSAREQUIPA-2.jpg\" data-orig-size=\"1200,600\" data-comments-opened=\"1\" data-image-meta=\"{&quot;aperture&quot;:&quot;18&quot;,&quot;credit&quot;:&quot;&quot;,&quot;camera&quot;:&quot;Canon EOS 5D&quot;,&quot;caption&quot;:&quot;&quot;,&quot;created_timestamp&quot;:&quot;1410528762&quot;,&quot;copyright&quot;:&quot;&quot;,&quot;focal_length&quot;:&quot;17&quot;,&quot;iso&quot;:&quot;400&quot;,&quot;shutter_speed&quot;:&quot;0.0015625&quot;,&quot;title&quot;:&quot;&quot;}\" data-image-title=\"VERSAREQUIPA-2\" data-image-description=\"\" data-medium-file=\"https:\/\/i0.wp.com\/songkol.com\/WordPress3\/wp-content\/uploads\/2014\/09\/VERSAREQUIPA-2.jpg?fit=300%2C150\" data-large-file=\"https:\/\/i0.wp.com\/songkol.com\/WordPress3\/wp-content\/uploads\/2014\/09\/VERSAREQUIPA-2.jpg?fit=768%2C384\" src=\"https:\/\/i0.wp.com\/songkol.com\/WordPress3\/wp-content\/uploads\/2014\/09\/VERSAREQUIPA-2.jpg?w=764&#038;h=382\" width=\"764\" height=\"382\" data-original-width=\"764\" data-original-height=\"382\" itemprop=\"http:\/\/schema.org\/image\" title=\"VERSAREQUIPA-2\" alt=\"La puna entre Juliaca et Arequipa\" style=\"width: 764px; height: 382px;\" \/> <\/a> <div class=\"tiled-gallery-caption\" itemprop=\"caption description\"> La puna entre Juliaca et Arequipa <\/div> <\/div> <\/div> <!-- close group --> <\/div> <!-- close row --> <div class=\"gallery-row\" style=\"width: 768px; height: 386px;\" data-original-width=\"768\" data-original-height=\"386\" > <div class=\"gallery-group images-1\" style=\"width: 768px; height: 386px;\" data-original-width=\"768\" data-original-height=\"386\" > <div class=\"tiled-gallery-item tiled-gallery-item-large\" itemprop=\"associatedMedia\" itemscope itemtype=\"http:\/\/schema.org\/ImageObject\"> <a href=\"http:\/\/songkol.com\/WordPress3\/blog\/2014\/09\/15\/on-est-passe-par-arequipa\/versarequipa-3\/\" border=\"0\" itemprop=\"url\"> <meta itemprop=\"width\" content=\"764\"> <meta itemprop=\"height\" content=\"382\"> <img data-attachment-id=\"3773\" data-orig-file=\"http:\/\/songkol.com\/WordPress3\/wp-content\/uploads\/2014\/09\/VERSAREQUIPA-3.jpg\" data-orig-size=\"1200,600\" data-comments-opened=\"1\" data-image-meta=\"{&quot;aperture&quot;:&quot;16&quot;,&quot;credit&quot;:&quot;&quot;,&quot;camera&quot;:&quot;Canon EOS 5D&quot;,&quot;caption&quot;:&quot;&quot;,&quot;created_timestamp&quot;:&quot;1410528947&quot;,&quot;copyright&quot;:&quot;&quot;,&quot;focal_length&quot;:&quot;17&quot;,&quot;iso&quot;:&quot;400&quot;,&quot;shutter_speed&quot;:&quot;0.002&quot;,&quot;title&quot;:&quot;&quot;}\" data-image-title=\"VERSAREQUIPA-3\" data-image-description=\"\" data-medium-file=\"https:\/\/i0.wp.com\/songkol.com\/WordPress3\/wp-content\/uploads\/2014\/09\/VERSAREQUIPA-3.jpg?fit=300%2C150\" data-large-file=\"https:\/\/i0.wp.com\/songkol.com\/WordPress3\/wp-content\/uploads\/2014\/09\/VERSAREQUIPA-3.jpg?fit=768%2C384\" src=\"https:\/\/i0.wp.com\/songkol.com\/WordPress3\/wp-content\/uploads\/2014\/09\/VERSAREQUIPA-3.jpg?w=764&#038;h=382\" width=\"764\" height=\"382\" data-original-width=\"764\" data-original-height=\"382\" itemprop=\"http:\/\/schema.org\/image\" title=\"VERSAREQUIPA-3\" alt=\"La puna entre Juliaca et Arequipa\" style=\"width: 764px; height: 382px;\" \/> <\/a> <div class=\"tiled-gallery-caption\" itemprop=\"caption description\"> La puna entre Juliaca et Arequipa <\/div> <\/div> <\/div> <!-- close group --> <\/div> <!-- close row --> <div class=\"gallery-row\" style=\"width: 768px; height: 386px;\" data-original-width=\"768\" data-original-height=\"386\" > <div class=\"gallery-group images-1\" style=\"width: 768px; height: 386px;\" data-original-width=\"768\" data-original-height=\"386\" > <div class=\"tiled-gallery-item tiled-gallery-item-large\" itemprop=\"associatedMedia\" itemscope itemtype=\"http:\/\/schema.org\/ImageObject\"> <a href=\"http:\/\/songkol.com\/WordPress3\/blog\/2014\/09\/15\/on-est-passe-par-arequipa\/arequipa-01\/\" border=\"0\" itemprop=\"url\"> <meta itemprop=\"width\" content=\"764\"> <meta itemprop=\"height\" content=\"382\"> <img data-attachment-id=\"3728\" data-orig-file=\"http:\/\/songkol.com\/WordPress3\/wp-content\/uploads\/2014\/09\/AREQUIPA-01.jpg\" data-orig-size=\"1200,600\" data-comments-opened=\"1\" data-image-meta=\"{&quot;aperture&quot;:&quot;14&quot;,&quot;credit&quot;:&quot;&quot;,&quot;camera&quot;:&quot;Canon EOS 5D&quot;,&quot;caption&quot;:&quot;&quot;,&quot;created_timestamp&quot;:&quot;1410535151&quot;,&quot;copyright&quot;:&quot;&quot;,&quot;focal_length&quot;:&quot;40&quot;,&quot;iso&quot;:&quot;400&quot;,&quot;shutter_speed&quot;:&quot;0.0025&quot;,&quot;title&quot;:&quot;&quot;}\" data-image-title=\"AREQUIPA-01\" data-image-description=\"\" data-medium-file=\"https:\/\/i0.wp.com\/songkol.com\/WordPress3\/wp-content\/uploads\/2014\/09\/AREQUIPA-01.jpg?fit=300%2C150\" data-large-file=\"https:\/\/i0.wp.com\/songkol.com\/WordPress3\/wp-content\/uploads\/2014\/09\/AREQUIPA-01.jpg?fit=768%2C384\" src=\"https:\/\/i0.wp.com\/songkol.com\/WordPress3\/wp-content\/uploads\/2014\/09\/AREQUIPA-01.jpg?w=764&#038;h=382\" width=\"764\" height=\"382\" data-original-width=\"764\" data-original-height=\"382\" itemprop=\"http:\/\/schema.org\/image\" title=\"AREQUIPA-01\" alt=\"AREQUIPA \/ Premier contact avec la banlieue\u2026\" style=\"width: 764px; height: 382px;\" \/> <\/a> <div class=\"tiled-gallery-caption\" itemprop=\"caption description\"> AREQUIPA \/ Premier contact avec la banlieue\u2026 <\/div> <\/div> <\/div> <!-- close group --> <\/div> <!-- close row --> <div class=\"gallery-row\" style=\"width: 768px; height: 386px;\" data-original-width=\"768\" data-original-height=\"386\" > <div class=\"gallery-group images-1\" style=\"width: 768px; height: 386px;\" data-original-width=\"768\" data-original-height=\"386\" > <div class=\"tiled-gallery-item tiled-gallery-item-large\" itemprop=\"associatedMedia\" itemscope itemtype=\"http:\/\/schema.org\/ImageObject\"> <a href=\"http:\/\/songkol.com\/WordPress3\/blog\/2014\/09\/15\/on-est-passe-par-arequipa\/arequipa-02\/\" border=\"0\" itemprop=\"url\"> <meta itemprop=\"width\" content=\"764\"> <meta itemprop=\"height\" content=\"382\"> <img data-attachment-id=\"3729\" data-orig-file=\"http:\/\/songkol.com\/WordPress3\/wp-content\/uploads\/2014\/09\/AREQUIPA-02.jpg\" data-orig-size=\"1200,600\" data-comments-opened=\"1\" data-image-meta=\"{&quot;aperture&quot;:&quot;16&quot;,&quot;credit&quot;:&quot;&quot;,&quot;camera&quot;:&quot;Canon EOS 5D&quot;,&quot;caption&quot;:&quot;&quot;,&quot;created_timestamp&quot;:&quot;1410537777&quot;,&quot;copyright&quot;:&quot;&quot;,&quot;focal_length&quot;:&quot;40&quot;,&quot;iso&quot;:&quot;400&quot;,&quot;shutter_speed&quot;:&quot;0.002&quot;,&quot;title&quot;:&quot;&quot;}\" data-image-title=\"AREQUIPA-02\" data-image-description=\"\" data-medium-file=\"https:\/\/i0.wp.com\/songkol.com\/WordPress3\/wp-content\/uploads\/2014\/09\/AREQUIPA-02.jpg?fit=300%2C150\" data-large-file=\"https:\/\/i0.wp.com\/songkol.com\/WordPress3\/wp-content\/uploads\/2014\/09\/AREQUIPA-02.jpg?fit=768%2C384\" src=\"https:\/\/i0.wp.com\/songkol.com\/WordPress3\/wp-content\/uploads\/2014\/09\/AREQUIPA-02.jpg?w=764&#038;h=382\" width=\"764\" height=\"382\" data-original-width=\"764\" data-original-height=\"382\" itemprop=\"http:\/\/schema.org\/image\" title=\"AREQUIPA-02\" alt=\"AREQUIPA \/ Arriv\u00e9e sur la ville par la voie rapide\" style=\"width: 764px; height: 382px;\" \/> <\/a> <div class=\"tiled-gallery-caption\" itemprop=\"caption description\"> AREQUIPA \/ Arriv\u00e9e sur la ville par la voie rapide <\/div> <\/div> <\/div> <!-- close group --> <\/div> <!-- close row --> <div class=\"gallery-row\" style=\"width: 768px; height: 386px;\" data-original-width=\"768\" data-original-height=\"386\" > <div class=\"gallery-group images-1\" style=\"width: 768px; height: 386px;\" data-original-width=\"768\" data-original-height=\"386\" > <div class=\"tiled-gallery-item tiled-gallery-item-large\" itemprop=\"associatedMedia\" itemscope itemtype=\"http:\/\/schema.org\/ImageObject\"> <a href=\"http:\/\/songkol.com\/WordPress3\/blog\/2014\/09\/15\/on-est-passe-par-arequipa\/arequipa-03\/\" border=\"0\" itemprop=\"url\"> <meta itemprop=\"width\" content=\"764\"> <meta itemprop=\"height\" content=\"382\"> <img data-attachment-id=\"3730\" data-orig-file=\"http:\/\/songkol.com\/WordPress3\/wp-content\/uploads\/2014\/09\/AREQUIPA-03.jpg\" data-orig-size=\"1200,600\" data-comments-opened=\"1\" data-image-meta=\"{&quot;aperture&quot;:&quot;7.1&quot;,&quot;credit&quot;:&quot;&quot;,&quot;camera&quot;:&quot;Canon EOS 5D&quot;,&quot;caption&quot;:&quot;&quot;,&quot;created_timestamp&quot;:&quot;1410630362&quot;,&quot;copyright&quot;:&quot;&quot;,&quot;focal_length&quot;:&quot;37&quot;,&quot;iso&quot;:&quot;800&quot;,&quot;shutter_speed&quot;:&quot;0.01&quot;,&quot;title&quot;:&quot;&quot;}\" data-image-title=\"AREQUIPA-03\" data-image-description=\"\" data-medium-file=\"https:\/\/i0.wp.com\/songkol.com\/WordPress3\/wp-content\/uploads\/2014\/09\/AREQUIPA-03.jpg?fit=300%2C150\" data-large-file=\"https:\/\/i0.wp.com\/songkol.com\/WordPress3\/wp-content\/uploads\/2014\/09\/AREQUIPA-03.jpg?fit=768%2C384\" src=\"https:\/\/i0.wp.com\/songkol.com\/WordPress3\/wp-content\/uploads\/2014\/09\/AREQUIPA-03.jpg?w=764&#038;h=382\" width=\"764\" height=\"382\" data-original-width=\"764\" data-original-height=\"382\" itemprop=\"http:\/\/schema.org\/image\" title=\"AREQUIPA-03\" alt=\"AREQUIPA\" style=\"width: 764px; height: 382px;\" \/> <\/a> <div class=\"tiled-gallery-caption\" itemprop=\"caption description\"> AREQUIPA <\/div> <\/div> <\/div> <!-- close group --> <\/div> <!-- close row --> <div class=\"gallery-row\" style=\"width: 768px; height: 308px;\" data-original-width=\"768\" data-original-height=\"308\" > <div class=\"gallery-group images-1\" style=\"width: 460px; height: 308px;\" data-original-width=\"460\" data-original-height=\"308\" > <div class=\"tiled-gallery-item tiled-gallery-item-large\" itemprop=\"associatedMedia\" itemscope itemtype=\"http:\/\/schema.org\/ImageObject\"> <a href=\"http:\/\/songkol.com\/WordPress3\/blog\/2014\/09\/15\/on-est-passe-par-arequipa\/arequipa-04\/\" border=\"0\" itemprop=\"url\"> <meta itemprop=\"width\" content=\"456\"> <meta itemprop=\"height\" content=\"304\"> <img data-attachment-id=\"3731\" data-orig-file=\"http:\/\/songkol.com\/WordPress3\/wp-content\/uploads\/2014\/09\/AREQUIPA-04.jpg\" data-orig-size=\"1200,800\" data-comments-opened=\"1\" data-image-meta=\"{&quot;aperture&quot;:&quot;7.1&quot;,&quot;credit&quot;:&quot;&quot;,&quot;camera&quot;:&quot;Canon EOS 5D&quot;,&quot;caption&quot;:&quot;&quot;,&quot;created_timestamp&quot;:&quot;1410630542&quot;,&quot;copyright&quot;:&quot;&quot;,&quot;focal_length&quot;:&quot;22&quot;,&quot;iso&quot;:&quot;800&quot;,&quot;shutter_speed&quot;:&quot;0.01&quot;,&quot;title&quot;:&quot;&quot;}\" data-image-title=\"AREQUIPA-04\" data-image-description=\"\" data-medium-file=\"https:\/\/i0.wp.com\/songkol.com\/WordPress3\/wp-content\/uploads\/2014\/09\/AREQUIPA-04.jpg?fit=300%2C200\" data-large-file=\"https:\/\/i0.wp.com\/songkol.com\/WordPress3\/wp-content\/uploads\/2014\/09\/AREQUIPA-04.jpg?fit=768%2C512\" src=\"https:\/\/i0.wp.com\/songkol.com\/WordPress3\/wp-content\/uploads\/2014\/09\/AREQUIPA-04.jpg?w=456&#038;h=304\" width=\"456\" height=\"304\" data-original-width=\"456\" data-original-height=\"304\" itemprop=\"http:\/\/schema.org\/image\" title=\"AREQUIPA-04\" alt=\"AREQUIPA\" style=\"width: 456px; height: 304px;\" \/> <\/a> <div class=\"tiled-gallery-caption\" itemprop=\"caption description\"> AREQUIPA <\/div> <\/div> <\/div> <!-- close group --> <div class=\"gallery-group images-1\" style=\"width: 308px; height: 308px;\" data-original-width=\"308\" data-original-height=\"308\" > <div class=\"tiled-gallery-item tiled-gallery-item-large\" itemprop=\"associatedMedia\" itemscope itemtype=\"http:\/\/schema.org\/ImageObject\"> <a href=\"http:\/\/songkol.com\/WordPress3\/blog\/2014\/09\/15\/on-est-passe-par-arequipa\/arequipa-05\/\" border=\"0\" itemprop=\"url\"> <meta itemprop=\"width\" content=\"304\"> <meta itemprop=\"height\" content=\"304\"> <img data-attachment-id=\"3732\" data-orig-file=\"http:\/\/songkol.com\/WordPress3\/wp-content\/uploads\/2014\/09\/AREQUIPA-05.jpg\" data-orig-size=\"600,600\" data-comments-opened=\"1\" data-image-meta=\"{&quot;aperture&quot;:&quot;4&quot;,&quot;credit&quot;:&quot;&quot;,&quot;camera&quot;:&quot;Canon EOS 5D&quot;,&quot;caption&quot;:&quot;&quot;,&quot;created_timestamp&quot;:&quot;1410630694&quot;,&quot;copyright&quot;:&quot;&quot;,&quot;focal_length&quot;:&quot;40&quot;,&quot;iso&quot;:&quot;800&quot;,&quot;shutter_speed&quot;:&quot;0.04&quot;,&quot;title&quot;:&quot;&quot;}\" data-image-title=\"AREQUIPA-05\" data-image-description=\"\" data-medium-file=\"https:\/\/i0.wp.com\/songkol.com\/WordPress3\/wp-content\/uploads\/2014\/09\/AREQUIPA-05.jpg?fit=300%2C300\" data-large-file=\"https:\/\/i0.wp.com\/songkol.com\/WordPress3\/wp-content\/uploads\/2014\/09\/AREQUIPA-05.jpg?fit=600%2C600\" src=\"https:\/\/i0.wp.com\/songkol.com\/WordPress3\/wp-content\/uploads\/2014\/09\/AREQUIPA-05.jpg?w=304&#038;h=304&#038;crop=1\" width=\"304\" height=\"304\" data-original-width=\"304\" data-original-height=\"304\" itemprop=\"http:\/\/schema.org\/image\" title=\"AREQUIPA-05\" alt=\"AREQUIPA\" style=\"width: 304px; height: 304px;\" \/> <\/a> <div class=\"tiled-gallery-caption\" itemprop=\"caption description\"> AREQUIPA <\/div> <\/div> <\/div> <!-- close group --> <\/div> <!-- close row --> <div class=\"gallery-row\" style=\"width: 768px; height: 386px;\" data-original-width=\"768\" data-original-height=\"386\" > <div class=\"gallery-group images-1\" style=\"width: 768px; height: 386px;\" data-original-width=\"768\" data-original-height=\"386\" > <div class=\"tiled-gallery-item tiled-gallery-item-large\" itemprop=\"associatedMedia\" itemscope itemtype=\"http:\/\/schema.org\/ImageObject\"> <a href=\"http:\/\/songkol.com\/WordPress3\/blog\/2014\/09\/15\/on-est-passe-par-arequipa\/arequipa-06\/\" border=\"0\" itemprop=\"url\"> <meta itemprop=\"width\" content=\"764\"> <meta itemprop=\"height\" content=\"382\"> <img data-attachment-id=\"3733\" data-orig-file=\"http:\/\/songkol.com\/WordPress3\/wp-content\/uploads\/2014\/09\/AREQUIPA-06.jpg\" data-orig-size=\"1200,600\" data-comments-opened=\"1\" data-image-meta=\"{&quot;aperture&quot;:&quot;4&quot;,&quot;credit&quot;:&quot;&quot;,&quot;camera&quot;:&quot;Canon EOS 5D&quot;,&quot;caption&quot;:&quot;&quot;,&quot;created_timestamp&quot;:&quot;1410630750&quot;,&quot;copyright&quot;:&quot;&quot;,&quot;focal_length&quot;:&quot;36&quot;,&quot;iso&quot;:&quot;800&quot;,&quot;shutter_speed&quot;:&quot;0.033333333333333&quot;,&quot;title&quot;:&quot;&quot;}\" data-image-title=\"AREQUIPA-06\" data-image-description=\"\" data-medium-file=\"https:\/\/i0.wp.com\/songkol.com\/WordPress3\/wp-content\/uploads\/2014\/09\/AREQUIPA-06.jpg?fit=300%2C150\" data-large-file=\"https:\/\/i0.wp.com\/songkol.com\/WordPress3\/wp-content\/uploads\/2014\/09\/AREQUIPA-06.jpg?fit=768%2C384\" src=\"https:\/\/i0.wp.com\/songkol.com\/WordPress3\/wp-content\/uploads\/2014\/09\/AREQUIPA-06.jpg?w=764&#038;h=382\" width=\"764\" height=\"382\" data-original-width=\"764\" data-original-height=\"382\" itemprop=\"http:\/\/schema.org\/image\" title=\"AREQUIPA-06\" alt=\"AREQUIPA\" style=\"width: 764px; height: 382px;\" \/> <\/a> <div class=\"tiled-gallery-caption\" itemprop=\"caption description\"> AREQUIPA <\/div> <\/div> <\/div> <!-- close group --> <\/div> <!-- close row --> <div class=\"gallery-row\" style=\"width: 768px; height: 386px;\" data-original-width=\"768\" data-original-height=\"386\" > <div class=\"gallery-group images-1\" style=\"width: 768px; height: 386px;\" data-original-width=\"768\" data-original-height=\"386\" > <div class=\"tiled-gallery-item tiled-gallery-item-large\" itemprop=\"associatedMedia\" itemscope itemtype=\"http:\/\/schema.org\/ImageObject\"> <a href=\"http:\/\/songkol.com\/WordPress3\/blog\/2014\/09\/15\/on-est-passe-par-arequipa\/arequipa-07\/\" border=\"0\" itemprop=\"url\"> <meta itemprop=\"width\" content=\"764\"> <meta itemprop=\"height\" content=\"382\"> <img data-attachment-id=\"3734\" data-orig-file=\"http:\/\/songkol.com\/WordPress3\/wp-content\/uploads\/2014\/09\/AREQUIPA-07.jpg\" data-orig-size=\"1200,600\" data-comments-opened=\"1\" data-image-meta=\"{&quot;aperture&quot;:&quot;4&quot;,&quot;credit&quot;:&quot;&quot;,&quot;camera&quot;:&quot;Canon EOS 5D&quot;,&quot;caption&quot;:&quot;&quot;,&quot;created_timestamp&quot;:&quot;1410631091&quot;,&quot;copyright&quot;:&quot;&quot;,&quot;focal_length&quot;:&quot;33&quot;,&quot;iso&quot;:&quot;800&quot;,&quot;shutter_speed&quot;:&quot;0.025&quot;,&quot;title&quot;:&quot;&quot;}\" data-image-title=\"AREQUIPA-07\" data-image-description=\"\" data-medium-file=\"https:\/\/i0.wp.com\/songkol.com\/WordPress3\/wp-content\/uploads\/2014\/09\/AREQUIPA-07.jpg?fit=300%2C150\" data-large-file=\"https:\/\/i0.wp.com\/songkol.com\/WordPress3\/wp-content\/uploads\/2014\/09\/AREQUIPA-07.jpg?fit=768%2C384\" src=\"https:\/\/i0.wp.com\/songkol.com\/WordPress3\/wp-content\/uploads\/2014\/09\/AREQUIPA-07.jpg?w=764&#038;h=382\" width=\"764\" height=\"382\" data-original-width=\"764\" data-original-height=\"382\" itemprop=\"http:\/\/schema.org\/image\" title=\"AREQUIPA-07\" alt=\"AREQUIPA\" style=\"width: 764px; height: 382px;\" \/> <\/a> <div class=\"tiled-gallery-caption\" itemprop=\"caption description\"> AREQUIPA <\/div> <\/div> <\/div> <!-- close group --> <\/div> <!-- close row --> <div class=\"gallery-row\" style=\"width: 768px; height: 386px;\" data-original-width=\"768\" data-original-height=\"386\" > <div class=\"gallery-group images-1\" style=\"width: 768px; height: 386px;\" data-original-width=\"768\" data-original-height=\"386\" > <div class=\"tiled-gallery-item tiled-gallery-item-large\" itemprop=\"associatedMedia\" itemscope itemtype=\"http:\/\/schema.org\/ImageObject\"> <a href=\"http:\/\/songkol.com\/WordPress3\/blog\/2014\/09\/15\/on-est-passe-par-arequipa\/arequipa-08\/\" border=\"0\" itemprop=\"url\"> <meta itemprop=\"width\" content=\"764\"> <meta itemprop=\"height\" content=\"382\"> <img data-attachment-id=\"3735\" data-orig-file=\"http:\/\/songkol.com\/WordPress3\/wp-content\/uploads\/2014\/09\/AREQUIPA-08.jpg\" data-orig-size=\"1200,600\" data-comments-opened=\"1\" data-image-meta=\"{&quot;aperture&quot;:&quot;4&quot;,&quot;credit&quot;:&quot;&quot;,&quot;camera&quot;:&quot;Canon EOS 5D&quot;,&quot;caption&quot;:&quot;&quot;,&quot;created_timestamp&quot;:&quot;1410631260&quot;,&quot;copyright&quot;:&quot;&quot;,&quot;focal_length&quot;:&quot;17&quot;,&quot;iso&quot;:&quot;800&quot;,&quot;shutter_speed&quot;:&quot;0.025&quot;,&quot;title&quot;:&quot;&quot;}\" data-image-title=\"AREQUIPA-08\" data-image-description=\"\" data-medium-file=\"https:\/\/i0.wp.com\/songkol.com\/WordPress3\/wp-content\/uploads\/2014\/09\/AREQUIPA-08.jpg?fit=300%2C150\" data-large-file=\"https:\/\/i0.wp.com\/songkol.com\/WordPress3\/wp-content\/uploads\/2014\/09\/AREQUIPA-08.jpg?fit=768%2C384\" src=\"https:\/\/i0.wp.com\/songkol.com\/WordPress3\/wp-content\/uploads\/2014\/09\/AREQUIPA-08.jpg?w=764&#038;h=382\" width=\"764\" height=\"382\" data-original-width=\"764\" data-original-height=\"382\" itemprop=\"http:\/\/schema.org\/image\" title=\"AREQUIPA-08\" alt=\"AREQUIPA\" style=\"width: 764px; height: 382px;\" \/> <\/a> <div class=\"tiled-gallery-caption\" itemprop=\"caption description\"> AREQUIPA <\/div> <\/div> <\/div> <!-- close group --> <\/div> <!-- close row --> <div class=\"gallery-row\" style=\"width: 768px; height: 386px;\" data-original-width=\"768\" data-original-height=\"386\" > <div class=\"gallery-group images-1\" style=\"width: 768px; height: 386px;\" data-original-width=\"768\" data-original-height=\"386\" > <div class=\"tiled-gallery-item tiled-gallery-item-large\" itemprop=\"associatedMedia\" itemscope itemtype=\"http:\/\/schema.org\/ImageObject\"> <a href=\"http:\/\/songkol.com\/WordPress3\/blog\/2014\/09\/15\/on-est-passe-par-arequipa\/arequipa-09\/\" border=\"0\" itemprop=\"url\"> <meta itemprop=\"width\" content=\"764\"> <meta itemprop=\"height\" content=\"382\"> <img data-attachment-id=\"3736\" data-orig-file=\"http:\/\/songkol.com\/WordPress3\/wp-content\/uploads\/2014\/09\/AREQUIPA-09.jpg\" data-orig-size=\"1200,600\" data-comments-opened=\"1\" data-image-meta=\"{&quot;aperture&quot;:&quot;4&quot;,&quot;credit&quot;:&quot;&quot;,&quot;camera&quot;:&quot;Canon EOS 5D&quot;,&quot;caption&quot;:&quot;&quot;,&quot;created_timestamp&quot;:&quot;1410631342&quot;,&quot;copyright&quot;:&quot;&quot;,&quot;focal_length&quot;:&quot;17&quot;,&quot;iso&quot;:&quot;800&quot;,&quot;shutter_speed&quot;:&quot;0.033333333333333&quot;,&quot;title&quot;:&quot;&quot;}\" data-image-title=\"AREQUIPA-09\" data-image-description=\"\" data-medium-file=\"https:\/\/i0.wp.com\/songkol.com\/WordPress3\/wp-content\/uploads\/2014\/09\/AREQUIPA-09.jpg?fit=300%2C150\" data-large-file=\"https:\/\/i0.wp.com\/songkol.com\/WordPress3\/wp-content\/uploads\/2014\/09\/AREQUIPA-09.jpg?fit=768%2C384\" src=\"https:\/\/i0.wp.com\/songkol.com\/WordPress3\/wp-content\/uploads\/2014\/09\/AREQUIPA-09.jpg?w=764&#038;h=382\" width=\"764\" height=\"382\" data-original-width=\"764\" data-original-height=\"382\" itemprop=\"http:\/\/schema.org\/image\" title=\"AREQUIPA-09\" alt=\"AREQUIPA\" style=\"width: 764px; height: 382px;\" \/> <\/a> <div class=\"tiled-gallery-caption\" itemprop=\"caption description\"> AREQUIPA <\/div> <\/div> <\/div> <!-- close group --> <\/div> <!-- close row --> <div class=\"gallery-row\" style=\"width: 768px; height: 386px;\" data-original-width=\"768\" data-original-height=\"386\" > <div class=\"gallery-group images-1\" style=\"width: 768px; height: 386px;\" data-original-width=\"768\" data-original-height=\"386\" > <div class=\"tiled-gallery-item tiled-gallery-item-large\" itemprop=\"associatedMedia\" itemscope itemtype=\"http:\/\/schema.org\/ImageObject\"> <a href=\"http:\/\/songkol.com\/WordPress3\/blog\/2014\/09\/15\/on-est-passe-par-arequipa\/arequipa-10\/\" border=\"0\" itemprop=\"url\"> <meta itemprop=\"width\" content=\"764\"> <meta itemprop=\"height\" content=\"382\"> <img data-attachment-id=\"3737\" data-orig-file=\"http:\/\/songkol.com\/WordPress3\/wp-content\/uploads\/2014\/09\/AREQUIPA-10.jpg\" data-orig-size=\"1200,600\" data-comments-opened=\"1\" data-image-meta=\"{&quot;aperture&quot;:&quot;16&quot;,&quot;credit&quot;:&quot;&quot;,&quot;camera&quot;:&quot;Canon EOS 5D&quot;,&quot;caption&quot;:&quot;&quot;,&quot;created_timestamp&quot;:&quot;1410776718&quot;,&quot;copyright&quot;:&quot;&quot;,&quot;focal_length&quot;:&quot;17&quot;,&quot;iso&quot;:&quot;400&quot;,&quot;shutter_speed&quot;:&quot;0.002&quot;,&quot;title&quot;:&quot;&quot;}\" data-image-title=\"AREQUIPA-10\" data-image-description=\"\" data-medium-file=\"https:\/\/i0.wp.com\/songkol.com\/WordPress3\/wp-content\/uploads\/2014\/09\/AREQUIPA-10.jpg?fit=300%2C150\" data-large-file=\"https:\/\/i0.wp.com\/songkol.com\/WordPress3\/wp-content\/uploads\/2014\/09\/AREQUIPA-10.jpg?fit=768%2C384\" src=\"https:\/\/i0.wp.com\/songkol.com\/WordPress3\/wp-content\/uploads\/2014\/09\/AREQUIPA-10.jpg?w=764&#038;h=382\" width=\"764\" height=\"382\" data-original-width=\"764\" data-original-height=\"382\" itemprop=\"http:\/\/schema.org\/image\" title=\"AREQUIPA-10\" alt=\"AREQUIPA \/ Bivouac sur le parking de l&#039;hotel Las Mercedes\" style=\"width: 764px; height: 382px;\" \/> <\/a> <div class=\"tiled-gallery-caption\" itemprop=\"caption description\"> AREQUIPA \/ Bivouac sur le parking de l&rsquo;hotel Las Mercedes <\/div> <\/div> <\/div> <!-- close group --> <\/div> <!-- close row --> <div class=\"gallery-row\" style=\"width: 768px; height: 285px;\" data-original-width=\"768\" data-original-height=\"285\" > <div class=\"gallery-group images-1\" style=\"width: 768px; height: 285px;\" data-original-width=\"768\" data-original-height=\"285\" > <div class=\"tiled-gallery-item tiled-gallery-item-large\" itemprop=\"associatedMedia\" itemscope itemtype=\"http:\/\/schema.org\/ImageObject\"> <a href=\"http:\/\/songkol.com\/WordPress3\/blog\/2014\/09\/15\/on-est-passe-par-arequipa\/arequipa-10a\/\" border=\"0\" itemprop=\"url\"> <meta itemprop=\"width\" content=\"764\"> <meta itemprop=\"height\" content=\"281\"> <img data-attachment-id=\"3738\" data-orig-file=\"http:\/\/songkol.com\/WordPress3\/wp-content\/uploads\/2014\/09\/AREQUIPA-10a.jpg\" data-orig-size=\"1632,600\" data-comments-opened=\"1\" data-image-meta=\"{&quot;aperture&quot;:&quot;0&quot;,&quot;credit&quot;:&quot;&quot;,&quot;camera&quot;:&quot;&quot;,&quot;caption&quot;:&quot;&quot;,&quot;created_timestamp&quot;:&quot;0&quot;,&quot;copyright&quot;:&quot;&quot;,&quot;focal_length&quot;:&quot;0&quot;,&quot;iso&quot;:&quot;0&quot;,&quot;shutter_speed&quot;:&quot;0&quot;,&quot;title&quot;:&quot;&quot;}\" data-image-title=\"AREQUIPA-10a\" data-image-description=\"\" data-medium-file=\"https:\/\/i0.wp.com\/songkol.com\/WordPress3\/wp-content\/uploads\/2014\/09\/AREQUIPA-10a.jpg?fit=300%2C110\" data-large-file=\"https:\/\/i0.wp.com\/songkol.com\/WordPress3\/wp-content\/uploads\/2014\/09\/AREQUIPA-10a.jpg?fit=768%2C282\" src=\"https:\/\/i0.wp.com\/songkol.com\/WordPress3\/wp-content\/uploads\/2014\/09\/AREQUIPA-10a.jpg?w=764&#038;h=281\" width=\"764\" height=\"281\" data-original-width=\"764\" data-original-height=\"281\" itemprop=\"http:\/\/schema.org\/image\" title=\"AREQUIPA-10a\" alt=\"AREQUIPA \/ Petit-d\u00e9jeuner dans le CC\" style=\"width: 764px; height: 281px;\" \/> <\/a> <div class=\"tiled-gallery-caption\" itemprop=\"caption description\"> AREQUIPA \/ Petit-d\u00e9jeuner dans le CC <\/div> <\/div> <\/div> <!-- close group --> <\/div> <!-- close row --> <div class=\"gallery-row\" style=\"width: 768px; height: 243px;\" data-original-width=\"768\" data-original-height=\"243\" > <div class=\"gallery-group images-1\" style=\"width: 768px; height: 243px;\" data-original-width=\"768\" data-original-height=\"243\" > <div class=\"tiled-gallery-item tiled-gallery-item-large\" itemprop=\"associatedMedia\" itemscope itemtype=\"http:\/\/schema.org\/ImageObject\"> <a href=\"http:\/\/songkol.com\/WordPress3\/blog\/2014\/09\/15\/on-est-passe-par-arequipa\/arequipa-11\/\" border=\"0\" itemprop=\"url\"> <meta itemprop=\"width\" content=\"764\"> <meta itemprop=\"height\" content=\"239\"> <img data-attachment-id=\"3739\" data-orig-file=\"http:\/\/songkol.com\/WordPress3\/wp-content\/uploads\/2014\/09\/AREQUIPA-11.jpg\" data-orig-size=\"2304,720\" data-comments-opened=\"1\" data-image-meta=\"{&quot;aperture&quot;:&quot;0&quot;,&quot;credit&quot;:&quot;&quot;,&quot;camera&quot;:&quot;&quot;,&quot;caption&quot;:&quot;&quot;,&quot;created_timestamp&quot;:&quot;0&quot;,&quot;copyright&quot;:&quot;&quot;,&quot;focal_length&quot;:&quot;0&quot;,&quot;iso&quot;:&quot;0&quot;,&quot;shutter_speed&quot;:&quot;0&quot;,&quot;title&quot;:&quot;&quot;}\" data-image-title=\"AREQUIPA-11\" data-image-description=\"\" data-medium-file=\"https:\/\/i0.wp.com\/songkol.com\/WordPress3\/wp-content\/uploads\/2014\/09\/AREQUIPA-11.jpg?fit=300%2C93\" data-large-file=\"https:\/\/i0.wp.com\/songkol.com\/WordPress3\/wp-content\/uploads\/2014\/09\/AREQUIPA-11.jpg?fit=768%2C240\" src=\"https:\/\/i0.wp.com\/songkol.com\/WordPress3\/wp-content\/uploads\/2014\/09\/AREQUIPA-11.jpg?w=764&#038;h=239\" width=\"764\" height=\"239\" data-original-width=\"764\" data-original-height=\"239\" itemprop=\"http:\/\/schema.org\/image\" title=\"AREQUIPA-11\" alt=\"AREQUIPA \/ Plaza de Armas\" style=\"width: 764px; height: 239px;\" \/> <\/a> <div class=\"tiled-gallery-caption\" itemprop=\"caption description\"> AREQUIPA \/ Plaza de Armas <\/div> <\/div> <\/div> <!-- close group --> <\/div> <!-- close row --> <div class=\"gallery-row\" style=\"width: 768px; height: 291px;\" data-original-width=\"768\" data-original-height=\"291\" > <div class=\"gallery-group images-1\" style=\"width: 768px; height: 291px;\" data-original-width=\"768\" data-original-height=\"291\" > <div class=\"tiled-gallery-item tiled-gallery-item-large\" itemprop=\"associatedMedia\" itemscope itemtype=\"http:\/\/schema.org\/ImageObject\"> <a href=\"http:\/\/songkol.com\/WordPress3\/blog\/2014\/09\/15\/on-est-passe-par-arequipa\/arequipa-11a\/\" border=\"0\" itemprop=\"url\"> <meta itemprop=\"width\" content=\"764\"> <meta itemprop=\"height\" content=\"287\"> <img data-attachment-id=\"3740\" data-orig-file=\"http:\/\/songkol.com\/WordPress3\/wp-content\/uploads\/2014\/09\/AREQUIPA-11a.jpg\" data-orig-size=\"1600,600\" data-comments-opened=\"1\" data-image-meta=\"{&quot;aperture&quot;:&quot;0&quot;,&quot;credit&quot;:&quot;&quot;,&quot;camera&quot;:&quot;&quot;,&quot;caption&quot;:&quot;&quot;,&quot;created_timestamp&quot;:&quot;0&quot;,&quot;copyright&quot;:&quot;&quot;,&quot;focal_length&quot;:&quot;0&quot;,&quot;iso&quot;:&quot;0&quot;,&quot;shutter_speed&quot;:&quot;0&quot;,&quot;title&quot;:&quot;&quot;}\" data-image-title=\"AREQUIPA-11a\" data-image-description=\"\" data-medium-file=\"https:\/\/i0.wp.com\/songkol.com\/WordPress3\/wp-content\/uploads\/2014\/09\/AREQUIPA-11a.jpg?fit=300%2C112\" data-large-file=\"https:\/\/i0.wp.com\/songkol.com\/WordPress3\/wp-content\/uploads\/2014\/09\/AREQUIPA-11a.jpg?fit=768%2C288\" src=\"https:\/\/i0.wp.com\/songkol.com\/WordPress3\/wp-content\/uploads\/2014\/09\/AREQUIPA-11a.jpg?w=764&#038;h=287\" width=\"764\" height=\"287\" data-original-width=\"764\" data-original-height=\"287\" itemprop=\"http:\/\/schema.org\/image\" title=\"AREQUIPA-11a\" alt=\"AREQUIPA \/ Cath\u00e9drale de la plaza de Armas\" style=\"width: 764px; height: 287px;\" \/> <\/a> <div class=\"tiled-gallery-caption\" itemprop=\"caption description\"> AREQUIPA \/ Cath\u00e9drale de la plaza de Armas <\/div> <\/div> <\/div> <!-- close group --> <\/div> <!-- close row --> <div class=\"gallery-row\" style=\"width: 768px; height: 386px;\" data-original-width=\"768\" data-original-height=\"386\" > <div class=\"gallery-group images-1\" style=\"width: 768px; height: 386px;\" data-original-width=\"768\" data-original-height=\"386\" > <div class=\"tiled-gallery-item tiled-gallery-item-large\" itemprop=\"associatedMedia\" itemscope itemtype=\"http:\/\/schema.org\/ImageObject\"> <a href=\"http:\/\/songkol.com\/WordPress3\/blog\/2014\/09\/15\/on-est-passe-par-arequipa\/arequipacathedrale-1\/\" border=\"0\" itemprop=\"url\"> <meta itemprop=\"width\" content=\"764\"> <meta itemprop=\"height\" content=\"382\"> <img data-attachment-id=\"3742\" data-orig-file=\"http:\/\/songkol.com\/WordPress3\/wp-content\/uploads\/2014\/09\/AREQUIPACATHEDRALE-1.jpg\" data-orig-size=\"1200,600\" data-comments-opened=\"1\" data-image-meta=\"{&quot;aperture&quot;:&quot;11&quot;,&quot;credit&quot;:&quot;&quot;,&quot;camera&quot;:&quot;Canon EOS 5D&quot;,&quot;caption&quot;:&quot;&quot;,&quot;created_timestamp&quot;:&quot;1410628952&quot;,&quot;copyright&quot;:&quot;&quot;,&quot;focal_length&quot;:&quot;40&quot;,&quot;iso&quot;:&quot;400&quot;,&quot;shutter_speed&quot;:&quot;0.004&quot;,&quot;title&quot;:&quot;&quot;}\" data-image-title=\"AREQUIPACATHEDRALE-1\" data-image-description=\"\" data-medium-file=\"https:\/\/i0.wp.com\/songkol.com\/WordPress3\/wp-content\/uploads\/2014\/09\/AREQUIPACATHEDRALE-1.jpg?fit=300%2C150\" data-large-file=\"https:\/\/i0.wp.com\/songkol.com\/WordPress3\/wp-content\/uploads\/2014\/09\/AREQUIPACATHEDRALE-1.jpg?fit=768%2C384\" src=\"https:\/\/i0.wp.com\/songkol.com\/WordPress3\/wp-content\/uploads\/2014\/09\/AREQUIPACATHEDRALE-1.jpg?w=764&#038;h=382\" width=\"764\" height=\"382\" data-original-width=\"764\" data-original-height=\"382\" itemprop=\"http:\/\/schema.org\/image\" title=\"AREQUIPACATHEDRALE-1\" alt=\"AREQUIPA \/ Cath\u00e9drale de la plaza de Armas\" style=\"width: 764px; height: 382px;\" \/> <\/a> <div class=\"tiled-gallery-caption\" itemprop=\"caption description\"> AREQUIPA \/ Cath\u00e9drale de la plaza de Armas <\/div> <\/div> <\/div> <!-- close group --> <\/div> <!-- close row --> <div class=\"gallery-row\" style=\"width: 768px; height: 257px;\" data-original-width=\"768\" data-original-height=\"257\" > <div class=\"gallery-group images-1\" style=\"width: 257px; height: 257px;\" data-original-width=\"257\" data-original-height=\"257\" > <div class=\"tiled-gallery-item tiled-gallery-item-large\" itemprop=\"associatedMedia\" itemscope itemtype=\"http:\/\/schema.org\/ImageObject\"> <a href=\"http:\/\/songkol.com\/WordPress3\/blog\/2014\/09\/15\/on-est-passe-par-arequipa\/arequipacathedrale-1a\/\" border=\"0\" itemprop=\"url\"> <meta itemprop=\"width\" content=\"253\"> <meta itemprop=\"height\" content=\"253\"> <img data-attachment-id=\"3743\" data-orig-file=\"http:\/\/songkol.com\/WordPress3\/wp-content\/uploads\/2014\/09\/AREQUIPACATHEDRALE-1a.jpg\" data-orig-size=\"600,600\" data-comments-opened=\"1\" data-image-meta=\"{&quot;aperture&quot;:&quot;5.6&quot;,&quot;credit&quot;:&quot;&quot;,&quot;camera&quot;:&quot;Canon EOS 5D&quot;,&quot;caption&quot;:&quot;&quot;,&quot;created_timestamp&quot;:&quot;1410629391&quot;,&quot;copyright&quot;:&quot;&quot;,&quot;focal_length&quot;:&quot;40&quot;,&quot;iso&quot;:&quot;800&quot;,&quot;shutter_speed&quot;:&quot;0.016666666666667&quot;,&quot;title&quot;:&quot;&quot;}\" data-image-title=\"AREQUIPACATHEDRALE-1a\" data-image-description=\"\" data-medium-file=\"https:\/\/i0.wp.com\/songkol.com\/WordPress3\/wp-content\/uploads\/2014\/09\/AREQUIPACATHEDRALE-1a.jpg?fit=300%2C300\" data-large-file=\"https:\/\/i0.wp.com\/songkol.com\/WordPress3\/wp-content\/uploads\/2014\/09\/AREQUIPACATHEDRALE-1a.jpg?fit=600%2C600\" src=\"https:\/\/i0.wp.com\/songkol.com\/WordPress3\/wp-content\/uploads\/2014\/09\/AREQUIPACATHEDRALE-1a.jpg?w=253&#038;h=253&#038;crop=1\" width=\"253\" height=\"253\" data-original-width=\"253\" data-original-height=\"253\" itemprop=\"http:\/\/schema.org\/image\" title=\"AREQUIPACATHEDRALE-1a\" alt=\"AREQUIPACATHEDRALE-1a\" style=\"width: 253px; height: 253px;\" \/> <\/a> <\/div> <\/div> <!-- close group --> <div class=\"gallery-group images-1\" style=\"width: 511px; height: 257px;\" data-original-width=\"511\" data-original-height=\"257\" > <div class=\"tiled-gallery-item tiled-gallery-item-large\" itemprop=\"associatedMedia\" itemscope itemtype=\"http:\/\/schema.org\/ImageObject\"> <a href=\"http:\/\/songkol.com\/WordPress3\/blog\/2014\/09\/15\/on-est-passe-par-arequipa\/arequipacathedrale-2\/\" border=\"0\" itemprop=\"url\"> <meta itemprop=\"width\" content=\"507\"> <meta itemprop=\"height\" content=\"253\"> <img data-attachment-id=\"3744\" data-orig-file=\"http:\/\/songkol.com\/WordPress3\/wp-content\/uploads\/2014\/09\/AREQUIPACATHEDRALE-2.jpg\" data-orig-size=\"1200,600\" data-comments-opened=\"1\" data-image-meta=\"{&quot;aperture&quot;:&quot;4.5&quot;,&quot;credit&quot;:&quot;&quot;,&quot;camera&quot;:&quot;Canon EOS 5D&quot;,&quot;caption&quot;:&quot;&quot;,&quot;created_timestamp&quot;:&quot;1410629130&quot;,&quot;copyright&quot;:&quot;&quot;,&quot;focal_length&quot;:&quot;17&quot;,&quot;iso&quot;:&quot;800&quot;,&quot;shutter_speed&quot;:&quot;0.025&quot;,&quot;title&quot;:&quot;&quot;}\" data-image-title=\"AREQUIPACATHEDRALE-2\" data-image-description=\"\" data-medium-file=\"https:\/\/i0.wp.com\/songkol.com\/WordPress3\/wp-content\/uploads\/2014\/09\/AREQUIPACATHEDRALE-2.jpg?fit=300%2C150\" data-large-file=\"https:\/\/i0.wp.com\/songkol.com\/WordPress3\/wp-content\/uploads\/2014\/09\/AREQUIPACATHEDRALE-2.jpg?fit=768%2C384\" src=\"https:\/\/i0.wp.com\/songkol.com\/WordPress3\/wp-content\/uploads\/2014\/09\/AREQUIPACATHEDRALE-2.jpg?w=507&#038;h=253\" width=\"507\" height=\"253\" data-original-width=\"507\" data-original-height=\"253\" itemprop=\"http:\/\/schema.org\/image\" title=\"AREQUIPACATHEDRALE-2\" alt=\"AREQUIPA \/ Cath\u00e9drale de la plaza de Armas\" style=\"width: 507px; height: 253px;\" \/> <\/a> <div class=\"tiled-gallery-caption\" itemprop=\"caption description\"> AREQUIPA \/ Cath\u00e9drale de la plaza de Armas <\/div> <\/div> <\/div> <!-- close group --> <\/div> <!-- close row --> <div class=\"gallery-row\" style=\"width: 768px; height: 386px;\" data-original-width=\"768\" data-original-height=\"386\" > <div class=\"gallery-group images-1\" style=\"width: 768px; height: 386px;\" data-original-width=\"768\" data-original-height=\"386\" > <div class=\"tiled-gallery-item tiled-gallery-item-large\" itemprop=\"associatedMedia\" itemscope itemtype=\"http:\/\/schema.org\/ImageObject\"> <a href=\"http:\/\/songkol.com\/WordPress3\/blog\/2014\/09\/15\/on-est-passe-par-arequipa\/arequipacathedrale-3\/\" border=\"0\" itemprop=\"url\"> <meta itemprop=\"width\" content=\"764\"> <meta itemprop=\"height\" content=\"382\"> <img data-attachment-id=\"3745\" data-orig-file=\"http:\/\/songkol.com\/WordPress3\/wp-content\/uploads\/2014\/09\/AREQUIPACATHEDRALE-3.jpg\" data-orig-size=\"1200,600\" data-comments-opened=\"1\" data-image-meta=\"{&quot;aperture&quot;:&quot;4.5&quot;,&quot;credit&quot;:&quot;&quot;,&quot;camera&quot;:&quot;Canon EOS 5D&quot;,&quot;caption&quot;:&quot;&quot;,&quot;created_timestamp&quot;:&quot;1410629207&quot;,&quot;copyright&quot;:&quot;&quot;,&quot;focal_length&quot;:&quot;17&quot;,&quot;iso&quot;:&quot;800&quot;,&quot;shutter_speed&quot;:&quot;0.025&quot;,&quot;title&quot;:&quot;&quot;}\" data-image-title=\"AREQUIPACATHEDRALE-3\" data-image-description=\"\" data-medium-file=\"https:\/\/i0.wp.com\/songkol.com\/WordPress3\/wp-content\/uploads\/2014\/09\/AREQUIPACATHEDRALE-3.jpg?fit=300%2C150\" data-large-file=\"https:\/\/i0.wp.com\/songkol.com\/WordPress3\/wp-content\/uploads\/2014\/09\/AREQUIPACATHEDRALE-3.jpg?fit=768%2C384\" src=\"https:\/\/i0.wp.com\/songkol.com\/WordPress3\/wp-content\/uploads\/2014\/09\/AREQUIPACATHEDRALE-3.jpg?w=764&#038;h=382\" width=\"764\" height=\"382\" data-original-width=\"764\" data-original-height=\"382\" itemprop=\"http:\/\/schema.org\/image\" title=\"AREQUIPACATHEDRALE-3\" alt=\"AREQUIPA \/ Cath\u00e9drale de la plaza de Armas\" style=\"width: 764px; height: 382px;\" \/> <\/a> <div class=\"tiled-gallery-caption\" itemprop=\"caption description\"> AREQUIPA \/ Cath\u00e9drale de la plaza de Armas <\/div> <\/div> <\/div> <!-- close group --> <\/div> <!-- close row --> <div class=\"gallery-row\" style=\"width: 768px; height: 491px;\" data-original-width=\"768\" data-original-height=\"491\" > <div class=\"gallery-group images-1\" style=\"width: 277px; height: 491px;\" data-original-width=\"277\" data-original-height=\"491\" > <div class=\"tiled-gallery-item tiled-gallery-item-large\" itemprop=\"associatedMedia\" itemscope itemtype=\"http:\/\/schema.org\/ImageObject\"> <a href=\"http:\/\/songkol.com\/WordPress3\/blog\/2014\/09\/15\/on-est-passe-par-arequipa\/arequipa-14\/\" border=\"0\" itemprop=\"url\"> <meta itemprop=\"width\" content=\"273\"> <meta itemprop=\"height\" content=\"487\"> <img data-attachment-id=\"3741\" data-orig-file=\"http:\/\/songkol.com\/WordPress3\/wp-content\/uploads\/2014\/09\/AREQUIPA-14.jpg\" data-orig-size=\"337,600\" data-comments-opened=\"1\" data-image-meta=\"{&quot;aperture&quot;:&quot;2.4&quot;,&quot;credit&quot;:&quot;&quot;,&quot;camera&quot;:&quot;XT1032&quot;,&quot;caption&quot;:&quot;&quot;,&quot;created_timestamp&quot;:&quot;1039348800&quot;,&quot;copyright&quot;:&quot;&quot;,&quot;focal_length&quot;:&quot;3.5&quot;,&quot;iso&quot;:&quot;125&quot;,&quot;shutter_speed&quot;:&quot;0.02883&quot;,&quot;title&quot;:&quot;&quot;}\" data-image-title=\"AREQUIPA-14\" data-image-description=\"\" data-medium-file=\"https:\/\/i0.wp.com\/songkol.com\/WordPress3\/wp-content\/uploads\/2014\/09\/AREQUIPA-14.jpg?fit=168%2C300\" data-large-file=\"https:\/\/i0.wp.com\/songkol.com\/WordPress3\/wp-content\/uploads\/2014\/09\/AREQUIPA-14.jpg?fit=337%2C600\" src=\"https:\/\/i0.wp.com\/songkol.com\/WordPress3\/wp-content\/uploads\/2014\/09\/AREQUIPA-14.jpg?w=273&#038;h=487\" width=\"273\" height=\"487\" data-original-width=\"273\" data-original-height=\"487\" itemprop=\"http:\/\/schema.org\/image\" title=\"AREQUIPA-14\" alt=\"AREQUIPA-14\" style=\"width: 273px; height: 487px;\" \/> <\/a> <\/div> <\/div> <!-- close group --> <div class=\"gallery-group images-1\" style=\"width: 491px; height: 491px;\" data-original-width=\"491\" data-original-height=\"491\" > <div class=\"tiled-gallery-item tiled-gallery-item-large\" itemprop=\"associatedMedia\" itemscope itemtype=\"http:\/\/schema.org\/ImageObject\"> <a href=\"http:\/\/songkol.com\/WordPress3\/blog\/2014\/09\/15\/on-est-passe-par-arequipa\/arequipacouvent-04\/\" border=\"0\" itemprop=\"url\"> <meta itemprop=\"width\" content=\"487\"> <meta itemprop=\"height\" content=\"487\"> <img data-attachment-id=\"3750\" data-orig-file=\"http:\/\/songkol.com\/WordPress3\/wp-content\/uploads\/2014\/09\/AREQUIPACOUVENT-04.jpg\" data-orig-size=\"600,600\" data-comments-opened=\"1\" data-image-meta=\"{&quot;aperture&quot;:&quot;5&quot;,&quot;credit&quot;:&quot;&quot;,&quot;camera&quot;:&quot;Canon EOS 5D&quot;,&quot;caption&quot;:&quot;&quot;,&quot;created_timestamp&quot;:&quot;1410607579&quot;,&quot;copyright&quot;:&quot;&quot;,&quot;focal_length&quot;:&quot;17&quot;,&quot;iso&quot;:&quot;400&quot;,&quot;shutter_speed&quot;:&quot;0.02&quot;,&quot;title&quot;:&quot;&quot;}\" data-image-title=\"AREQUIPACOUVENT-04\" data-image-description=\"\" data-medium-file=\"https:\/\/i0.wp.com\/songkol.com\/WordPress3\/wp-content\/uploads\/2014\/09\/AREQUIPACOUVENT-04.jpg?fit=300%2C300\" data-large-file=\"https:\/\/i0.wp.com\/songkol.com\/WordPress3\/wp-content\/uploads\/2014\/09\/AREQUIPACOUVENT-04.jpg?fit=600%2C600\" src=\"https:\/\/i0.wp.com\/songkol.com\/WordPress3\/wp-content\/uploads\/2014\/09\/AREQUIPACOUVENT-04.jpg?w=487&#038;h=487&#038;crop=1\" width=\"487\" height=\"487\" data-original-width=\"487\" data-original-height=\"487\" itemprop=\"http:\/\/schema.org\/image\" title=\"AREQUIPACOUVENT-04\" alt=\"AREQUIPA \/ Couvent Santa Catalina (1580) : \u00e9tal\u00e9 sur 20.000 m2, cette citadelle dans la ville est l&#039;un des \u00e9difices religieux les plus fascinants du pays\" style=\"width: 487px; height: 487px;\" \/> <\/a> <div class=\"tiled-gallery-caption\" itemprop=\"caption description\"> AREQUIPA \/ Couvent Santa Catalina (1580) : \u00e9tal\u00e9 sur 20.000 m2, cette citadelle dans la ville est l&rsquo;un des \u00e9difices religieux les plus fascinants du pays <\/div> <\/div> <\/div> <!-- close group --> <\/div> <!-- close row --> <div class=\"gallery-row\" style=\"width: 768px; height: 386px;\" data-original-width=\"768\" data-original-height=\"386\" > <div class=\"gallery-group images-1\" style=\"width: 768px; height: 386px;\" data-original-width=\"768\" data-original-height=\"386\" > <div class=\"tiled-gallery-item tiled-gallery-item-large\" itemprop=\"associatedMedia\" itemscope itemtype=\"http:\/\/schema.org\/ImageObject\"> <a href=\"http:\/\/songkol.com\/WordPress3\/blog\/2014\/09\/15\/on-est-passe-par-arequipa\/arequipacouvent-25\/\" border=\"0\" itemprop=\"url\"> <meta itemprop=\"width\" content=\"764\"> <meta itemprop=\"height\" content=\"382\"> <img data-attachment-id=\"3769\" data-orig-file=\"http:\/\/songkol.com\/WordPress3\/wp-content\/uploads\/2014\/09\/AREQUIPACOUVENT-25.jpg\" data-orig-size=\"1200,600\" data-comments-opened=\"1\" data-image-meta=\"{&quot;aperture&quot;:&quot;10&quot;,&quot;credit&quot;:&quot;&quot;,&quot;camera&quot;:&quot;Canon EOS 5D&quot;,&quot;caption&quot;:&quot;&quot;,&quot;created_timestamp&quot;:&quot;1410611900&quot;,&quot;copyright&quot;:&quot;&quot;,&quot;focal_length&quot;:&quot;17&quot;,&quot;iso&quot;:&quot;800&quot;,&quot;shutter_speed&quot;:&quot;0.005&quot;,&quot;title&quot;:&quot;&quot;}\" data-image-title=\"AREQUIPACOUVENT-25\" data-image-description=\"\" data-medium-file=\"https:\/\/i0.wp.com\/songkol.com\/WordPress3\/wp-content\/uploads\/2014\/09\/AREQUIPACOUVENT-25.jpg?fit=300%2C150\" data-large-file=\"https:\/\/i0.wp.com\/songkol.com\/WordPress3\/wp-content\/uploads\/2014\/09\/AREQUIPACOUVENT-25.jpg?fit=768%2C384\" src=\"https:\/\/i0.wp.com\/songkol.com\/WordPress3\/wp-content\/uploads\/2014\/09\/AREQUIPACOUVENT-25.jpg?w=764&#038;h=382\" width=\"764\" height=\"382\" data-original-width=\"764\" data-original-height=\"382\" itemprop=\"http:\/\/schema.org\/image\" title=\"AREQUIPACOUVENT-25\" alt=\"AREQUIPA \/ Couvent Santa Catalina : Le cloitre des orangers porte la couleur bleue cens\u00e9e rappeler le paradis.\" style=\"width: 764px; height: 382px;\" \/> <\/a> <div class=\"tiled-gallery-caption\" itemprop=\"caption description\"> AREQUIPA \/ Couvent Santa Catalina : Le cloitre des orangers porte la couleur bleue cens\u00e9e rappeler le paradis. <\/div> <\/div> <\/div> <!-- close group --> <\/div> <!-- close row --> <div class=\"gallery-row\" style=\"width: 768px; height: 257px;\" data-original-width=\"768\" data-original-height=\"257\" > <div class=\"gallery-group images-1\" style=\"width: 257px; height: 257px;\" data-original-width=\"257\" data-original-height=\"257\" > <div class=\"tiled-gallery-item tiled-gallery-item-large\" itemprop=\"associatedMedia\" itemscope itemtype=\"http:\/\/schema.org\/ImageObject\"> <a href=\"http:\/\/songkol.com\/WordPress3\/blog\/2014\/09\/15\/on-est-passe-par-arequipa\/arequipacouvent-05\/\" border=\"0\" itemprop=\"url\"> <meta itemprop=\"width\" content=\"253\"> <meta itemprop=\"height\" content=\"253\"> <img data-attachment-id=\"3751\" data-orig-file=\"http:\/\/songkol.com\/WordPress3\/wp-content\/uploads\/2014\/09\/AREQUIPACOUVENT-05.jpg\" data-orig-size=\"600,600\" data-comments-opened=\"1\" data-image-meta=\"{&quot;aperture&quot;:&quot;7.1&quot;,&quot;credit&quot;:&quot;&quot;,&quot;camera&quot;:&quot;Canon EOS 5D&quot;,&quot;caption&quot;:&quot;&quot;,&quot;created_timestamp&quot;:&quot;1410607599&quot;,&quot;copyright&quot;:&quot;&quot;,&quot;focal_length&quot;:&quot;17&quot;,&quot;iso&quot;:&quot;400&quot;,&quot;shutter_speed&quot;:&quot;0.01&quot;,&quot;title&quot;:&quot;&quot;}\" data-image-title=\"AREQUIPACOUVENT-05\" data-image-description=\"\" data-medium-file=\"https:\/\/i0.wp.com\/songkol.com\/WordPress3\/wp-content\/uploads\/2014\/09\/AREQUIPACOUVENT-05.jpg?fit=300%2C300\" data-large-file=\"https:\/\/i0.wp.com\/songkol.com\/WordPress3\/wp-content\/uploads\/2014\/09\/AREQUIPACOUVENT-05.jpg?fit=600%2C600\" src=\"https:\/\/i0.wp.com\/songkol.com\/WordPress3\/wp-content\/uploads\/2014\/09\/AREQUIPACOUVENT-05.jpg?w=253&#038;h=253&#038;crop=1\" width=\"253\" height=\"253\" data-original-width=\"253\" data-original-height=\"253\" itemprop=\"http:\/\/schema.org\/image\" title=\"AREQUIPACOUVENT-05\" alt=\"AREQUIPA \/ Couvent Santa Catalina : ici le cloitre des orangers, duquel on peut d\u00e9couvrir les cellules destin\u00e9es aux religieuses.\" style=\"width: 253px; height: 253px;\" \/> <\/a> <div class=\"tiled-gallery-caption\" itemprop=\"caption description\"> AREQUIPA \/ Couvent Santa Catalina : ici le cloitre des orangers, duquel on peut d\u00e9couvrir les cellules destin\u00e9es aux religieuses. <\/div> <\/div> <\/div> <!-- close group --> <div class=\"gallery-group images-1\" style=\"width: 511px; height: 257px;\" data-original-width=\"511\" data-original-height=\"257\" > <div class=\"tiled-gallery-item tiled-gallery-item-large\" itemprop=\"associatedMedia\" itemscope itemtype=\"http:\/\/schema.org\/ImageObject\"> <a href=\"http:\/\/songkol.com\/WordPress3\/blog\/2014\/09\/15\/on-est-passe-par-arequipa\/arequipacouvent-03\/\" border=\"0\" itemprop=\"url\"> <meta itemprop=\"width\" content=\"507\"> <meta itemprop=\"height\" content=\"253\"> <img data-attachment-id=\"3747\" data-orig-file=\"http:\/\/songkol.com\/WordPress3\/wp-content\/uploads\/2014\/09\/AREQUIPACOUVENT-03.jpg\" data-orig-size=\"1200,600\" data-comments-opened=\"1\" data-image-meta=\"{&quot;aperture&quot;:&quot;4&quot;,&quot;credit&quot;:&quot;&quot;,&quot;camera&quot;:&quot;Canon EOS 5D&quot;,&quot;caption&quot;:&quot;&quot;,&quot;created_timestamp&quot;:&quot;1410607480&quot;,&quot;copyright&quot;:&quot;&quot;,&quot;focal_length&quot;:&quot;17&quot;,&quot;iso&quot;:&quot;400&quot;,&quot;shutter_speed&quot;:&quot;0.076923076923077&quot;,&quot;title&quot;:&quot;&quot;}\" data-image-title=\"AREQUIPACOUVENT-03\" data-image-description=\"\" data-medium-file=\"https:\/\/i0.wp.com\/songkol.com\/WordPress3\/wp-content\/uploads\/2014\/09\/AREQUIPACOUVENT-03.jpg?fit=300%2C150\" data-large-file=\"https:\/\/i0.wp.com\/songkol.com\/WordPress3\/wp-content\/uploads\/2014\/09\/AREQUIPACOUVENT-03.jpg?fit=768%2C384\" src=\"https:\/\/i0.wp.com\/songkol.com\/WordPress3\/wp-content\/uploads\/2014\/09\/AREQUIPACOUVENT-03.jpg?w=507&#038;h=253\" width=\"507\" height=\"253\" data-original-width=\"507\" data-original-height=\"253\" itemprop=\"http:\/\/schema.org\/image\" title=\"AREQUIPACOUVENT-03\" alt=\"AREQUIPA \/ Couvent Santa Catalina : cellule de religieuse\" style=\"width: 507px; height: 253px;\" \/> <\/a> <div class=\"tiled-gallery-caption\" itemprop=\"caption description\"> AREQUIPA \/ Couvent Santa Catalina : cellule de religieuse <\/div> <\/div> <\/div> <!-- close group --> <\/div> <!-- close row --> <div class=\"gallery-row\" style=\"width: 768px; height: 386px;\" data-original-width=\"768\" data-original-height=\"386\" > <div class=\"gallery-group images-1\" style=\"width: 768px; height: 386px;\" data-original-width=\"768\" data-original-height=\"386\" > <div class=\"tiled-gallery-item tiled-gallery-item-large\" itemprop=\"associatedMedia\" itemscope itemtype=\"http:\/\/schema.org\/ImageObject\"> <a href=\"http:\/\/songkol.com\/WordPress3\/blog\/2014\/09\/15\/on-est-passe-par-arequipa\/arequipacouvent-03a\/\" border=\"0\" itemprop=\"url\"> <meta itemprop=\"width\" content=\"764\"> <meta itemprop=\"height\" content=\"382\"> <img data-attachment-id=\"3748\" data-orig-file=\"http:\/\/songkol.com\/WordPress3\/wp-content\/uploads\/2014\/09\/AREQUIPACOUVENT-03a.jpg\" data-orig-size=\"1200,600\" data-comments-opened=\"1\" data-image-meta=\"{&quot;aperture&quot;:&quot;4&quot;,&quot;credit&quot;:&quot;&quot;,&quot;camera&quot;:&quot;Canon EOS 5D&quot;,&quot;caption&quot;:&quot;&quot;,&quot;created_timestamp&quot;:&quot;1410609758&quot;,&quot;copyright&quot;:&quot;&quot;,&quot;focal_length&quot;:&quot;17&quot;,&quot;iso&quot;:&quot;800&quot;,&quot;shutter_speed&quot;:&quot;0.033333333333333&quot;,&quot;title&quot;:&quot;&quot;}\" data-image-title=\"AREQUIPACOUVENT-03a\" data-image-description=\"\" data-medium-file=\"https:\/\/i0.wp.com\/songkol.com\/WordPress3\/wp-content\/uploads\/2014\/09\/AREQUIPACOUVENT-03a.jpg?fit=300%2C150\" data-large-file=\"https:\/\/i0.wp.com\/songkol.com\/WordPress3\/wp-content\/uploads\/2014\/09\/AREQUIPACOUVENT-03a.jpg?fit=768%2C384\" src=\"https:\/\/i0.wp.com\/songkol.com\/WordPress3\/wp-content\/uploads\/2014\/09\/AREQUIPACOUVENT-03a.jpg?w=764&#038;h=382\" width=\"764\" height=\"382\" data-original-width=\"764\" data-original-height=\"382\" itemprop=\"http:\/\/schema.org\/image\" title=\"AREQUIPACOUVENT-03a\" alt=\"AREQUIPA \/ Couvent Santa Catalina : cellule de religieuse\" style=\"width: 764px; height: 382px;\" \/> <\/a> <div class=\"tiled-gallery-caption\" itemprop=\"caption description\"> AREQUIPA \/ Couvent Santa Catalina : cellule de religieuse <\/div> <\/div> <\/div> <!-- close group --> <\/div> <!-- close row --> <div class=\"gallery-row\" style=\"width: 768px; height: 257px;\" data-original-width=\"768\" data-original-height=\"257\" > <div class=\"gallery-group images-1\" style=\"width: 257px; height: 257px;\" data-original-width=\"257\" data-original-height=\"257\" > <div class=\"tiled-gallery-item tiled-gallery-item-large\" itemprop=\"associatedMedia\" itemscope itemtype=\"http:\/\/schema.org\/ImageObject\"> <a href=\"http:\/\/songkol.com\/WordPress3\/blog\/2014\/09\/15\/on-est-passe-par-arequipa\/arequipacouvent-03b\/\" border=\"0\" itemprop=\"url\"> <meta itemprop=\"width\" content=\"253\"> <meta itemprop=\"height\" content=\"253\"> <img data-attachment-id=\"3749\" data-orig-file=\"http:\/\/songkol.com\/WordPress3\/wp-content\/uploads\/2014\/09\/AREQUIPACOUVENT-03b.jpg\" data-orig-size=\"600,600\" data-comments-opened=\"1\" data-image-meta=\"{&quot;aperture&quot;:&quot;4&quot;,&quot;credit&quot;:&quot;&quot;,&quot;camera&quot;:&quot;Canon EOS 5D&quot;,&quot;caption&quot;:&quot;&quot;,&quot;created_timestamp&quot;:&quot;1410607753&quot;,&quot;copyright&quot;:&quot;&quot;,&quot;focal_length&quot;:&quot;25&quot;,&quot;iso&quot;:&quot;400&quot;,&quot;shutter_speed&quot;:&quot;0.076923076923077&quot;,&quot;title&quot;:&quot;&quot;}\" data-image-title=\"AREQUIPACOUVENT-03b\" data-image-description=\"\" data-medium-file=\"https:\/\/i0.wp.com\/songkol.com\/WordPress3\/wp-content\/uploads\/2014\/09\/AREQUIPACOUVENT-03b.jpg?fit=300%2C300\" data-large-file=\"https:\/\/i0.wp.com\/songkol.com\/WordPress3\/wp-content\/uploads\/2014\/09\/AREQUIPACOUVENT-03b.jpg?fit=600%2C600\" src=\"https:\/\/i0.wp.com\/songkol.com\/WordPress3\/wp-content\/uploads\/2014\/09\/AREQUIPACOUVENT-03b.jpg?w=253&#038;h=253&#038;crop=1\" width=\"253\" height=\"253\" data-original-width=\"253\" data-original-height=\"253\" itemprop=\"http:\/\/schema.org\/image\" title=\"AREQUIPACOUVENT-03b\" alt=\"AREQUIPA \/ Couvent Santa Catalina : chambre mortuaire o\u00f9 les religieuses d\u00e9c\u00e9d\u00e9es \u00e9taient veill\u00e9es pendant un jour une nuit.\" style=\"width: 253px; height: 253px;\" \/> <\/a> <div class=\"tiled-gallery-caption\" itemprop=\"caption description\"> AREQUIPA \/ Couvent Santa Catalina : chambre mortuaire o\u00f9 les religieuses d\u00e9c\u00e9d\u00e9es \u00e9taient veill\u00e9es pendant un jour une nuit. <\/div> <\/div> <\/div> <!-- close group --> <div class=\"gallery-group images-1\" style=\"width: 511px; height: 257px;\" data-original-width=\"511\" data-original-height=\"257\" > <div class=\"tiled-gallery-item tiled-gallery-item-large\" itemprop=\"associatedMedia\" itemscope itemtype=\"http:\/\/schema.org\/ImageObject\"> <a href=\"http:\/\/songkol.com\/WordPress3\/blog\/2014\/09\/15\/on-est-passe-par-arequipa\/arequipacouvent-01\/\" border=\"0\" itemprop=\"url\"> <meta itemprop=\"width\" content=\"507\"> <meta itemprop=\"height\" content=\"253\"> <img data-attachment-id=\"3746\" data-orig-file=\"http:\/\/songkol.com\/WordPress3\/wp-content\/uploads\/2014\/09\/AREQUIPACOUVENT-01.jpg\" data-orig-size=\"1200,600\" data-comments-opened=\"1\" data-image-meta=\"{&quot;aperture&quot;:&quot;9&quot;,&quot;credit&quot;:&quot;&quot;,&quot;camera&quot;:&quot;Canon EOS 5D&quot;,&quot;caption&quot;:&quot;&quot;,&quot;created_timestamp&quot;:&quot;1410607044&quot;,&quot;copyright&quot;:&quot;&quot;,&quot;focal_length&quot;:&quot;40&quot;,&quot;iso&quot;:&quot;400&quot;,&quot;shutter_speed&quot;:&quot;0.00625&quot;,&quot;title&quot;:&quot;&quot;}\" data-image-title=\"AREQUIPACOUVENT-01\" data-image-description=\"\" data-medium-file=\"https:\/\/i0.wp.com\/songkol.com\/WordPress3\/wp-content\/uploads\/2014\/09\/AREQUIPACOUVENT-01.jpg?fit=300%2C150\" data-large-file=\"https:\/\/i0.wp.com\/songkol.com\/WordPress3\/wp-content\/uploads\/2014\/09\/AREQUIPACOUVENT-01.jpg?fit=768%2C384\" src=\"https:\/\/i0.wp.com\/songkol.com\/WordPress3\/wp-content\/uploads\/2014\/09\/AREQUIPACOUVENT-01.jpg?w=507&#038;h=253\" width=\"507\" height=\"253\" data-original-width=\"507\" data-original-height=\"253\" itemprop=\"http:\/\/schema.org\/image\" title=\"AREQUIPACOUVENT-01\" alt=\"AREQUIPA \/ Les soeurs du couvent Santa Catalina\" style=\"width: 507px; height: 253px;\" \/> <\/a> <div class=\"tiled-gallery-caption\" itemprop=\"caption description\"> AREQUIPA \/ Les soeurs du couvent Santa Catalina <\/div> <\/div> <\/div> <!-- close group --> <\/div> <!-- close row --> <div class=\"gallery-row\" style=\"width: 768px; height: 386px;\" data-original-width=\"768\" data-original-height=\"386\" > <div class=\"gallery-group images-1\" style=\"width: 768px; height: 386px;\" data-original-width=\"768\" data-original-height=\"386\" > <div class=\"tiled-gallery-item tiled-gallery-item-large\" itemprop=\"associatedMedia\" itemscope itemtype=\"http:\/\/schema.org\/ImageObject\"> <a href=\"http:\/\/songkol.com\/WordPress3\/blog\/2014\/09\/15\/on-est-passe-par-arequipa\/arequipacouvent-08\/\" border=\"0\" itemprop=\"url\"> <meta itemprop=\"width\" content=\"764\"> <meta itemprop=\"height\" content=\"382\"> <img data-attachment-id=\"3753\" data-orig-file=\"http:\/\/songkol.com\/WordPress3\/wp-content\/uploads\/2014\/09\/AREQUIPACOUVENT-08.jpg\" data-orig-size=\"1200,600\" data-comments-opened=\"1\" data-image-meta=\"{&quot;aperture&quot;:&quot;11&quot;,&quot;credit&quot;:&quot;&quot;,&quot;camera&quot;:&quot;Canon EOS 5D&quot;,&quot;caption&quot;:&quot;&quot;,&quot;created_timestamp&quot;:&quot;1410607807&quot;,&quot;copyright&quot;:&quot;&quot;,&quot;focal_length&quot;:&quot;17&quot;,&quot;iso&quot;:&quot;400&quot;,&quot;shutter_speed&quot;:&quot;0.004&quot;,&quot;title&quot;:&quot;&quot;}\" data-image-title=\"AREQUIPACOUVENT-08\" data-image-description=\"\" data-medium-file=\"https:\/\/i0.wp.com\/songkol.com\/WordPress3\/wp-content\/uploads\/2014\/09\/AREQUIPACOUVENT-08.jpg?fit=300%2C150\" data-large-file=\"https:\/\/i0.wp.com\/songkol.com\/WordPress3\/wp-content\/uploads\/2014\/09\/AREQUIPACOUVENT-08.jpg?fit=768%2C384\" src=\"https:\/\/i0.wp.com\/songkol.com\/WordPress3\/wp-content\/uploads\/2014\/09\/AREQUIPACOUVENT-08.jpg?w=764&#038;h=382\" width=\"764\" height=\"382\" data-original-width=\"764\" data-original-height=\"382\" itemprop=\"http:\/\/schema.org\/image\" title=\"AREQUIPACOUVENT-08\" alt=\"AREQUIPA \/ Couvent Santa Catalina : si le bleu rappelle le paradis, j&#039;imagine que le rouge doit faire r\u00e9f\u00e9rence \u00e0 l&#039;enfer. Pas de r\u00e9ponse de la guide\u2026 :-)\" style=\"width: 764px; height: 382px;\" \/> <\/a> <div class=\"tiled-gallery-caption\" itemprop=\"caption description\"> AREQUIPA \/ Couvent Santa Catalina : si le bleu rappelle le paradis, j&rsquo;imagine que le rouge doit faire r\u00e9f\u00e9rence \u00e0 l&rsquo;enfer. Pas de r\u00e9ponse de la guide\u2026 \ud83d\ude42 <\/div> <\/div> <\/div> <!-- close group --> <\/div> <!-- close row --> <div class=\"gallery-row\" style=\"width: 768px; height: 193px;\" data-original-width=\"768\" data-original-height=\"193\" > <div class=\"gallery-group images-1\" style=\"width: 193px; height: 193px;\" data-original-width=\"193\" data-original-height=\"193\" > <div class=\"tiled-gallery-item tiled-gallery-item-small\" itemprop=\"associatedMedia\" itemscope itemtype=\"http:\/\/schema.org\/ImageObject\"> <a href=\"http:\/\/songkol.com\/WordPress3\/blog\/2014\/09\/15\/on-est-passe-par-arequipa\/arequipacouvent-23\/\" border=\"0\" itemprop=\"url\"> <meta itemprop=\"width\" content=\"189\"> <meta itemprop=\"height\" content=\"189\"> <img data-attachment-id=\"3767\" data-orig-file=\"http:\/\/songkol.com\/WordPress3\/wp-content\/uploads\/2014\/09\/AREQUIPACOUVENT-23.jpg\" data-orig-size=\"600,600\" data-comments-opened=\"1\" data-image-meta=\"{&quot;aperture&quot;:&quot;7.1&quot;,&quot;credit&quot;:&quot;&quot;,&quot;camera&quot;:&quot;Canon EOS 5D&quot;,&quot;caption&quot;:&quot;&quot;,&quot;created_timestamp&quot;:&quot;1410611330&quot;,&quot;copyright&quot;:&quot;&quot;,&quot;focal_length&quot;:&quot;17&quot;,&quot;iso&quot;:&quot;800&quot;,&quot;shutter_speed&quot;:&quot;0.01&quot;,&quot;title&quot;:&quot;&quot;}\" data-image-title=\"AREQUIPACOUVENT-23\" data-image-description=\"\" data-medium-file=\"https:\/\/i0.wp.com\/songkol.com\/WordPress3\/wp-content\/uploads\/2014\/09\/AREQUIPACOUVENT-23.jpg?fit=300%2C300\" data-large-file=\"https:\/\/i0.wp.com\/songkol.com\/WordPress3\/wp-content\/uploads\/2014\/09\/AREQUIPACOUVENT-23.jpg?fit=600%2C600\" src=\"https:\/\/i0.wp.com\/songkol.com\/WordPress3\/wp-content\/uploads\/2014\/09\/AREQUIPACOUVENT-23.jpg?w=189&#038;h=189&#038;crop=1\" width=\"189\" height=\"189\" data-original-width=\"189\" data-original-height=\"189\" itemprop=\"http:\/\/schema.org\/image\" title=\"AREQUIPACOUVENT-23\" alt=\"AREQUIPA \/ Couvent Santa Catalina :\" style=\"width: 189px; height: 189px;\" \/> <\/a> <div class=\"tiled-gallery-caption\" itemprop=\"caption description\"> AREQUIPA \/ Couvent Santa Catalina : <\/div> <\/div> <\/div> <!-- close group --> <div class=\"gallery-group images-1\" style=\"width: 382px; height: 193px;\" data-original-width=\"382\" data-original-height=\"193\" > <div class=\"tiled-gallery-item tiled-gallery-item-large\" itemprop=\"associatedMedia\" itemscope itemtype=\"http:\/\/schema.org\/ImageObject\"> <a href=\"http:\/\/songkol.com\/WordPress3\/blog\/2014\/09\/15\/on-est-passe-par-arequipa\/arequipacouvent-09\/\" border=\"0\" itemprop=\"url\"> <meta itemprop=\"width\" content=\"378\"> <meta itemprop=\"height\" content=\"189\"> <img data-attachment-id=\"3754\" data-orig-file=\"http:\/\/songkol.com\/WordPress3\/wp-content\/uploads\/2014\/09\/AREQUIPACOUVENT-09.jpg\" data-orig-size=\"1200,600\" data-comments-opened=\"1\" data-image-meta=\"{&quot;aperture&quot;:&quot;14&quot;,&quot;credit&quot;:&quot;&quot;,&quot;camera&quot;:&quot;Canon EOS 5D&quot;,&quot;caption&quot;:&quot;&quot;,&quot;created_timestamp&quot;:&quot;1410608820&quot;,&quot;copyright&quot;:&quot;&quot;,&quot;focal_length&quot;:&quot;17&quot;,&quot;iso&quot;:&quot;400&quot;,&quot;shutter_speed&quot;:&quot;0.002&quot;,&quot;title&quot;:&quot;&quot;}\" data-image-title=\"AREQUIPACOUVENT-09\" data-image-description=\"\" data-medium-file=\"https:\/\/i0.wp.com\/songkol.com\/WordPress3\/wp-content\/uploads\/2014\/09\/AREQUIPACOUVENT-09.jpg?fit=300%2C150\" data-large-file=\"https:\/\/i0.wp.com\/songkol.com\/WordPress3\/wp-content\/uploads\/2014\/09\/AREQUIPACOUVENT-09.jpg?fit=768%2C384\" src=\"https:\/\/i0.wp.com\/songkol.com\/WordPress3\/wp-content\/uploads\/2014\/09\/AREQUIPACOUVENT-09.jpg?w=378&#038;h=189\" width=\"378\" height=\"189\" data-original-width=\"378\" data-original-height=\"189\" itemprop=\"http:\/\/schema.org\/image\" title=\"AREQUIPACOUVENT-09\" alt=\"AREQUIPA \/ Couvent Santa Catalina : rue de Cordoue comportant des construction du XVIIe si\u00e8cle\" style=\"width: 378px; height: 189px;\" \/> <\/a> <div class=\"tiled-gallery-caption\" itemprop=\"caption description\"> AREQUIPA \/ Couvent Santa Catalina : rue de Cordoue comportant des construction du XVIIe si\u00e8cle <\/div> <\/div> <\/div> <!-- close group --> <div class=\"gallery-group images-1\" style=\"width: 193px; height: 193px;\" data-original-width=\"193\" data-original-height=\"193\" > <div class=\"tiled-gallery-item tiled-gallery-item-small\" itemprop=\"associatedMedia\" itemscope itemtype=\"http:\/\/schema.org\/ImageObject\"> <a href=\"http:\/\/songkol.com\/WordPress3\/blog\/2014\/09\/15\/on-est-passe-par-arequipa\/arequipacouvent-10\/\" border=\"0\" itemprop=\"url\"> <meta itemprop=\"width\" content=\"189\"> <meta itemprop=\"height\" content=\"189\"> <img data-attachment-id=\"3755\" data-orig-file=\"http:\/\/songkol.com\/WordPress3\/wp-content\/uploads\/2014\/09\/AREQUIPACOUVENT-10.jpg\" data-orig-size=\"600,600\" data-comments-opened=\"1\" data-image-meta=\"{&quot;aperture&quot;:&quot;10&quot;,&quot;credit&quot;:&quot;&quot;,&quot;camera&quot;:&quot;Canon EOS 5D&quot;,&quot;caption&quot;:&quot;&quot;,&quot;created_timestamp&quot;:&quot;1410608997&quot;,&quot;copyright&quot;:&quot;&quot;,&quot;focal_length&quot;:&quot;17&quot;,&quot;iso&quot;:&quot;400&quot;,&quot;shutter_speed&quot;:&quot;0.005&quot;,&quot;title&quot;:&quot;&quot;}\" data-image-title=\"AREQUIPACOUVENT-10\" data-image-description=\"\" data-medium-file=\"https:\/\/i0.wp.com\/songkol.com\/WordPress3\/wp-content\/uploads\/2014\/09\/AREQUIPACOUVENT-10.jpg?fit=300%2C300\" data-large-file=\"https:\/\/i0.wp.com\/songkol.com\/WordPress3\/wp-content\/uploads\/2014\/09\/AREQUIPACOUVENT-10.jpg?fit=600%2C600\" src=\"https:\/\/i0.wp.com\/songkol.com\/WordPress3\/wp-content\/uploads\/2014\/09\/AREQUIPACOUVENT-10.jpg?w=189&#038;h=189&#038;crop=1\" width=\"189\" height=\"189\" data-original-width=\"189\" data-original-height=\"189\" itemprop=\"http:\/\/schema.org\/image\" title=\"AREQUIPACOUVENT-10\" alt=\"AREQUIPA \/ Couvent Santa Catalina :\" style=\"width: 189px; height: 189px;\" \/> <\/a> <div class=\"tiled-gallery-caption\" itemprop=\"caption description\"> AREQUIPA \/ Couvent Santa Catalina : <\/div> <\/div> <\/div> <!-- close group --> <\/div> <!-- close row --> <div class=\"gallery-row\" style=\"width: 768px; height: 257px;\" data-original-width=\"768\" data-original-height=\"257\" > <div class=\"gallery-group images-1\" style=\"width: 257px; height: 257px;\" data-original-width=\"257\" data-original-height=\"257\" > <div class=\"tiled-gallery-item tiled-gallery-item-large\" itemprop=\"associatedMedia\" itemscope itemtype=\"http:\/\/schema.org\/ImageObject\"> <a href=\"http:\/\/songkol.com\/WordPress3\/blog\/2014\/09\/15\/on-est-passe-par-arequipa\/arequipacouvent-11\/\" border=\"0\" itemprop=\"url\"> <meta itemprop=\"width\" content=\"253\"> <meta itemprop=\"height\" content=\"253\"> <img data-attachment-id=\"3756\" data-orig-file=\"http:\/\/songkol.com\/WordPress3\/wp-content\/uploads\/2014\/09\/AREQUIPACOUVENT-11.jpg\" data-orig-size=\"600,600\" data-comments-opened=\"1\" data-image-meta=\"{&quot;aperture&quot;:&quot;4&quot;,&quot;credit&quot;:&quot;&quot;,&quot;camera&quot;:&quot;Canon EOS 5D&quot;,&quot;caption&quot;:&quot;&quot;,&quot;created_timestamp&quot;:&quot;1410609079&quot;,&quot;copyright&quot;:&quot;&quot;,&quot;focal_length&quot;:&quot;17&quot;,&quot;iso&quot;:&quot;400&quot;,&quot;shutter_speed&quot;:&quot;0.033333333333333&quot;,&quot;title&quot;:&quot;&quot;}\" data-image-title=\"AREQUIPACOUVENT-11\" data-image-description=\"\" data-medium-file=\"https:\/\/i0.wp.com\/songkol.com\/WordPress3\/wp-content\/uploads\/2014\/09\/AREQUIPACOUVENT-11.jpg?fit=300%2C300\" data-large-file=\"https:\/\/i0.wp.com\/songkol.com\/WordPress3\/wp-content\/uploads\/2014\/09\/AREQUIPACOUVENT-11.jpg?fit=600%2C600\" src=\"https:\/\/i0.wp.com\/songkol.com\/WordPress3\/wp-content\/uploads\/2014\/09\/AREQUIPACOUVENT-11.jpg?w=253&#038;h=253&#038;crop=1\" width=\"253\" height=\"253\" data-original-width=\"253\" data-original-height=\"253\" itemprop=\"http:\/\/schema.org\/image\" title=\"AREQUIPACOUVENT-11\" alt=\"AREQUIPA \/ Couvent Santa Catalina :\" style=\"width: 253px; height: 253px;\" \/> <\/a> <div class=\"tiled-gallery-caption\" itemprop=\"caption description\"> AREQUIPA \/ Couvent Santa Catalina : <\/div> <\/div> <\/div> <!-- close group --> <div class=\"gallery-group images-1\" style=\"width: 511px; height: 257px;\" data-original-width=\"511\" data-original-height=\"257\" > <div class=\"tiled-gallery-item tiled-gallery-item-large\" itemprop=\"associatedMedia\" itemscope itemtype=\"http:\/\/schema.org\/ImageObject\"> <a href=\"http:\/\/songkol.com\/WordPress3\/blog\/2014\/09\/15\/on-est-passe-par-arequipa\/arequipacouvent-12\/\" border=\"0\" itemprop=\"url\"> <meta itemprop=\"width\" content=\"507\"> <meta itemprop=\"height\" content=\"253\"> <img data-attachment-id=\"3757\" data-orig-file=\"http:\/\/songkol.com\/WordPress3\/wp-content\/uploads\/2014\/09\/AREQUIPACOUVENT-12.jpg\" data-orig-size=\"1200,600\" data-comments-opened=\"1\" data-image-meta=\"{&quot;aperture&quot;:&quot;13&quot;,&quot;credit&quot;:&quot;&quot;,&quot;camera&quot;:&quot;Canon EOS 5D&quot;,&quot;caption&quot;:&quot;&quot;,&quot;created_timestamp&quot;:&quot;1410609511&quot;,&quot;copyright&quot;:&quot;&quot;,&quot;focal_length&quot;:&quot;17&quot;,&quot;iso&quot;:&quot;400&quot;,&quot;shutter_speed&quot;:&quot;0.003125&quot;,&quot;title&quot;:&quot;&quot;}\" data-image-title=\"AREQUIPACOUVENT-12\" data-image-description=\"\" data-medium-file=\"https:\/\/i0.wp.com\/songkol.com\/WordPress3\/wp-content\/uploads\/2014\/09\/AREQUIPACOUVENT-12.jpg?fit=300%2C150\" data-large-file=\"https:\/\/i0.wp.com\/songkol.com\/WordPress3\/wp-content\/uploads\/2014\/09\/AREQUIPACOUVENT-12.jpg?fit=768%2C384\" src=\"https:\/\/i0.wp.com\/songkol.com\/WordPress3\/wp-content\/uploads\/2014\/09\/AREQUIPACOUVENT-12.jpg?w=507&#038;h=253\" width=\"507\" height=\"253\" data-original-width=\"507\" data-original-height=\"253\" itemprop=\"http:\/\/schema.org\/image\" title=\"AREQUIPACOUVENT-12\" alt=\"AREQUIPA \/ Couvent Santa Catalina : lavoir constitu\u00e9 d&#039;une vingtaine de cruches coup\u00e9es en deux qui servaient de bac pour laver le linge. Un syst\u00e8me de canalisation permet la circulation de l&#039;eau.\" style=\"width: 507px; height: 253px;\" \/> <\/a> <div class=\"tiled-gallery-caption\" itemprop=\"caption description\"> AREQUIPA \/ Couvent Santa Catalina : lavoir constitu\u00e9 d&rsquo;une vingtaine de cruches coup\u00e9es en deux qui servaient de bac pour laver le linge. Un syst\u00e8me de canalisation permet la circulation de l&rsquo;eau. <\/div> <\/div> <\/div> <!-- close group --> <\/div> <!-- close row --> <div class=\"gallery-row\" style=\"width: 768px; height: 460px;\" data-original-width=\"768\" data-original-height=\"460\" > <div class=\"gallery-group images-1\" style=\"width: 308px; height: 460px;\" data-original-width=\"308\" data-original-height=\"460\" > <div class=\"tiled-gallery-item tiled-gallery-item-large\" itemprop=\"associatedMedia\" itemscope itemtype=\"http:\/\/schema.org\/ImageObject\"> <a href=\"http:\/\/songkol.com\/WordPress3\/blog\/2014\/09\/15\/on-est-passe-par-arequipa\/arequipacouvent-13\/\" border=\"0\" itemprop=\"url\"> <meta itemprop=\"width\" content=\"304\"> <meta itemprop=\"height\" content=\"456\"> <img data-attachment-id=\"3758\" data-orig-file=\"http:\/\/songkol.com\/WordPress3\/wp-content\/uploads\/2014\/09\/AREQUIPACOUVENT-13.jpg\" data-orig-size=\"400,600\" data-comments-opened=\"1\" data-image-meta=\"{&quot;aperture&quot;:&quot;13&quot;,&quot;credit&quot;:&quot;&quot;,&quot;camera&quot;:&quot;Canon EOS 5D&quot;,&quot;caption&quot;:&quot;&quot;,&quot;created_timestamp&quot;:&quot;1410609559&quot;,&quot;copyright&quot;:&quot;&quot;,&quot;focal_length&quot;:&quot;17&quot;,&quot;iso&quot;:&quot;400&quot;,&quot;shutter_speed&quot;:&quot;0.0025&quot;,&quot;title&quot;:&quot;&quot;}\" data-image-title=\"AREQUIPACOUVENT-13\" data-image-description=\"\" data-medium-file=\"https:\/\/i0.wp.com\/songkol.com\/WordPress3\/wp-content\/uploads\/2014\/09\/AREQUIPACOUVENT-13.jpg?fit=200%2C300\" data-large-file=\"https:\/\/i0.wp.com\/songkol.com\/WordPress3\/wp-content\/uploads\/2014\/09\/AREQUIPACOUVENT-13.jpg?fit=400%2C600\" src=\"https:\/\/i0.wp.com\/songkol.com\/WordPress3\/wp-content\/uploads\/2014\/09\/AREQUIPACOUVENT-13.jpg?w=304&#038;h=456\" width=\"304\" height=\"456\" data-original-width=\"304\" data-original-height=\"456\" itemprop=\"http:\/\/schema.org\/image\" title=\"AREQUIPACOUVENT-13\" alt=\"AREQUIPA \/ Couvent Santa Catalina :\" style=\"width: 304px; height: 456px;\" \/> <\/a> <div class=\"tiled-gallery-caption\" itemprop=\"caption description\"> AREQUIPA \/ Couvent Santa Catalina : <\/div> <\/div> <\/div> <!-- close group --> <div class=\"gallery-group images-1\" style=\"width: 460px; height: 460px;\" data-original-width=\"460\" data-original-height=\"460\" > <div class=\"tiled-gallery-item tiled-gallery-item-large\" itemprop=\"associatedMedia\" itemscope itemtype=\"http:\/\/schema.org\/ImageObject\"> <a href=\"http:\/\/songkol.com\/WordPress3\/blog\/2014\/09\/15\/on-est-passe-par-arequipa\/arequipacouvent-15\/\" border=\"0\" itemprop=\"url\"> <meta itemprop=\"width\" content=\"456\"> <meta itemprop=\"height\" content=\"456\"> <img data-attachment-id=\"3759\" data-orig-file=\"http:\/\/songkol.com\/WordPress3\/wp-content\/uploads\/2014\/09\/AREQUIPACOUVENT-15.jpg\" data-orig-size=\"600,600\" data-comments-opened=\"1\" data-image-meta=\"{&quot;aperture&quot;:&quot;4&quot;,&quot;credit&quot;:&quot;&quot;,&quot;camera&quot;:&quot;Canon EOS 5D&quot;,&quot;caption&quot;:&quot;&quot;,&quot;created_timestamp&quot;:&quot;1410610085&quot;,&quot;copyright&quot;:&quot;&quot;,&quot;focal_length&quot;:&quot;40&quot;,&quot;iso&quot;:&quot;800&quot;,&quot;shutter_speed&quot;:&quot;0.05&quot;,&quot;title&quot;:&quot;&quot;}\" data-image-title=\"AREQUIPACOUVENT-15\" data-image-description=\"\" data-medium-file=\"https:\/\/i0.wp.com\/songkol.com\/WordPress3\/wp-content\/uploads\/2014\/09\/AREQUIPACOUVENT-15.jpg?fit=300%2C300\" data-large-file=\"https:\/\/i0.wp.com\/songkol.com\/WordPress3\/wp-content\/uploads\/2014\/09\/AREQUIPACOUVENT-15.jpg?fit=600%2C600\" src=\"https:\/\/i0.wp.com\/songkol.com\/WordPress3\/wp-content\/uploads\/2014\/09\/AREQUIPACOUVENT-15.jpg?w=456&#038;h=456&#038;crop=1\" width=\"456\" height=\"456\" data-original-width=\"456\" data-original-height=\"456\" itemprop=\"http:\/\/schema.org\/image\" title=\"AREQUIPACOUVENT-15\" alt=\"AREQUIPA \/ Couvent Santa Catalina :\" style=\"width: 456px; height: 456px;\" \/> <\/a> <div class=\"tiled-gallery-caption\" itemprop=\"caption description\"> AREQUIPA \/ Couvent Santa Catalina : <\/div> <\/div> <\/div> <!-- close group --> <\/div> <!-- close row --> <div class=\"gallery-row\" style=\"width: 768px; height: 386px;\" data-original-width=\"768\" data-original-height=\"386\" > <div class=\"gallery-group images-1\" style=\"width: 768px; height: 386px;\" data-original-width=\"768\" data-original-height=\"386\" > <div class=\"tiled-gallery-item tiled-gallery-item-large\" itemprop=\"associatedMedia\" itemscope itemtype=\"http:\/\/schema.org\/ImageObject\"> <a href=\"http:\/\/songkol.com\/WordPress3\/blog\/2014\/09\/15\/on-est-passe-par-arequipa\/arequipacouvent-16\/\" border=\"0\" itemprop=\"url\"> <meta itemprop=\"width\" content=\"764\"> <meta itemprop=\"height\" content=\"382\"> <img data-attachment-id=\"3760\" data-orig-file=\"http:\/\/songkol.com\/WordPress3\/wp-content\/uploads\/2014\/09\/AREQUIPACOUVENT-16.jpg\" data-orig-size=\"1200,600\" data-comments-opened=\"1\" data-image-meta=\"{&quot;aperture&quot;:&quot;4&quot;,&quot;credit&quot;:&quot;&quot;,&quot;camera&quot;:&quot;Canon EOS 5D&quot;,&quot;caption&quot;:&quot;&quot;,&quot;created_timestamp&quot;:&quot;1410610100&quot;,&quot;copyright&quot;:&quot;&quot;,&quot;focal_length&quot;:&quot;17&quot;,&quot;iso&quot;:&quot;800&quot;,&quot;shutter_speed&quot;:&quot;0.2&quot;,&quot;title&quot;:&quot;&quot;}\" data-image-title=\"AREQUIPACOUVENT-16\" data-image-description=\"\" data-medium-file=\"https:\/\/i0.wp.com\/songkol.com\/WordPress3\/wp-content\/uploads\/2014\/09\/AREQUIPACOUVENT-16.jpg?fit=300%2C150\" data-large-file=\"https:\/\/i0.wp.com\/songkol.com\/WordPress3\/wp-content\/uploads\/2014\/09\/AREQUIPACOUVENT-16.jpg?fit=768%2C384\" src=\"https:\/\/i0.wp.com\/songkol.com\/WordPress3\/wp-content\/uploads\/2014\/09\/AREQUIPACOUVENT-16.jpg?w=764&#038;h=382\" width=\"764\" height=\"382\" data-original-width=\"764\" data-original-height=\"382\" itemprop=\"http:\/\/schema.org\/image\" title=\"AREQUIPACOUVENT-16\" alt=\"AREQUIPA \/ Couvent Santa Catalina : cette construction du XIIe si\u00e8cle fut la premi\u00e8re chapelle du couvent. A partir de 1871 elle devint la cuisine de la communaut\u00e9\" style=\"width: 764px; height: 382px;\" \/> <\/a> <div class=\"tiled-gallery-caption\" itemprop=\"caption description\"> AREQUIPA \/ Couvent Santa Catalina : cette construction du XIIe si\u00e8cle fut la premi\u00e8re chapelle du couvent. A partir de 1871 elle devint la cuisine de la communaut\u00e9 <\/div> <\/div> <\/div> <!-- close group --> <\/div> <!-- close row --> <div class=\"gallery-row\" style=\"width: 768px; height: 386px;\" data-original-width=\"768\" data-original-height=\"386\" > <div class=\"gallery-group images-1\" style=\"width: 768px; height: 386px;\" data-original-width=\"768\" data-original-height=\"386\" > <div class=\"tiled-gallery-item tiled-gallery-item-large\" itemprop=\"associatedMedia\" itemscope itemtype=\"http:\/\/schema.org\/ImageObject\"> <a href=\"http:\/\/songkol.com\/WordPress3\/blog\/2014\/09\/15\/on-est-passe-par-arequipa\/arequipacouvent-17\/\" border=\"0\" itemprop=\"url\"> <meta itemprop=\"width\" content=\"764\"> <meta itemprop=\"height\" content=\"382\"> <img data-attachment-id=\"3761\" data-orig-file=\"http:\/\/songkol.com\/WordPress3\/wp-content\/uploads\/2014\/09\/AREQUIPACOUVENT-17.jpg\" data-orig-size=\"1200,600\" data-comments-opened=\"1\" data-image-meta=\"{&quot;aperture&quot;:&quot;14&quot;,&quot;credit&quot;:&quot;&quot;,&quot;camera&quot;:&quot;Canon EOS 5D&quot;,&quot;caption&quot;:&quot;&quot;,&quot;created_timestamp&quot;:&quot;1410610339&quot;,&quot;copyright&quot;:&quot;&quot;,&quot;focal_length&quot;:&quot;17&quot;,&quot;iso&quot;:&quot;800&quot;,&quot;shutter_speed&quot;:&quot;0.0025&quot;,&quot;title&quot;:&quot;&quot;}\" data-image-title=\"AREQUIPACOUVENT-17\" data-image-description=\"\" data-medium-file=\"https:\/\/i0.wp.com\/songkol.com\/WordPress3\/wp-content\/uploads\/2014\/09\/AREQUIPACOUVENT-17.jpg?fit=300%2C150\" data-large-file=\"https:\/\/i0.wp.com\/songkol.com\/WordPress3\/wp-content\/uploads\/2014\/09\/AREQUIPACOUVENT-17.jpg?fit=768%2C384\" src=\"https:\/\/i0.wp.com\/songkol.com\/WordPress3\/wp-content\/uploads\/2014\/09\/AREQUIPACOUVENT-17.jpg?w=764&#038;h=382\" width=\"764\" height=\"382\" data-original-width=\"764\" data-original-height=\"382\" itemprop=\"http:\/\/schema.org\/image\" title=\"AREQUIPACOUVENT-17\" alt=\"AREQUIPA \/ Couvent Santa Catalina :\" style=\"width: 764px; height: 382px;\" \/> <\/a> <div class=\"tiled-gallery-caption\" itemprop=\"caption description\"> AREQUIPA \/ Couvent Santa Catalina : <\/div> <\/div> <\/div> <!-- close group --> <\/div> <!-- close row --> <div class=\"gallery-row\" style=\"width: 768px; height: 257px;\" data-original-width=\"768\" data-original-height=\"257\" > <div class=\"gallery-group images-1\" style=\"width: 257px; height: 257px;\" data-original-width=\"257\" data-original-height=\"257\" > <div class=\"tiled-gallery-item tiled-gallery-item-large\" itemprop=\"associatedMedia\" itemscope itemtype=\"http:\/\/schema.org\/ImageObject\"> <a href=\"http:\/\/songkol.com\/WordPress3\/blog\/2014\/09\/15\/on-est-passe-par-arequipa\/arequipacouvent-18\/\" border=\"0\" itemprop=\"url\"> <meta itemprop=\"width\" content=\"253\"> <meta itemprop=\"height\" content=\"253\"> <img data-attachment-id=\"3762\" data-orig-file=\"http:\/\/songkol.com\/WordPress3\/wp-content\/uploads\/2014\/09\/AREQUIPACOUVENT-18.jpg\" data-orig-size=\"600,600\" data-comments-opened=\"1\" data-image-meta=\"{&quot;aperture&quot;:&quot;7.1&quot;,&quot;credit&quot;:&quot;&quot;,&quot;camera&quot;:&quot;Canon EOS 5D&quot;,&quot;caption&quot;:&quot;&quot;,&quot;created_timestamp&quot;:&quot;1410610570&quot;,&quot;copyright&quot;:&quot;&quot;,&quot;focal_length&quot;:&quot;26&quot;,&quot;iso&quot;:&quot;800&quot;,&quot;shutter_speed&quot;:&quot;0.01&quot;,&quot;title&quot;:&quot;&quot;}\" data-image-title=\"AREQUIPACOUVENT-18\" data-image-description=\"\" data-medium-file=\"https:\/\/i0.wp.com\/songkol.com\/WordPress3\/wp-content\/uploads\/2014\/09\/AREQUIPACOUVENT-18.jpg?fit=300%2C300\" data-large-file=\"https:\/\/i0.wp.com\/songkol.com\/WordPress3\/wp-content\/uploads\/2014\/09\/AREQUIPACOUVENT-18.jpg?fit=600%2C600\" src=\"https:\/\/i0.wp.com\/songkol.com\/WordPress3\/wp-content\/uploads\/2014\/09\/AREQUIPACOUVENT-18.jpg?w=253&#038;h=253&#038;crop=1\" width=\"253\" height=\"253\" data-original-width=\"253\" data-original-height=\"253\" itemprop=\"http:\/\/schema.org\/image\" title=\"AREQUIPACOUVENT-18\" alt=\"AREQUIPA \/ Couvent Santa Catalina :\" style=\"width: 253px; height: 253px;\" \/> <\/a> <div class=\"tiled-gallery-caption\" itemprop=\"caption description\"> AREQUIPA \/ Couvent Santa Catalina : <\/div> <\/div> <\/div> <!-- close group --> <div class=\"gallery-group images-1\" style=\"width: 511px; height: 257px;\" data-original-width=\"511\" data-original-height=\"257\" > <div class=\"tiled-gallery-item tiled-gallery-item-large\" itemprop=\"associatedMedia\" itemscope itemtype=\"http:\/\/schema.org\/ImageObject\"> <a href=\"http:\/\/songkol.com\/WordPress3\/blog\/2014\/09\/15\/on-est-passe-par-arequipa\/arequipacouvent-19\/\" border=\"0\" itemprop=\"url\"> <meta itemprop=\"width\" content=\"507\"> <meta itemprop=\"height\" content=\"253\"> <img data-attachment-id=\"3763\" data-orig-file=\"http:\/\/songkol.com\/WordPress3\/wp-content\/uploads\/2014\/09\/AREQUIPACOUVENT-19.jpg\" data-orig-size=\"1200,600\" data-comments-opened=\"1\" data-image-meta=\"{&quot;aperture&quot;:&quot;9&quot;,&quot;credit&quot;:&quot;&quot;,&quot;camera&quot;:&quot;Canon EOS 5D&quot;,&quot;caption&quot;:&quot;&quot;,&quot;created_timestamp&quot;:&quot;1410610596&quot;,&quot;copyright&quot;:&quot;&quot;,&quot;focal_length&quot;:&quot;17&quot;,&quot;iso&quot;:&quot;800&quot;,&quot;shutter_speed&quot;:&quot;0.00625&quot;,&quot;title&quot;:&quot;&quot;}\" data-image-title=\"AREQUIPACOUVENT-19\" data-image-description=\"\" data-medium-file=\"https:\/\/i0.wp.com\/songkol.com\/WordPress3\/wp-content\/uploads\/2014\/09\/AREQUIPACOUVENT-19.jpg?fit=300%2C150\" data-large-file=\"https:\/\/i0.wp.com\/songkol.com\/WordPress3\/wp-content\/uploads\/2014\/09\/AREQUIPACOUVENT-19.jpg?fit=768%2C384\" src=\"https:\/\/i0.wp.com\/songkol.com\/WordPress3\/wp-content\/uploads\/2014\/09\/AREQUIPACOUVENT-19.jpg?w=507&#038;h=253\" width=\"507\" height=\"253\" data-original-width=\"507\" data-original-height=\"253\" itemprop=\"http:\/\/schema.org\/image\" title=\"AREQUIPACOUVENT-19\" alt=\"AREQUIPA \/ Couvent Santa Catalina :\" style=\"width: 507px; height: 253px;\" \/> <\/a> <div class=\"tiled-gallery-caption\" itemprop=\"caption description\"> AREQUIPA \/ Couvent Santa Catalina : <\/div> <\/div> <\/div> <!-- close group --> <\/div> <!-- close row --> <div class=\"gallery-row\" style=\"width: 768px; height: 386px;\" data-original-width=\"768\" data-original-height=\"386\" > <div class=\"gallery-group images-1\" style=\"width: 768px; height: 386px;\" data-original-width=\"768\" data-original-height=\"386\" > <div class=\"tiled-gallery-item tiled-gallery-item-large\" itemprop=\"associatedMedia\" itemscope itemtype=\"http:\/\/schema.org\/ImageObject\"> <a href=\"http:\/\/songkol.com\/WordPress3\/blog\/2014\/09\/15\/on-est-passe-par-arequipa\/arequipacouvent-20\/\" border=\"0\" itemprop=\"url\"> <meta itemprop=\"width\" content=\"764\"> <meta itemprop=\"height\" content=\"382\"> <img data-attachment-id=\"3764\" data-orig-file=\"http:\/\/songkol.com\/WordPress3\/wp-content\/uploads\/2014\/09\/AREQUIPACOUVENT-20.jpg\" data-orig-size=\"1200,600\" data-comments-opened=\"1\" data-image-meta=\"{&quot;aperture&quot;:&quot;7.1&quot;,&quot;credit&quot;:&quot;&quot;,&quot;camera&quot;:&quot;Canon EOS 5D&quot;,&quot;caption&quot;:&quot;&quot;,&quot;created_timestamp&quot;:&quot;1410610630&quot;,&quot;copyright&quot;:&quot;&quot;,&quot;focal_length&quot;:&quot;23&quot;,&quot;iso&quot;:&quot;800&quot;,&quot;shutter_speed&quot;:&quot;0.008&quot;,&quot;title&quot;:&quot;&quot;}\" data-image-title=\"AREQUIPACOUVENT-20\" data-image-description=\"\" data-medium-file=\"https:\/\/i0.wp.com\/songkol.com\/WordPress3\/wp-content\/uploads\/2014\/09\/AREQUIPACOUVENT-20.jpg?fit=300%2C150\" data-large-file=\"https:\/\/i0.wp.com\/songkol.com\/WordPress3\/wp-content\/uploads\/2014\/09\/AREQUIPACOUVENT-20.jpg?fit=768%2C384\" src=\"https:\/\/i0.wp.com\/songkol.com\/WordPress3\/wp-content\/uploads\/2014\/09\/AREQUIPACOUVENT-20.jpg?w=764&#038;h=382\" width=\"764\" height=\"382\" data-original-width=\"764\" data-original-height=\"382\" itemprop=\"http:\/\/schema.org\/image\" title=\"AREQUIPACOUVENT-20\" alt=\"AREQUIPA \/ Couvent Santa Catalina : avez-vous remarqu\u00e9 le petit diable et surtout qu&#039;un personnage ne porte pas de barbe. Pourquoi ? Une femme ?\" style=\"width: 764px; height: 382px;\" \/> <\/a> <div class=\"tiled-gallery-caption\" itemprop=\"caption description\"> AREQUIPA \/ Couvent Santa Catalina : avez-vous remarqu\u00e9 le petit diable et surtout qu&rsquo;un personnage ne porte pas de barbe. Pourquoi ? Une femme ? <\/div> <\/div> <\/div> <!-- close group --> <\/div> <!-- close row --> <div class=\"gallery-row\" style=\"width: 768px; height: 154px;\" data-original-width=\"768\" data-original-height=\"154\" > <div class=\"gallery-group images-1\" style=\"width: 305px; height: 154px;\" data-original-width=\"305\" data-original-height=\"154\" > <div class=\"tiled-gallery-item tiled-gallery-item-large\" itemprop=\"associatedMedia\" itemscope itemtype=\"http:\/\/schema.org\/ImageObject\"> <a href=\"http:\/\/songkol.com\/WordPress3\/blog\/2014\/09\/15\/on-est-passe-par-arequipa\/arequipacouvent-21\/\" border=\"0\" itemprop=\"url\"> <meta itemprop=\"width\" content=\"301\"> <meta itemprop=\"height\" content=\"150\"> <img data-attachment-id=\"3765\" data-orig-file=\"http:\/\/songkol.com\/WordPress3\/wp-content\/uploads\/2014\/09\/AREQUIPACOUVENT-21.jpg\" data-orig-size=\"1200,600\" data-comments-opened=\"1\" data-image-meta=\"{&quot;aperture&quot;:&quot;13&quot;,&quot;credit&quot;:&quot;&quot;,&quot;camera&quot;:&quot;Canon EOS 5D&quot;,&quot;caption&quot;:&quot;&quot;,&quot;created_timestamp&quot;:&quot;1410611215&quot;,&quot;copyright&quot;:&quot;&quot;,&quot;focal_length&quot;:&quot;17&quot;,&quot;iso&quot;:&quot;800&quot;,&quot;shutter_speed&quot;:&quot;0.003125&quot;,&quot;title&quot;:&quot;&quot;}\" data-image-title=\"AREQUIPACOUVENT-21\" data-image-description=\"\" data-medium-file=\"https:\/\/i0.wp.com\/songkol.com\/WordPress3\/wp-content\/uploads\/2014\/09\/AREQUIPACOUVENT-21.jpg?fit=300%2C150\" data-large-file=\"https:\/\/i0.wp.com\/songkol.com\/WordPress3\/wp-content\/uploads\/2014\/09\/AREQUIPACOUVENT-21.jpg?fit=768%2C384\" src=\"https:\/\/i0.wp.com\/songkol.com\/WordPress3\/wp-content\/uploads\/2014\/09\/AREQUIPACOUVENT-21.jpg?w=301&#038;h=150\" width=\"301\" height=\"150\" data-original-width=\"301\" data-original-height=\"150\" itemprop=\"http:\/\/schema.org\/image\" title=\"AREQUIPACOUVENT-21\" alt=\"AREQUIPA \/ Couvent Santa Catalina :\" style=\"width: 301px; height: 150px;\" \/> <\/a> <div class=\"tiled-gallery-caption\" itemprop=\"caption description\"> AREQUIPA \/ Couvent Santa Catalina : <\/div> <\/div> <\/div> <!-- close group --> <div class=\"gallery-group images-1\" style=\"width: 154px; height: 154px;\" data-original-width=\"154\" data-original-height=\"154\" > <div class=\"tiled-gallery-item tiled-gallery-item-small\" itemprop=\"associatedMedia\" itemscope itemtype=\"http:\/\/schema.org\/ImageObject\"> <a href=\"http:\/\/songkol.com\/WordPress3\/blog\/2014\/09\/15\/on-est-passe-par-arequipa\/arequipacouvent-22\/\" border=\"0\" itemprop=\"url\"> <meta itemprop=\"width\" content=\"150\"> <meta itemprop=\"height\" content=\"150\"> <img data-attachment-id=\"3766\" data-orig-file=\"http:\/\/songkol.com\/WordPress3\/wp-content\/uploads\/2014\/09\/AREQUIPACOUVENT-22.jpg\" data-orig-size=\"600,600\" data-comments-opened=\"1\" data-image-meta=\"{&quot;aperture&quot;:&quot;9&quot;,&quot;credit&quot;:&quot;&quot;,&quot;camera&quot;:&quot;Canon EOS 5D&quot;,&quot;caption&quot;:&quot;&quot;,&quot;created_timestamp&quot;:&quot;1410611308&quot;,&quot;copyright&quot;:&quot;&quot;,&quot;focal_length&quot;:&quot;27&quot;,&quot;iso&quot;:&quot;800&quot;,&quot;shutter_speed&quot;:&quot;0.00625&quot;,&quot;title&quot;:&quot;&quot;}\" data-image-title=\"AREQUIPACOUVENT-22\" data-image-description=\"\" data-medium-file=\"https:\/\/i0.wp.com\/songkol.com\/WordPress3\/wp-content\/uploads\/2014\/09\/AREQUIPACOUVENT-22.jpg?fit=300%2C300\" data-large-file=\"https:\/\/i0.wp.com\/songkol.com\/WordPress3\/wp-content\/uploads\/2014\/09\/AREQUIPACOUVENT-22.jpg?fit=600%2C600\" src=\"https:\/\/i0.wp.com\/songkol.com\/WordPress3\/wp-content\/uploads\/2014\/09\/AREQUIPACOUVENT-22.jpg?w=150&#038;h=150&#038;crop=1\" width=\"150\" height=\"150\" data-original-width=\"150\" data-original-height=\"150\" itemprop=\"http:\/\/schema.org\/image\" title=\"AREQUIPACOUVENT-22\" alt=\"AREQUIPA \/ Couvent Santa Catalina :\" style=\"width: 150px; height: 150px;\" \/> <\/a> <div class=\"tiled-gallery-caption\" itemprop=\"caption description\"> AREQUIPA \/ Couvent Santa Catalina : <\/div> <\/div> <\/div> <!-- close group --> <div class=\"gallery-group images-1\" style=\"width: 154px; height: 154px;\" data-original-width=\"154\" data-original-height=\"154\" > <div class=\"tiled-gallery-item tiled-gallery-item-small\" itemprop=\"associatedMedia\" itemscope itemtype=\"http:\/\/schema.org\/ImageObject\"> <a href=\"http:\/\/songkol.com\/WordPress3\/blog\/2014\/09\/15\/on-est-passe-par-arequipa\/arequipacouvent-24\/\" border=\"0\" itemprop=\"url\"> <meta itemprop=\"width\" content=\"150\"> <meta itemprop=\"height\" content=\"150\"> <img data-attachment-id=\"3768\" data-orig-file=\"http:\/\/songkol.com\/WordPress3\/wp-content\/uploads\/2014\/09\/AREQUIPACOUVENT-24.jpg\" data-orig-size=\"600,600\" data-comments-opened=\"1\" data-image-meta=\"{&quot;aperture&quot;:&quot;7.1&quot;,&quot;credit&quot;:&quot;&quot;,&quot;camera&quot;:&quot;Canon EOS 5D&quot;,&quot;caption&quot;:&quot;&quot;,&quot;created_timestamp&quot;:&quot;1410611344&quot;,&quot;copyright&quot;:&quot;&quot;,&quot;focal_length&quot;:&quot;40&quot;,&quot;iso&quot;:&quot;800&quot;,&quot;shutter_speed&quot;:&quot;0.01&quot;,&quot;title&quot;:&quot;&quot;}\" data-image-title=\"AREQUIPACOUVENT-24\" data-image-description=\"\" data-medium-file=\"https:\/\/i0.wp.com\/songkol.com\/WordPress3\/wp-content\/uploads\/2014\/09\/AREQUIPACOUVENT-24.jpg?fit=300%2C300\" data-large-file=\"https:\/\/i0.wp.com\/songkol.com\/WordPress3\/wp-content\/uploads\/2014\/09\/AREQUIPACOUVENT-24.jpg?fit=600%2C600\" src=\"https:\/\/i0.wp.com\/songkol.com\/WordPress3\/wp-content\/uploads\/2014\/09\/AREQUIPACOUVENT-24.jpg?w=150&#038;h=150&#038;crop=1\" width=\"150\" height=\"150\" data-original-width=\"150\" data-original-height=\"150\" itemprop=\"http:\/\/schema.org\/image\" title=\"AREQUIPACOUVENT-24\" alt=\"AREQUIPA \/ Couvent Santa Catalina :\" style=\"width: 150px; height: 150px;\" \/> <\/a> <div class=\"tiled-gallery-caption\" itemprop=\"caption description\"> AREQUIPA \/ Couvent Santa Catalina : <\/div> <\/div> <\/div> <!-- close group --> <div class=\"gallery-group images-1\" style=\"width: 155px; height: 154px;\" data-original-width=\"155\" data-original-height=\"154\" > <div class=\"tiled-gallery-item tiled-gallery-item-small\" itemprop=\"associatedMedia\" itemscope itemtype=\"http:\/\/schema.org\/ImageObject\"> <a href=\"http:\/\/songkol.com\/WordPress3\/blog\/2014\/09\/15\/on-est-passe-par-arequipa\/arequipacouvent-26\/\" border=\"0\" itemprop=\"url\"> <meta itemprop=\"width\" content=\"151\"> <meta itemprop=\"height\" content=\"150\"> <img data-attachment-id=\"3770\" data-orig-file=\"http:\/\/songkol.com\/WordPress3\/wp-content\/uploads\/2014\/09\/AREQUIPACOUVENT-26.jpg\" data-orig-size=\"600,600\" data-comments-opened=\"1\" data-image-meta=\"{&quot;aperture&quot;:&quot;14&quot;,&quot;credit&quot;:&quot;&quot;,&quot;camera&quot;:&quot;Canon EOS 5D&quot;,&quot;caption&quot;:&quot;&quot;,&quot;created_timestamp&quot;:&quot;1410611988&quot;,&quot;copyright&quot;:&quot;&quot;,&quot;focal_length&quot;:&quot;17&quot;,&quot;iso&quot;:&quot;800&quot;,&quot;shutter_speed&quot;:&quot;0.0025&quot;,&quot;title&quot;:&quot;&quot;}\" data-image-title=\"AREQUIPACOUVENT-26\" data-image-description=\"\" data-medium-file=\"https:\/\/i0.wp.com\/songkol.com\/WordPress3\/wp-content\/uploads\/2014\/09\/AREQUIPACOUVENT-26.jpg?fit=300%2C300\" data-large-file=\"https:\/\/i0.wp.com\/songkol.com\/WordPress3\/wp-content\/uploads\/2014\/09\/AREQUIPACOUVENT-26.jpg?fit=600%2C600\" src=\"https:\/\/i0.wp.com\/songkol.com\/WordPress3\/wp-content\/uploads\/2014\/09\/AREQUIPACOUVENT-26.jpg?w=151&#038;h=150\" width=\"151\" height=\"150\" data-original-width=\"151\" data-original-height=\"150\" itemprop=\"http:\/\/schema.org\/image\" title=\"AREQUIPACOUVENT-26\" alt=\"AREQUIPA \/ Couvent Santa Catalina :\" style=\"width: 151px; height: 150px;\" \/> <\/a> <div class=\"tiled-gallery-caption\" itemprop=\"caption description\"> AREQUIPA \/ Couvent Santa Catalina : <\/div> <\/div> <\/div> <!-- close group --> <\/div> <!-- close row --> <\/div>\n","protected":false},"excerpt":{"rendered":"<p>Nous avons quitt\u00e9 les rives du lac Titicaca pour rejoindre Arequipa, belle ville coloniale \u00e0 quelque 5 heures de route. Il y fait tr\u00e8s doux, ce qui fait du bien! Nous sommes \u00e0 2350 m d&rsquo;altitude, la mer est \u00e0 2h de route, on l&rsquo;imagine \u00e0 5 minutes en d\u00e9ambulant dans les rues de la [&hellip;]<\/p>\n","protected":false},"author":3,"featured_media":0,"comment_status":"open","ping_status":"open","sticky":false,"template":"","format":"standard","meta":{"spay_email":"","jetpack_publicize_message":"","jetpack_is_tweetstorm":false,"jetpack_publicize_feature_enabled":true},"categories":[22],"tags":[],"jetpack_featured_media_url":"","jetpack_publicize_connections":[],"jetpack_sharing_enabled":true,"jetpack_shortlink":"https:\/\/wp.me\/p4uy6M-WF","jetpack_likes_enabled":true,"_links":{"self":[{"href":"http:\/\/songkol.com\/WordPress3\/wp-json\/wp\/v2\/posts\/3637"}],"collection":[{"href":"http:\/\/songkol.com\/WordPress3\/wp-json\/wp\/v2\/posts"}],"about":[{"href":"http:\/\/songkol.com\/WordPress3\/wp-json\/wp\/v2\/types\/post"}],"author":[{"embeddable":true,"href":"http:\/\/songkol.com\/WordPress3\/wp-json\/wp\/v2\/users\/3"}],"replies":[{"embeddable":true,"href":"http:\/\/songkol.com\/WordPress3\/wp-json\/wp\/v2\/comments?post=3637"}],"version-history":[{"count":9,"href":"http:\/\/songkol.com\/WordPress3\/wp-json\/wp\/v2\/posts\/3637\/revisions"}],"predecessor-version":[{"id":3778,"href":"http:\/\/songkol.com\/WordPress3\/wp-json\/wp\/v2\/posts\/3637\/revisions\/3778"}],"wp:attachment":[{"href":"http:\/\/songkol.com\/WordPress3\/wp-json\/wp\/v2\/media?parent=3637"}],"wp:term":[{"taxonomy":"category","embeddable":true,"href":"http:\/\/songkol.com\/WordPress3\/wp-json\/wp\/v2\/categories?post=3637"},{"taxonomy":"post_tag","embeddable":true,"href":"http:\/\/songkol.com\/WordPress3\/wp-json\/wp\/v2\/tags?post=3637"}],"curies":[{"name":"wp","href":"https:\/\/api.w.org\/{rel}","templated":true}]}}