{"id":3410,"date":"2014-09-07T22:28:18","date_gmt":"2014-09-08T01:28:18","guid":{"rendered":"http:\/\/songkol.com\/WordPress3\/?p=3410"},"modified":"2014-09-08T10:06:21","modified_gmt":"2014-09-08T13:06:21","slug":"rives-et-ile-boliviennes-du-lac-titicaca","status":"publish","type":"post","link":"http:\/\/songkol.com\/WordPress3\/blog\/2014\/09\/07\/rives-et-ile-boliviennes-du-lac-titicaca\/","title":{"rendered":"Y&rsquo;a la mer en Bolivie!"},"content":{"rendered":"<p>Le soleil se couche \u00e0 l&rsquo;horizon dans une eau scintillante\u2026 On se croirait sur l&rsquo;\u00eele grecque de Sifnos qui nous a tant plu\u00a0 il y a deux ans et qui a sans doute sonn\u00e9 l&rsquo;heure du d\u00e9part pour le grand voyage. Nous sommes sur les bords du lac Titicaca \u00e0 3800 m\u00e8tres d&rsquo;altitude, toujours en Bolivie et \u00e0 quelques kilom\u00e8tres du P\u00e9rou. Apr\u00e8s avoir fait un longue pause \u00e0 la Paz, c&rsquo;est avec bonheur que nous retrouvons la mer. On sait bien que c&rsquo;est un lac mais il est tellement grand, avec toutes ces \u00eeles, que l&rsquo;on se croirait vraiment au bord de la M\u00e9diterran\u00e9e. La derni\u00e8re fois que nous avons vu l&rsquo;oc\u00e9an, c&rsquo;\u00e9tait au Chili, en remontant vers le Nord et la vall\u00e9e d&rsquo;Elqui.<br \/>\nEn sortant de la Paz, nous avons d&rsquo;abord fait un stop d&rsquo;une nuit et d&rsquo;une matin\u00e9e sur le site de Tiwanaku. Vestiges pr\u00e9-incas, ces ruines attestent de l&rsquo;existence d&rsquo;un important lieu de culte \u00e0 cet endroit. En commen\u00e7ant la visite, on a eu un peu peur d&rsquo;avoir fait ce stop \u00ab\u00a0que\u00a0\u00bb pour ces quelques ruines. Et finalement, nous nous sommes laiss\u00e9s emport\u00e9s par notre imagination en voyant cette porte du soleil ou ces dizaines de visages sculpt\u00e9s et d&rsquo;un coup les Cit\u00e9s d&rsquo;or n&rsquo;\u00e9taient pas si loin.<br \/>\nL&rsquo;envie de \u00ab\u00a0voir la mer\u00a0\u00bb et de retrouver nos amis Ronald et Kathryn qui sont stationn\u00e9s \u00e0 Copacabana nous motive. Direction donc le lac Titicaca. Il s&rsquo;offre enfin \u00e0 nos yeux. Pour rejoindre Copacabana, il faut traverser un bras du lac sur une barge, \u00e9troite\u2026 Y&rsquo;a du vent et de voir la barge se tordre et le camping-car tanguer de droite \u00e0 gauche nous donne des sueurs froides\u2026 On a laiss\u00e9 les enfants dans le camping-car, on se regarde avec Lionel: heu\u2026 on va peut-\u00eatre les sortir de l\u00e0 et les garder avec nous, non?\u2026 H\u00e9l\u00e8ne, on doit t&rsquo;avouer qu&rsquo;on avait un peu rican\u00e9 quand Michel racontait sur votre blog (<a href=\"http:\/\/boubouaventures.canalblog.com\">http:\/\/boubouaventures.canalblog.com<\/a>) votre travers\u00e9e et ta peur panique de finir \u00e0 la baille. Bon maintenant on comprend bien et on est \u00e0 100% d&rsquo;accord avec toi !<\/p>\n<blockquote><p>\u00ab\u00a0Maman, apr\u00e8s le voyage, on reste un an \u00e0 Montpellier puis on repart dans un autre pays \u00e0 cheval pendant un an. On dormirait un an sous la tente, ce serait bien\u2026\u00a0\u00bb<br \/>\n(Anna sur la route qui nous m\u00e8ne au lac Titicaca)<\/p><\/blockquote>\n<p>On retrouve avec plaisir Ronald, Kathryn et les enfants pendant 48h. Puis nos chemins se s\u00e9parent \u00e0 nouveau. Pour nous c&rsquo;est direction l&rsquo;Isla del Sol, l&rsquo;\u00eele o\u00f9 est n\u00e9 le soleil pour les Incas. Un bateau nous d\u00e9pose au nord de l&rsquo;\u00eele. Paysages magnifiques aux forts accents m\u00e9diterran\u00e9ens avec en toile de fond, c\u00f4t\u00e9 bolivien, les montagnes de la cordill\u00e8re des Andes, plages de r\u00eaves, c&rsquo;est tout simplement sublime. Nous traverserons l&rsquo;\u00eele du Nord au Sud pour dormir \u00e0 Yumani. Comme d&rsquo;habitude Anna s&rsquo;est montr\u00e9e une vaillante marcheuse et Nils un tr\u00e8s gentil accompagnateur.<br \/>\nRetour ensuite \u00e0 Copacabana. C&rsquo;est d\u00e9sormais le lac Titicaca, c\u00f4t\u00e9 P\u00e9rou, qui sera notre prochaine \u00e9tape.<\/p>\n<p><span style=\"color: #ff0000;\">1er diaporama : Tiwanaku<\/span><\/p>\n<div class=\"tiled-gallery type-rectangular tiled-gallery-unresized\" data-original-width=\"768\" data-carousel-extra='{&quot;blog_id&quot;:1,&quot;permalink&quot;:&quot;http:\\\/\\\/songkol.com\\\/WordPress3\\\/blog\\\/2014\\\/09\\\/07\\\/rives-et-ile-boliviennes-du-lac-titicaca\\\/&quot;,&quot;likes_blog_id&quot;:66386300}' itemscope itemtype=\"http:\/\/schema.org\/ImageGallery\" > <div class=\"gallery-row\" style=\"width: 768px; height: 386px;\" data-original-width=\"768\" data-original-height=\"386\" > <div class=\"gallery-group images-1\" style=\"width: 768px; height: 386px;\" data-original-width=\"768\" data-original-height=\"386\" > <div class=\"tiled-gallery-item tiled-gallery-item-large\" itemprop=\"associatedMedia\" itemscope itemtype=\"http:\/\/schema.org\/ImageObject\"> <a href=\"http:\/\/songkol.com\/WordPress3\/tiwanaku01\/\" border=\"0\" itemprop=\"url\"> <meta itemprop=\"width\" content=\"764\"> <meta itemprop=\"height\" content=\"382\"> <img data-attachment-id=\"3463\" data-orig-file=\"http:\/\/songkol.com\/WordPress3\/wp-content\/uploads\/2014\/09\/TIWANAKU01.jpg\" data-orig-size=\"1200,600\" data-comments-opened=\"1\" data-image-meta=\"{&quot;aperture&quot;:&quot;16&quot;,&quot;credit&quot;:&quot;&quot;,&quot;camera&quot;:&quot;Canon EOS 5D&quot;,&quot;caption&quot;:&quot;&quot;,&quot;created_timestamp&quot;:&quot;1409738883&quot;,&quot;copyright&quot;:&quot;&quot;,&quot;focal_length&quot;:&quot;17&quot;,&quot;iso&quot;:&quot;400&quot;,&quot;shutter_speed&quot;:&quot;0.002&quot;,&quot;title&quot;:&quot;&quot;}\" data-image-title=\"TIWANAKU01\" data-image-description=\"\" data-medium-file=\"https:\/\/i0.wp.com\/songkol.com\/WordPress3\/wp-content\/uploads\/2014\/09\/TIWANAKU01.jpg?fit=300%2C150\" data-large-file=\"https:\/\/i0.wp.com\/songkol.com\/WordPress3\/wp-content\/uploads\/2014\/09\/TIWANAKU01.jpg?fit=768%2C384\" src=\"https:\/\/i0.wp.com\/songkol.com\/WordPress3\/wp-content\/uploads\/2014\/09\/TIWANAKU01.jpg?w=764&#038;h=382\" width=\"764\" height=\"382\" data-original-width=\"764\" data-original-height=\"382\" itemprop=\"http:\/\/schema.org\/image\" title=\"TIWANAKU01\" alt=\"TIWANAKU \/ A qq km de la rive sud du Tititcaca, le site en lui-m\u00eame n&#039;a rien de remarquable. Il reste heureusement qq monolithes grav\u00e9s, des portes en pierres, et un mus\u00e9e de la c\u00e9ramique int\u00e9ressant. On sait que ce fut un centre c\u00e9r\u00e9moniel il y a plus de 1000 ans quieu une influence importante sur le vaste empire Inca. Comme bien souvent, l&#039;or a \u00e9t\u00e9 pill\u00e9 par les Espagnols et les pierres et poteries d\u00e9truites par les fanatiques religieux\u2026\" style=\"width: 764px; height: 382px;\" \/> <\/a> <div class=\"tiled-gallery-caption\" itemprop=\"caption description\"> TIWANAKU \/ A qq km de la rive sud du Tititcaca, le site en lui-m\u00eame n&rsquo;a rien de remarquable. Il reste heureusement qq monolithes grav\u00e9s, des portes en pierres, et un mus\u00e9e de la c\u00e9ramique int\u00e9ressant. On sait que ce fut un centre c\u00e9r\u00e9moniel il y a plus de 1000 ans quieu une influence importante sur le vaste empire Inca. Comme bien souvent, l&rsquo;or a \u00e9t\u00e9 pill\u00e9 par les Espagnols et les pierres et poteries d\u00e9truites par les fanatiques religieux\u2026 <\/div> <\/div> <\/div> <!-- close group --> <\/div> <!-- close row --> <div class=\"gallery-row\" style=\"width: 768px; height: 386px;\" data-original-width=\"768\" data-original-height=\"386\" > <div class=\"gallery-group images-1\" style=\"width: 768px; height: 386px;\" data-original-width=\"768\" data-original-height=\"386\" > <div class=\"tiled-gallery-item tiled-gallery-item-large\" itemprop=\"associatedMedia\" itemscope itemtype=\"http:\/\/schema.org\/ImageObject\"> <a href=\"http:\/\/songkol.com\/WordPress3\/tiwanaku04\/\" border=\"0\" itemprop=\"url\"> <meta itemprop=\"width\" content=\"764\"> <meta itemprop=\"height\" content=\"382\"> <img data-attachment-id=\"3466\" data-orig-file=\"http:\/\/songkol.com\/WordPress3\/wp-content\/uploads\/2014\/09\/TIWANAKU04.jpg\" data-orig-size=\"1200,600\" data-comments-opened=\"1\" data-image-meta=\"{&quot;aperture&quot;:&quot;14&quot;,&quot;credit&quot;:&quot;&quot;,&quot;camera&quot;:&quot;Canon EOS 5D&quot;,&quot;caption&quot;:&quot;&quot;,&quot;created_timestamp&quot;:&quot;1409740294&quot;,&quot;copyright&quot;:&quot;&quot;,&quot;focal_length&quot;:&quot;17&quot;,&quot;iso&quot;:&quot;400&quot;,&quot;shutter_speed&quot;:&quot;0.0025&quot;,&quot;title&quot;:&quot;&quot;}\" data-image-title=\"TIWANAKU04\" data-image-description=\"\" data-medium-file=\"https:\/\/i0.wp.com\/songkol.com\/WordPress3\/wp-content\/uploads\/2014\/09\/TIWANAKU04.jpg?fit=300%2C150\" data-large-file=\"https:\/\/i0.wp.com\/songkol.com\/WordPress3\/wp-content\/uploads\/2014\/09\/TIWANAKU04.jpg?fit=768%2C384\" src=\"https:\/\/i0.wp.com\/songkol.com\/WordPress3\/wp-content\/uploads\/2014\/09\/TIWANAKU04.jpg?w=764&#038;h=382\" width=\"764\" height=\"382\" data-original-width=\"764\" data-original-height=\"382\" itemprop=\"http:\/\/schema.org\/image\" title=\"TIWANAKU04\" alt=\"TIWANAKU \/ Fosse acoustique dont les murs sont couverts de 175 visages sculpt\u00e9s dans la pierre\" style=\"width: 764px; height: 382px;\" \/> <\/a> <div class=\"tiled-gallery-caption\" itemprop=\"caption description\"> TIWANAKU \/ Fosse acoustique dont les murs sont couverts de 175 visages sculpt\u00e9s dans la pierre <\/div> <\/div> <\/div> <!-- close group --> <\/div> <!-- close row --> <div class=\"gallery-row\" style=\"width: 768px; height: 257px;\" data-original-width=\"768\" data-original-height=\"257\" > <div class=\"gallery-group images-1\" style=\"width: 257px; height: 257px;\" data-original-width=\"257\" data-original-height=\"257\" > <div class=\"tiled-gallery-item tiled-gallery-item-large\" itemprop=\"associatedMedia\" itemscope itemtype=\"http:\/\/schema.org\/ImageObject\"> <a href=\"http:\/\/songkol.com\/WordPress3\/tiwanaku03\/\" border=\"0\" itemprop=\"url\"> <meta itemprop=\"width\" content=\"253\"> <meta itemprop=\"height\" content=\"253\"> <img data-attachment-id=\"3465\" data-orig-file=\"http:\/\/songkol.com\/WordPress3\/wp-content\/uploads\/2014\/09\/TIWANAKU03.jpg\" data-orig-size=\"600,600\" data-comments-opened=\"1\" data-image-meta=\"{&quot;aperture&quot;:&quot;14&quot;,&quot;credit&quot;:&quot;&quot;,&quot;camera&quot;:&quot;Canon EOS 5D&quot;,&quot;caption&quot;:&quot;&quot;,&quot;created_timestamp&quot;:&quot;1409740088&quot;,&quot;copyright&quot;:&quot;&quot;,&quot;focal_length&quot;:&quot;40&quot;,&quot;iso&quot;:&quot;400&quot;,&quot;shutter_speed&quot;:&quot;0.0025&quot;,&quot;title&quot;:&quot;&quot;}\" data-image-title=\"TIWANAKU03\" data-image-description=\"\" data-medium-file=\"https:\/\/i0.wp.com\/songkol.com\/WordPress3\/wp-content\/uploads\/2014\/09\/TIWANAKU03.jpg?fit=300%2C300\" data-large-file=\"https:\/\/i0.wp.com\/songkol.com\/WordPress3\/wp-content\/uploads\/2014\/09\/TIWANAKU03.jpg?fit=600%2C600\" src=\"https:\/\/i0.wp.com\/songkol.com\/WordPress3\/wp-content\/uploads\/2014\/09\/TIWANAKU03.jpg?w=253&#038;h=253&#038;crop=1\" width=\"253\" height=\"253\" data-original-width=\"253\" data-original-height=\"253\" itemprop=\"http:\/\/schema.org\/image\" title=\"TIWANAKU03\" alt=\"TIWANAKU \/ D\u00e9tail d&#039;une fosse acoustique dont les murs sont couverts de 175 visages sculpt\u00e9s dans la pierre\" style=\"width: 253px; height: 253px;\" \/> <\/a> <div class=\"tiled-gallery-caption\" itemprop=\"caption description\"> TIWANAKU \/ D\u00e9tail d&rsquo;une fosse acoustique dont les murs sont couverts de 175 visages sculpt\u00e9s dans la pierre <\/div> <\/div> <\/div> <!-- close group --> <div class=\"gallery-group images-1\" style=\"width: 511px; height: 257px;\" data-original-width=\"511\" data-original-height=\"257\" > <div class=\"tiled-gallery-item tiled-gallery-item-large\" itemprop=\"associatedMedia\" itemscope itemtype=\"http:\/\/schema.org\/ImageObject\"> <a href=\"http:\/\/songkol.com\/WordPress3\/tiwanaku02\/\" border=\"0\" itemprop=\"url\"> <meta itemprop=\"width\" content=\"507\"> <meta itemprop=\"height\" content=\"253\"> <img data-attachment-id=\"3464\" data-orig-file=\"http:\/\/songkol.com\/WordPress3\/wp-content\/uploads\/2014\/09\/TIWANAKU02.jpg\" data-orig-size=\"1200,600\" data-comments-opened=\"1\" data-image-meta=\"{&quot;aperture&quot;:&quot;16&quot;,&quot;credit&quot;:&quot;&quot;,&quot;camera&quot;:&quot;Canon EOS 5D&quot;,&quot;caption&quot;:&quot;&quot;,&quot;created_timestamp&quot;:&quot;1409739938&quot;,&quot;copyright&quot;:&quot;&quot;,&quot;focal_length&quot;:&quot;40&quot;,&quot;iso&quot;:&quot;400&quot;,&quot;shutter_speed&quot;:&quot;0.002&quot;,&quot;title&quot;:&quot;&quot;}\" data-image-title=\"TIWANAKU02\" data-image-description=\"\" data-medium-file=\"https:\/\/i0.wp.com\/songkol.com\/WordPress3\/wp-content\/uploads\/2014\/09\/TIWANAKU02.jpg?fit=300%2C150\" data-large-file=\"https:\/\/i0.wp.com\/songkol.com\/WordPress3\/wp-content\/uploads\/2014\/09\/TIWANAKU02.jpg?fit=768%2C384\" src=\"https:\/\/i0.wp.com\/songkol.com\/WordPress3\/wp-content\/uploads\/2014\/09\/TIWANAKU02.jpg?w=507&#038;h=253\" width=\"507\" height=\"253\" data-original-width=\"507\" data-original-height=\"253\" itemprop=\"http:\/\/schema.org\/image\" title=\"TIWANAKU02\" alt=\"TIWANAKU \/\" style=\"width: 507px; height: 253px;\" \/> <\/a> <div class=\"tiled-gallery-caption\" itemprop=\"caption description\"> TIWANAKU \/ <\/div> <\/div> <\/div> <!-- close group --> <\/div> <!-- close row --> <div class=\"gallery-row\" style=\"width: 768px; height: 386px;\" data-original-width=\"768\" data-original-height=\"386\" > <div class=\"gallery-group images-1\" style=\"width: 768px; height: 386px;\" data-original-width=\"768\" data-original-height=\"386\" > <div class=\"tiled-gallery-item tiled-gallery-item-large\" itemprop=\"associatedMedia\" itemscope itemtype=\"http:\/\/schema.org\/ImageObject\"> <a href=\"http:\/\/songkol.com\/WordPress3\/tiwanaku05\/\" border=\"0\" itemprop=\"url\"> <meta itemprop=\"width\" content=\"764\"> <meta itemprop=\"height\" content=\"382\"> <img data-attachment-id=\"3467\" data-orig-file=\"http:\/\/songkol.com\/WordPress3\/wp-content\/uploads\/2014\/09\/TIWANAKU05.jpg\" data-orig-size=\"1200,600\" data-comments-opened=\"1\" data-image-meta=\"{&quot;aperture&quot;:&quot;16&quot;,&quot;credit&quot;:&quot;&quot;,&quot;camera&quot;:&quot;Canon EOS 5D&quot;,&quot;caption&quot;:&quot;&quot;,&quot;created_timestamp&quot;:&quot;1409740603&quot;,&quot;copyright&quot;:&quot;&quot;,&quot;focal_length&quot;:&quot;17&quot;,&quot;iso&quot;:&quot;400&quot;,&quot;shutter_speed&quot;:&quot;0.002&quot;,&quot;title&quot;:&quot;&quot;}\" data-image-title=\"TIWANAKU05\" data-image-description=\"\" data-medium-file=\"https:\/\/i0.wp.com\/songkol.com\/WordPress3\/wp-content\/uploads\/2014\/09\/TIWANAKU05.jpg?fit=300%2C150\" data-large-file=\"https:\/\/i0.wp.com\/songkol.com\/WordPress3\/wp-content\/uploads\/2014\/09\/TIWANAKU05.jpg?fit=768%2C384\" src=\"https:\/\/i0.wp.com\/songkol.com\/WordPress3\/wp-content\/uploads\/2014\/09\/TIWANAKU05.jpg?w=764&#038;h=382\" width=\"764\" height=\"382\" data-original-width=\"764\" data-original-height=\"382\" itemprop=\"http:\/\/schema.org\/image\" title=\"TIWANAKU05\" alt=\"TIWANAKU \/ Escalier monumental dont les deux derni\u00e8res marches sont taill\u00e9es dans un sol bloc !\" style=\"width: 764px; height: 382px;\" \/> <\/a> <div class=\"tiled-gallery-caption\" itemprop=\"caption description\"> TIWANAKU \/ Escalier monumental dont les deux derni\u00e8res marches sont taill\u00e9es dans un sol bloc ! <\/div> <\/div> <\/div> <!-- close group --> <\/div> <!-- close row --> <div class=\"gallery-row\" style=\"width: 768px; height: 386px;\" data-original-width=\"768\" data-original-height=\"386\" > <div class=\"gallery-group images-1\" style=\"width: 768px; height: 386px;\" data-original-width=\"768\" data-original-height=\"386\" > <div class=\"tiled-gallery-item tiled-gallery-item-large\" itemprop=\"associatedMedia\" itemscope itemtype=\"http:\/\/schema.org\/ImageObject\"> <a href=\"http:\/\/songkol.com\/WordPress3\/tiwanaku10\/\" border=\"0\" itemprop=\"url\"> <meta itemprop=\"width\" content=\"764\"> <meta itemprop=\"height\" content=\"382\"> <img data-attachment-id=\"3471\" data-orig-file=\"http:\/\/songkol.com\/WordPress3\/wp-content\/uploads\/2014\/09\/TIWANAKU10.jpg\" data-orig-size=\"1200,600\" data-comments-opened=\"1\" data-image-meta=\"{&quot;aperture&quot;:&quot;18&quot;,&quot;credit&quot;:&quot;&quot;,&quot;camera&quot;:&quot;Canon EOS 5D&quot;,&quot;caption&quot;:&quot;&quot;,&quot;created_timestamp&quot;:&quot;1409741634&quot;,&quot;copyright&quot;:&quot;&quot;,&quot;focal_length&quot;:&quot;21&quot;,&quot;iso&quot;:&quot;400&quot;,&quot;shutter_speed&quot;:&quot;0.0015625&quot;,&quot;title&quot;:&quot;&quot;}\" data-image-title=\"TIWANAKU10\" data-image-description=\"\" data-medium-file=\"https:\/\/i0.wp.com\/songkol.com\/WordPress3\/wp-content\/uploads\/2014\/09\/TIWANAKU10.jpg?fit=300%2C150\" data-large-file=\"https:\/\/i0.wp.com\/songkol.com\/WordPress3\/wp-content\/uploads\/2014\/09\/TIWANAKU10.jpg?fit=768%2C384\" src=\"https:\/\/i0.wp.com\/songkol.com\/WordPress3\/wp-content\/uploads\/2014\/09\/TIWANAKU10.jpg?w=764&#038;h=382\" width=\"764\" height=\"382\" data-original-width=\"764\" data-original-height=\"382\" itemprop=\"http:\/\/schema.org\/image\" title=\"TIWANAKU10\" alt=\"TIWANAKU \/ Le monolithe Ponce\" style=\"width: 764px; height: 382px;\" \/> <\/a> <div class=\"tiled-gallery-caption\" itemprop=\"caption description\"> TIWANAKU \/ Le monolithe Ponce <\/div> <\/div> <\/div> <!-- close group --> <\/div> <!-- close row --> <div class=\"gallery-row\" style=\"width: 768px; height: 512px;\" data-original-width=\"768\" data-original-height=\"512\" > <div class=\"gallery-group images-1\" style=\"width: 512px; height: 512px;\" data-original-width=\"512\" data-original-height=\"512\" > <div class=\"tiled-gallery-item tiled-gallery-item-large\" itemprop=\"associatedMedia\" itemscope itemtype=\"http:\/\/schema.org\/ImageObject\"> <a href=\"http:\/\/songkol.com\/WordPress3\/tiwanaku06\/\" border=\"0\" itemprop=\"url\"> <meta itemprop=\"width\" content=\"508\"> <meta itemprop=\"height\" content=\"508\"> <img data-attachment-id=\"3468\" data-orig-file=\"http:\/\/songkol.com\/WordPress3\/wp-content\/uploads\/2014\/09\/TIWANAKU06.jpg\" data-orig-size=\"600,600\" data-comments-opened=\"1\" data-image-meta=\"{&quot;aperture&quot;:&quot;16&quot;,&quot;credit&quot;:&quot;&quot;,&quot;camera&quot;:&quot;Canon EOS 5D&quot;,&quot;caption&quot;:&quot;&quot;,&quot;created_timestamp&quot;:&quot;1409740990&quot;,&quot;copyright&quot;:&quot;&quot;,&quot;focal_length&quot;:&quot;17&quot;,&quot;iso&quot;:&quot;400&quot;,&quot;shutter_speed&quot;:&quot;0.002&quot;,&quot;title&quot;:&quot;&quot;}\" data-image-title=\"TIWANAKU06\" data-image-description=\"\" data-medium-file=\"https:\/\/i0.wp.com\/songkol.com\/WordPress3\/wp-content\/uploads\/2014\/09\/TIWANAKU06.jpg?fit=300%2C300\" data-large-file=\"https:\/\/i0.wp.com\/songkol.com\/WordPress3\/wp-content\/uploads\/2014\/09\/TIWANAKU06.jpg?fit=600%2C600\" src=\"https:\/\/i0.wp.com\/songkol.com\/WordPress3\/wp-content\/uploads\/2014\/09\/TIWANAKU06.jpg?w=508&#038;h=508&#038;crop=1\" width=\"508\" height=\"508\" data-original-width=\"508\" data-original-height=\"508\" itemprop=\"http:\/\/schema.org\/image\" title=\"TIWANAKU06\" alt=\"TIWANAKU \/ La Puerta del sol ! Taill\u00e9e dans un seul bloc d&#039;and\u00e9site de 44t., cette porte d\u00e9di\u00e9e au soleil devait servir de calendrier\" style=\"width: 508px; height: 508px;\" \/> <\/a> <div class=\"tiled-gallery-caption\" itemprop=\"caption description\"> TIWANAKU \/ La Puerta del sol ! Taill\u00e9e dans un seul bloc d&rsquo;and\u00e9site de 44t., cette porte d\u00e9di\u00e9e au soleil devait servir de calendrier <\/div> <\/div> <\/div> <!-- close group --> <div class=\"gallery-group images-2\" style=\"width: 256px; height: 512px;\" data-original-width=\"256\" data-original-height=\"512\" > <div class=\"tiled-gallery-item tiled-gallery-item-large\" itemprop=\"associatedMedia\" itemscope itemtype=\"http:\/\/schema.org\/ImageObject\"> <a href=\"http:\/\/songkol.com\/WordPress3\/tiwanaku07\/\" border=\"0\" itemprop=\"url\"> <meta itemprop=\"width\" content=\"252\"> <meta itemprop=\"height\" content=\"252\"> <img data-attachment-id=\"3469\" data-orig-file=\"http:\/\/songkol.com\/WordPress3\/wp-content\/uploads\/2014\/09\/TIWANAKU07.jpg\" data-orig-size=\"600,600\" data-comments-opened=\"1\" data-image-meta=\"{&quot;aperture&quot;:&quot;14&quot;,&quot;credit&quot;:&quot;&quot;,&quot;camera&quot;:&quot;Canon EOS 5D&quot;,&quot;caption&quot;:&quot;&quot;,&quot;created_timestamp&quot;:&quot;1409741006&quot;,&quot;copyright&quot;:&quot;&quot;,&quot;focal_length&quot;:&quot;40&quot;,&quot;iso&quot;:&quot;400&quot;,&quot;shutter_speed&quot;:&quot;0.0025&quot;,&quot;title&quot;:&quot;&quot;}\" data-image-title=\"TIWANAKU07\" data-image-description=\"\" data-medium-file=\"https:\/\/i0.wp.com\/songkol.com\/WordPress3\/wp-content\/uploads\/2014\/09\/TIWANAKU07.jpg?fit=300%2C300\" data-large-file=\"https:\/\/i0.wp.com\/songkol.com\/WordPress3\/wp-content\/uploads\/2014\/09\/TIWANAKU07.jpg?fit=600%2C600\" src=\"https:\/\/i0.wp.com\/songkol.com\/WordPress3\/wp-content\/uploads\/2014\/09\/TIWANAKU07.jpg?w=252&#038;h=252&#038;crop=1\" width=\"252\" height=\"252\" data-original-width=\"252\" data-original-height=\"252\" itemprop=\"http:\/\/schema.org\/image\" title=\"TIWANAKU07\" alt=\"TIWANAKU \/ La Puerta del sol\" style=\"width: 252px; height: 252px;\" \/> <\/a> <div class=\"tiled-gallery-caption\" itemprop=\"caption description\"> TIWANAKU \/ La Puerta del sol <\/div> <\/div> <div class=\"tiled-gallery-item tiled-gallery-item-large\" itemprop=\"associatedMedia\" itemscope itemtype=\"http:\/\/schema.org\/ImageObject\"> <a href=\"http:\/\/songkol.com\/WordPress3\/tiwanaku08\/\" border=\"0\" itemprop=\"url\"> <meta itemprop=\"width\" content=\"252\"> <meta itemprop=\"height\" content=\"252\"> <img data-attachment-id=\"3470\" data-orig-file=\"http:\/\/songkol.com\/WordPress3\/wp-content\/uploads\/2014\/09\/TIWANAKU08.jpg\" data-orig-size=\"600,600\" data-comments-opened=\"1\" data-image-meta=\"{&quot;aperture&quot;:&quot;11&quot;,&quot;credit&quot;:&quot;&quot;,&quot;camera&quot;:&quot;Canon EOS 5D&quot;,&quot;caption&quot;:&quot;&quot;,&quot;created_timestamp&quot;:&quot;1409741087&quot;,&quot;copyright&quot;:&quot;&quot;,&quot;focal_length&quot;:&quot;17&quot;,&quot;iso&quot;:&quot;400&quot;,&quot;shutter_speed&quot;:&quot;0.004&quot;,&quot;title&quot;:&quot;&quot;}\" data-image-title=\"TIWANAKU08\" data-image-description=\"\" data-medium-file=\"https:\/\/i0.wp.com\/songkol.com\/WordPress3\/wp-content\/uploads\/2014\/09\/TIWANAKU08.jpg?fit=300%2C300\" data-large-file=\"https:\/\/i0.wp.com\/songkol.com\/WordPress3\/wp-content\/uploads\/2014\/09\/TIWANAKU08.jpg?fit=600%2C600\" src=\"https:\/\/i0.wp.com\/songkol.com\/WordPress3\/wp-content\/uploads\/2014\/09\/TIWANAKU08.jpg?w=252&#038;h=252&#038;crop=1\" width=\"252\" height=\"252\" data-original-width=\"252\" data-original-height=\"252\" itemprop=\"http:\/\/schema.org\/image\" title=\"TIWANAKU08\" alt=\"TIWANAKU \/ La Puerta del sol\" style=\"width: 252px; height: 252px;\" \/> <\/a> <div class=\"tiled-gallery-caption\" itemprop=\"caption description\"> TIWANAKU \/ La Puerta del sol <\/div> <\/div> <\/div> <!-- close group --> <\/div> <!-- close row --> <div class=\"gallery-row\" style=\"width: 768px; height: 384px;\" data-original-width=\"768\" data-original-height=\"384\" > <div class=\"gallery-group images-1\" style=\"width: 384px; height: 384px;\" data-original-width=\"384\" data-original-height=\"384\" > <div class=\"tiled-gallery-item tiled-gallery-item-large\" itemprop=\"associatedMedia\" itemscope itemtype=\"http:\/\/schema.org\/ImageObject\"> <a href=\"http:\/\/songkol.com\/WordPress3\/tiwanaku11\/\" border=\"0\" itemprop=\"url\"> <meta itemprop=\"width\" content=\"380\"> <meta itemprop=\"height\" content=\"380\"> <img data-attachment-id=\"3472\" data-orig-file=\"http:\/\/songkol.com\/WordPress3\/wp-content\/uploads\/2014\/09\/TIWANAKU11.jpg\" data-orig-size=\"1200,1200\" data-comments-opened=\"1\" data-image-meta=\"{&quot;aperture&quot;:&quot;16&quot;,&quot;credit&quot;:&quot;&quot;,&quot;camera&quot;:&quot;Canon EOS 5D&quot;,&quot;caption&quot;:&quot;&quot;,&quot;created_timestamp&quot;:&quot;1409742499&quot;,&quot;copyright&quot;:&quot;&quot;,&quot;focal_length&quot;:&quot;17&quot;,&quot;iso&quot;:&quot;400&quot;,&quot;shutter_speed&quot;:&quot;0.002&quot;,&quot;title&quot;:&quot;&quot;}\" data-image-title=\"TIWANAKU11\" data-image-description=\"\" data-medium-file=\"https:\/\/i0.wp.com\/songkol.com\/WordPress3\/wp-content\/uploads\/2014\/09\/TIWANAKU11.jpg?fit=300%2C300\" data-large-file=\"https:\/\/i0.wp.com\/songkol.com\/WordPress3\/wp-content\/uploads\/2014\/09\/TIWANAKU11.jpg?fit=768%2C768\" src=\"https:\/\/i0.wp.com\/songkol.com\/WordPress3\/wp-content\/uploads\/2014\/09\/TIWANAKU11.jpg?w=380&#038;h=380&#038;crop=1\" width=\"380\" height=\"380\" data-original-width=\"380\" data-original-height=\"380\" itemprop=\"http:\/\/schema.org\/image\" title=\"TIWANAKU11\" alt=\"TIWANAKU \/ Apr\u00e8s la puerta del sol, voici la puerta de la\u2026 luna !\" style=\"width: 380px; height: 380px;\" \/> <\/a> <div class=\"tiled-gallery-caption\" itemprop=\"caption description\"> TIWANAKU \/ Apr\u00e8s la puerta del sol, voici la puerta de la\u2026 luna ! <\/div> <\/div> <\/div> <!-- close group --> <div class=\"gallery-group images-1\" style=\"width: 384px; height: 384px;\" data-original-width=\"384\" data-original-height=\"384\" > <div class=\"tiled-gallery-item tiled-gallery-item-large\" itemprop=\"associatedMedia\" itemscope itemtype=\"http:\/\/schema.org\/ImageObject\"> <a href=\"http:\/\/songkol.com\/WordPress3\/tiwanaku12\/\" border=\"0\" itemprop=\"url\"> <meta itemprop=\"width\" content=\"380\"> <meta itemprop=\"height\" content=\"380\"> <img data-attachment-id=\"3473\" data-orig-file=\"http:\/\/songkol.com\/WordPress3\/wp-content\/uploads\/2014\/09\/TIWANAKU12.jpg\" data-orig-size=\"600,600\" data-comments-opened=\"1\" data-image-meta=\"{&quot;aperture&quot;:&quot;4.5&quot;,&quot;credit&quot;:&quot;&quot;,&quot;camera&quot;:&quot;Canon EOS 5D&quot;,&quot;caption&quot;:&quot;&quot;,&quot;created_timestamp&quot;:&quot;1409743387&quot;,&quot;copyright&quot;:&quot;&quot;,&quot;focal_length&quot;:&quot;17&quot;,&quot;iso&quot;:&quot;1600&quot;,&quot;shutter_speed&quot;:&quot;0.02&quot;,&quot;title&quot;:&quot;&quot;}\" data-image-title=\"TIWANAKU12\" data-image-description=\"\" data-medium-file=\"https:\/\/i0.wp.com\/songkol.com\/WordPress3\/wp-content\/uploads\/2014\/09\/TIWANAKU12.jpg?fit=300%2C300\" data-large-file=\"https:\/\/i0.wp.com\/songkol.com\/WordPress3\/wp-content\/uploads\/2014\/09\/TIWANAKU12.jpg?fit=600%2C600\" src=\"https:\/\/i0.wp.com\/songkol.com\/WordPress3\/wp-content\/uploads\/2014\/09\/TIWANAKU12.jpg?w=380&#038;h=380&#038;crop=1\" width=\"380\" height=\"380\" data-original-width=\"380\" data-original-height=\"380\" itemprop=\"http:\/\/schema.org\/image\" title=\"TIWANAKU12\" alt=\"TIWANAKU \/ Dans le mus\u00e9e du site\" style=\"width: 380px; height: 380px;\" \/> <\/a> <div class=\"tiled-gallery-caption\" itemprop=\"caption description\"> TIWANAKU \/ Dans le mus\u00e9e du site <\/div> <\/div> <\/div> <!-- close group --> <\/div> <!-- close row --> <div class=\"gallery-row\" style=\"width: 768px; height: 353px;\" data-original-width=\"768\" data-original-height=\"353\" > <div class=\"gallery-group images-1\" style=\"width: 768px; height: 353px;\" data-original-width=\"768\" data-original-height=\"353\" > <div class=\"tiled-gallery-item tiled-gallery-item-large\" itemprop=\"associatedMedia\" itemscope itemtype=\"http:\/\/schema.org\/ImageObject\"> <a href=\"http:\/\/songkol.com\/WordPress3\/tiwanaku14\/\" border=\"0\" itemprop=\"url\"> <meta itemprop=\"width\" content=\"764\"> <meta itemprop=\"height\" content=\"349\"> <img data-attachment-id=\"3474\" data-orig-file=\"http:\/\/songkol.com\/WordPress3\/wp-content\/uploads\/2014\/09\/TIWANAKU14.jpg\" data-orig-size=\"1200,548\" data-comments-opened=\"1\" data-image-meta=\"{&quot;aperture&quot;:&quot;4.5&quot;,&quot;credit&quot;:&quot;&quot;,&quot;camera&quot;:&quot;Canon EOS 5D&quot;,&quot;caption&quot;:&quot;&quot;,&quot;created_timestamp&quot;:&quot;1409743460&quot;,&quot;copyright&quot;:&quot;&quot;,&quot;focal_length&quot;:&quot;17&quot;,&quot;iso&quot;:&quot;1600&quot;,&quot;shutter_speed&quot;:&quot;0.025&quot;,&quot;title&quot;:&quot;&quot;}\" data-image-title=\"TIWANAKU14\" data-image-description=\"\" data-medium-file=\"https:\/\/i0.wp.com\/songkol.com\/WordPress3\/wp-content\/uploads\/2014\/09\/TIWANAKU14.jpg?fit=300%2C137\" data-large-file=\"https:\/\/i0.wp.com\/songkol.com\/WordPress3\/wp-content\/uploads\/2014\/09\/TIWANAKU14.jpg?fit=768%2C350\" src=\"https:\/\/i0.wp.com\/songkol.com\/WordPress3\/wp-content\/uploads\/2014\/09\/TIWANAKU14.jpg?w=764&#038;h=349\" width=\"764\" height=\"349\" data-original-width=\"764\" data-original-height=\"349\" itemprop=\"http:\/\/schema.org\/image\" title=\"TIWANAKU14\" alt=\"TIWANAKU \/ Dans le mus\u00e9e du site\" style=\"width: 764px; height: 349px;\" \/> <\/a> <div class=\"tiled-gallery-caption\" itemprop=\"caption description\"> TIWANAKU \/ Dans le mus\u00e9e du site <\/div> <\/div> <\/div> <!-- close group --> <\/div> <!-- close row --> <div class=\"gallery-row\" style=\"width: 768px; height: 384px;\" data-original-width=\"768\" data-original-height=\"384\" > <div class=\"gallery-group images-1\" style=\"width: 384px; height: 384px;\" data-original-width=\"384\" data-original-height=\"384\" > <div class=\"tiled-gallery-item tiled-gallery-item-large\" itemprop=\"associatedMedia\" itemscope itemtype=\"http:\/\/schema.org\/ImageObject\"> <a href=\"http:\/\/songkol.com\/WordPress3\/tiwanaku15\/\" border=\"0\" itemprop=\"url\"> <meta itemprop=\"width\" content=\"380\"> <meta itemprop=\"height\" content=\"380\"> <img data-attachment-id=\"3475\" data-orig-file=\"http:\/\/songkol.com\/WordPress3\/wp-content\/uploads\/2014\/09\/TIWANAKU15.jpg\" data-orig-size=\"1200,1200\" data-comments-opened=\"1\" data-image-meta=\"{&quot;aperture&quot;:&quot;4&quot;,&quot;credit&quot;:&quot;&quot;,&quot;camera&quot;:&quot;Canon EOS 5D&quot;,&quot;caption&quot;:&quot;&quot;,&quot;created_timestamp&quot;:&quot;1409743479&quot;,&quot;copyright&quot;:&quot;&quot;,&quot;focal_length&quot;:&quot;17&quot;,&quot;iso&quot;:&quot;1600&quot;,&quot;shutter_speed&quot;:&quot;0.025&quot;,&quot;title&quot;:&quot;&quot;}\" data-image-title=\"TIWANAKU15\" data-image-description=\"\" data-medium-file=\"https:\/\/i0.wp.com\/songkol.com\/WordPress3\/wp-content\/uploads\/2014\/09\/TIWANAKU15.jpg?fit=300%2C300\" data-large-file=\"https:\/\/i0.wp.com\/songkol.com\/WordPress3\/wp-content\/uploads\/2014\/09\/TIWANAKU15.jpg?fit=768%2C768\" src=\"https:\/\/i0.wp.com\/songkol.com\/WordPress3\/wp-content\/uploads\/2014\/09\/TIWANAKU15.jpg?w=380&#038;h=380&#038;crop=1\" width=\"380\" height=\"380\" data-original-width=\"380\" data-original-height=\"380\" itemprop=\"http:\/\/schema.org\/image\" title=\"TIWANAKU15\" alt=\"TIWANAKU \/ Dans le mus\u00e9e du site\" style=\"width: 380px; height: 380px;\" \/> <\/a> <div class=\"tiled-gallery-caption\" itemprop=\"caption description\"> TIWANAKU \/ Dans le mus\u00e9e du site <\/div> <\/div> <\/div> <!-- close group --> <div class=\"gallery-group images-1\" style=\"width: 384px; height: 384px;\" data-original-width=\"384\" data-original-height=\"384\" > <div class=\"tiled-gallery-item tiled-gallery-item-large\" itemprop=\"associatedMedia\" itemscope itemtype=\"http:\/\/schema.org\/ImageObject\"> <a href=\"http:\/\/songkol.com\/WordPress3\/tiwanaku16\/\" border=\"0\" itemprop=\"url\"> <meta itemprop=\"width\" content=\"380\"> <meta itemprop=\"height\" content=\"380\"> <img data-attachment-id=\"3476\" data-orig-file=\"http:\/\/songkol.com\/WordPress3\/wp-content\/uploads\/2014\/09\/TIWANAKU16.jpg\" data-orig-size=\"1200,1200\" data-comments-opened=\"1\" data-image-meta=\"{&quot;aperture&quot;:&quot;4&quot;,&quot;credit&quot;:&quot;&quot;,&quot;camera&quot;:&quot;Canon EOS 5D&quot;,&quot;caption&quot;:&quot;&quot;,&quot;created_timestamp&quot;:&quot;1409743623&quot;,&quot;copyright&quot;:&quot;&quot;,&quot;focal_length&quot;:&quot;17&quot;,&quot;iso&quot;:&quot;1600&quot;,&quot;shutter_speed&quot;:&quot;0.033333333333333&quot;,&quot;title&quot;:&quot;&quot;}\" data-image-title=\"TIWANAKU16\" data-image-description=\"&lt;p&gt;&lt;a href=&quot;http:\/\/jcb.lunaimaging.com\/media\/Size4\/D0837\/08374006.jpg?userid=6&#038;username=lunaadmin&#038;resolution=4&#038;servertype=JVA&#038;cid=1&#038;iid=JCB&#038;vcid=NA&#038;usergroup=JCB-ADMIN&#038;profileid=1&quot; target=&quot;_blank&quot;&gt;momies aymaras&lt;\/a&gt;&lt;\/p&gt; \" data-medium-file=\"https:\/\/i0.wp.com\/songkol.com\/WordPress3\/wp-content\/uploads\/2014\/09\/TIWANAKU16.jpg?fit=300%2C300\" data-large-file=\"https:\/\/i0.wp.com\/songkol.com\/WordPress3\/wp-content\/uploads\/2014\/09\/TIWANAKU16.jpg?fit=768%2C768\" src=\"https:\/\/i0.wp.com\/songkol.com\/WordPress3\/wp-content\/uploads\/2014\/09\/TIWANAKU16.jpg?w=380&#038;h=380&#038;crop=1\" width=\"380\" height=\"380\" data-original-width=\"380\" data-original-height=\"380\" itemprop=\"http:\/\/schema.org\/image\" title=\"TIWANAKU16\" alt=\"TIWANAKU \/ Dans le mus\u00e9e du site. En faisant une rapide recherche sur les momies aymaras, voici ce que je trouve\u2026\" style=\"width: 380px; height: 380px;\" \/> <\/a> <div class=\"tiled-gallery-caption\" itemprop=\"caption description\"> TIWANAKU \/ Dans le mus\u00e9e du site. En faisant une rapide recherche sur les momies aymaras, voici ce que je trouve\u2026 <\/div> <\/div> <\/div> <!-- close group --> <\/div> <!-- close row --> <\/div>\n<p><span style=\"color: #ff0000;\">2e diaporama : Isla del sol<\/span><\/p>\n<div class=\"tiled-gallery type-rectangular tiled-gallery-unresized\" data-original-width=\"768\" data-carousel-extra='{&quot;blog_id&quot;:1,&quot;permalink&quot;:&quot;http:\\\/\\\/songkol.com\\\/WordPress3\\\/blog\\\/2014\\\/09\\\/07\\\/rives-et-ile-boliviennes-du-lac-titicaca\\\/&quot;,&quot;likes_blog_id&quot;:66386300}' itemscope itemtype=\"http:\/\/schema.org\/ImageGallery\" > <div class=\"gallery-row\" style=\"width: 768px; height: 386px;\" data-original-width=\"768\" data-original-height=\"386\" > <div class=\"gallery-group images-1\" style=\"width: 768px; height: 386px;\" data-original-width=\"768\" data-original-height=\"386\" > <div class=\"tiled-gallery-item tiled-gallery-item-large\" itemprop=\"associatedMedia\" itemscope itemtype=\"http:\/\/schema.org\/ImageObject\"> <a href=\"http:\/\/songkol.com\/WordPress3\/isladelsol-02-2\/\" border=\"0\" itemprop=\"url\"> <meta itemprop=\"width\" content=\"764\"> <meta itemprop=\"height\" content=\"382\"> <img data-attachment-id=\"3420\" data-orig-file=\"http:\/\/songkol.com\/WordPress3\/wp-content\/uploads\/2014\/09\/ISLADELSOL-021.jpg\" data-orig-size=\"1200,600\" data-comments-opened=\"1\" data-image-meta=\"{&quot;aperture&quot;:&quot;16&quot;,&quot;credit&quot;:&quot;&quot;,&quot;camera&quot;:&quot;Canon EOS 5D&quot;,&quot;caption&quot;:&quot;&quot;,&quot;created_timestamp&quot;:&quot;1409757476&quot;,&quot;copyright&quot;:&quot;&quot;,&quot;focal_length&quot;:&quot;40&quot;,&quot;iso&quot;:&quot;400&quot;,&quot;shutter_speed&quot;:&quot;0.002&quot;,&quot;title&quot;:&quot;&quot;}\" data-image-title=\"ISLADELSOL-02\" data-image-description=\"\" data-medium-file=\"https:\/\/i0.wp.com\/songkol.com\/WordPress3\/wp-content\/uploads\/2014\/09\/ISLADELSOL-021.jpg?fit=300%2C150\" data-large-file=\"https:\/\/i0.wp.com\/songkol.com\/WordPress3\/wp-content\/uploads\/2014\/09\/ISLADELSOL-021.jpg?fit=768%2C384\" src=\"https:\/\/i0.wp.com\/songkol.com\/WordPress3\/wp-content\/uploads\/2014\/09\/ISLADELSOL-021.jpg?w=764&#038;h=382\" width=\"764\" height=\"382\" data-original-width=\"764\" data-original-height=\"382\" itemprop=\"http:\/\/schema.org\/image\" title=\"ISLADELSOL-02\" alt=\"En route vers Tiquina\" style=\"width: 764px; height: 382px;\" \/> <\/a> <div class=\"tiled-gallery-caption\" itemprop=\"caption description\"> En route vers Tiquina <\/div> <\/div> <\/div> <!-- close group --> <\/div> <!-- close row --> <div class=\"gallery-row\" style=\"width: 768px; height: 386px;\" data-original-width=\"768\" data-original-height=\"386\" > <div class=\"gallery-group images-1\" style=\"width: 768px; height: 386px;\" data-original-width=\"768\" data-original-height=\"386\" > <div class=\"tiled-gallery-item tiled-gallery-item-large\" itemprop=\"associatedMedia\" itemscope itemtype=\"http:\/\/schema.org\/ImageObject\"> <a href=\"http:\/\/songkol.com\/WordPress3\/isladelsol-03\/\" border=\"0\" itemprop=\"url\"> <meta itemprop=\"width\" content=\"764\"> <meta itemprop=\"height\" content=\"382\"> <img data-attachment-id=\"3421\" data-orig-file=\"http:\/\/songkol.com\/WordPress3\/wp-content\/uploads\/2014\/09\/ISLADELSOL-03.jpg\" data-orig-size=\"1200,600\" data-comments-opened=\"1\" data-image-meta=\"{&quot;aperture&quot;:&quot;16&quot;,&quot;credit&quot;:&quot;&quot;,&quot;camera&quot;:&quot;Canon EOS 5D&quot;,&quot;caption&quot;:&quot;&quot;,&quot;created_timestamp&quot;:&quot;1409757904&quot;,&quot;copyright&quot;:&quot;&quot;,&quot;focal_length&quot;:&quot;17&quot;,&quot;iso&quot;:&quot;400&quot;,&quot;shutter_speed&quot;:&quot;0.002&quot;,&quot;title&quot;:&quot;&quot;}\" data-image-title=\"ISLADELSOL-03\" data-image-description=\"\" data-medium-file=\"https:\/\/i0.wp.com\/songkol.com\/WordPress3\/wp-content\/uploads\/2014\/09\/ISLADELSOL-03.jpg?fit=300%2C150\" data-large-file=\"https:\/\/i0.wp.com\/songkol.com\/WordPress3\/wp-content\/uploads\/2014\/09\/ISLADELSOL-03.jpg?fit=768%2C384\" src=\"https:\/\/i0.wp.com\/songkol.com\/WordPress3\/wp-content\/uploads\/2014\/09\/ISLADELSOL-03.jpg?w=764&#038;h=382\" width=\"764\" height=\"382\" data-original-width=\"764\" data-original-height=\"382\" itemprop=\"http:\/\/schema.org\/image\" title=\"ISLADELSOL-03\" alt=\"TIQUINA \/ Travers\u00e9e avec entre San Pablo et San Pedro.\" style=\"width: 764px; height: 382px;\" \/> <\/a> <div class=\"tiled-gallery-caption\" itemprop=\"caption description\"> TIQUINA \/ Travers\u00e9e avec entre San Pablo et San Pedro. <\/div> <\/div> <\/div> <!-- close group --> <\/div> <!-- close row --> <div class=\"gallery-row\" style=\"width: 768px; height: 221px;\" data-original-width=\"768\" data-original-height=\"221\" > <div class=\"gallery-group images-1\" style=\"width: 330px; height: 221px;\" data-original-width=\"330\" data-original-height=\"221\" > <div class=\"tiled-gallery-item tiled-gallery-item-large\" itemprop=\"associatedMedia\" itemscope itemtype=\"http:\/\/schema.org\/ImageObject\"> <a href=\"http:\/\/songkol.com\/WordPress3\/isladelsol-05\/\" border=\"0\" itemprop=\"url\"> <meta itemprop=\"width\" content=\"326\"> <meta itemprop=\"height\" content=\"217\"> <img data-attachment-id=\"3423\" data-orig-file=\"http:\/\/songkol.com\/WordPress3\/wp-content\/uploads\/2014\/09\/ISLADELSOL-05.jpg\" data-orig-size=\"1200,800\" data-comments-opened=\"1\" data-image-meta=\"{&quot;aperture&quot;:&quot;14&quot;,&quot;credit&quot;:&quot;&quot;,&quot;camera&quot;:&quot;Canon EOS 5D&quot;,&quot;caption&quot;:&quot;&quot;,&quot;created_timestamp&quot;:&quot;1409758075&quot;,&quot;copyright&quot;:&quot;&quot;,&quot;focal_length&quot;:&quot;17&quot;,&quot;iso&quot;:&quot;400&quot;,&quot;shutter_speed&quot;:&quot;0.002&quot;,&quot;title&quot;:&quot;&quot;}\" data-image-title=\"ISLADELSOL-05\" data-image-description=\"\" data-medium-file=\"https:\/\/i0.wp.com\/songkol.com\/WordPress3\/wp-content\/uploads\/2014\/09\/ISLADELSOL-05.jpg?fit=300%2C200\" data-large-file=\"https:\/\/i0.wp.com\/songkol.com\/WordPress3\/wp-content\/uploads\/2014\/09\/ISLADELSOL-05.jpg?fit=768%2C512\" src=\"https:\/\/i0.wp.com\/songkol.com\/WordPress3\/wp-content\/uploads\/2014\/09\/ISLADELSOL-05.jpg?w=326&#038;h=217\" width=\"326\" height=\"217\" data-original-width=\"326\" data-original-height=\"217\" itemprop=\"http:\/\/schema.org\/image\" title=\"ISLADELSOL-05\" alt=\"TIQUINA \/ Travers\u00e9e avec entre San Pablo et San Pedro. Les vagues de travers nous ont donn\u00e9 qq sueurs froides\u2026\" style=\"width: 326px; height: 217px;\" \/> <\/a> <div class=\"tiled-gallery-caption\" itemprop=\"caption description\"> TIQUINA \/ Travers\u00e9e avec entre San Pablo et San Pedro. Les vagues de travers nous ont donn\u00e9 qq sueurs froides\u2026 <\/div> <\/div> <\/div> <!-- close group --> <div class=\"gallery-group images-1\" style=\"width: 438px; height: 221px;\" data-original-width=\"438\" data-original-height=\"221\" > <div class=\"tiled-gallery-item tiled-gallery-item-large\" itemprop=\"associatedMedia\" itemscope itemtype=\"http:\/\/schema.org\/ImageObject\"> <a href=\"http:\/\/songkol.com\/WordPress3\/isladelsol-04\/\" border=\"0\" itemprop=\"url\"> <meta itemprop=\"width\" content=\"434\"> <meta itemprop=\"height\" content=\"217\"> <img data-attachment-id=\"3422\" data-orig-file=\"http:\/\/songkol.com\/WordPress3\/wp-content\/uploads\/2014\/09\/ISLADELSOL-04.jpg\" data-orig-size=\"1200,600\" data-comments-opened=\"1\" data-image-meta=\"{&quot;aperture&quot;:&quot;13&quot;,&quot;credit&quot;:&quot;&quot;,&quot;camera&quot;:&quot;Canon EOS 5D&quot;,&quot;caption&quot;:&quot;&quot;,&quot;created_timestamp&quot;:&quot;1409758031&quot;,&quot;copyright&quot;:&quot;&quot;,&quot;focal_length&quot;:&quot;17&quot;,&quot;iso&quot;:&quot;400&quot;,&quot;shutter_speed&quot;:&quot;0.003125&quot;,&quot;title&quot;:&quot;&quot;}\" data-image-title=\"ISLADELSOL-04\" data-image-description=\"\" data-medium-file=\"https:\/\/i0.wp.com\/songkol.com\/WordPress3\/wp-content\/uploads\/2014\/09\/ISLADELSOL-04.jpg?fit=300%2C150\" data-large-file=\"https:\/\/i0.wp.com\/songkol.com\/WordPress3\/wp-content\/uploads\/2014\/09\/ISLADELSOL-04.jpg?fit=768%2C384\" src=\"https:\/\/i0.wp.com\/songkol.com\/WordPress3\/wp-content\/uploads\/2014\/09\/ISLADELSOL-04.jpg?w=434&#038;h=217\" width=\"434\" height=\"217\" data-original-width=\"434\" data-original-height=\"217\" itemprop=\"http:\/\/schema.org\/image\" title=\"ISLADELSOL-04\" alt=\"TIQUINA \/ Travers\u00e9e avec entre San Pablo et San Pedro.\" style=\"width: 434px; height: 217px;\" \/> <\/a> <div class=\"tiled-gallery-caption\" itemprop=\"caption description\"> TIQUINA \/ Travers\u00e9e avec entre San Pablo et San Pedro. <\/div> <\/div> <\/div> <!-- close group --> <\/div> <!-- close row --> <div class=\"gallery-row\" style=\"width: 768px; height: 386px;\" data-original-width=\"768\" data-original-height=\"386\" > <div class=\"gallery-group images-1\" style=\"width: 768px; height: 386px;\" data-original-width=\"768\" data-original-height=\"386\" > <div class=\"tiled-gallery-item tiled-gallery-item-large\" itemprop=\"associatedMedia\" itemscope itemtype=\"http:\/\/schema.org\/ImageObject\"> <a href=\"http:\/\/songkol.com\/WordPress3\/isladelsol-06\/\" border=\"0\" itemprop=\"url\"> <meta itemprop=\"width\" content=\"764\"> <meta itemprop=\"height\" content=\"382\"> <img data-attachment-id=\"3424\" data-orig-file=\"http:\/\/songkol.com\/WordPress3\/wp-content\/uploads\/2014\/09\/ISLADELSOL-06.jpg\" data-orig-size=\"1200,600\" data-comments-opened=\"1\" data-image-meta=\"{&quot;aperture&quot;:&quot;16&quot;,&quot;credit&quot;:&quot;&quot;,&quot;camera&quot;:&quot;Canon EOS 5D&quot;,&quot;caption&quot;:&quot;&quot;,&quot;created_timestamp&quot;:&quot;1409760335&quot;,&quot;copyright&quot;:&quot;&quot;,&quot;focal_length&quot;:&quot;28&quot;,&quot;iso&quot;:&quot;400&quot;,&quot;shutter_speed&quot;:&quot;0.002&quot;,&quot;title&quot;:&quot;&quot;}\" data-image-title=\"ISLADELSOL-06\" data-image-description=\"\" data-medium-file=\"https:\/\/i0.wp.com\/songkol.com\/WordPress3\/wp-content\/uploads\/2014\/09\/ISLADELSOL-06.jpg?fit=300%2C150\" data-large-file=\"https:\/\/i0.wp.com\/songkol.com\/WordPress3\/wp-content\/uploads\/2014\/09\/ISLADELSOL-06.jpg?fit=768%2C384\" src=\"https:\/\/i0.wp.com\/songkol.com\/WordPress3\/wp-content\/uploads\/2014\/09\/ISLADELSOL-06.jpg?w=764&#038;h=382\" width=\"764\" height=\"382\" data-original-width=\"764\" data-original-height=\"382\" itemprop=\"http:\/\/schema.org\/image\" title=\"ISLADELSOL-06\" alt=\"En route vers Copacabana\" style=\"width: 764px; height: 382px;\" \/> <\/a> <div class=\"tiled-gallery-caption\" itemprop=\"caption description\"> En route vers Copacabana <\/div> <\/div> <\/div> <!-- close group --> <\/div> <!-- close row --> <div class=\"gallery-row\" style=\"width: 768px; height: 379px;\" data-original-width=\"768\" data-original-height=\"379\" > <div class=\"gallery-group images-1\" style=\"width: 389px; height: 379px;\" data-original-width=\"389\" data-original-height=\"379\" > <div class=\"tiled-gallery-item tiled-gallery-item-large\" itemprop=\"associatedMedia\" itemscope itemtype=\"http:\/\/schema.org\/ImageObject\"> <a href=\"http:\/\/songkol.com\/WordPress3\/isladelsol-07\/\" border=\"0\" itemprop=\"url\"> <meta itemprop=\"width\" content=\"385\"> <meta itemprop=\"height\" content=\"375\"> <img data-attachment-id=\"3425\" data-orig-file=\"http:\/\/songkol.com\/WordPress3\/wp-content\/uploads\/2014\/09\/ISLADELSOL-07.jpg\" data-orig-size=\"615,600\" data-comments-opened=\"1\" data-image-meta=\"{&quot;aperture&quot;:&quot;18&quot;,&quot;credit&quot;:&quot;&quot;,&quot;camera&quot;:&quot;Canon EOS 5D&quot;,&quot;caption&quot;:&quot;&quot;,&quot;created_timestamp&quot;:&quot;1409761474&quot;,&quot;copyright&quot;:&quot;&quot;,&quot;focal_length&quot;:&quot;40&quot;,&quot;iso&quot;:&quot;400&quot;,&quot;shutter_speed&quot;:&quot;0.0015625&quot;,&quot;title&quot;:&quot;&quot;}\" data-image-title=\"ISLADELSOL-07\" data-image-description=\"\" data-medium-file=\"https:\/\/i0.wp.com\/songkol.com\/WordPress3\/wp-content\/uploads\/2014\/09\/ISLADELSOL-07.jpg?fit=300%2C292\" data-large-file=\"https:\/\/i0.wp.com\/songkol.com\/WordPress3\/wp-content\/uploads\/2014\/09\/ISLADELSOL-07.jpg?fit=615%2C600\" src=\"https:\/\/i0.wp.com\/songkol.com\/WordPress3\/wp-content\/uploads\/2014\/09\/ISLADELSOL-07.jpg?w=385&#038;h=375\" width=\"385\" height=\"375\" data-original-width=\"385\" data-original-height=\"375\" itemprop=\"http:\/\/schema.org\/image\" title=\"ISLADELSOL-07\" alt=\"COPACABANA\" style=\"width: 385px; height: 375px;\" \/> <\/a> <div class=\"tiled-gallery-caption\" itemprop=\"caption description\"> COPACABANA <\/div> <\/div> <\/div> <!-- close group --> <div class=\"gallery-group images-1\" style=\"width: 379px; height: 379px;\" data-original-width=\"379\" data-original-height=\"379\" > <div class=\"tiled-gallery-item tiled-gallery-item-large\" itemprop=\"associatedMedia\" itemscope itemtype=\"http:\/\/schema.org\/ImageObject\"> <a href=\"http:\/\/songkol.com\/WordPress3\/isladelsol-08\/\" border=\"0\" itemprop=\"url\"> <meta itemprop=\"width\" content=\"375\"> <meta itemprop=\"height\" content=\"375\"> <img data-attachment-id=\"3426\" data-orig-file=\"http:\/\/songkol.com\/WordPress3\/wp-content\/uploads\/2014\/09\/ISLADELSOL-08.jpg\" data-orig-size=\"600,600\" data-comments-opened=\"1\" data-image-meta=\"{&quot;aperture&quot;:&quot;16&quot;,&quot;credit&quot;:&quot;&quot;,&quot;camera&quot;:&quot;Canon EOS 5D&quot;,&quot;caption&quot;:&quot;&quot;,&quot;created_timestamp&quot;:&quot;1409761618&quot;,&quot;copyright&quot;:&quot;&quot;,&quot;focal_length&quot;:&quot;17&quot;,&quot;iso&quot;:&quot;400&quot;,&quot;shutter_speed&quot;:&quot;0.0015625&quot;,&quot;title&quot;:&quot;&quot;}\" data-image-title=\"ISLADELSOL-08\" data-image-description=\"\" data-medium-file=\"https:\/\/i0.wp.com\/songkol.com\/WordPress3\/wp-content\/uploads\/2014\/09\/ISLADELSOL-08.jpg?fit=300%2C300\" data-large-file=\"https:\/\/i0.wp.com\/songkol.com\/WordPress3\/wp-content\/uploads\/2014\/09\/ISLADELSOL-08.jpg?fit=600%2C600\" src=\"https:\/\/i0.wp.com\/songkol.com\/WordPress3\/wp-content\/uploads\/2014\/09\/ISLADELSOL-08.jpg?w=375&#038;h=375&#038;crop=1\" width=\"375\" height=\"375\" data-original-width=\"375\" data-original-height=\"375\" itemprop=\"http:\/\/schema.org\/image\" title=\"ISLADELSOL-08\" alt=\"COPACABANA \/ Le lac et la ville \u00e0 l&#039;abri du vent au pied de la colline\" style=\"width: 375px; height: 375px;\" \/> <\/a> <div class=\"tiled-gallery-caption\" itemprop=\"caption description\"> COPACABANA \/ Le lac et la ville \u00e0 l&rsquo;abri du vent au pied de la colline <\/div> <\/div> <\/div> <!-- close group --> <\/div> <!-- close row --> <div class=\"gallery-row\" style=\"width: 768px; height: 386px;\" data-original-width=\"768\" data-original-height=\"386\" > <div class=\"gallery-group images-1\" style=\"width: 768px; height: 386px;\" data-original-width=\"768\" data-original-height=\"386\" > <div class=\"tiled-gallery-item tiled-gallery-item-large\" itemprop=\"associatedMedia\" itemscope itemtype=\"http:\/\/schema.org\/ImageObject\"> <a href=\"http:\/\/songkol.com\/WordPress3\/isladelsol-09\/\" border=\"0\" itemprop=\"url\"> <meta itemprop=\"width\" content=\"764\"> <meta itemprop=\"height\" content=\"382\"> <img data-attachment-id=\"3427\" data-orig-file=\"http:\/\/songkol.com\/WordPress3\/wp-content\/uploads\/2014\/09\/ISLADELSOL-09.jpg\" data-orig-size=\"1200,600\" data-comments-opened=\"1\" data-image-meta=\"{&quot;aperture&quot;:&quot;14&quot;,&quot;credit&quot;:&quot;&quot;,&quot;camera&quot;:&quot;Canon EOS 5D&quot;,&quot;caption&quot;:&quot;&quot;,&quot;created_timestamp&quot;:&quot;1409764692&quot;,&quot;copyright&quot;:&quot;&quot;,&quot;focal_length&quot;:&quot;40&quot;,&quot;iso&quot;:&quot;400&quot;,&quot;shutter_speed&quot;:&quot;0.0025&quot;,&quot;title&quot;:&quot;&quot;}\" data-image-title=\"ISLADELSOL-09\" data-image-description=\"\" data-medium-file=\"https:\/\/i0.wp.com\/songkol.com\/WordPress3\/wp-content\/uploads\/2014\/09\/ISLADELSOL-09.jpg?fit=300%2C150\" data-large-file=\"https:\/\/i0.wp.com\/songkol.com\/WordPress3\/wp-content\/uploads\/2014\/09\/ISLADELSOL-09.jpg?fit=768%2C384\" src=\"https:\/\/i0.wp.com\/songkol.com\/WordPress3\/wp-content\/uploads\/2014\/09\/ISLADELSOL-09.jpg?w=764&#038;h=382\" width=\"764\" height=\"382\" data-original-width=\"764\" data-original-height=\"382\" itemprop=\"http:\/\/schema.org\/image\" title=\"ISLADELSOL-09\" alt=\"COPACABANA \/ Vue depuis notre bivouac\" style=\"width: 764px; height: 382px;\" \/> <\/a> <div class=\"tiled-gallery-caption\" itemprop=\"caption description\"> COPACABANA \/ Vue depuis notre bivouac <\/div> <\/div> <\/div> <!-- close group --> <\/div> <!-- close row --> <div class=\"gallery-row\" style=\"width: 768px; height: 386px;\" data-original-width=\"768\" data-original-height=\"386\" > <div class=\"gallery-group images-1\" style=\"width: 768px; height: 386px;\" data-original-width=\"768\" data-original-height=\"386\" > <div class=\"tiled-gallery-item tiled-gallery-item-large\" itemprop=\"associatedMedia\" itemscope itemtype=\"http:\/\/schema.org\/ImageObject\"> <a href=\"http:\/\/songkol.com\/WordPress3\/isladelsol-10\/\" border=\"0\" itemprop=\"url\"> <meta itemprop=\"width\" content=\"764\"> <meta itemprop=\"height\" content=\"382\"> <img data-attachment-id=\"3428\" data-orig-file=\"http:\/\/songkol.com\/WordPress3\/wp-content\/uploads\/2014\/09\/ISLADELSOL-10.jpg\" data-orig-size=\"1200,600\" data-comments-opened=\"1\" data-image-meta=\"{&quot;aperture&quot;:&quot;10&quot;,&quot;credit&quot;:&quot;&quot;,&quot;camera&quot;:&quot;Canon EOS 5D&quot;,&quot;caption&quot;:&quot;&quot;,&quot;created_timestamp&quot;:&quot;1409823094&quot;,&quot;copyright&quot;:&quot;&quot;,&quot;focal_length&quot;:&quot;17&quot;,&quot;iso&quot;:&quot;400&quot;,&quot;shutter_speed&quot;:&quot;0.004&quot;,&quot;title&quot;:&quot;&quot;}\" data-image-title=\"ISLADELSOL-10\" data-image-description=\"\" data-medium-file=\"https:\/\/i0.wp.com\/songkol.com\/WordPress3\/wp-content\/uploads\/2014\/09\/ISLADELSOL-10.jpg?fit=300%2C150\" data-large-file=\"https:\/\/i0.wp.com\/songkol.com\/WordPress3\/wp-content\/uploads\/2014\/09\/ISLADELSOL-10.jpg?fit=768%2C384\" src=\"https:\/\/i0.wp.com\/songkol.com\/WordPress3\/wp-content\/uploads\/2014\/09\/ISLADELSOL-10.jpg?w=764&#038;h=382\" width=\"764\" height=\"382\" data-original-width=\"764\" data-original-height=\"382\" itemprop=\"http:\/\/schema.org\/image\" title=\"ISLADELSOL-10\" alt=\"COPACABANA \/ Nils et Leinardt\" style=\"width: 764px; height: 382px;\" \/> <\/a> <div class=\"tiled-gallery-caption\" itemprop=\"caption description\"> COPACABANA \/ Nils et Leinardt <\/div> <\/div> <\/div> <!-- close group --> <\/div> <!-- close row --> <div class=\"gallery-row\" style=\"width: 768px; height: 386px;\" data-original-width=\"768\" data-original-height=\"386\" > <div class=\"gallery-group images-1\" style=\"width: 768px; height: 386px;\" data-original-width=\"768\" data-original-height=\"386\" > <div class=\"tiled-gallery-item tiled-gallery-item-large\" itemprop=\"associatedMedia\" itemscope itemtype=\"http:\/\/schema.org\/ImageObject\"> <a href=\"http:\/\/songkol.com\/WordPress3\/isladelsol-11\/\" border=\"0\" itemprop=\"url\"> <meta itemprop=\"width\" content=\"764\"> <meta itemprop=\"height\" content=\"382\"> <img data-attachment-id=\"3429\" data-orig-file=\"http:\/\/songkol.com\/WordPress3\/wp-content\/uploads\/2014\/09\/ISLADELSOL-11.jpg\" data-orig-size=\"1200,600\" data-comments-opened=\"1\" data-image-meta=\"{&quot;aperture&quot;:&quot;16&quot;,&quot;credit&quot;:&quot;&quot;,&quot;camera&quot;:&quot;Canon EOS 5D&quot;,&quot;caption&quot;:&quot;&quot;,&quot;created_timestamp&quot;:&quot;1409825654&quot;,&quot;copyright&quot;:&quot;&quot;,&quot;focal_length&quot;:&quot;17&quot;,&quot;iso&quot;:&quot;400&quot;,&quot;shutter_speed&quot;:&quot;0.002&quot;,&quot;title&quot;:&quot;&quot;}\" data-image-title=\"ISLADELSOL-11\" data-image-description=\"\" data-medium-file=\"https:\/\/i0.wp.com\/songkol.com\/WordPress3\/wp-content\/uploads\/2014\/09\/ISLADELSOL-11.jpg?fit=300%2C150\" data-large-file=\"https:\/\/i0.wp.com\/songkol.com\/WordPress3\/wp-content\/uploads\/2014\/09\/ISLADELSOL-11.jpg?fit=768%2C384\" src=\"https:\/\/i0.wp.com\/songkol.com\/WordPress3\/wp-content\/uploads\/2014\/09\/ISLADELSOL-11.jpg?w=764&#038;h=382\" width=\"764\" height=\"382\" data-original-width=\"764\" data-original-height=\"382\" itemprop=\"http:\/\/schema.org\/image\" title=\"ISLADELSOL-11\" alt=\"COPACABANA \/ Nils a une passion pour les flaques\u2026\" style=\"width: 764px; height: 382px;\" \/> <\/a> <div class=\"tiled-gallery-caption\" itemprop=\"caption description\"> COPACABANA \/ Nils a une passion pour les flaques\u2026 <\/div> <\/div> <\/div> <!-- close group --> <\/div> <!-- close row --> <div class=\"gallery-row\" style=\"width: 768px; height: 386px;\" data-original-width=\"768\" data-original-height=\"386\" > <div class=\"gallery-group images-1\" style=\"width: 768px; height: 386px;\" data-original-width=\"768\" data-original-height=\"386\" > <div class=\"tiled-gallery-item tiled-gallery-item-large\" itemprop=\"associatedMedia\" itemscope itemtype=\"http:\/\/schema.org\/ImageObject\"> <a href=\"http:\/\/songkol.com\/WordPress3\/isladelsol-12\/\" border=\"0\" itemprop=\"url\"> <meta itemprop=\"width\" content=\"764\"> <meta itemprop=\"height\" content=\"382\"> <img data-attachment-id=\"3430\" data-orig-file=\"http:\/\/songkol.com\/WordPress3\/wp-content\/uploads\/2014\/09\/ISLADELSOL-12.jpg\" data-orig-size=\"1200,600\" data-comments-opened=\"1\" data-image-meta=\"{&quot;aperture&quot;:&quot;16&quot;,&quot;credit&quot;:&quot;&quot;,&quot;camera&quot;:&quot;Canon EOS 5D&quot;,&quot;caption&quot;:&quot;&quot;,&quot;created_timestamp&quot;:&quot;1409826249&quot;,&quot;copyright&quot;:&quot;&quot;,&quot;focal_length&quot;:&quot;19&quot;,&quot;iso&quot;:&quot;400&quot;,&quot;shutter_speed&quot;:&quot;0.002&quot;,&quot;title&quot;:&quot;&quot;}\" data-image-title=\"ISLADELSOL-12\" data-image-description=\"\" data-medium-file=\"https:\/\/i0.wp.com\/songkol.com\/WordPress3\/wp-content\/uploads\/2014\/09\/ISLADELSOL-12.jpg?fit=300%2C150\" data-large-file=\"https:\/\/i0.wp.com\/songkol.com\/WordPress3\/wp-content\/uploads\/2014\/09\/ISLADELSOL-12.jpg?fit=768%2C384\" src=\"https:\/\/i0.wp.com\/songkol.com\/WordPress3\/wp-content\/uploads\/2014\/09\/ISLADELSOL-12.jpg?w=764&#038;h=382\" width=\"764\" height=\"382\" data-original-width=\"764\" data-original-height=\"382\" itemprop=\"http:\/\/schema.org\/image\" title=\"ISLADELSOL-12\" alt=\"ISLADELSOL-12\" style=\"width: 764px; height: 382px;\" \/> <\/a> <\/div> <\/div> <!-- close group --> <\/div> <!-- close row --> <div class=\"gallery-row\" style=\"width: 768px; height: 221px;\" data-original-width=\"768\" data-original-height=\"221\" > <div class=\"gallery-group images-1\" style=\"width: 330px; height: 221px;\" data-original-width=\"330\" data-original-height=\"221\" > <div class=\"tiled-gallery-item tiled-gallery-item-large\" itemprop=\"associatedMedia\" itemscope itemtype=\"http:\/\/schema.org\/ImageObject\"> <a href=\"http:\/\/songkol.com\/WordPress3\/isladelsol-13\/\" border=\"0\" itemprop=\"url\"> <meta itemprop=\"width\" content=\"326\"> <meta itemprop=\"height\" content=\"217\"> <img data-attachment-id=\"3431\" data-orig-file=\"http:\/\/songkol.com\/WordPress3\/wp-content\/uploads\/2014\/09\/ISLADELSOL-13.jpg\" data-orig-size=\"1200,800\" data-comments-opened=\"1\" data-image-meta=\"{&quot;aperture&quot;:&quot;22&quot;,&quot;credit&quot;:&quot;&quot;,&quot;camera&quot;:&quot;Canon EOS 5D&quot;,&quot;caption&quot;:&quot;&quot;,&quot;created_timestamp&quot;:&quot;1409828446&quot;,&quot;copyright&quot;:&quot;&quot;,&quot;focal_length&quot;:&quot;17&quot;,&quot;iso&quot;:&quot;400&quot;,&quot;shutter_speed&quot;:&quot;0.003125&quot;,&quot;title&quot;:&quot;&quot;}\" data-image-title=\"ISLADELSOL-13\" data-image-description=\"\" data-medium-file=\"https:\/\/i0.wp.com\/songkol.com\/WordPress3\/wp-content\/uploads\/2014\/09\/ISLADELSOL-13.jpg?fit=300%2C200\" data-large-file=\"https:\/\/i0.wp.com\/songkol.com\/WordPress3\/wp-content\/uploads\/2014\/09\/ISLADELSOL-13.jpg?fit=768%2C512\" src=\"https:\/\/i0.wp.com\/songkol.com\/WordPress3\/wp-content\/uploads\/2014\/09\/ISLADELSOL-13.jpg?w=326&#038;h=217\" width=\"326\" height=\"217\" data-original-width=\"326\" data-original-height=\"217\" itemprop=\"http:\/\/schema.org\/image\" title=\"ISLADELSOL-13\" alt=\"LAC TITICACA \/ A Copacabana, l&#039;unique plage publique surveill\u00e9e de Bolivie\" style=\"width: 326px; height: 217px;\" \/> <\/a> <div class=\"tiled-gallery-caption\" itemprop=\"caption description\"> LAC TITICACA \/ A Copacabana, l&rsquo;unique plage publique surveill\u00e9e de Bolivie <\/div> <\/div> <\/div> <!-- close group --> <div class=\"gallery-group images-1\" style=\"width: 438px; height: 221px;\" data-original-width=\"438\" data-original-height=\"221\" > <div class=\"tiled-gallery-item tiled-gallery-item-large\" itemprop=\"associatedMedia\" itemscope itemtype=\"http:\/\/schema.org\/ImageObject\"> <a href=\"http:\/\/songkol.com\/WordPress3\/isladelsol-14\/\" border=\"0\" itemprop=\"url\"> <meta itemprop=\"width\" content=\"434\"> <meta itemprop=\"height\" content=\"217\"> <img data-attachment-id=\"3432\" data-orig-file=\"http:\/\/songkol.com\/WordPress3\/wp-content\/uploads\/2014\/09\/ISLADELSOL-14.jpg\" data-orig-size=\"1200,600\" data-comments-opened=\"1\" data-image-meta=\"{&quot;aperture&quot;:&quot;14&quot;,&quot;credit&quot;:&quot;&quot;,&quot;camera&quot;:&quot;Canon EOS 5D&quot;,&quot;caption&quot;:&quot;&quot;,&quot;created_timestamp&quot;:&quot;1409845150&quot;,&quot;copyright&quot;:&quot;&quot;,&quot;focal_length&quot;:&quot;17&quot;,&quot;iso&quot;:&quot;400&quot;,&quot;shutter_speed&quot;:&quot;0.0025&quot;,&quot;title&quot;:&quot;&quot;}\" data-image-title=\"ISLADELSOL-14\" data-image-description=\"\" data-medium-file=\"https:\/\/i0.wp.com\/songkol.com\/WordPress3\/wp-content\/uploads\/2014\/09\/ISLADELSOL-14.jpg?fit=300%2C150\" data-large-file=\"https:\/\/i0.wp.com\/songkol.com\/WordPress3\/wp-content\/uploads\/2014\/09\/ISLADELSOL-14.jpg?fit=768%2C384\" src=\"https:\/\/i0.wp.com\/songkol.com\/WordPress3\/wp-content\/uploads\/2014\/09\/ISLADELSOL-14.jpg?w=434&#038;h=217\" width=\"434\" height=\"217\" data-original-width=\"434\" data-original-height=\"217\" itemprop=\"http:\/\/schema.org\/image\" title=\"ISLADELSOL-14\" alt=\"LAC TITICACA \/ A Copacabana, Anna, Leinardt, Nils et Ellie\" style=\"width: 434px; height: 217px;\" \/> <\/a> <div class=\"tiled-gallery-caption\" itemprop=\"caption description\"> LAC TITICACA \/ A Copacabana, Anna, Leinardt, Nils et Ellie <\/div> <\/div> <\/div> <!-- close group --> <\/div> <!-- close row --> <div class=\"gallery-row\" style=\"width: 768px; height: 257px;\" data-original-width=\"768\" data-original-height=\"257\" > <div class=\"gallery-group images-1\" style=\"width: 257px; height: 257px;\" data-original-width=\"257\" data-original-height=\"257\" > <div class=\"tiled-gallery-item tiled-gallery-item-large\" itemprop=\"associatedMedia\" itemscope itemtype=\"http:\/\/schema.org\/ImageObject\"> <a href=\"http:\/\/songkol.com\/WordPress3\/isladelsol-15\/\" border=\"0\" itemprop=\"url\"> <meta itemprop=\"width\" content=\"253\"> <meta itemprop=\"height\" content=\"253\"> <img data-attachment-id=\"3433\" data-orig-file=\"http:\/\/songkol.com\/WordPress3\/wp-content\/uploads\/2014\/09\/ISLADELSOL-15.jpg\" data-orig-size=\"600,600\" data-comments-opened=\"1\" data-image-meta=\"{&quot;aperture&quot;:&quot;16&quot;,&quot;credit&quot;:&quot;&quot;,&quot;camera&quot;:&quot;Canon EOS 5D&quot;,&quot;caption&quot;:&quot;&quot;,&quot;created_timestamp&quot;:&quot;1409845880&quot;,&quot;copyright&quot;:&quot;&quot;,&quot;focal_length&quot;:&quot;17&quot;,&quot;iso&quot;:&quot;400&quot;,&quot;shutter_speed&quot;:&quot;0.002&quot;,&quot;title&quot;:&quot;&quot;}\" data-image-title=\"ISLADELSOL-15\" data-image-description=\"\" data-medium-file=\"https:\/\/i0.wp.com\/songkol.com\/WordPress3\/wp-content\/uploads\/2014\/09\/ISLADELSOL-15.jpg?fit=300%2C300\" data-large-file=\"https:\/\/i0.wp.com\/songkol.com\/WordPress3\/wp-content\/uploads\/2014\/09\/ISLADELSOL-15.jpg?fit=600%2C600\" src=\"https:\/\/i0.wp.com\/songkol.com\/WordPress3\/wp-content\/uploads\/2014\/09\/ISLADELSOL-15.jpg?w=253&#038;h=253&#038;crop=1\" width=\"253\" height=\"253\" data-original-width=\"253\" data-original-height=\"253\" itemprop=\"http:\/\/schema.org\/image\" title=\"ISLADELSOL-15\" alt=\"LAC TITICACA \/ A Copacabana, la fine \u00e9quipe franco-allemande\" style=\"width: 253px; height: 253px;\" \/> <\/a> <div class=\"tiled-gallery-caption\" itemprop=\"caption description\"> LAC TITICACA \/ A Copacabana, la fine \u00e9quipe franco-allemande <\/div> <\/div> <\/div> <!-- close group --> <div class=\"gallery-group images-1\" style=\"width: 511px; height: 257px;\" data-original-width=\"511\" data-original-height=\"257\" > <div class=\"tiled-gallery-item tiled-gallery-item-large\" itemprop=\"associatedMedia\" itemscope itemtype=\"http:\/\/schema.org\/ImageObject\"> <a href=\"http:\/\/songkol.com\/WordPress3\/isladelsol-16\/\" border=\"0\" itemprop=\"url\"> <meta itemprop=\"width\" content=\"507\"> <meta itemprop=\"height\" content=\"253\"> <img data-attachment-id=\"3434\" data-orig-file=\"http:\/\/songkol.com\/WordPress3\/wp-content\/uploads\/2014\/09\/ISLADELSOL-16.jpg\" data-orig-size=\"1200,600\" data-comments-opened=\"1\" data-image-meta=\"{&quot;aperture&quot;:&quot;16&quot;,&quot;credit&quot;:&quot;&quot;,&quot;camera&quot;:&quot;Canon EOS 5D&quot;,&quot;caption&quot;:&quot;&quot;,&quot;created_timestamp&quot;:&quot;1409848058&quot;,&quot;copyright&quot;:&quot;&quot;,&quot;focal_length&quot;:&quot;17&quot;,&quot;iso&quot;:&quot;400&quot;,&quot;shutter_speed&quot;:&quot;0.0015625&quot;,&quot;title&quot;:&quot;&quot;}\" data-image-title=\"ISLADELSOL-16\" data-image-description=\"\" data-medium-file=\"https:\/\/i0.wp.com\/songkol.com\/WordPress3\/wp-content\/uploads\/2014\/09\/ISLADELSOL-16.jpg?fit=300%2C150\" data-large-file=\"https:\/\/i0.wp.com\/songkol.com\/WordPress3\/wp-content\/uploads\/2014\/09\/ISLADELSOL-16.jpg?fit=768%2C384\" src=\"https:\/\/i0.wp.com\/songkol.com\/WordPress3\/wp-content\/uploads\/2014\/09\/ISLADELSOL-16.jpg?w=507&#038;h=253\" width=\"507\" height=\"253\" data-original-width=\"507\" data-original-height=\"253\" itemprop=\"http:\/\/schema.org\/image\" title=\"ISLADELSOL-16\" alt=\"COPACABANA \/ Cath\u00e9drale mauresque devant laquelle sont baptis\u00e9s les vehicules\" style=\"width: 507px; height: 253px;\" \/> <\/a> <div class=\"tiled-gallery-caption\" itemprop=\"caption description\"> COPACABANA \/ Cath\u00e9drale mauresque devant laquelle sont baptis\u00e9s les vehicules <\/div> <\/div> <\/div> <!-- close group --> <\/div> <!-- close row --> <div class=\"gallery-row\" style=\"width: 768px; height: 386px;\" data-original-width=\"768\" data-original-height=\"386\" > <div class=\"gallery-group images-1\" style=\"width: 768px; height: 386px;\" data-original-width=\"768\" data-original-height=\"386\" > <div class=\"tiled-gallery-item tiled-gallery-item-large\" itemprop=\"associatedMedia\" itemscope itemtype=\"http:\/\/schema.org\/ImageObject\"> <a href=\"http:\/\/songkol.com\/WordPress3\/isladelsol-17\/\" border=\"0\" itemprop=\"url\"> <meta itemprop=\"width\" content=\"764\"> <meta itemprop=\"height\" content=\"382\"> <img data-attachment-id=\"3435\" data-orig-file=\"http:\/\/songkol.com\/WordPress3\/wp-content\/uploads\/2014\/09\/ISLADELSOL-17.jpg\" data-orig-size=\"1200,600\" data-comments-opened=\"1\" data-image-meta=\"{&quot;aperture&quot;:&quot;10&quot;,&quot;credit&quot;:&quot;&quot;,&quot;camera&quot;:&quot;Canon EOS 5D&quot;,&quot;caption&quot;:&quot;&quot;,&quot;created_timestamp&quot;:&quot;1409848273&quot;,&quot;copyright&quot;:&quot;&quot;,&quot;focal_length&quot;:&quot;17&quot;,&quot;iso&quot;:&quot;400&quot;,&quot;shutter_speed&quot;:&quot;0.004&quot;,&quot;title&quot;:&quot;&quot;}\" data-image-title=\"ISLADELSOL-17\" data-image-description=\"\" data-medium-file=\"https:\/\/i0.wp.com\/songkol.com\/WordPress3\/wp-content\/uploads\/2014\/09\/ISLADELSOL-17.jpg?fit=300%2C150\" data-large-file=\"https:\/\/i0.wp.com\/songkol.com\/WordPress3\/wp-content\/uploads\/2014\/09\/ISLADELSOL-17.jpg?fit=768%2C384\" src=\"https:\/\/i0.wp.com\/songkol.com\/WordPress3\/wp-content\/uploads\/2014\/09\/ISLADELSOL-17.jpg?w=764&#038;h=382\" width=\"764\" height=\"382\" data-original-width=\"764\" data-original-height=\"382\" itemprop=\"http:\/\/schema.org\/image\" title=\"ISLADELSOL-17\" alt=\"LAC TITICACA \/ A Copacabana, articles religieux mis en vente au pied de la cath\u00e9drale\" style=\"width: 764px; height: 382px;\" \/> <\/a> <div class=\"tiled-gallery-caption\" itemprop=\"caption description\"> LAC TITICACA \/ A Copacabana, articles religieux mis en vente au pied de la cath\u00e9drale <\/div> <\/div> <\/div> <!-- close group --> <\/div> <!-- close row --> <div class=\"gallery-row\" style=\"width: 768px; height: 386px;\" data-original-width=\"768\" data-original-height=\"386\" > <div class=\"gallery-group images-1\" style=\"width: 768px; height: 386px;\" data-original-width=\"768\" data-original-height=\"386\" > <div class=\"tiled-gallery-item tiled-gallery-item-large\" itemprop=\"associatedMedia\" itemscope itemtype=\"http:\/\/schema.org\/ImageObject\"> <a href=\"http:\/\/songkol.com\/WordPress3\/isladelsol-18\/\" border=\"0\" itemprop=\"url\"> <meta itemprop=\"width\" content=\"764\"> <meta itemprop=\"height\" content=\"382\"> <img data-attachment-id=\"3436\" data-orig-file=\"http:\/\/songkol.com\/WordPress3\/wp-content\/uploads\/2014\/09\/ISLADELSOL-18.jpg\" data-orig-size=\"1200,600\" data-comments-opened=\"1\" data-image-meta=\"{&quot;aperture&quot;:&quot;7.1&quot;,&quot;credit&quot;:&quot;&quot;,&quot;camera&quot;:&quot;Canon EOS 5D&quot;,&quot;caption&quot;:&quot;&quot;,&quot;created_timestamp&quot;:&quot;1409849149&quot;,&quot;copyright&quot;:&quot;&quot;,&quot;focal_length&quot;:&quot;17&quot;,&quot;iso&quot;:&quot;1600&quot;,&quot;shutter_speed&quot;:&quot;0.01&quot;,&quot;title&quot;:&quot;&quot;}\" data-image-title=\"ISLADELSOL-18\" data-image-description=\"\" data-medium-file=\"https:\/\/i0.wp.com\/songkol.com\/WordPress3\/wp-content\/uploads\/2014\/09\/ISLADELSOL-18.jpg?fit=300%2C150\" data-large-file=\"https:\/\/i0.wp.com\/songkol.com\/WordPress3\/wp-content\/uploads\/2014\/09\/ISLADELSOL-18.jpg?fit=768%2C384\" src=\"https:\/\/i0.wp.com\/songkol.com\/WordPress3\/wp-content\/uploads\/2014\/09\/ISLADELSOL-18.jpg?w=764&#038;h=382\" width=\"764\" height=\"382\" data-original-width=\"764\" data-original-height=\"382\" itemprop=\"http:\/\/schema.org\/image\" title=\"ISLADELSOL-18\" alt=\"COPACABANA \/ D\u00e9tail du portail d&#039;entr\u00e9e de la cath\u00e9drale\" style=\"width: 764px; height: 382px;\" \/> <\/a> <div class=\"tiled-gallery-caption\" itemprop=\"caption description\"> COPACABANA \/ D\u00e9tail du portail d&rsquo;entr\u00e9e de la cath\u00e9drale <\/div> <\/div> <\/div> <!-- close group --> <\/div> <!-- close row --> <div class=\"gallery-row\" style=\"width: 768px; height: 386px;\" data-original-width=\"768\" data-original-height=\"386\" > <div class=\"gallery-group images-1\" style=\"width: 768px; height: 386px;\" data-original-width=\"768\" data-original-height=\"386\" > <div class=\"tiled-gallery-item tiled-gallery-item-large\" itemprop=\"associatedMedia\" itemscope itemtype=\"http:\/\/schema.org\/ImageObject\"> <a href=\"http:\/\/songkol.com\/WordPress3\/isladelsol-19\/\" border=\"0\" itemprop=\"url\"> <meta itemprop=\"width\" content=\"764\"> <meta itemprop=\"height\" content=\"382\"> <img data-attachment-id=\"3437\" data-orig-file=\"http:\/\/songkol.com\/WordPress3\/wp-content\/uploads\/2014\/09\/ISLADELSOL-19.jpg\" data-orig-size=\"1200,600\" data-comments-opened=\"1\" data-image-meta=\"{&quot;aperture&quot;:&quot;18&quot;,&quot;credit&quot;:&quot;&quot;,&quot;camera&quot;:&quot;Canon EOS 5D&quot;,&quot;caption&quot;:&quot;&quot;,&quot;created_timestamp&quot;:&quot;1409927457&quot;,&quot;copyright&quot;:&quot;&quot;,&quot;focal_length&quot;:&quot;17&quot;,&quot;iso&quot;:&quot;1600&quot;,&quot;shutter_speed&quot;:&quot;0.0015625&quot;,&quot;title&quot;:&quot;&quot;}\" data-image-title=\"ISLADELSOL-19\" data-image-description=\"\" data-medium-file=\"https:\/\/i0.wp.com\/songkol.com\/WordPress3\/wp-content\/uploads\/2014\/09\/ISLADELSOL-19.jpg?fit=300%2C150\" data-large-file=\"https:\/\/i0.wp.com\/songkol.com\/WordPress3\/wp-content\/uploads\/2014\/09\/ISLADELSOL-19.jpg?fit=768%2C384\" src=\"https:\/\/i0.wp.com\/songkol.com\/WordPress3\/wp-content\/uploads\/2014\/09\/ISLADELSOL-19.jpg?w=764&#038;h=382\" width=\"764\" height=\"382\" data-original-width=\"764\" data-original-height=\"382\" itemprop=\"http:\/\/schema.org\/image\" title=\"ISLADELSOL-19\" alt=\"LAC TITICACA \/ En route vers Yampaputa\" style=\"width: 764px; height: 382px;\" \/> <\/a> <div class=\"tiled-gallery-caption\" itemprop=\"caption description\"> LAC TITICACA \/ En route vers Yampaputa <\/div> <\/div> <\/div> <!-- close group --> <\/div> <!-- close row --> <div class=\"gallery-row\" style=\"width: 768px; height: 386px;\" data-original-width=\"768\" data-original-height=\"386\" > <div class=\"gallery-group images-1\" style=\"width: 768px; height: 386px;\" data-original-width=\"768\" data-original-height=\"386\" > <div class=\"tiled-gallery-item tiled-gallery-item-large\" itemprop=\"associatedMedia\" itemscope itemtype=\"http:\/\/schema.org\/ImageObject\"> <a href=\"http:\/\/songkol.com\/WordPress3\/isladelsol-20\/\" border=\"0\" itemprop=\"url\"> <meta itemprop=\"width\" content=\"764\"> <meta itemprop=\"height\" content=\"382\"> <img data-attachment-id=\"3438\" data-orig-file=\"http:\/\/songkol.com\/WordPress3\/wp-content\/uploads\/2014\/09\/ISLADELSOL-20.jpg\" data-orig-size=\"1200,600\" data-comments-opened=\"1\" data-image-meta=\"{&quot;aperture&quot;:&quot;18&quot;,&quot;credit&quot;:&quot;&quot;,&quot;camera&quot;:&quot;Canon EOS 5D&quot;,&quot;caption&quot;:&quot;&quot;,&quot;created_timestamp&quot;:&quot;1409935302&quot;,&quot;copyright&quot;:&quot;&quot;,&quot;focal_length&quot;:&quot;26&quot;,&quot;iso&quot;:&quot;1600&quot;,&quot;shutter_speed&quot;:&quot;0.00125&quot;,&quot;title&quot;:&quot;&quot;}\" data-image-title=\"ISLADELSOL-20\" data-image-description=\"\" data-medium-file=\"https:\/\/i0.wp.com\/songkol.com\/WordPress3\/wp-content\/uploads\/2014\/09\/ISLADELSOL-20.jpg?fit=300%2C150\" data-large-file=\"https:\/\/i0.wp.com\/songkol.com\/WordPress3\/wp-content\/uploads\/2014\/09\/ISLADELSOL-20.jpg?fit=768%2C384\" src=\"https:\/\/i0.wp.com\/songkol.com\/WordPress3\/wp-content\/uploads\/2014\/09\/ISLADELSOL-20.jpg?w=764&#038;h=382\" width=\"764\" height=\"382\" data-original-width=\"764\" data-original-height=\"382\" itemprop=\"http:\/\/schema.org\/image\" title=\"ISLADELSOL-20\" alt=\"LAC TITICACA \/ Port de Yampaputa o\u00f9 nous prendrons le bateau pour nous rendre sur l&#039;isla del sol\" style=\"width: 764px; height: 382px;\" \/> <\/a> <div class=\"tiled-gallery-caption\" itemprop=\"caption description\"> LAC TITICACA \/ Port de Yampaputa o\u00f9 nous prendrons le bateau pour nous rendre sur l&rsquo;isla del sol <\/div> <\/div> <\/div> <!-- close group --> <\/div> <!-- close row --> <div class=\"gallery-row\" style=\"width: 768px; height: 386px;\" data-original-width=\"768\" data-original-height=\"386\" > <div class=\"gallery-group images-1\" style=\"width: 768px; height: 386px;\" data-original-width=\"768\" data-original-height=\"386\" > <div class=\"tiled-gallery-item tiled-gallery-item-large\" itemprop=\"associatedMedia\" itemscope itemtype=\"http:\/\/schema.org\/ImageObject\"> <a href=\"http:\/\/songkol.com\/WordPress3\/isladelsol-21\/\" border=\"0\" itemprop=\"url\"> <meta itemprop=\"width\" content=\"764\"> <meta itemprop=\"height\" content=\"382\"> <img data-attachment-id=\"3439\" data-orig-file=\"http:\/\/songkol.com\/WordPress3\/wp-content\/uploads\/2014\/09\/ISLADELSOL-21.jpg\" data-orig-size=\"1200,600\" data-comments-opened=\"1\" data-image-meta=\"{&quot;aperture&quot;:&quot;4&quot;,&quot;credit&quot;:&quot;&quot;,&quot;camera&quot;:&quot;Canon EOS 5D&quot;,&quot;caption&quot;:&quot;&quot;,&quot;created_timestamp&quot;:&quot;1409947413&quot;,&quot;copyright&quot;:&quot;&quot;,&quot;focal_length&quot;:&quot;17&quot;,&quot;iso&quot;:&quot;1600&quot;,&quot;shutter_speed&quot;:&quot;0.076923076923077&quot;,&quot;title&quot;:&quot;&quot;}\" data-image-title=\"ISLADELSOL-21\" data-image-description=\"\" data-medium-file=\"https:\/\/i0.wp.com\/songkol.com\/WordPress3\/wp-content\/uploads\/2014\/09\/ISLADELSOL-21.jpg?fit=300%2C150\" data-large-file=\"https:\/\/i0.wp.com\/songkol.com\/WordPress3\/wp-content\/uploads\/2014\/09\/ISLADELSOL-21.jpg?fit=768%2C384\" src=\"https:\/\/i0.wp.com\/songkol.com\/WordPress3\/wp-content\/uploads\/2014\/09\/ISLADELSOL-21.jpg?w=764&#038;h=382\" width=\"764\" height=\"382\" data-original-width=\"764\" data-original-height=\"382\" itemprop=\"http:\/\/schema.org\/image\" title=\"ISLADELSOL-21\" alt=\"LAC TITICACA \/ A Challapampa (port du nord), les enfants font la foire avant d&#039;aller se coucher\" style=\"width: 764px; height: 382px;\" \/> <\/a> <div class=\"tiled-gallery-caption\" itemprop=\"caption description\"> LAC TITICACA \/ A Challapampa (port du nord), les enfants font la foire avant d&rsquo;aller se coucher <\/div> <\/div> <\/div> <!-- close group --> <\/div> <!-- close row --> <div class=\"gallery-row\" style=\"width: 768px; height: 386px;\" data-original-width=\"768\" data-original-height=\"386\" > <div class=\"gallery-group images-1\" style=\"width: 768px; height: 386px;\" data-original-width=\"768\" data-original-height=\"386\" > <div class=\"tiled-gallery-item tiled-gallery-item-large\" itemprop=\"associatedMedia\" itemscope itemtype=\"http:\/\/schema.org\/ImageObject\"> <a href=\"http:\/\/songkol.com\/WordPress3\/isladelsol-22\/\" border=\"0\" itemprop=\"url\"> <meta itemprop=\"width\" content=\"764\"> <meta itemprop=\"height\" content=\"382\"> <img data-attachment-id=\"3440\" data-orig-file=\"http:\/\/songkol.com\/WordPress3\/wp-content\/uploads\/2014\/09\/ISLADELSOL-22.jpg\" data-orig-size=\"1200,600\" data-comments-opened=\"1\" data-image-meta=\"{&quot;aperture&quot;:&quot;10&quot;,&quot;credit&quot;:&quot;&quot;,&quot;camera&quot;:&quot;Canon EOS 5D&quot;,&quot;caption&quot;:&quot;&quot;,&quot;created_timestamp&quot;:&quot;1409990425&quot;,&quot;copyright&quot;:&quot;&quot;,&quot;focal_length&quot;:&quot;17&quot;,&quot;iso&quot;:&quot;400&quot;,&quot;shutter_speed&quot;:&quot;0.005&quot;,&quot;title&quot;:&quot;&quot;}\" data-image-title=\"ISLADELSOL-22\" data-image-description=\"\" data-medium-file=\"https:\/\/i0.wp.com\/songkol.com\/WordPress3\/wp-content\/uploads\/2014\/09\/ISLADELSOL-22.jpg?fit=300%2C150\" data-large-file=\"https:\/\/i0.wp.com\/songkol.com\/WordPress3\/wp-content\/uploads\/2014\/09\/ISLADELSOL-22.jpg?fit=768%2C384\" src=\"https:\/\/i0.wp.com\/songkol.com\/WordPress3\/wp-content\/uploads\/2014\/09\/ISLADELSOL-22.jpg?w=764&#038;h=382\" width=\"764\" height=\"382\" data-original-width=\"764\" data-original-height=\"382\" itemprop=\"http:\/\/schema.org\/image\" title=\"ISLADELSOL-22\" alt=\"LAC TITICACA \/ A Challapampa au petit matin, d\u00e9part pour la balade vers le sud de l&#039;ile\" style=\"width: 764px; height: 382px;\" \/> <\/a> <div class=\"tiled-gallery-caption\" itemprop=\"caption description\"> LAC TITICACA \/ A Challapampa au petit matin, d\u00e9part pour la balade vers le sud de l&rsquo;ile <\/div> <\/div> <\/div> <!-- close group --> <\/div> <!-- close row --> <div class=\"gallery-row\" style=\"width: 768px; height: 386px;\" data-original-width=\"768\" data-original-height=\"386\" > <div class=\"gallery-group images-1\" style=\"width: 768px; height: 386px;\" data-original-width=\"768\" data-original-height=\"386\" > <div class=\"tiled-gallery-item tiled-gallery-item-large\" itemprop=\"associatedMedia\" itemscope itemtype=\"http:\/\/schema.org\/ImageObject\"> <a href=\"http:\/\/songkol.com\/WordPress3\/isladelsol-23\/\" border=\"0\" itemprop=\"url\"> <meta itemprop=\"width\" content=\"764\"> <meta itemprop=\"height\" content=\"382\"> <img data-attachment-id=\"3441\" data-orig-file=\"http:\/\/songkol.com\/WordPress3\/wp-content\/uploads\/2014\/09\/ISLADELSOL-23.jpg\" data-orig-size=\"1200,600\" data-comments-opened=\"1\" data-image-meta=\"{&quot;aperture&quot;:&quot;14&quot;,&quot;credit&quot;:&quot;&quot;,&quot;camera&quot;:&quot;Canon EOS 5D&quot;,&quot;caption&quot;:&quot;&quot;,&quot;created_timestamp&quot;:&quot;1409990569&quot;,&quot;copyright&quot;:&quot;&quot;,&quot;focal_length&quot;:&quot;20&quot;,&quot;iso&quot;:&quot;400&quot;,&quot;shutter_speed&quot;:&quot;0.0025&quot;,&quot;title&quot;:&quot;&quot;}\" data-image-title=\"ISLADELSOL-23\" data-image-description=\"\" data-medium-file=\"https:\/\/i0.wp.com\/songkol.com\/WordPress3\/wp-content\/uploads\/2014\/09\/ISLADELSOL-23.jpg?fit=300%2C150\" data-large-file=\"https:\/\/i0.wp.com\/songkol.com\/WordPress3\/wp-content\/uploads\/2014\/09\/ISLADELSOL-23.jpg?fit=768%2C384\" src=\"https:\/\/i0.wp.com\/songkol.com\/WordPress3\/wp-content\/uploads\/2014\/09\/ISLADELSOL-23.jpg?w=764&#038;h=382\" width=\"764\" height=\"382\" data-original-width=\"764\" data-original-height=\"382\" itemprop=\"http:\/\/schema.org\/image\" title=\"ISLADELSOL-23\" alt=\"LAC TITICACA \/ A Challapampa au petit matin, d\u00e9part pour la balade vers le sud de l&#039;ile\" style=\"width: 764px; height: 382px;\" \/> <\/a> <div class=\"tiled-gallery-caption\" itemprop=\"caption description\"> LAC TITICACA \/ A Challapampa au petit matin, d\u00e9part pour la balade vers le sud de l&rsquo;ile <\/div> <\/div> <\/div> <!-- close group --> <\/div> <!-- close row --> <div class=\"gallery-row\" style=\"width: 768px; height: 386px;\" data-original-width=\"768\" data-original-height=\"386\" > <div class=\"gallery-group images-1\" style=\"width: 768px; height: 386px;\" data-original-width=\"768\" data-original-height=\"386\" > <div class=\"tiled-gallery-item tiled-gallery-item-large\" itemprop=\"associatedMedia\" itemscope itemtype=\"http:\/\/schema.org\/ImageObject\"> <a href=\"http:\/\/songkol.com\/WordPress3\/isladelsol-24\/\" border=\"0\" itemprop=\"url\"> <meta itemprop=\"width\" content=\"764\"> <meta itemprop=\"height\" content=\"382\"> <img data-attachment-id=\"3442\" data-orig-file=\"http:\/\/songkol.com\/WordPress3\/wp-content\/uploads\/2014\/09\/ISLADELSOL-24.jpg\" data-orig-size=\"1200,600\" data-comments-opened=\"1\" data-image-meta=\"{&quot;aperture&quot;:&quot;13&quot;,&quot;credit&quot;:&quot;&quot;,&quot;camera&quot;:&quot;Canon EOS 5D&quot;,&quot;caption&quot;:&quot;&quot;,&quot;created_timestamp&quot;:&quot;1409995542&quot;,&quot;copyright&quot;:&quot;&quot;,&quot;focal_length&quot;:&quot;40&quot;,&quot;iso&quot;:&quot;400&quot;,&quot;shutter_speed&quot;:&quot;0.003125&quot;,&quot;title&quot;:&quot;&quot;}\" data-image-title=\"ISLADELSOL-24\" data-image-description=\"\" data-medium-file=\"https:\/\/i0.wp.com\/songkol.com\/WordPress3\/wp-content\/uploads\/2014\/09\/ISLADELSOL-24.jpg?fit=300%2C150\" data-large-file=\"https:\/\/i0.wp.com\/songkol.com\/WordPress3\/wp-content\/uploads\/2014\/09\/ISLADELSOL-24.jpg?fit=768%2C384\" src=\"https:\/\/i0.wp.com\/songkol.com\/WordPress3\/wp-content\/uploads\/2014\/09\/ISLADELSOL-24.jpg?w=764&#038;h=382\" width=\"764\" height=\"382\" data-original-width=\"764\" data-original-height=\"382\" itemprop=\"http:\/\/schema.org\/image\" title=\"ISLADELSOL-24\" alt=\"LAC TITICACA \/ A Challapampa au petit matin, d\u00e9part pour la balade vers le sud de l&#039;ile\" style=\"width: 764px; height: 382px;\" \/> <\/a> <div class=\"tiled-gallery-caption\" itemprop=\"caption description\"> LAC TITICACA \/ A Challapampa au petit matin, d\u00e9part pour la balade vers le sud de l&rsquo;ile <\/div> <\/div> <\/div> <!-- close group --> <\/div> <!-- close row --> <div class=\"gallery-row\" style=\"width: 768px; height: 426px;\" data-original-width=\"768\" data-original-height=\"426\" > <div class=\"gallery-group images-1\" style=\"width: 483px; height: 426px;\" data-original-width=\"483\" data-original-height=\"426\" > <div class=\"tiled-gallery-item tiled-gallery-item-large\" itemprop=\"associatedMedia\" itemscope itemtype=\"http:\/\/schema.org\/ImageObject\"> <a href=\"http:\/\/songkol.com\/WordPress3\/isladelsol-25\/\" border=\"0\" itemprop=\"url\"> <meta itemprop=\"width\" content=\"479\"> <meta itemprop=\"height\" content=\"422\"> <img data-attachment-id=\"3443\" data-orig-file=\"http:\/\/songkol.com\/WordPress3\/wp-content\/uploads\/2014\/09\/ISLADELSOL-25.jpg\" data-orig-size=\"681,600\" data-comments-opened=\"1\" data-image-meta=\"{&quot;aperture&quot;:&quot;4&quot;,&quot;credit&quot;:&quot;&quot;,&quot;camera&quot;:&quot;Canon EOS 5D&quot;,&quot;caption&quot;:&quot;&quot;,&quot;created_timestamp&quot;:&quot;1409996332&quot;,&quot;copyright&quot;:&quot;&quot;,&quot;focal_length&quot;:&quot;40&quot;,&quot;iso&quot;:&quot;400&quot;,&quot;shutter_speed&quot;:&quot;0.033333333333333&quot;,&quot;title&quot;:&quot;&quot;}\" data-image-title=\"ISLADELSOL-25\" data-image-description=\"\" data-medium-file=\"https:\/\/i0.wp.com\/songkol.com\/WordPress3\/wp-content\/uploads\/2014\/09\/ISLADELSOL-25.jpg?fit=300%2C264\" data-large-file=\"https:\/\/i0.wp.com\/songkol.com\/WordPress3\/wp-content\/uploads\/2014\/09\/ISLADELSOL-25.jpg?fit=681%2C600\" src=\"https:\/\/i0.wp.com\/songkol.com\/WordPress3\/wp-content\/uploads\/2014\/09\/ISLADELSOL-25.jpg?w=479&#038;h=422\" width=\"479\" height=\"422\" data-original-width=\"479\" data-original-height=\"422\" itemprop=\"http:\/\/schema.org\/image\" title=\"ISLADELSOL-25\" alt=\"LAC TITICACA \/ A Challapampa, visite du mus\u00e9e d&#039;arch\u00e9ologie sous-marine. Certains fantasment sur une Atlantide bolivienne ! Lorsque le niveau de l&#039;eau du lac baisse, affleure une colonne rocheuse qui en 1992 a suscit\u00e9 la curiosit\u00e9 d &#039;arch\u00e9ologues. Ils ont trouv\u00e9 \u00e0 son pied des murs d&#039;enceintes, un r\u00e9seau de sentiers, un temple en pierre et surtout un coffre en pierre contenant des objets, certains en or massif.\" style=\"width: 479px; height: 422px;\" \/> <\/a> <div class=\"tiled-gallery-caption\" itemprop=\"caption description\"> LAC TITICACA \/ A Challapampa, visite du mus\u00e9e d&rsquo;arch\u00e9ologie sous-marine. Certains fantasment sur une Atlantide bolivienne ! Lorsque le niveau de l&rsquo;eau du lac baisse, affleure une colonne rocheuse qui en 1992 a suscit\u00e9 la curiosit\u00e9 d &lsquo;arch\u00e9ologues. Ils ont trouv\u00e9 \u00e0 son pied des murs d&rsquo;enceintes, un r\u00e9seau de sentiers, un temple en pierre et surtout un coffre en pierre contenant des objets, certains en or massif. <\/div> <\/div> <\/div> <!-- close group --> <div class=\"gallery-group images-1\" style=\"width: 285px; height: 426px;\" data-original-width=\"285\" data-original-height=\"426\" > <div class=\"tiled-gallery-item tiled-gallery-item-large\" itemprop=\"associatedMedia\" itemscope itemtype=\"http:\/\/schema.org\/ImageObject\"> <a href=\"http:\/\/songkol.com\/WordPress3\/isladelsol-26\/\" border=\"0\" itemprop=\"url\"> <meta itemprop=\"width\" content=\"281\"> <meta itemprop=\"height\" content=\"422\"> <img data-attachment-id=\"3444\" data-orig-file=\"http:\/\/songkol.com\/WordPress3\/wp-content\/uploads\/2014\/09\/ISLADELSOL-26.jpg\" data-orig-size=\"400,600\" data-comments-opened=\"1\" data-image-meta=\"{&quot;aperture&quot;:&quot;5&quot;,&quot;credit&quot;:&quot;&quot;,&quot;camera&quot;:&quot;Canon EOS 5D&quot;,&quot;caption&quot;:&quot;&quot;,&quot;created_timestamp&quot;:&quot;1409996359&quot;,&quot;copyright&quot;:&quot;&quot;,&quot;focal_length&quot;:&quot;40&quot;,&quot;iso&quot;:&quot;400&quot;,&quot;shutter_speed&quot;:&quot;0.016666666666667&quot;,&quot;title&quot;:&quot;&quot;}\" data-image-title=\"ISLADELSOL-26\" data-image-description=\"\" data-medium-file=\"https:\/\/i0.wp.com\/songkol.com\/WordPress3\/wp-content\/uploads\/2014\/09\/ISLADELSOL-26.jpg?fit=200%2C300\" data-large-file=\"https:\/\/i0.wp.com\/songkol.com\/WordPress3\/wp-content\/uploads\/2014\/09\/ISLADELSOL-26.jpg?fit=400%2C600\" src=\"https:\/\/i0.wp.com\/songkol.com\/WordPress3\/wp-content\/uploads\/2014\/09\/ISLADELSOL-26.jpg?w=281&#038;h=422\" width=\"281\" height=\"422\" data-original-width=\"281\" data-original-height=\"422\" itemprop=\"http:\/\/schema.org\/image\" title=\"ISLADELSOL-26\" alt=\"LAC TITICACA \/ A Challapampa, visite du mus\u00e9e d&#039;arch\u00e9ologie sous-marine.\" style=\"width: 281px; height: 422px;\" \/> <\/a> <div class=\"tiled-gallery-caption\" itemprop=\"caption description\"> LAC TITICACA \/ A Challapampa, visite du mus\u00e9e d&rsquo;arch\u00e9ologie sous-marine. <\/div> <\/div> <\/div> <!-- close group --> <\/div> <!-- close row --> <div class=\"gallery-row\" style=\"width: 768px; height: 257px;\" data-original-width=\"768\" data-original-height=\"257\" > <div class=\"gallery-group images-1\" style=\"width: 257px; height: 257px;\" data-original-width=\"257\" data-original-height=\"257\" > <div class=\"tiled-gallery-item tiled-gallery-item-large\" itemprop=\"associatedMedia\" itemscope itemtype=\"http:\/\/schema.org\/ImageObject\"> <a href=\"http:\/\/songkol.com\/WordPress3\/isladelsol-27\/\" border=\"0\" itemprop=\"url\"> <meta itemprop=\"width\" content=\"253\"> <meta itemprop=\"height\" content=\"253\"> <img data-attachment-id=\"3445\" data-orig-file=\"http:\/\/songkol.com\/WordPress3\/wp-content\/uploads\/2014\/09\/ISLADELSOL-27.jpg\" data-orig-size=\"600,600\" data-comments-opened=\"1\" data-image-meta=\"{&quot;aperture&quot;:&quot;4.5&quot;,&quot;credit&quot;:&quot;&quot;,&quot;camera&quot;:&quot;Canon EOS 5D&quot;,&quot;caption&quot;:&quot;&quot;,&quot;created_timestamp&quot;:&quot;1409996381&quot;,&quot;copyright&quot;:&quot;&quot;,&quot;focal_length&quot;:&quot;31&quot;,&quot;iso&quot;:&quot;400&quot;,&quot;shutter_speed&quot;:&quot;0.025&quot;,&quot;title&quot;:&quot;&quot;}\" data-image-title=\"ISLADELSOL-27\" data-image-description=\"\" data-medium-file=\"https:\/\/i0.wp.com\/songkol.com\/WordPress3\/wp-content\/uploads\/2014\/09\/ISLADELSOL-27.jpg?fit=300%2C300\" data-large-file=\"https:\/\/i0.wp.com\/songkol.com\/WordPress3\/wp-content\/uploads\/2014\/09\/ISLADELSOL-27.jpg?fit=600%2C600\" src=\"https:\/\/i0.wp.com\/songkol.com\/WordPress3\/wp-content\/uploads\/2014\/09\/ISLADELSOL-27.jpg?w=253&#038;h=253&#038;crop=1\" width=\"253\" height=\"253\" data-original-width=\"253\" data-original-height=\"253\" itemprop=\"http:\/\/schema.org\/image\" title=\"ISLADELSOL-27\" alt=\"LAC TITICACA \/ A Challapampa, visite du mus\u00e9e d&#039;arch\u00e9ologie sous-marine.\" style=\"width: 253px; height: 253px;\" \/> <\/a> <div class=\"tiled-gallery-caption\" itemprop=\"caption description\"> LAC TITICACA \/ A Challapampa, visite du mus\u00e9e d&rsquo;arch\u00e9ologie sous-marine. <\/div> <\/div> <\/div> <!-- close group --> <div class=\"gallery-group images-1\" style=\"width: 511px; height: 257px;\" data-original-width=\"511\" data-original-height=\"257\" > <div class=\"tiled-gallery-item tiled-gallery-item-large\" itemprop=\"associatedMedia\" itemscope itemtype=\"http:\/\/schema.org\/ImageObject\"> <a href=\"http:\/\/songkol.com\/WordPress3\/isladelsol-28\/\" border=\"0\" itemprop=\"url\"> <meta itemprop=\"width\" content=\"507\"> <meta itemprop=\"height\" content=\"253\"> <img data-attachment-id=\"3446\" data-orig-file=\"http:\/\/songkol.com\/WordPress3\/wp-content\/uploads\/2014\/09\/ISLADELSOL-28.jpg\" data-orig-size=\"1200,600\" data-comments-opened=\"1\" data-image-meta=\"{&quot;aperture&quot;:&quot;16&quot;,&quot;credit&quot;:&quot;&quot;,&quot;camera&quot;:&quot;Canon EOS 5D&quot;,&quot;caption&quot;:&quot;&quot;,&quot;created_timestamp&quot;:&quot;1409997471&quot;,&quot;copyright&quot;:&quot;&quot;,&quot;focal_length&quot;:&quot;40&quot;,&quot;iso&quot;:&quot;400&quot;,&quot;shutter_speed&quot;:&quot;0.002&quot;,&quot;title&quot;:&quot;&quot;}\" data-image-title=\"ISLADELSOL-28\" data-image-description=\"\" data-medium-file=\"https:\/\/i0.wp.com\/songkol.com\/WordPress3\/wp-content\/uploads\/2014\/09\/ISLADELSOL-28.jpg?fit=300%2C150\" data-large-file=\"https:\/\/i0.wp.com\/songkol.com\/WordPress3\/wp-content\/uploads\/2014\/09\/ISLADELSOL-28.jpg?fit=768%2C384\" src=\"https:\/\/i0.wp.com\/songkol.com\/WordPress3\/wp-content\/uploads\/2014\/09\/ISLADELSOL-28.jpg?w=507&#038;h=253\" width=\"507\" height=\"253\" data-original-width=\"507\" data-original-height=\"253\" itemprop=\"http:\/\/schema.org\/image\" title=\"ISLADELSOL-28\" alt=\"LAC TITICACA \/ Challapampa est construit \u00e0 cheval sur un isthme \u00e9troit de l&#039;isla del sol\" style=\"width: 507px; height: 253px;\" \/> <\/a> <div class=\"tiled-gallery-caption\" itemprop=\"caption description\"> LAC TITICACA \/ Challapampa est construit \u00e0 cheval sur un isthme \u00e9troit de l&rsquo;isla del sol <\/div> <\/div> <\/div> <!-- close group --> <\/div> <!-- close row --> <div class=\"gallery-row\" style=\"width: 768px; height: 386px;\" data-original-width=\"768\" data-original-height=\"386\" > <div class=\"gallery-group images-1\" style=\"width: 768px; height: 386px;\" data-original-width=\"768\" data-original-height=\"386\" > <div class=\"tiled-gallery-item tiled-gallery-item-large\" itemprop=\"associatedMedia\" itemscope itemtype=\"http:\/\/schema.org\/ImageObject\"> <a href=\"http:\/\/songkol.com\/WordPress3\/isladelsol-29\/\" border=\"0\" itemprop=\"url\"> <meta itemprop=\"width\" content=\"764\"> <meta itemprop=\"height\" content=\"382\"> <img data-attachment-id=\"3447\" data-orig-file=\"http:\/\/songkol.com\/WordPress3\/wp-content\/uploads\/2014\/09\/ISLADELSOL-29.jpg\" data-orig-size=\"1200,600\" data-comments-opened=\"1\" data-image-meta=\"{&quot;aperture&quot;:&quot;14&quot;,&quot;credit&quot;:&quot;&quot;,&quot;camera&quot;:&quot;Canon EOS 5D&quot;,&quot;caption&quot;:&quot;&quot;,&quot;created_timestamp&quot;:&quot;1409997877&quot;,&quot;copyright&quot;:&quot;&quot;,&quot;focal_length&quot;:&quot;17&quot;,&quot;iso&quot;:&quot;400&quot;,&quot;shutter_speed&quot;:&quot;0.0025&quot;,&quot;title&quot;:&quot;&quot;}\" data-image-title=\"ISLADELSOL-29\" data-image-description=\"\" data-medium-file=\"https:\/\/i0.wp.com\/songkol.com\/WordPress3\/wp-content\/uploads\/2014\/09\/ISLADELSOL-29.jpg?fit=300%2C150\" data-large-file=\"https:\/\/i0.wp.com\/songkol.com\/WordPress3\/wp-content\/uploads\/2014\/09\/ISLADELSOL-29.jpg?fit=768%2C384\" src=\"https:\/\/i0.wp.com\/songkol.com\/WordPress3\/wp-content\/uploads\/2014\/09\/ISLADELSOL-29.jpg?w=764&#038;h=382\" width=\"764\" height=\"382\" data-original-width=\"764\" data-original-height=\"382\" itemprop=\"http:\/\/schema.org\/image\" title=\"ISLADELSOL-29\" alt=\"LAC TITICACA \/ Entre Challapampa et les ruines de Chincana\" style=\"width: 764px; height: 382px;\" \/> <\/a> <div class=\"tiled-gallery-caption\" itemprop=\"caption description\"> LAC TITICACA \/ Entre Challapampa et les ruines de Chincana <\/div> <\/div> <\/div> <!-- close group --> <\/div> <!-- close row --> <div class=\"gallery-row\" style=\"width: 768px; height: 193px;\" data-original-width=\"768\" data-original-height=\"193\" > <div class=\"gallery-group images-1\" style=\"width: 193px; height: 193px;\" data-original-width=\"193\" data-original-height=\"193\" > <div class=\"tiled-gallery-item tiled-gallery-item-small\" itemprop=\"associatedMedia\" itemscope itemtype=\"http:\/\/schema.org\/ImageObject\"> <a href=\"http:\/\/songkol.com\/WordPress3\/isladelsol-30\/\" border=\"0\" itemprop=\"url\"> <meta itemprop=\"width\" content=\"189\"> <meta itemprop=\"height\" content=\"189\"> <img data-attachment-id=\"3448\" data-orig-file=\"http:\/\/songkol.com\/WordPress3\/wp-content\/uploads\/2014\/09\/ISLADELSOL-30.jpg\" data-orig-size=\"600,600\" data-comments-opened=\"1\" data-image-meta=\"{&quot;aperture&quot;:&quot;14&quot;,&quot;credit&quot;:&quot;&quot;,&quot;camera&quot;:&quot;Canon EOS 5D&quot;,&quot;caption&quot;:&quot;&quot;,&quot;created_timestamp&quot;:&quot;1409998183&quot;,&quot;copyright&quot;:&quot;&quot;,&quot;focal_length&quot;:&quot;40&quot;,&quot;iso&quot;:&quot;400&quot;,&quot;shutter_speed&quot;:&quot;0.0025&quot;,&quot;title&quot;:&quot;&quot;}\" data-image-title=\"ISLADELSOL-30\" data-image-description=\"\" data-medium-file=\"https:\/\/i0.wp.com\/songkol.com\/WordPress3\/wp-content\/uploads\/2014\/09\/ISLADELSOL-30.jpg?fit=300%2C300\" data-large-file=\"https:\/\/i0.wp.com\/songkol.com\/WordPress3\/wp-content\/uploads\/2014\/09\/ISLADELSOL-30.jpg?fit=600%2C600\" src=\"https:\/\/i0.wp.com\/songkol.com\/WordPress3\/wp-content\/uploads\/2014\/09\/ISLADELSOL-30.jpg?w=189&#038;h=189&#038;crop=1\" width=\"189\" height=\"189\" data-original-width=\"189\" data-original-height=\"189\" itemprop=\"http:\/\/schema.org\/image\" title=\"ISLADELSOL-30\" alt=\"LAC TITICACA \/ Entre Challapampa et les ruines de Chincana\" style=\"width: 189px; height: 189px;\" \/> <\/a> <div class=\"tiled-gallery-caption\" itemprop=\"caption description\"> LAC TITICACA \/ Entre Challapampa et les ruines de Chincana <\/div> <\/div> <\/div> <!-- close group --> <div class=\"gallery-group images-1\" style=\"width: 382px; height: 193px;\" data-original-width=\"382\" data-original-height=\"193\" > <div class=\"tiled-gallery-item tiled-gallery-item-large\" itemprop=\"associatedMedia\" itemscope itemtype=\"http:\/\/schema.org\/ImageObject\"> <a href=\"http:\/\/songkol.com\/WordPress3\/isladelsol-32\/\" border=\"0\" itemprop=\"url\"> <meta itemprop=\"width\" content=\"378\"> <meta itemprop=\"height\" content=\"189\"> <img data-attachment-id=\"3449\" data-orig-file=\"http:\/\/songkol.com\/WordPress3\/wp-content\/uploads\/2014\/09\/ISLADELSOL-32.jpg\" data-orig-size=\"1200,600\" data-comments-opened=\"1\" data-image-meta=\"{&quot;aperture&quot;:&quot;16&quot;,&quot;credit&quot;:&quot;&quot;,&quot;camera&quot;:&quot;Canon EOS 5D&quot;,&quot;caption&quot;:&quot;&quot;,&quot;created_timestamp&quot;:&quot;1409999721&quot;,&quot;copyright&quot;:&quot;&quot;,&quot;focal_length&quot;:&quot;17&quot;,&quot;iso&quot;:&quot;400&quot;,&quot;shutter_speed&quot;:&quot;0.002&quot;,&quot;title&quot;:&quot;&quot;}\" data-image-title=\"ISLADELSOL-32\" data-image-description=\"\" data-medium-file=\"https:\/\/i0.wp.com\/songkol.com\/WordPress3\/wp-content\/uploads\/2014\/09\/ISLADELSOL-32.jpg?fit=300%2C150\" data-large-file=\"https:\/\/i0.wp.com\/songkol.com\/WordPress3\/wp-content\/uploads\/2014\/09\/ISLADELSOL-32.jpg?fit=768%2C384\" src=\"https:\/\/i0.wp.com\/songkol.com\/WordPress3\/wp-content\/uploads\/2014\/09\/ISLADELSOL-32.jpg?w=378&#038;h=189\" width=\"378\" height=\"189\" data-original-width=\"378\" data-original-height=\"189\" itemprop=\"http:\/\/schema.org\/image\" title=\"ISLADELSOL-32\" alt=\"LAC TITICACA \/ Entre Challapampa et les ruines de Chincana\" style=\"width: 378px; height: 189px;\" \/> <\/a> <div class=\"tiled-gallery-caption\" itemprop=\"caption description\"> LAC TITICACA \/ Entre Challapampa et les ruines de Chincana <\/div> <\/div> <\/div> <!-- close group --> <div class=\"gallery-group images-1\" style=\"width: 193px; height: 193px;\" data-original-width=\"193\" data-original-height=\"193\" > <div class=\"tiled-gallery-item tiled-gallery-item-small\" itemprop=\"associatedMedia\" itemscope itemtype=\"http:\/\/schema.org\/ImageObject\"> <a href=\"http:\/\/songkol.com\/WordPress3\/isladelsol-33\/\" border=\"0\" itemprop=\"url\"> <meta itemprop=\"width\" content=\"189\"> <meta itemprop=\"height\" content=\"189\"> <img data-attachment-id=\"3450\" data-orig-file=\"http:\/\/songkol.com\/WordPress3\/wp-content\/uploads\/2014\/09\/ISLADELSOL-33.jpg\" data-orig-size=\"600,600\" data-comments-opened=\"1\" data-image-meta=\"{&quot;aperture&quot;:&quot;13&quot;,&quot;credit&quot;:&quot;&quot;,&quot;camera&quot;:&quot;Canon EOS 5D&quot;,&quot;caption&quot;:&quot;&quot;,&quot;created_timestamp&quot;:&quot;1410000852&quot;,&quot;copyright&quot;:&quot;&quot;,&quot;focal_length&quot;:&quot;40&quot;,&quot;iso&quot;:&quot;400&quot;,&quot;shutter_speed&quot;:&quot;0.003125&quot;,&quot;title&quot;:&quot;&quot;}\" data-image-title=\"ISLADELSOL-33\" data-image-description=\"\" data-medium-file=\"https:\/\/i0.wp.com\/songkol.com\/WordPress3\/wp-content\/uploads\/2014\/09\/ISLADELSOL-33.jpg?fit=300%2C300\" data-large-file=\"https:\/\/i0.wp.com\/songkol.com\/WordPress3\/wp-content\/uploads\/2014\/09\/ISLADELSOL-33.jpg?fit=600%2C600\" src=\"https:\/\/i0.wp.com\/songkol.com\/WordPress3\/wp-content\/uploads\/2014\/09\/ISLADELSOL-33.jpg?w=189&#038;h=189&#038;crop=1\" width=\"189\" height=\"189\" data-original-width=\"189\" data-original-height=\"189\" itemprop=\"http:\/\/schema.org\/image\" title=\"ISLADELSOL-33\" alt=\"LAC TITICACA \/ Peu avant les ruines de Chincana, le rocher sacr\u00e9 Titi Kark&#039;ha (ou rocher du puma ) dans lequel on est cens\u00e9 reconnaitre le visage de Viracocha, un homme blanc et barbu.\" style=\"width: 189px; height: 189px;\" \/> <\/a> <div class=\"tiled-gallery-caption\" itemprop=\"caption description\"> LAC TITICACA \/ Peu avant les ruines de Chincana, le rocher sacr\u00e9 Titi Kark&rsquo;ha (ou rocher du puma ) dans lequel on est cens\u00e9 reconnaitre le visage de Viracocha, un homme blanc et barbu. <\/div> <\/div> <\/div> <!-- close group --> <\/div> <!-- close row --> <div class=\"gallery-row\" style=\"width: 768px; height: 460px;\" data-original-width=\"768\" data-original-height=\"460\" > <div class=\"gallery-group images-1\" style=\"width: 460px; height: 460px;\" data-original-width=\"460\" data-original-height=\"460\" > <div class=\"tiled-gallery-item tiled-gallery-item-large\" itemprop=\"associatedMedia\" itemscope itemtype=\"http:\/\/schema.org\/ImageObject\"> <a href=\"http:\/\/songkol.com\/WordPress3\/isladelsol-34\/\" border=\"0\" itemprop=\"url\"> <meta itemprop=\"width\" content=\"456\"> <meta itemprop=\"height\" content=\"456\"> <img data-attachment-id=\"3451\" data-orig-file=\"http:\/\/songkol.com\/WordPress3\/wp-content\/uploads\/2014\/09\/ISLADELSOL-34.jpg\" data-orig-size=\"600,600\" data-comments-opened=\"1\" data-image-meta=\"{&quot;aperture&quot;:&quot;16&quot;,&quot;credit&quot;:&quot;&quot;,&quot;camera&quot;:&quot;Canon EOS 5D&quot;,&quot;caption&quot;:&quot;&quot;,&quot;created_timestamp&quot;:&quot;1410001360&quot;,&quot;copyright&quot;:&quot;&quot;,&quot;focal_length&quot;:&quot;17&quot;,&quot;iso&quot;:&quot;400&quot;,&quot;shutter_speed&quot;:&quot;0.002&quot;,&quot;title&quot;:&quot;&quot;}\" data-image-title=\"ISLADELSOL-34\" data-image-description=\"\" data-medium-file=\"https:\/\/i0.wp.com\/songkol.com\/WordPress3\/wp-content\/uploads\/2014\/09\/ISLADELSOL-34.jpg?fit=300%2C300\" data-large-file=\"https:\/\/i0.wp.com\/songkol.com\/WordPress3\/wp-content\/uploads\/2014\/09\/ISLADELSOL-34.jpg?fit=600%2C600\" src=\"https:\/\/i0.wp.com\/songkol.com\/WordPress3\/wp-content\/uploads\/2014\/09\/ISLADELSOL-34.jpg?w=456&#038;h=456&#038;crop=1\" width=\"456\" height=\"456\" data-original-width=\"456\" data-original-height=\"456\" itemprop=\"http:\/\/schema.org\/image\" title=\"ISLADELSOL-34\" alt=\"LAC TITICACA \/ Les ruines de Chincana sont les vestiges arch\u00e9ologiques les plus impressionnants de l&#039;\u00eele. Ici, le palacio del Inca ressemblant \u00e0 un labyrinthe de pi\u00e8ces.\" style=\"width: 456px; height: 456px;\" \/> <\/a> <div class=\"tiled-gallery-caption\" itemprop=\"caption description\"> LAC TITICACA \/ Les ruines de Chincana sont les vestiges arch\u00e9ologiques les plus impressionnants de l&rsquo;\u00eele. Ici, le palacio del Inca ressemblant \u00e0 un labyrinthe de pi\u00e8ces. <\/div> <\/div> <\/div> <!-- close group --> <div class=\"gallery-group images-1\" style=\"width: 308px; height: 460px;\" data-original-width=\"308\" data-original-height=\"460\" > <div class=\"tiled-gallery-item tiled-gallery-item-large\" itemprop=\"associatedMedia\" itemscope itemtype=\"http:\/\/schema.org\/ImageObject\"> <a href=\"http:\/\/songkol.com\/WordPress3\/isladelsol-36\/\" border=\"0\" itemprop=\"url\"> <meta itemprop=\"width\" content=\"304\"> <meta itemprop=\"height\" content=\"456\"> <img data-attachment-id=\"3452\" data-orig-file=\"http:\/\/songkol.com\/WordPress3\/wp-content\/uploads\/2014\/09\/ISLADELSOL-36.jpg\" data-orig-size=\"800,1200\" data-comments-opened=\"1\" data-image-meta=\"{&quot;aperture&quot;:&quot;14&quot;,&quot;credit&quot;:&quot;&quot;,&quot;camera&quot;:&quot;Canon EOS 5D&quot;,&quot;caption&quot;:&quot;&quot;,&quot;created_timestamp&quot;:&quot;1410001596&quot;,&quot;copyright&quot;:&quot;&quot;,&quot;focal_length&quot;:&quot;17&quot;,&quot;iso&quot;:&quot;400&quot;,&quot;shutter_speed&quot;:&quot;0.0025&quot;,&quot;title&quot;:&quot;&quot;}\" data-image-title=\"ISLADELSOL-36\" data-image-description=\"\" data-medium-file=\"https:\/\/i0.wp.com\/songkol.com\/WordPress3\/wp-content\/uploads\/2014\/09\/ISLADELSOL-36.jpg?fit=200%2C300\" data-large-file=\"https:\/\/i0.wp.com\/songkol.com\/WordPress3\/wp-content\/uploads\/2014\/09\/ISLADELSOL-36.jpg?fit=682%2C1024\" src=\"https:\/\/i0.wp.com\/songkol.com\/WordPress3\/wp-content\/uploads\/2014\/09\/ISLADELSOL-36.jpg?w=304&#038;h=456\" width=\"304\" height=\"456\" data-original-width=\"304\" data-original-height=\"456\" itemprop=\"http:\/\/schema.org\/image\" title=\"ISLADELSOL-36\" alt=\"LAC TITICACA \/ Les ruines de Chincana\" style=\"width: 304px; height: 456px;\" \/> <\/a> <div class=\"tiled-gallery-caption\" itemprop=\"caption description\"> LAC TITICACA \/ Les ruines de Chincana <\/div> <\/div> <\/div> <!-- close group --> <\/div> <!-- close row --> <div class=\"gallery-row\" style=\"width: 768px; height: 247px;\" data-original-width=\"768\" data-original-height=\"247\" > <div class=\"gallery-group images-1\" style=\"width: 768px; height: 247px;\" data-original-width=\"768\" data-original-height=\"247\" > <div class=\"tiled-gallery-item tiled-gallery-item-large\" itemprop=\"associatedMedia\" itemscope itemtype=\"http:\/\/schema.org\/ImageObject\"> <a href=\"http:\/\/songkol.com\/WordPress3\/isladelsol-36b\/\" border=\"0\" itemprop=\"url\"> <meta itemprop=\"width\" content=\"764\"> <meta itemprop=\"height\" content=\"243\"> <img data-attachment-id=\"3453\" data-orig-file=\"http:\/\/songkol.com\/WordPress3\/wp-content\/uploads\/2014\/09\/ISLADELSOL-36b.jpg\" data-orig-size=\"1200,382\" data-comments-opened=\"1\" data-image-meta=\"{&quot;aperture&quot;:&quot;0&quot;,&quot;credit&quot;:&quot;&quot;,&quot;camera&quot;:&quot;&quot;,&quot;caption&quot;:&quot;&quot;,&quot;created_timestamp&quot;:&quot;0&quot;,&quot;copyright&quot;:&quot;&quot;,&quot;focal_length&quot;:&quot;0&quot;,&quot;iso&quot;:&quot;0&quot;,&quot;shutter_speed&quot;:&quot;0&quot;,&quot;title&quot;:&quot;&quot;}\" data-image-title=\"ISLADELSOL-36b\" data-image-description=\"\" data-medium-file=\"https:\/\/i0.wp.com\/songkol.com\/WordPress3\/wp-content\/uploads\/2014\/09\/ISLADELSOL-36b.jpg?fit=300%2C95\" data-large-file=\"https:\/\/i0.wp.com\/songkol.com\/WordPress3\/wp-content\/uploads\/2014\/09\/ISLADELSOL-36b.jpg?fit=768%2C244\" src=\"https:\/\/i0.wp.com\/songkol.com\/WordPress3\/wp-content\/uploads\/2014\/09\/ISLADELSOL-36b.jpg?w=764&#038;h=243\" width=\"764\" height=\"243\" data-original-width=\"764\" data-original-height=\"243\" itemprop=\"http:\/\/schema.org\/image\" title=\"ISLADELSOL-36b\" alt=\"LAC TITICACA \/ Les ruines de Chincana\" style=\"width: 764px; height: 243px;\" \/> <\/a> <div class=\"tiled-gallery-caption\" itemprop=\"caption description\"> LAC TITICACA \/ Les ruines de Chincana <\/div> <\/div> <\/div> <!-- close group --> <\/div> <!-- close row --> <div class=\"gallery-row\" style=\"width: 768px; height: 386px;\" data-original-width=\"768\" data-original-height=\"386\" > <div class=\"gallery-group images-1\" style=\"width: 768px; height: 386px;\" data-original-width=\"768\" data-original-height=\"386\" > <div class=\"tiled-gallery-item tiled-gallery-item-large\" itemprop=\"associatedMedia\" itemscope itemtype=\"http:\/\/schema.org\/ImageObject\"> <a href=\"http:\/\/songkol.com\/WordPress3\/isladelsol-41\/\" border=\"0\" itemprop=\"url\"> <meta itemprop=\"width\" content=\"764\"> <meta itemprop=\"height\" content=\"382\"> <img data-attachment-id=\"3454\" data-orig-file=\"http:\/\/songkol.com\/WordPress3\/wp-content\/uploads\/2014\/09\/ISLADELSOL-41.jpg\" data-orig-size=\"1200,600\" data-comments-opened=\"1\" data-image-meta=\"{&quot;aperture&quot;:&quot;16&quot;,&quot;credit&quot;:&quot;&quot;,&quot;camera&quot;:&quot;Canon EOS 5D&quot;,&quot;caption&quot;:&quot;&quot;,&quot;created_timestamp&quot;:&quot;1410006628&quot;,&quot;copyright&quot;:&quot;&quot;,&quot;focal_length&quot;:&quot;17&quot;,&quot;iso&quot;:&quot;400&quot;,&quot;shutter_speed&quot;:&quot;0.002&quot;,&quot;title&quot;:&quot;&quot;}\" data-image-title=\"ISLADELSOL-41\" data-image-description=\"\" data-medium-file=\"https:\/\/i0.wp.com\/songkol.com\/WordPress3\/wp-content\/uploads\/2014\/09\/ISLADELSOL-41.jpg?fit=300%2C150\" data-large-file=\"https:\/\/i0.wp.com\/songkol.com\/WordPress3\/wp-content\/uploads\/2014\/09\/ISLADELSOL-41.jpg?fit=768%2C384\" src=\"https:\/\/i0.wp.com\/songkol.com\/WordPress3\/wp-content\/uploads\/2014\/09\/ISLADELSOL-41.jpg?w=764&#038;h=382\" width=\"764\" height=\"382\" data-original-width=\"764\" data-original-height=\"382\" itemprop=\"http:\/\/schema.org\/image\" title=\"ISLADELSOL-41\" alt=\"LAC TITICACA \/ Sur le sentier entre les pointes nord et sud de l&#039;ile. Il y aura trois bolleterias (p\u00e9ages) sur le chemin\" style=\"width: 764px; height: 382px;\" \/> <\/a> <div class=\"tiled-gallery-caption\" itemprop=\"caption description\"> LAC TITICACA \/ Sur le sentier entre les pointes nord et sud de l&rsquo;ile. Il y aura trois bolleterias (p\u00e9ages) sur le chemin <\/div> <\/div> <\/div> <!-- close group --> <\/div> <!-- close row --> <div class=\"gallery-row\" style=\"width: 768px; height: 386px;\" data-original-width=\"768\" data-original-height=\"386\" > <div class=\"gallery-group images-1\" style=\"width: 768px; height: 386px;\" data-original-width=\"768\" data-original-height=\"386\" > <div class=\"tiled-gallery-item tiled-gallery-item-large\" itemprop=\"associatedMedia\" itemscope itemtype=\"http:\/\/schema.org\/ImageObject\"> <a href=\"http:\/\/songkol.com\/WordPress3\/isladelsol-42\/\" border=\"0\" itemprop=\"url\"> <meta itemprop=\"width\" content=\"764\"> <meta itemprop=\"height\" content=\"382\"> <img data-attachment-id=\"3455\" data-orig-file=\"http:\/\/songkol.com\/WordPress3\/wp-content\/uploads\/2014\/09\/ISLADELSOL-42.jpg\" data-orig-size=\"1200,600\" data-comments-opened=\"1\" data-image-meta=\"{&quot;aperture&quot;:&quot;16&quot;,&quot;credit&quot;:&quot;&quot;,&quot;camera&quot;:&quot;Canon EOS 5D&quot;,&quot;caption&quot;:&quot;&quot;,&quot;created_timestamp&quot;:&quot;1410012017&quot;,&quot;copyright&quot;:&quot;&quot;,&quot;focal_length&quot;:&quot;40&quot;,&quot;iso&quot;:&quot;400&quot;,&quot;shutter_speed&quot;:&quot;0.002&quot;,&quot;title&quot;:&quot;&quot;}\" data-image-title=\"ISLADELSOL-42\" data-image-description=\"\" data-medium-file=\"https:\/\/i0.wp.com\/songkol.com\/WordPress3\/wp-content\/uploads\/2014\/09\/ISLADELSOL-42.jpg?fit=300%2C150\" data-large-file=\"https:\/\/i0.wp.com\/songkol.com\/WordPress3\/wp-content\/uploads\/2014\/09\/ISLADELSOL-42.jpg?fit=768%2C384\" src=\"https:\/\/i0.wp.com\/songkol.com\/WordPress3\/wp-content\/uploads\/2014\/09\/ISLADELSOL-42.jpg?w=764&#038;h=382\" width=\"764\" height=\"382\" data-original-width=\"764\" data-original-height=\"382\" itemprop=\"http:\/\/schema.org\/image\" title=\"ISLADELSOL-42\" alt=\"LAC TITICACA \/ Sur le sentier entre les pointes nord et sud de l&#039;ile.\" style=\"width: 764px; height: 382px;\" \/> <\/a> <div class=\"tiled-gallery-caption\" itemprop=\"caption description\"> LAC TITICACA \/ Sur le sentier entre les pointes nord et sud de l&rsquo;ile. <\/div> <\/div> <\/div> <!-- close group --> <\/div> <!-- close row --> <div class=\"gallery-row\" style=\"width: 768px; height: 386px;\" data-original-width=\"768\" data-original-height=\"386\" > <div class=\"gallery-group images-1\" style=\"width: 768px; height: 386px;\" data-original-width=\"768\" data-original-height=\"386\" > <div class=\"tiled-gallery-item tiled-gallery-item-large\" itemprop=\"associatedMedia\" itemscope itemtype=\"http:\/\/schema.org\/ImageObject\"> <a href=\"http:\/\/songkol.com\/WordPress3\/isladelsol-43\/\" border=\"0\" itemprop=\"url\"> <meta itemprop=\"width\" content=\"764\"> <meta itemprop=\"height\" content=\"382\"> <img data-attachment-id=\"3456\" data-orig-file=\"http:\/\/songkol.com\/WordPress3\/wp-content\/uploads\/2014\/09\/ISLADELSOL-43.jpg\" data-orig-size=\"1200,600\" data-comments-opened=\"1\" data-image-meta=\"{&quot;aperture&quot;:&quot;14&quot;,&quot;credit&quot;:&quot;&quot;,&quot;camera&quot;:&quot;Canon EOS 5D&quot;,&quot;caption&quot;:&quot;&quot;,&quot;created_timestamp&quot;:&quot;1410012181&quot;,&quot;copyright&quot;:&quot;&quot;,&quot;focal_length&quot;:&quot;17&quot;,&quot;iso&quot;:&quot;400&quot;,&quot;shutter_speed&quot;:&quot;0.002&quot;,&quot;title&quot;:&quot;&quot;}\" data-image-title=\"ISLADELSOL-43\" data-image-description=\"\" data-medium-file=\"https:\/\/i0.wp.com\/songkol.com\/WordPress3\/wp-content\/uploads\/2014\/09\/ISLADELSOL-43.jpg?fit=300%2C150\" data-large-file=\"https:\/\/i0.wp.com\/songkol.com\/WordPress3\/wp-content\/uploads\/2014\/09\/ISLADELSOL-43.jpg?fit=768%2C384\" src=\"https:\/\/i0.wp.com\/songkol.com\/WordPress3\/wp-content\/uploads\/2014\/09\/ISLADELSOL-43.jpg?w=764&#038;h=382\" width=\"764\" height=\"382\" data-original-width=\"764\" data-original-height=\"382\" itemprop=\"http:\/\/schema.org\/image\" title=\"ISLADELSOL-43\" alt=\"LAC TITICACA \/ Sur le sentier entre les pointes nord et sud de l&#039;ile.\" style=\"width: 764px; height: 382px;\" \/> <\/a> <div class=\"tiled-gallery-caption\" itemprop=\"caption description\"> LAC TITICACA \/ Sur le sentier entre les pointes nord et sud de l&rsquo;ile. <\/div> <\/div> <\/div> <!-- close group --> <\/div> <!-- close row --> <div class=\"gallery-row\" style=\"width: 768px; height: 512px;\" data-original-width=\"768\" data-original-height=\"512\" > <div class=\"gallery-group images-1\" style=\"width: 512px; height: 512px;\" data-original-width=\"512\" data-original-height=\"512\" > <div class=\"tiled-gallery-item tiled-gallery-item-large\" itemprop=\"associatedMedia\" itemscope itemtype=\"http:\/\/schema.org\/ImageObject\"> <a href=\"http:\/\/songkol.com\/WordPress3\/isladelsol-44\/\" border=\"0\" itemprop=\"url\"> <meta itemprop=\"width\" content=\"508\"> <meta itemprop=\"height\" content=\"508\"> <img data-attachment-id=\"3457\" data-orig-file=\"http:\/\/songkol.com\/WordPress3\/wp-content\/uploads\/2014\/09\/ISLADELSOL-44.jpg\" data-orig-size=\"600,600\" data-comments-opened=\"1\" data-image-meta=\"{&quot;aperture&quot;:&quot;14&quot;,&quot;credit&quot;:&quot;&quot;,&quot;camera&quot;:&quot;Canon EOS 5D&quot;,&quot;caption&quot;:&quot;&quot;,&quot;created_timestamp&quot;:&quot;1410017336&quot;,&quot;copyright&quot;:&quot;&quot;,&quot;focal_length&quot;:&quot;30&quot;,&quot;iso&quot;:&quot;400&quot;,&quot;shutter_speed&quot;:&quot;0.0025&quot;,&quot;title&quot;:&quot;&quot;}\" data-image-title=\"ISLADELSOL-44\" data-image-description=\"\" data-medium-file=\"https:\/\/i0.wp.com\/songkol.com\/WordPress3\/wp-content\/uploads\/2014\/09\/ISLADELSOL-44.jpg?fit=300%2C300\" data-large-file=\"https:\/\/i0.wp.com\/songkol.com\/WordPress3\/wp-content\/uploads\/2014\/09\/ISLADELSOL-44.jpg?fit=600%2C600\" src=\"https:\/\/i0.wp.com\/songkol.com\/WordPress3\/wp-content\/uploads\/2014\/09\/ISLADELSOL-44.jpg?w=508&#038;h=508&#038;crop=1\" width=\"508\" height=\"508\" data-original-width=\"508\" data-original-height=\"508\" itemprop=\"http:\/\/schema.org\/image\" title=\"ISLADELSOL-44\" alt=\"LAC TITICACA \/ Sur le sentier entre les pointes nord et sud de l&#039;ile.\" style=\"width: 508px; height: 508px;\" \/> <\/a> <div class=\"tiled-gallery-caption\" itemprop=\"caption description\"> LAC TITICACA \/ Sur le sentier entre les pointes nord et sud de l&rsquo;ile. <\/div> <\/div> <\/div> <!-- close group --> <div class=\"gallery-group images-2\" style=\"width: 256px; height: 512px;\" data-original-width=\"256\" data-original-height=\"512\" > <div class=\"tiled-gallery-item tiled-gallery-item-large\" itemprop=\"associatedMedia\" itemscope itemtype=\"http:\/\/schema.org\/ImageObject\"> <a href=\"http:\/\/songkol.com\/WordPress3\/isladelsol-45\/\" border=\"0\" itemprop=\"url\"> <meta itemprop=\"width\" content=\"252\"> <meta itemprop=\"height\" content=\"252\"> <img data-attachment-id=\"3458\" data-orig-file=\"http:\/\/songkol.com\/WordPress3\/wp-content\/uploads\/2014\/09\/ISLADELSOL-45.jpg\" data-orig-size=\"600,600\" data-comments-opened=\"1\" data-image-meta=\"{&quot;aperture&quot;:&quot;8&quot;,&quot;credit&quot;:&quot;&quot;,&quot;camera&quot;:&quot;Canon EOS 5D&quot;,&quot;caption&quot;:&quot;&quot;,&quot;created_timestamp&quot;:&quot;1410086657&quot;,&quot;copyright&quot;:&quot;&quot;,&quot;focal_length&quot;:&quot;17&quot;,&quot;iso&quot;:&quot;400&quot;,&quot;shutter_speed&quot;:&quot;0.008&quot;,&quot;title&quot;:&quot;&quot;}\" data-image-title=\"ISLADELSOL-45\" data-image-description=\"\" data-medium-file=\"https:\/\/i0.wp.com\/songkol.com\/WordPress3\/wp-content\/uploads\/2014\/09\/ISLADELSOL-45.jpg?fit=300%2C300\" data-large-file=\"https:\/\/i0.wp.com\/songkol.com\/WordPress3\/wp-content\/uploads\/2014\/09\/ISLADELSOL-45.jpg?fit=600%2C600\" src=\"https:\/\/i0.wp.com\/songkol.com\/WordPress3\/wp-content\/uploads\/2014\/09\/ISLADELSOL-45.jpg?w=252&#038;h=252&#038;crop=1\" width=\"252\" height=\"252\" data-original-width=\"252\" data-original-height=\"252\" itemprop=\"http:\/\/schema.org\/image\" title=\"ISLADELSOL-45\" alt=\"LAC TITICACA \/ A Jumani, village principal au sud de l&#039;ile, la &quot;fuente del Inca&quot;\" style=\"width: 252px; height: 252px;\" \/> <\/a> <div class=\"tiled-gallery-caption\" itemprop=\"caption description\"> LAC TITICACA \/ A Jumani, village principal au sud de l&rsquo;ile, la \u00ab\u00a0fuente del Inca\u00a0\u00bb <\/div> <\/div> <div class=\"tiled-gallery-item tiled-gallery-item-large\" itemprop=\"associatedMedia\" itemscope itemtype=\"http:\/\/schema.org\/ImageObject\"> <a href=\"http:\/\/songkol.com\/WordPress3\/isladelsol-46\/\" border=\"0\" itemprop=\"url\"> <meta itemprop=\"width\" content=\"252\"> <meta itemprop=\"height\" content=\"252\"> <img data-attachment-id=\"3459\" data-orig-file=\"http:\/\/songkol.com\/WordPress3\/wp-content\/uploads\/2014\/09\/ISLADELSOL-46.jpg\" data-orig-size=\"600,600\" data-comments-opened=\"1\" data-image-meta=\"{&quot;aperture&quot;:&quot;14&quot;,&quot;credit&quot;:&quot;&quot;,&quot;camera&quot;:&quot;Canon EOS 5D&quot;,&quot;caption&quot;:&quot;&quot;,&quot;created_timestamp&quot;:&quot;1410087386&quot;,&quot;copyright&quot;:&quot;&quot;,&quot;focal_length&quot;:&quot;40&quot;,&quot;iso&quot;:&quot;400&quot;,&quot;shutter_speed&quot;:&quot;0.0025&quot;,&quot;title&quot;:&quot;&quot;}\" data-image-title=\"ISLADELSOL-46\" data-image-description=\"\" data-medium-file=\"https:\/\/i0.wp.com\/songkol.com\/WordPress3\/wp-content\/uploads\/2014\/09\/ISLADELSOL-46.jpg?fit=300%2C300\" data-large-file=\"https:\/\/i0.wp.com\/songkol.com\/WordPress3\/wp-content\/uploads\/2014\/09\/ISLADELSOL-46.jpg?fit=600%2C600\" src=\"https:\/\/i0.wp.com\/songkol.com\/WordPress3\/wp-content\/uploads\/2014\/09\/ISLADELSOL-46.jpg?w=252&#038;h=252&#038;crop=1\" width=\"252\" height=\"252\" data-original-width=\"252\" data-original-height=\"252\" itemprop=\"http:\/\/schema.org\/image\" title=\"ISLADELSOL-46\" alt=\"ISLA DEL SOL \/ Bas du village Jumani\" style=\"width: 252px; height: 252px;\" \/> <\/a> <div class=\"tiled-gallery-caption\" itemprop=\"caption description\"> ISLA DEL SOL \/ Bas du village Jumani <\/div> <\/div> <\/div> <!-- close group --> <\/div> <!-- close row --> <div class=\"gallery-row\" style=\"width: 768px; height: 193px;\" data-original-width=\"768\" data-original-height=\"193\" > <div class=\"gallery-group images-1\" style=\"width: 193px; height: 193px;\" data-original-width=\"193\" data-original-height=\"193\" > <div class=\"tiled-gallery-item tiled-gallery-item-small\" itemprop=\"associatedMedia\" itemscope itemtype=\"http:\/\/schema.org\/ImageObject\"> <a href=\"http:\/\/songkol.com\/WordPress3\/isladelsol-47\/\" border=\"0\" itemprop=\"url\"> <meta itemprop=\"width\" content=\"189\"> <meta itemprop=\"height\" content=\"189\"> <img data-attachment-id=\"3460\" data-orig-file=\"http:\/\/songkol.com\/WordPress3\/wp-content\/uploads\/2014\/09\/ISLADELSOL-47.jpg\" data-orig-size=\"600,600\" data-comments-opened=\"1\" data-image-meta=\"{&quot;aperture&quot;:&quot;13&quot;,&quot;credit&quot;:&quot;&quot;,&quot;camera&quot;:&quot;Canon EOS 5D&quot;,&quot;caption&quot;:&quot;&quot;,&quot;created_timestamp&quot;:&quot;1410089371&quot;,&quot;copyright&quot;:&quot;&quot;,&quot;focal_length&quot;:&quot;17&quot;,&quot;iso&quot;:&quot;400&quot;,&quot;shutter_speed&quot;:&quot;0.003125&quot;,&quot;title&quot;:&quot;&quot;}\" data-image-title=\"ISLADELSOL-47\" data-image-description=\"\" data-medium-file=\"https:\/\/i0.wp.com\/songkol.com\/WordPress3\/wp-content\/uploads\/2014\/09\/ISLADELSOL-47.jpg?fit=300%2C300\" data-large-file=\"https:\/\/i0.wp.com\/songkol.com\/WordPress3\/wp-content\/uploads\/2014\/09\/ISLADELSOL-47.jpg?fit=600%2C600\" src=\"https:\/\/i0.wp.com\/songkol.com\/WordPress3\/wp-content\/uploads\/2014\/09\/ISLADELSOL-47.jpg?w=189&#038;h=189&#038;crop=1\" width=\"189\" height=\"189\" data-original-width=\"189\" data-original-height=\"189\" itemprop=\"http:\/\/schema.org\/image\" title=\"ISLADELSOL-47\" alt=\"LAC TITICACA \/ Entre Jumani (sud de l&#039;ile) et Yampaputa (o\u00f9 est gar\u00e9 notre CC)\" style=\"width: 189px; height: 189px;\" \/> <\/a> <div class=\"tiled-gallery-caption\" itemprop=\"caption description\"> LAC TITICACA \/ Entre Jumani (sud de l&rsquo;ile) et Yampaputa (o\u00f9 est gar\u00e9 notre CC) <\/div> <\/div> <\/div> <!-- close group --> <div class=\"gallery-group images-1\" style=\"width: 382px; height: 193px;\" data-original-width=\"382\" data-original-height=\"193\" > <div class=\"tiled-gallery-item tiled-gallery-item-large\" itemprop=\"associatedMedia\" itemscope itemtype=\"http:\/\/schema.org\/ImageObject\"> <a href=\"http:\/\/songkol.com\/WordPress3\/isladelsol-48\/\" border=\"0\" itemprop=\"url\"> <meta itemprop=\"width\" content=\"378\"> <meta itemprop=\"height\" content=\"189\"> <img data-attachment-id=\"3461\" data-orig-file=\"http:\/\/songkol.com\/WordPress3\/wp-content\/uploads\/2014\/09\/ISLADELSOL-48.jpg\" data-orig-size=\"1200,600\" data-comments-opened=\"1\" data-image-meta=\"{&quot;aperture&quot;:&quot;16&quot;,&quot;credit&quot;:&quot;&quot;,&quot;camera&quot;:&quot;Canon EOS 5D&quot;,&quot;caption&quot;:&quot;&quot;,&quot;created_timestamp&quot;:&quot;1410090360&quot;,&quot;copyright&quot;:&quot;&quot;,&quot;focal_length&quot;:&quot;17&quot;,&quot;iso&quot;:&quot;400&quot;,&quot;shutter_speed&quot;:&quot;0.002&quot;,&quot;title&quot;:&quot;&quot;}\" data-image-title=\"ISLADELSOL-48\" data-image-description=\"\" data-medium-file=\"https:\/\/i0.wp.com\/songkol.com\/WordPress3\/wp-content\/uploads\/2014\/09\/ISLADELSOL-48.jpg?fit=300%2C150\" data-large-file=\"https:\/\/i0.wp.com\/songkol.com\/WordPress3\/wp-content\/uploads\/2014\/09\/ISLADELSOL-48.jpg?fit=768%2C384\" src=\"https:\/\/i0.wp.com\/songkol.com\/WordPress3\/wp-content\/uploads\/2014\/09\/ISLADELSOL-48.jpg?w=378&#038;h=189\" width=\"378\" height=\"189\" data-original-width=\"378\" data-original-height=\"189\" itemprop=\"http:\/\/schema.org\/image\" title=\"ISLADELSOL-48\" alt=\"LAC TITICACA \/ Port de Yampaputa et l&#039;isla del sol en dernier plan\" style=\"width: 378px; height: 189px;\" \/> <\/a> <div class=\"tiled-gallery-caption\" itemprop=\"caption description\"> LAC TITICACA \/ Port de Yampaputa et l&rsquo;isla del sol en dernier plan <\/div> <\/div> <\/div> <!-- close group --> <div class=\"gallery-group images-1\" style=\"width: 193px; height: 193px;\" data-original-width=\"193\" data-original-height=\"193\" > <div class=\"tiled-gallery-item tiled-gallery-item-small\" itemprop=\"associatedMedia\" itemscope itemtype=\"http:\/\/schema.org\/ImageObject\"> <a href=\"http:\/\/songkol.com\/WordPress3\/isladelsol-49\/\" border=\"0\" itemprop=\"url\"> <meta itemprop=\"width\" content=\"189\"> <meta itemprop=\"height\" content=\"189\"> <img data-attachment-id=\"3462\" data-orig-file=\"http:\/\/songkol.com\/WordPress3\/wp-content\/uploads\/2014\/09\/ISLADELSOL-49.jpg\" data-orig-size=\"600,600\" data-comments-opened=\"1\" data-image-meta=\"{&quot;aperture&quot;:&quot;16&quot;,&quot;credit&quot;:&quot;&quot;,&quot;camera&quot;:&quot;Canon EOS 5D&quot;,&quot;caption&quot;:&quot;&quot;,&quot;created_timestamp&quot;:&quot;1410090458&quot;,&quot;copyright&quot;:&quot;&quot;,&quot;focal_length&quot;:&quot;40&quot;,&quot;iso&quot;:&quot;400&quot;,&quot;shutter_speed&quot;:&quot;0.002&quot;,&quot;title&quot;:&quot;&quot;}\" data-image-title=\"ISLADELSOL-49\" data-image-description=\"\" data-medium-file=\"https:\/\/i0.wp.com\/songkol.com\/WordPress3\/wp-content\/uploads\/2014\/09\/ISLADELSOL-49.jpg?fit=300%2C300\" data-large-file=\"https:\/\/i0.wp.com\/songkol.com\/WordPress3\/wp-content\/uploads\/2014\/09\/ISLADELSOL-49.jpg?fit=600%2C600\" src=\"https:\/\/i0.wp.com\/songkol.com\/WordPress3\/wp-content\/uploads\/2014\/09\/ISLADELSOL-49.jpg?w=189&#038;h=189&#038;crop=1\" width=\"189\" height=\"189\" data-original-width=\"189\" data-original-height=\"189\" itemprop=\"http:\/\/schema.org\/image\" title=\"ISLADELSOL-49\" alt=\"LAC TITICACA \/ Port de Yampaputa\" style=\"width: 189px; height: 189px;\" \/> <\/a> <div class=\"tiled-gallery-caption\" itemprop=\"caption description\"> LAC TITICACA \/ Port de Yampaputa <\/div> <\/div> <\/div> <!-- close group --> <\/div> <!-- close row --> <\/div>\n","protected":false},"excerpt":{"rendered":"<p>Le soleil se couche \u00e0 l&rsquo;horizon dans une eau scintillante\u2026 On se croirait sur l&rsquo;\u00eele grecque de Sifnos qui nous a tant plu\u00a0 il y a deux ans et qui a sans doute sonn\u00e9 l&rsquo;heure du d\u00e9part pour le grand voyage. Nous sommes sur les bords du lac Titicaca \u00e0 3800 m\u00e8tres d&rsquo;altitude, toujours en [&hellip;]<\/p>\n","protected":false},"author":3,"featured_media":0,"comment_status":"open","ping_status":"open","sticky":false,"template":"","format":"standard","meta":{"spay_email":"","jetpack_publicize_message":"","jetpack_is_tweetstorm":false,"jetpack_publicize_feature_enabled":true},"categories":[7],"tags":[],"jetpack_featured_media_url":"","jetpack_publicize_connections":[],"jetpack_sharing_enabled":true,"jetpack_shortlink":"https:\/\/wp.me\/p4uy6M-T0","jetpack_likes_enabled":true,"_links":{"self":[{"href":"http:\/\/songkol.com\/WordPress3\/wp-json\/wp\/v2\/posts\/3410"}],"collection":[{"href":"http:\/\/songkol.com\/WordPress3\/wp-json\/wp\/v2\/posts"}],"about":[{"href":"http:\/\/songkol.com\/WordPress3\/wp-json\/wp\/v2\/types\/post"}],"author":[{"embeddable":true,"href":"http:\/\/songkol.com\/WordPress3\/wp-json\/wp\/v2\/users\/3"}],"replies":[{"embeddable":true,"href":"http:\/\/songkol.com\/WordPress3\/wp-json\/wp\/v2\/comments?post=3410"}],"version-history":[{"count":12,"href":"http:\/\/songkol.com\/WordPress3\/wp-json\/wp\/v2\/posts\/3410\/revisions"}],"predecessor-version":[{"id":3481,"href":"http:\/\/songkol.com\/WordPress3\/wp-json\/wp\/v2\/posts\/3410\/revisions\/3481"}],"wp:attachment":[{"href":"http:\/\/songkol.com\/WordPress3\/wp-json\/wp\/v2\/media?parent=3410"}],"wp:term":[{"taxonomy":"category","embeddable":true,"href":"http:\/\/songkol.com\/WordPress3\/wp-json\/wp\/v2\/categories?post=3410"},{"taxonomy":"post_tag","embeddable":true,"href":"http:\/\/songkol.com\/WordPress3\/wp-json\/wp\/v2\/tags?post=3410"}],"curies":[{"name":"wp","href":"https:\/\/api.w.org\/{rel}","templated":true}]}}