{"id":260,"date":"2013-12-23T22:49:01","date_gmt":"2013-12-24T01:49:01","guid":{"rendered":"http:\/\/songkol.com\/WordPress3\/?p=260"},"modified":"2016-02-15T18:03:03","modified_gmt":"2016-02-15T17:03:03","slug":"on-est-prets","status":"publish","type":"post","link":"http:\/\/songkol.com\/WordPress3\/blog\/2013\/12\/23\/on-est-prets\/","title":{"rendered":"On est pr\u00eats?"},"content":{"rendered":"<p><a href=\"https:\/\/i0.wp.com\/songkol.com\/WordPress3\/wp-content\/uploads\/2013\/12\/cc1.jpg\"><img data-attachment-id=\"270\" data-permalink=\"http:\/\/songkol.com\/WordPress3\/blog\/2013\/12\/23\/on-est-prets\/cc1\/\" data-orig-file=\"https:\/\/i0.wp.com\/songkol.com\/WordPress3\/wp-content\/uploads\/2013\/12\/cc1.jpg?fit=1280%2C960\" data-orig-size=\"1280,960\" data-comments-opened=\"1\" data-image-meta=\"{&quot;aperture&quot;:&quot;3.5&quot;,&quot;credit&quot;:&quot;&quot;,&quot;camera&quot;:&quot;DSC-HX50V&quot;,&quot;caption&quot;:&quot;&quot;,&quot;created_timestamp&quot;:&quot;1387870720&quot;,&quot;copyright&quot;:&quot;&quot;,&quot;focal_length&quot;:&quot;4.3&quot;,&quot;iso&quot;:&quot;80&quot;,&quot;shutter_speed&quot;:&quot;0.002&quot;,&quot;title&quot;:&quot;&quot;}\" data-image-title=\"BUENOS AIRES \/ Bivouac \u00e0 Puerto Madero\" data-image-description=\"\" data-image-caption=\"&lt;p&gt;BUENOS AIRES \/ Bivouac \u00e0 Puerto Madero&lt;\/p&gt;\n\" data-medium-file=\"https:\/\/i0.wp.com\/songkol.com\/WordPress3\/wp-content\/uploads\/2013\/12\/cc1.jpg?fit=300%2C225\" data-large-file=\"https:\/\/i0.wp.com\/songkol.com\/WordPress3\/wp-content\/uploads\/2013\/12\/cc1.jpg?fit=768%2C576\" loading=\"lazy\" class=\"size-medium wp-image-270 alignright\" src=\"https:\/\/i0.wp.com\/songkol.com\/WordPress3\/wp-content\/uploads\/2013\/12\/cc1.jpg?resize=300%2C225\" alt=\"cc1\" width=\"300\" height=\"225\" srcset=\"https:\/\/i0.wp.com\/songkol.com\/WordPress3\/wp-content\/uploads\/2013\/12\/cc1.jpg?resize=300%2C225 300w, https:\/\/i0.wp.com\/songkol.com\/WordPress3\/wp-content\/uploads\/2013\/12\/cc1.jpg?resize=1024%2C768 1024w, https:\/\/i0.wp.com\/songkol.com\/WordPress3\/wp-content\/uploads\/2013\/12\/cc1.jpg?w=1280 1280w\" sizes=\"(max-width: 300px) 100vw, 300px\" data-recalc-dims=\"1\" \/><\/a><\/p>\n<p>&nbsp;<\/p>\n<p>Lundi 23 d\u00e9cembre. Ici Buenos Aires. Il est 21H et la temp\u00e9rature fr\u00f4le les 35\u00b0C. Le camping-car est gar\u00e9 sous quelques arbres dans le quartier de Puerto Madero. Camping-quoi? Mais si, oui, c&rsquo;est vrai!!! camping-car! Presqu&rsquo;un mois apr\u00e8s notre arriv\u00e9e en Am\u00e9rique du Sud, nous l&rsquo;avons enfin r\u00e9cup\u00e9r\u00e9! C&rsquo;\u00e9tait il y a une semaine exactement apr\u00e8s une longue attente \u00e0 Montevideo. Il est en parfait \u00e9tat tant ext\u00e9rieur que int\u00e9rieur, aucun vol ni accrochages \u00e0 d\u00e9plorer. Ouf! D\u00e8s lundi apr\u00e8s midi nous sommes partis tout guillerets direction Colonia de Sacramento. Tr\u00e8s jolie ville coloniale class\u00e9e au patrimoine mondial de l&rsquo;Unesco. Arriv\u00e9e pile pour le coucher de soleil! Premi\u00e8re nuit avec les moyens du bord car Lionel n&rsquo;a pas eu le temps (m&rsquo;enfin!&#8230;) de d\u00e9monter la cloison s\u00e9parant la partie conduite de la cellule, ce qui nous emp\u00eache de d\u00e9ployer notre lit king size. Du coup, on teste le lit d&rsquo;appoint dans le carr\u00e9 pour les \u00e9ventuels voyageurs tent\u00e9s par quelques tours de roue en Am\u00e9rique du Sud avec nous : pas mal, sauf que Nils est vite venu nous rejoindre un peu surpris de son c\u00f4t\u00e9 par son nouveau lit&#8230; Le lendemain, rangements, baignade et m\u00eame petite t\u00eate le soir dans la piscine vintage de la ville.<\/p>\n<p>Il nous faut passer par Buenos Aires pour trouver une bouteille de gaz et la faire adapter \u00e0 notre syst\u00e8me fran\u00e7ais. Lionel a une adresse 100% s\u00fbre. On pr\u00e9f\u00e8re assurer le steak (c&rsquo;est le cas de la dire puisque pour l&rsquo;instant on mange froid et cru!) en allant jusque l\u00e0-bas. C&rsquo;est l\u00e0 que pour je ne sais quelle raison , Lionel passe sa t\u00eate sous le camping car pour faire un petit checking et constate que nos supers suspensions pneumatiques ne sont pas \u00ab\u00a0en ligne\u00a0\u00bb&#8230; Va falloir faire v\u00e9rifier \u00e7a aussi. Ce d\u00e9tail d&rsquo;une grande importance pour les prochains mois avec l&rsquo;\u00e9tat des routes que nous allons emprunter, va nous faire rester \u00e0 Buenos Aires bien plus longtemps que pr\u00e9vu. Nous partons demain, \u00e0 l&rsquo;aube. L\u00e0 devrait vraiment commencer l&rsquo;aventure! On est chaud bouillant, on en peut plus d&rsquo;attendre et de dormir \u00ab\u00a0dans la rue\u00a0\u00bb!<\/p>\n<div id=\"attachment_273\" style=\"width: 310px\" class=\"wp-caption alignnone\"><a href=\"https:\/\/i0.wp.com\/songkol.com\/WordPress3\/wp-content\/uploads\/2013\/12\/annanilsnoel.jpg\"><img aria-describedby=\"caption-attachment-273\" data-attachment-id=\"273\" data-permalink=\"http:\/\/songkol.com\/WordPress3\/blog\/2013\/12\/23\/on-est-prets\/annanilsnoel\/\" data-orig-file=\"https:\/\/i0.wp.com\/songkol.com\/WordPress3\/wp-content\/uploads\/2013\/12\/annanilsnoel.jpg?fit=1280%2C960\" data-orig-size=\"1280,960\" data-comments-opened=\"1\" data-image-meta=\"{&quot;aperture&quot;:&quot;3.5&quot;,&quot;credit&quot;:&quot;&quot;,&quot;camera&quot;:&quot;DSC-HX50V&quot;,&quot;caption&quot;:&quot;&quot;,&quot;created_timestamp&quot;:&quot;1387873220&quot;,&quot;copyright&quot;:&quot;&quot;,&quot;focal_length&quot;:&quot;4.3&quot;,&quot;iso&quot;:&quot;80&quot;,&quot;shutter_speed&quot;:&quot;0.0125&quot;,&quot;title&quot;:&quot;&quot;}\" data-image-title=\"BUENOS AIRES \/ Anna et Nils pr\u00e9parent No\u00ebl !\" data-image-description=\"\" data-image-caption=\"&lt;p&gt;BUENOS AIRES \/ Anna et Nils pr\u00e9parent No\u00ebl ! &lt;\/p&gt;\n\" data-medium-file=\"https:\/\/i0.wp.com\/songkol.com\/WordPress3\/wp-content\/uploads\/2013\/12\/annanilsnoel.jpg?fit=300%2C225\" data-large-file=\"https:\/\/i0.wp.com\/songkol.com\/WordPress3\/wp-content\/uploads\/2013\/12\/annanilsnoel.jpg?fit=768%2C576\" loading=\"lazy\" class=\"wp-image-273 size-medium\" src=\"https:\/\/i0.wp.com\/songkol.com\/WordPress3\/wp-content\/uploads\/2013\/12\/annanilsnoel.jpg?resize=300%2C225\" alt=\"Anna et Nils pr\u00e9parent No\u00ebl! \" width=\"300\" height=\"225\" srcset=\"https:\/\/i0.wp.com\/songkol.com\/WordPress3\/wp-content\/uploads\/2013\/12\/annanilsnoel.jpg?resize=300%2C225 300w, https:\/\/i0.wp.com\/songkol.com\/WordPress3\/wp-content\/uploads\/2013\/12\/annanilsnoel.jpg?resize=1024%2C768 1024w, https:\/\/i0.wp.com\/songkol.com\/WordPress3\/wp-content\/uploads\/2013\/12\/annanilsnoel.jpg?w=1280 1280w\" sizes=\"(max-width: 300px) 100vw, 300px\" data-recalc-dims=\"1\" \/><\/a><p id=\"caption-attachment-273\" class=\"wp-caption-text\">BUENOS AIRES \/ Anna et Nils pr\u00e9parent No\u00ebl!<\/p><\/div>\n<p>&nbsp;<\/p>\n","protected":false},"excerpt":{"rendered":"<p>&nbsp; Lundi 23 d\u00e9cembre. Ici Buenos Aires. Il est 21H et la temp\u00e9rature fr\u00f4le les 35\u00b0C. Le camping-car est gar\u00e9 sous quelques arbres dans le quartier de Puerto Madero. Camping-quoi? Mais si, oui, c&rsquo;est vrai!!! camping-car! Presqu&rsquo;un mois apr\u00e8s notre arriv\u00e9e en Am\u00e9rique du Sud, nous l&rsquo;avons enfin r\u00e9cup\u00e9r\u00e9! C&rsquo;\u00e9tait il y a une semaine [&hellip;]<\/p>\n","protected":false},"author":3,"featured_media":0,"comment_status":"open","ping_status":"open","sticky":false,"template":"","format":"standard","meta":{"spay_email":"","jetpack_publicize_message":"","jetpack_is_tweetstorm":false,"jetpack_publicize_feature_enabled":true},"categories":[6],"tags":[],"jetpack_featured_media_url":"","jetpack_publicize_connections":[],"jetpack_sharing_enabled":true,"jetpack_shortlink":"https:\/\/wp.me\/p4uy6M-4c","jetpack_likes_enabled":true,"_links":{"self":[{"href":"http:\/\/songkol.com\/WordPress3\/wp-json\/wp\/v2\/posts\/260"}],"collection":[{"href":"http:\/\/songkol.com\/WordPress3\/wp-json\/wp\/v2\/posts"}],"about":[{"href":"http:\/\/songkol.com\/WordPress3\/wp-json\/wp\/v2\/types\/post"}],"author":[{"embeddable":true,"href":"http:\/\/songkol.com\/WordPress3\/wp-json\/wp\/v2\/users\/3"}],"replies":[{"embeddable":true,"href":"http:\/\/songkol.com\/WordPress3\/wp-json\/wp\/v2\/comments?post=260"}],"version-history":[{"count":12,"href":"http:\/\/songkol.com\/WordPress3\/wp-json\/wp\/v2\/posts\/260\/revisions"}],"predecessor-version":[{"id":6503,"href":"http:\/\/songkol.com\/WordPress3\/wp-json\/wp\/v2\/posts\/260\/revisions\/6503"}],"wp:attachment":[{"href":"http:\/\/songkol.com\/WordPress3\/wp-json\/wp\/v2\/media?parent=260"}],"wp:term":[{"taxonomy":"category","embeddable":true,"href":"http:\/\/songkol.com\/WordPress3\/wp-json\/wp\/v2\/categories?post=260"},{"taxonomy":"post_tag","embeddable":true,"href":"http:\/\/songkol.com\/WordPress3\/wp-json\/wp\/v2\/tags?post=260"}],"curies":[{"name":"wp","href":"https:\/\/api.w.org\/{rel}","templated":true}]}}