{"id":1861,"date":"2014-04-23T00:35:59","date_gmt":"2014-04-23T03:35:59","guid":{"rendered":"http:\/\/songkol.com\/WordPress3\/?p=1861"},"modified":"2014-04-29T16:58:51","modified_gmt":"2014-04-29T20:58:51","slug":"la-vallee-de-calingasta-cest-par-la","status":"publish","type":"post","link":"http:\/\/songkol.com\/WordPress3\/blog\/2014\/04\/23\/la-vallee-de-calingasta-cest-par-la\/","title":{"rendered":"La vall\u00e9e de Calingasta, c&rsquo;est par l\u00e0"},"content":{"rendered":"<p>La route aura \u00e9t\u00e9 un peu longue pour la rejoindre mais la vall\u00e9e de Calingasta nous a enchant\u00e9s! Apr\u00e8s une premi\u00e8re nuit dans le camping municipal de Calingasta pas terrible (arriv\u00e9e sur les coups de 23h d&rsquo;une dizaine de personnes qui a imm\u00e9diatement encha\u00een\u00e9 par un asado du feu de Dieu avec musique \u00e0 gogo jusqu&rsquo;au bout de la nuit\u2026 C&rsquo;est \u00e7a aussi l&rsquo;Argentine!!), nous avons pass\u00e9 de tr\u00e8s bons moments \u00e0 Barreal et dans le parc national Leoncito. Nous avons pass\u00e9 une super soir\u00e9e \u00e0 observer les \u00e9toiles: on vous trouve maintenant la croix du Sud en moins de temps qu&rsquo;il ne faut pour le dire! Les anneaux de Saturne nous ont subjugu\u00e9s et les \u00e9toiles filantes que nous avons vu nous promettent de belles choses si nos voeux se r\u00e9alisent! Au chapitre des rencontres, nous avons eu le plaisir de croiser sur notre route Lorenzo, l&rsquo;Italien solitaire au volant de sa moto (il me rappelle quelqu&rsquo;un\u2026) ainsi que Julio l&rsquo;Argentin qui s&rsquo;accorde une fois par an un petit break loin des siens\u2026 pour ensuite mieux les retrouver!<br \/>\nA la sortie du parc Leoncito, Anna a deux choses \u00e0 dire. La premi\u00e8re \u00e0 sa grand-m\u00e8re Am\u00e9e: \u00ab\u00a0je sais me rep\u00e9rer sur la carte!\u00a0\u00bb et une autre \u00e0 son grand-p\u00e8re Jacob: \u00ab\u00a0je crois que j&rsquo;ai vu un puma!\u00a0\u00bb.<\/p>\n<div class=\"tiled-gallery type-rectangular tiled-gallery-unresized\" data-original-width=\"768\" data-carousel-extra='{&quot;blog_id&quot;:1,&quot;permalink&quot;:&quot;http:\\\/\\\/songkol.com\\\/WordPress3\\\/blog\\\/2014\\\/04\\\/23\\\/la-vallee-de-calingasta-cest-par-la\\\/&quot;,&quot;likes_blog_id&quot;:66386300}' itemscope itemtype=\"http:\/\/schema.org\/ImageGallery\" > <div class=\"gallery-row\" style=\"width: 768px; height: 513px;\" data-original-width=\"768\" data-original-height=\"513\" > <div class=\"gallery-group images-2\" style=\"width: 382px; height: 513px;\" data-original-width=\"382\" data-original-height=\"513\" > <div class=\"tiled-gallery-item tiled-gallery-item-large\" itemprop=\"associatedMedia\" itemscope itemtype=\"http:\/\/schema.org\/ImageObject\"> <a href=\"http:\/\/songkol.com\/WordPress3\/calingasta01\/\" border=\"0\" itemprop=\"url\"> <meta itemprop=\"width\" content=\"378\"> <meta itemprop=\"height\" content=\"252\"> <img data-attachment-id=\"1912\" data-orig-file=\"http:\/\/songkol.com\/WordPress3\/wp-content\/uploads\/2014\/04\/calingasta01.jpg\" data-orig-size=\"1024,683\" data-comments-opened=\"1\" data-image-meta=\"{&quot;aperture&quot;:&quot;14&quot;,&quot;credit&quot;:&quot;&quot;,&quot;camera&quot;:&quot;Canon EOS 5D&quot;,&quot;caption&quot;:&quot;&quot;,&quot;created_timestamp&quot;:&quot;1398018046&quot;,&quot;copyright&quot;:&quot;&quot;,&quot;focal_length&quot;:&quot;17&quot;,&quot;iso&quot;:&quot;400&quot;,&quot;shutter_speed&quot;:&quot;0.0025&quot;,&quot;title&quot;:&quot;&quot;}\" data-image-title=\"BARREAL \/ Coucher de soleil sur les Andes, et au milieu coule la rivi\u00e8re Calingasta\" data-image-description=\"\" data-medium-file=\"https:\/\/i0.wp.com\/songkol.com\/WordPress3\/wp-content\/uploads\/2014\/04\/calingasta01.jpg?fit=300%2C200\" data-large-file=\"https:\/\/i0.wp.com\/songkol.com\/WordPress3\/wp-content\/uploads\/2014\/04\/calingasta01.jpg?fit=768%2C512\" src=\"https:\/\/i0.wp.com\/songkol.com\/WordPress3\/wp-content\/uploads\/2014\/04\/calingasta01.jpg?w=378&#038;h=252\" width=\"378\" height=\"252\" data-original-width=\"378\" data-original-height=\"252\" itemprop=\"http:\/\/schema.org\/image\" title=\"BARREAL \/ Coucher de soleil sur les Andes, et au milieu coule la rivi\u00e8re Calingasta\" alt=\"BARREAL \/ Coucher de soleil sur les Andes, et au milieu coule la rivi\u00e8re Calingasta\" style=\"width: 378px; height: 252px;\" \/> <\/a> <div class=\"tiled-gallery-caption\" itemprop=\"caption description\"> BARREAL \/ Coucher de soleil sur les Andes, et au milieu coule la rivi\u00e8re Calingasta <\/div> <\/div> <div class=\"tiled-gallery-item tiled-gallery-item-large\" itemprop=\"associatedMedia\" itemscope itemtype=\"http:\/\/schema.org\/ImageObject\"> <a href=\"http:\/\/songkol.com\/WordPress3\/calingasta02\/\" border=\"0\" itemprop=\"url\"> <meta itemprop=\"width\" content=\"378\"> <meta itemprop=\"height\" content=\"253\"> <img data-attachment-id=\"1913\" data-orig-file=\"http:\/\/songkol.com\/WordPress3\/wp-content\/uploads\/2014\/04\/calingasta02.jpg\" data-orig-size=\"1024,683\" data-comments-opened=\"1\" data-image-meta=\"{&quot;aperture&quot;:&quot;11&quot;,&quot;credit&quot;:&quot;&quot;,&quot;camera&quot;:&quot;Canon EOS 5D&quot;,&quot;caption&quot;:&quot;&quot;,&quot;created_timestamp&quot;:&quot;1398019396&quot;,&quot;copyright&quot;:&quot;&quot;,&quot;focal_length&quot;:&quot;17&quot;,&quot;iso&quot;:&quot;400&quot;,&quot;shutter_speed&quot;:&quot;0.004&quot;,&quot;title&quot;:&quot;&quot;}\" data-image-title=\"BARREAL \/ Coucher de soleil sur les Andes, et au milieu coule la rivi\u00e8re Calingasta\" data-image-description=\"\" data-medium-file=\"https:\/\/i0.wp.com\/songkol.com\/WordPress3\/wp-content\/uploads\/2014\/04\/calingasta02.jpg?fit=300%2C200\" data-large-file=\"https:\/\/i0.wp.com\/songkol.com\/WordPress3\/wp-content\/uploads\/2014\/04\/calingasta02.jpg?fit=768%2C512\" src=\"https:\/\/i0.wp.com\/songkol.com\/WordPress3\/wp-content\/uploads\/2014\/04\/calingasta02.jpg?w=378&#038;h=253\" width=\"378\" height=\"253\" data-original-width=\"378\" data-original-height=\"253\" itemprop=\"http:\/\/schema.org\/image\" title=\"BARREAL \/ Coucher de soleil sur les Andes, et au milieu coule la rivi\u00e8re Calingasta\" alt=\"BARREAL \/ Coucher de soleil sur les Andes, et au milieu coule la rivi\u00e8re Calingasta\" style=\"width: 378px; height: 253px;\" \/> <\/a> <div class=\"tiled-gallery-caption\" itemprop=\"caption description\"> BARREAL \/ Coucher de soleil sur les Andes, et au milieu coule la rivi\u00e8re Calingasta <\/div> <\/div> <\/div> <!-- close group --> <div class=\"gallery-group images-1\" style=\"width: 386px; height: 513px;\" data-original-width=\"386\" data-original-height=\"513\" > <div class=\"tiled-gallery-item tiled-gallery-item-large\" itemprop=\"associatedMedia\" itemscope itemtype=\"http:\/\/schema.org\/ImageObject\"> <a href=\"http:\/\/songkol.com\/WordPress3\/blog\/2014\/04\/23\/la-vallee-de-calingasta-cest-par-la\/vallee_calingasta03\/\" border=\"0\" itemprop=\"url\"> <meta itemprop=\"width\" content=\"382\"> <meta itemprop=\"height\" content=\"509\"> <img data-attachment-id=\"1872\" data-orig-file=\"http:\/\/songkol.com\/WordPress3\/wp-content\/uploads\/2014\/04\/vallee_calingasta03.jpg\" data-orig-size=\"960,1280\" data-comments-opened=\"1\" data-image-meta=\"{&quot;aperture&quot;:&quot;5.6&quot;,&quot;credit&quot;:&quot;&quot;,&quot;camera&quot;:&quot;DSC-HX50V&quot;,&quot;caption&quot;:&quot;&quot;,&quot;created_timestamp&quot;:&quot;1398017584&quot;,&quot;copyright&quot;:&quot;&quot;,&quot;focal_length&quot;:&quot;16.98&quot;,&quot;iso&quot;:&quot;80&quot;,&quot;shutter_speed&quot;:&quot;0.003125&quot;,&quot;title&quot;:&quot;&quot;}\" data-image-title=\"BARREAL \/ Bivouac en bord de rivi\u00e8re\" data-image-description=\"\" data-medium-file=\"https:\/\/i0.wp.com\/songkol.com\/WordPress3\/wp-content\/uploads\/2014\/04\/vallee_calingasta03.jpg?fit=225%2C300\" data-large-file=\"https:\/\/i0.wp.com\/songkol.com\/WordPress3\/wp-content\/uploads\/2014\/04\/vallee_calingasta03.jpg?fit=768%2C1024\" src=\"https:\/\/i0.wp.com\/songkol.com\/WordPress3\/wp-content\/uploads\/2014\/04\/vallee_calingasta03.jpg?w=382&#038;h=509\" width=\"382\" height=\"509\" data-original-width=\"382\" data-original-height=\"509\" itemprop=\"http:\/\/schema.org\/image\" title=\"BARREAL \/ Bivouac en bord de rivi\u00e8re\" alt=\"BARREAL \/ Bivouac en bord de rivi\u00e8re\" style=\"width: 382px; height: 509px;\" \/> <\/a> <div class=\"tiled-gallery-caption\" itemprop=\"caption description\"> BARREAL \/ Bivouac en bord de rivi\u00e8re <\/div> <\/div> <\/div> <!-- close group --> <\/div> <!-- close row --> <div class=\"gallery-row\" style=\"width: 768px; height: 355px;\" data-original-width=\"768\" data-original-height=\"355\" > <div class=\"gallery-group images-1\" style=\"width: 530px; height: 355px;\" data-original-width=\"530\" data-original-height=\"355\" > <div class=\"tiled-gallery-item tiled-gallery-item-large\" itemprop=\"associatedMedia\" itemscope itemtype=\"http:\/\/schema.org\/ImageObject\"> <a href=\"http:\/\/songkol.com\/WordPress3\/calingasta03\/\" border=\"0\" itemprop=\"url\"> <meta itemprop=\"width\" content=\"526\"> <meta itemprop=\"height\" content=\"351\"> <img data-attachment-id=\"1914\" data-orig-file=\"http:\/\/songkol.com\/WordPress3\/wp-content\/uploads\/2014\/04\/calingasta03.jpg\" data-orig-size=\"1024,683\" data-comments-opened=\"1\" data-image-meta=\"{&quot;aperture&quot;:&quot;11&quot;,&quot;credit&quot;:&quot;&quot;,&quot;camera&quot;:&quot;Canon EOS 5D&quot;,&quot;caption&quot;:&quot;&quot;,&quot;created_timestamp&quot;:&quot;1398019520&quot;,&quot;copyright&quot;:&quot;&quot;,&quot;focal_length&quot;:&quot;17&quot;,&quot;iso&quot;:&quot;400&quot;,&quot;shutter_speed&quot;:&quot;0.004&quot;,&quot;title&quot;:&quot;&quot;}\" data-image-title=\"BARREAL \/ En revanche, Nils et Anna n&amp;rsquo;ont toujours pas compris que la belle vue \u00e9tait derri\u00e8re eux :-)\" data-image-description=\"\" data-medium-file=\"https:\/\/i0.wp.com\/songkol.com\/WordPress3\/wp-content\/uploads\/2014\/04\/calingasta03.jpg?fit=300%2C200\" data-large-file=\"https:\/\/i0.wp.com\/songkol.com\/WordPress3\/wp-content\/uploads\/2014\/04\/calingasta03.jpg?fit=768%2C512\" src=\"https:\/\/i0.wp.com\/songkol.com\/WordPress3\/wp-content\/uploads\/2014\/04\/calingasta03.jpg?w=526&#038;h=351\" width=\"526\" height=\"351\" data-original-width=\"526\" data-original-height=\"351\" itemprop=\"http:\/\/schema.org\/image\" title=\"BARREAL \/ En revanche, Nils et Anna n&#039;ont toujours pas compris que la belle vue \u00e9tait derri\u00e8re eux :-)\" alt=\"BARREAL \/ En revanche, Nils et Anna n&#039;ont toujours pas compris que la belle vue \u00e9tait derri\u00e8re eux :-)\" style=\"width: 526px; height: 351px;\" \/> <\/a> <div class=\"tiled-gallery-caption\" itemprop=\"caption description\"> BARREAL \/ En revanche, Nils et Anna n&rsquo;ont toujours pas compris que la belle vue \u00e9tait derri\u00e8re eux \ud83d\ude42 <\/div> <\/div> <\/div> <!-- close group --> <div class=\"gallery-group images-1\" style=\"width: 238px; height: 355px;\" data-original-width=\"238\" data-original-height=\"355\" > <div class=\"tiled-gallery-item tiled-gallery-item-small\" itemprop=\"associatedMedia\" itemscope itemtype=\"http:\/\/schema.org\/ImageObject\"> <a href=\"http:\/\/songkol.com\/WordPress3\/calingasta04\/\" border=\"0\" itemprop=\"url\"> <meta itemprop=\"width\" content=\"234\"> <meta itemprop=\"height\" content=\"351\"> <img data-attachment-id=\"1915\" data-orig-file=\"http:\/\/songkol.com\/WordPress3\/wp-content\/uploads\/2014\/04\/calingasta04.jpg\" data-orig-size=\"683,1024\" data-comments-opened=\"1\" data-image-meta=\"{&quot;aperture&quot;:&quot;11&quot;,&quot;credit&quot;:&quot;&quot;,&quot;camera&quot;:&quot;Canon EOS 5D&quot;,&quot;caption&quot;:&quot;&quot;,&quot;created_timestamp&quot;:&quot;1398019597&quot;,&quot;copyright&quot;:&quot;&quot;,&quot;focal_length&quot;:&quot;40&quot;,&quot;iso&quot;:&quot;400&quot;,&quot;shutter_speed&quot;:&quot;0.004&quot;,&quot;title&quot;:&quot;&quot;}\" data-image-title=\"BARREAL \/ Nelly adoooore les couchers de soleil :-)\" data-image-description=\"\" data-medium-file=\"https:\/\/i0.wp.com\/songkol.com\/WordPress3\/wp-content\/uploads\/2014\/04\/calingasta04.jpg?fit=200%2C300\" data-large-file=\"https:\/\/i0.wp.com\/songkol.com\/WordPress3\/wp-content\/uploads\/2014\/04\/calingasta04.jpg?fit=683%2C1024\" src=\"https:\/\/i0.wp.com\/songkol.com\/WordPress3\/wp-content\/uploads\/2014\/04\/calingasta04.jpg?w=234&#038;h=351\" width=\"234\" height=\"351\" data-original-width=\"234\" data-original-height=\"351\" itemprop=\"http:\/\/schema.org\/image\" title=\"BARREAL \/ Nelly adoooore les couchers de soleil :-)\" alt=\"BARREAL \/ Nelly adoooore les couchers de soleil :-)\" style=\"width: 234px; height: 351px;\" \/> <\/a> <div class=\"tiled-gallery-caption\" itemprop=\"caption description\"> BARREAL \/ Nelly adoooore les couchers de soleil \ud83d\ude42 <\/div> <\/div> <\/div> <!-- close group --> <\/div> <!-- close row --> <div class=\"gallery-row\" style=\"width: 768px; height: 574px;\" data-original-width=\"768\" data-original-height=\"574\" > <div class=\"gallery-group images-1\" style=\"width: 384px; height: 574px;\" data-original-width=\"384\" data-original-height=\"574\" > <div class=\"tiled-gallery-item tiled-gallery-item-large\" itemprop=\"associatedMedia\" itemscope itemtype=\"http:\/\/schema.org\/ImageObject\"> <a href=\"http:\/\/songkol.com\/WordPress3\/calingasta05\/\" border=\"0\" itemprop=\"url\"> <meta itemprop=\"width\" content=\"380\"> <meta itemprop=\"height\" content=\"570\"> <img data-attachment-id=\"1916\" data-orig-file=\"http:\/\/songkol.com\/WordPress3\/wp-content\/uploads\/2014\/04\/calingasta05.jpg\" data-orig-size=\"683,1024\" data-comments-opened=\"1\" data-image-meta=\"{&quot;aperture&quot;:&quot;11&quot;,&quot;credit&quot;:&quot;&quot;,&quot;camera&quot;:&quot;Canon EOS 5D&quot;,&quot;caption&quot;:&quot;&quot;,&quot;created_timestamp&quot;:&quot;1398019650&quot;,&quot;copyright&quot;:&quot;&quot;,&quot;focal_length&quot;:&quot;17&quot;,&quot;iso&quot;:&quot;400&quot;,&quot;shutter_speed&quot;:&quot;0.004&quot;,&quot;title&quot;:&quot;&quot;}\" data-image-title=\"BARREAL \/ Coucher de soleil sur la cordellera de los Andes. Nous sommes \u00e0 quelques sommets du toit de l&amp;rsquo;Am Sud : l&amp;rsquo;Aconcagua.\" data-image-description=\"\" data-medium-file=\"https:\/\/i0.wp.com\/songkol.com\/WordPress3\/wp-content\/uploads\/2014\/04\/calingasta05.jpg?fit=200%2C300\" data-large-file=\"https:\/\/i0.wp.com\/songkol.com\/WordPress3\/wp-content\/uploads\/2014\/04\/calingasta05.jpg?fit=683%2C1024\" src=\"https:\/\/i0.wp.com\/songkol.com\/WordPress3\/wp-content\/uploads\/2014\/04\/calingasta05.jpg?w=380&#038;h=570\" width=\"380\" height=\"570\" data-original-width=\"380\" data-original-height=\"570\" itemprop=\"http:\/\/schema.org\/image\" title=\"BARREAL \/ Coucher de soleil sur la cordellera de los Andes. Nous sommes \u00e0 quelques sommets du toit de l&#039;Am Sud : l&#039;Aconcagua.\" alt=\"BARREAL \/ Coucher de soleil sur la cordellera de los Andes. Nous sommes \u00e0 quelques sommets du toit de l&#039;Am Sud : l&#039;Aconcagua.\" style=\"width: 380px; height: 570px;\" \/> <\/a> <div class=\"tiled-gallery-caption\" itemprop=\"caption description\"> BARREAL \/ Coucher de soleil sur la cordellera de los Andes. Nous sommes \u00e0 quelques sommets du toit de l&rsquo;Am Sud : l&rsquo;Aconcagua. <\/div> <\/div> <\/div> <!-- close group --> <div class=\"gallery-group images-1\" style=\"width: 384px; height: 574px;\" data-original-width=\"384\" data-original-height=\"574\" > <div class=\"tiled-gallery-item tiled-gallery-item-large\" itemprop=\"associatedMedia\" itemscope itemtype=\"http:\/\/schema.org\/ImageObject\"> <a href=\"http:\/\/songkol.com\/WordPress3\/calingasta06\/\" border=\"0\" itemprop=\"url\"> <meta itemprop=\"width\" content=\"380\"> <meta itemprop=\"height\" content=\"570\"> <img data-attachment-id=\"1917\" data-orig-file=\"http:\/\/songkol.com\/WordPress3\/wp-content\/uploads\/2014\/04\/calingasta06.jpg\" data-orig-size=\"683,1024\" data-comments-opened=\"1\" data-image-meta=\"{&quot;aperture&quot;:&quot;13&quot;,&quot;credit&quot;:&quot;&quot;,&quot;camera&quot;:&quot;Canon EOS 5D&quot;,&quot;caption&quot;:&quot;&quot;,&quot;created_timestamp&quot;:&quot;1398082233&quot;,&quot;copyright&quot;:&quot;&quot;,&quot;focal_length&quot;:&quot;17&quot;,&quot;iso&quot;:&quot;400&quot;,&quot;shutter_speed&quot;:&quot;0.003125&quot;,&quot;title&quot;:&quot;&quot;}\" data-image-title=\"BARREAL \/ Promenade autour de la Plaza de Armas. Chaque village\/ville marque son centre avec une grande Plaza de Armas o\u00f9 nous trouvons de quoi faire courir les enfants et nous connecter \u00e0 internet ;-)\" data-image-description=\"\" data-medium-file=\"https:\/\/i0.wp.com\/songkol.com\/WordPress3\/wp-content\/uploads\/2014\/04\/calingasta06.jpg?fit=200%2C300\" data-large-file=\"https:\/\/i0.wp.com\/songkol.com\/WordPress3\/wp-content\/uploads\/2014\/04\/calingasta06.jpg?fit=683%2C1024\" src=\"https:\/\/i0.wp.com\/songkol.com\/WordPress3\/wp-content\/uploads\/2014\/04\/calingasta06.jpg?w=380&#038;h=570\" width=\"380\" height=\"570\" data-original-width=\"380\" data-original-height=\"570\" itemprop=\"http:\/\/schema.org\/image\" title=\"BARREAL \/ Promenade autour de la Plaza de Armas. Chaque village\/ville marque son centre avec une grande Plaza de Armas o\u00f9 nous trouvons de quoi faire courir les enfants et nous connecter \u00e0 internet ;-)\" alt=\"BARREAL \/ Promenade autour de la Plaza de Armas. Chaque village\/ville marque son centre avec une grande Plaza de Armas o\u00f9 nous trouvons de quoi faire courir les enfants et nous connecter \u00e0 internet ;-)\" style=\"width: 380px; height: 570px;\" \/> <\/a> <div class=\"tiled-gallery-caption\" itemprop=\"caption description\"> BARREAL \/ Promenade autour de la Plaza de Armas. Chaque village\/ville marque son centre avec une grande Plaza de Armas o\u00f9 nous trouvons de quoi faire courir les enfants et nous connecter \u00e0 internet \ud83d\ude09 <\/div> <\/div> <\/div> <!-- close group --> <\/div> <!-- close row --> <div class=\"gallery-row\" style=\"width: 768px; height: 343px;\" data-original-width=\"768\" data-original-height=\"343\" > <div class=\"gallery-group images-1\" style=\"width: 513px; height: 343px;\" data-original-width=\"513\" data-original-height=\"343\" > <div class=\"tiled-gallery-item tiled-gallery-item-large\" itemprop=\"associatedMedia\" itemscope itemtype=\"http:\/\/schema.org\/ImageObject\"> <a href=\"http:\/\/songkol.com\/WordPress3\/calingasta07\/\" border=\"0\" itemprop=\"url\"> <meta itemprop=\"width\" content=\"509\"> <meta itemprop=\"height\" content=\"339\"> <img data-attachment-id=\"1918\" data-orig-file=\"http:\/\/songkol.com\/WordPress3\/wp-content\/uploads\/2014\/04\/calingasta07.jpg\" data-orig-size=\"1024,683\" data-comments-opened=\"1\" data-image-meta=\"{&quot;aperture&quot;:&quot;5.6&quot;,&quot;credit&quot;:&quot;&quot;,&quot;camera&quot;:&quot;Canon EOS 5D&quot;,&quot;caption&quot;:&quot;&quot;,&quot;created_timestamp&quot;:&quot;1398083597&quot;,&quot;copyright&quot;:&quot;&quot;,&quot;focal_length&quot;:&quot;17&quot;,&quot;iso&quot;:&quot;800&quot;,&quot;shutter_speed&quot;:&quot;0.016666666666667&quot;,&quot;title&quot;:&quot;&quot;}\" data-image-title=\"BARREAL \/ L&amp;rsquo;une des panaderias (boulangerie) du village. Au choix \u00ab\u00a0pan blanco\u00a0\u00bb, \u00ab\u00a0pan integral\u00a0\u00bb, et puis toute une s\u00e9rie de p\u00e2tisseries assez sucr\u00e9es\u2026\" data-image-description=\"\" data-medium-file=\"https:\/\/i0.wp.com\/songkol.com\/WordPress3\/wp-content\/uploads\/2014\/04\/calingasta07.jpg?fit=300%2C200\" data-large-file=\"https:\/\/i0.wp.com\/songkol.com\/WordPress3\/wp-content\/uploads\/2014\/04\/calingasta07.jpg?fit=768%2C512\" src=\"https:\/\/i0.wp.com\/songkol.com\/WordPress3\/wp-content\/uploads\/2014\/04\/calingasta07.jpg?w=509&#038;h=339\" width=\"509\" height=\"339\" data-original-width=\"509\" data-original-height=\"339\" itemprop=\"http:\/\/schema.org\/image\" title=\"BARREAL \/ L&#039;une des panaderias (boulangerie) du village. Au choix &quot;pan blanco&quot;, &quot;pan integral&quot;, et puis toute une s\u00e9rie de p\u00e2tisseries assez sucr\u00e9es\u2026\" alt=\"BARREAL \/ L&#039;une des panaderias (boulangerie) du village. Au choix &quot;pan blanco&quot;, &quot;pan integral&quot;, et puis toute une s\u00e9rie de p\u00e2tisseries assez sucr\u00e9es\u2026\" style=\"width: 509px; height: 339px;\" \/> <\/a> <div class=\"tiled-gallery-caption\" itemprop=\"caption description\"> BARREAL \/ L&rsquo;une des panaderias (boulangerie) du village. Au choix \u00ab\u00a0pan blanco\u00a0\u00bb, \u00ab\u00a0pan integral\u00a0\u00bb, et puis toute une s\u00e9rie de p\u00e2tisseries assez sucr\u00e9es\u2026 <\/div> <\/div> <\/div> <!-- close group --> <div class=\"gallery-group images-2\" style=\"width: 255px; height: 343px;\" data-original-width=\"255\" data-original-height=\"343\" > <div class=\"tiled-gallery-item tiled-gallery-item-large\" itemprop=\"associatedMedia\" itemscope itemtype=\"http:\/\/schema.org\/ImageObject\"> <a href=\"http:\/\/songkol.com\/WordPress3\/calingasta08\/\" border=\"0\" itemprop=\"url\"> <meta itemprop=\"width\" content=\"251\"> <meta itemprop=\"height\" content=\"167\"> <img data-attachment-id=\"1919\" data-orig-file=\"http:\/\/songkol.com\/WordPress3\/wp-content\/uploads\/2014\/04\/calingasta08.jpg\" data-orig-size=\"1024,683\" data-comments-opened=\"1\" data-image-meta=\"{&quot;aperture&quot;:&quot;14&quot;,&quot;credit&quot;:&quot;&quot;,&quot;camera&quot;:&quot;Canon EOS 5D&quot;,&quot;caption&quot;:&quot;&quot;,&quot;created_timestamp&quot;:&quot;1398084773&quot;,&quot;copyright&quot;:&quot;&quot;,&quot;focal_length&quot;:&quot;17&quot;,&quot;iso&quot;:&quot;400&quot;,&quot;shutter_speed&quot;:&quot;0.0025&quot;,&quot;title&quot;:&quot;&quot;}\" data-image-title=\"BARREAL \/ Une vieille jeep dans la rue principale du village. Beaucoup de vieux pick-up Peugeot aussi\" data-image-description=\"\" data-medium-file=\"https:\/\/i0.wp.com\/songkol.com\/WordPress3\/wp-content\/uploads\/2014\/04\/calingasta08.jpg?fit=300%2C200\" data-large-file=\"https:\/\/i0.wp.com\/songkol.com\/WordPress3\/wp-content\/uploads\/2014\/04\/calingasta08.jpg?fit=768%2C512\" src=\"https:\/\/i0.wp.com\/songkol.com\/WordPress3\/wp-content\/uploads\/2014\/04\/calingasta08.jpg?w=251&#038;h=167\" width=\"251\" height=\"167\" data-original-width=\"251\" data-original-height=\"167\" itemprop=\"http:\/\/schema.org\/image\" title=\"BARREAL \/ Une vieille jeep dans la rue principale du village. Beaucoup de vieux pick-up Peugeot aussi\" alt=\"BARREAL \/ Une vieille jeep dans la rue principale du village. Beaucoup de vieux pick-up Peugeot aussi\" style=\"width: 251px; height: 167px;\" \/> <\/a> <div class=\"tiled-gallery-caption\" itemprop=\"caption description\"> BARREAL \/ Une vieille jeep dans la rue principale du village. Beaucoup de vieux pick-up Peugeot aussi <\/div> <\/div> <div class=\"tiled-gallery-item tiled-gallery-item-large\" itemprop=\"associatedMedia\" itemscope itemtype=\"http:\/\/schema.org\/ImageObject\"> <a href=\"http:\/\/songkol.com\/WordPress3\/calingasta09\/\" border=\"0\" itemprop=\"url\"> <meta itemprop=\"width\" content=\"251\"> <meta itemprop=\"height\" content=\"168\"> <img data-attachment-id=\"1920\" data-orig-file=\"http:\/\/songkol.com\/WordPress3\/wp-content\/uploads\/2014\/04\/calingasta09.jpg\" data-orig-size=\"1024,683\" data-comments-opened=\"1\" data-image-meta=\"{&quot;aperture&quot;:&quot;14&quot;,&quot;credit&quot;:&quot;&quot;,&quot;camera&quot;:&quot;Canon EOS 5D&quot;,&quot;caption&quot;:&quot;&quot;,&quot;created_timestamp&quot;:&quot;1398092951&quot;,&quot;copyright&quot;:&quot;&quot;,&quot;focal_length&quot;:&quot;40&quot;,&quot;iso&quot;:&quot;400&quot;,&quot;shutter_speed&quot;:&quot;0.0025&quot;,&quot;title&quot;:&quot;&quot;}\" data-image-title=\"BARREAL\" data-image-description=\"\" data-medium-file=\"https:\/\/i0.wp.com\/songkol.com\/WordPress3\/wp-content\/uploads\/2014\/04\/calingasta09.jpg?fit=300%2C200\" data-large-file=\"https:\/\/i0.wp.com\/songkol.com\/WordPress3\/wp-content\/uploads\/2014\/04\/calingasta09.jpg?fit=768%2C512\" src=\"https:\/\/i0.wp.com\/songkol.com\/WordPress3\/wp-content\/uploads\/2014\/04\/calingasta09.jpg?w=251&#038;h=168\" width=\"251\" height=\"168\" data-original-width=\"251\" data-original-height=\"168\" itemprop=\"http:\/\/schema.org\/image\" title=\"BARREAL\" alt=\"BARREAL\" style=\"width: 251px; height: 168px;\" \/> <\/a> <div class=\"tiled-gallery-caption\" itemprop=\"caption description\"> BARREAL <\/div> <\/div> <\/div> <!-- close group --> <\/div> <!-- close row --> <div class=\"gallery-row\" style=\"width: 768px; height: 172px;\" data-original-width=\"768\" data-original-height=\"172\" > <div class=\"gallery-group images-1\" style=\"width: 256px; height: 172px;\" data-original-width=\"256\" data-original-height=\"172\" > <div class=\"tiled-gallery-item tiled-gallery-item-large\" itemprop=\"associatedMedia\" itemscope itemtype=\"http:\/\/schema.org\/ImageObject\"> <a href=\"http:\/\/songkol.com\/WordPress3\/calingasta10\/\" border=\"0\" itemprop=\"url\"> <meta itemprop=\"width\" content=\"252\"> <meta itemprop=\"height\" content=\"168\"> <img data-attachment-id=\"1922\" data-orig-file=\"http:\/\/songkol.com\/WordPress3\/wp-content\/uploads\/2014\/04\/calingasta10.jpg\" data-orig-size=\"1024,683\" data-comments-opened=\"1\" data-image-meta=\"{&quot;aperture&quot;:&quot;14&quot;,&quot;credit&quot;:&quot;&quot;,&quot;camera&quot;:&quot;Canon EOS 5D&quot;,&quot;caption&quot;:&quot;&quot;,&quot;created_timestamp&quot;:&quot;1398104810&quot;,&quot;copyright&quot;:&quot;&quot;,&quot;focal_length&quot;:&quot;17&quot;,&quot;iso&quot;:&quot;400&quot;,&quot;shutter_speed&quot;:&quot;0.0025&quot;,&quot;title&quot;:&quot;&quot;}\" data-image-title=\"BARREAL \/ Pampa de Leoncito (lac ass\u00e9ch\u00e9) : rencontre avec Lorenzo, un motard italien en balade depuis un mois en Argentine.\" data-image-description=\"\" data-medium-file=\"https:\/\/i0.wp.com\/songkol.com\/WordPress3\/wp-content\/uploads\/2014\/04\/calingasta10.jpg?fit=300%2C200\" data-large-file=\"https:\/\/i0.wp.com\/songkol.com\/WordPress3\/wp-content\/uploads\/2014\/04\/calingasta10.jpg?fit=768%2C512\" src=\"https:\/\/i0.wp.com\/songkol.com\/WordPress3\/wp-content\/uploads\/2014\/04\/calingasta10.jpg?w=252&#038;h=168\" width=\"252\" height=\"168\" data-original-width=\"252\" data-original-height=\"168\" itemprop=\"http:\/\/schema.org\/image\" title=\"BARREAL \/ Pampa de Leoncito (lac ass\u00e9ch\u00e9) : rencontre avec Lorenzo, un motard italien en balade depuis un mois en Argentine.\" alt=\"BARREAL \/ Pampa de Leoncito (lac ass\u00e9ch\u00e9) : rencontre avec Lorenzo, un motard italien en balade depuis un mois en Argentine.\" style=\"width: 252px; height: 168px;\" \/> <\/a> <div class=\"tiled-gallery-caption\" itemprop=\"caption description\"> BARREAL \/ Pampa de Leoncito (lac ass\u00e9ch\u00e9) : rencontre avec Lorenzo, un motard italien en balade depuis un mois en Argentine. <\/div> <\/div> <\/div> <!-- close group --> <div class=\"gallery-group images-1\" style=\"width: 256px; height: 172px;\" data-original-width=\"256\" data-original-height=\"172\" > <div class=\"tiled-gallery-item tiled-gallery-item-large\" itemprop=\"associatedMedia\" itemscope itemtype=\"http:\/\/schema.org\/ImageObject\"> <a href=\"http:\/\/songkol.com\/WordPress3\/calingasta11\/\" border=\"0\" itemprop=\"url\"> <meta itemprop=\"width\" content=\"252\"> <meta itemprop=\"height\" content=\"168\"> <img data-attachment-id=\"1923\" data-orig-file=\"http:\/\/songkol.com\/WordPress3\/wp-content\/uploads\/2014\/04\/calingasta11.jpg\" data-orig-size=\"1024,683\" data-comments-opened=\"1\" data-image-meta=\"{&quot;aperture&quot;:&quot;14&quot;,&quot;credit&quot;:&quot;&quot;,&quot;camera&quot;:&quot;Canon EOS 5D&quot;,&quot;caption&quot;:&quot;&quot;,&quot;created_timestamp&quot;:&quot;1398104922&quot;,&quot;copyright&quot;:&quot;&quot;,&quot;focal_length&quot;:&quot;17&quot;,&quot;iso&quot;:&quot;400&quot;,&quot;shutter_speed&quot;:&quot;0.0025&quot;,&quot;title&quot;:&quot;&quot;}\" data-image-title=\"Barreal \/ Pampa de Leoncito (lac ass\u00e9ch\u00e9) : il \u00e9tait pr\u00e9vu de tirer des bords avec un char \u00e0 voile mais le vent n&amp;rsquo;\u00e9tait pas au rendez-vous\u2026\" data-image-description=\"\" data-medium-file=\"https:\/\/i0.wp.com\/songkol.com\/WordPress3\/wp-content\/uploads\/2014\/04\/calingasta11.jpg?fit=300%2C200\" data-large-file=\"https:\/\/i0.wp.com\/songkol.com\/WordPress3\/wp-content\/uploads\/2014\/04\/calingasta11.jpg?fit=768%2C512\" src=\"https:\/\/i0.wp.com\/songkol.com\/WordPress3\/wp-content\/uploads\/2014\/04\/calingasta11.jpg?w=252&#038;h=168\" width=\"252\" height=\"168\" data-original-width=\"252\" data-original-height=\"168\" itemprop=\"http:\/\/schema.org\/image\" title=\"Barreal \/ Pampa de Leoncito (lac ass\u00e9ch\u00e9) : il \u00e9tait pr\u00e9vu de tirer des bords avec un char \u00e0 voile mais le vent n&#039;\u00e9tait pas au rendez-vous\u2026\" alt=\"Barreal \/ Pampa de Leoncito (lac ass\u00e9ch\u00e9) : il \u00e9tait pr\u00e9vu de tirer des bords avec un char \u00e0 voile mais le vent n&#039;\u00e9tait pas au rendez-vous\u2026\" style=\"width: 252px; height: 168px;\" \/> <\/a> <div class=\"tiled-gallery-caption\" itemprop=\"caption description\"> Barreal \/ Pampa de Leoncito (lac ass\u00e9ch\u00e9) : il \u00e9tait pr\u00e9vu de tirer des bords avec un char \u00e0 voile mais le vent n&rsquo;\u00e9tait pas au rendez-vous\u2026 <\/div> <\/div> <\/div> <!-- close group --> <div class=\"gallery-group images-1\" style=\"width: 256px; height: 172px;\" data-original-width=\"256\" data-original-height=\"172\" > <div class=\"tiled-gallery-item tiled-gallery-item-large\" itemprop=\"associatedMedia\" itemscope itemtype=\"http:\/\/schema.org\/ImageObject\"> <a href=\"http:\/\/songkol.com\/WordPress3\/calingasta12\/\" border=\"0\" itemprop=\"url\"> <meta itemprop=\"width\" content=\"252\"> <meta itemprop=\"height\" content=\"168\"> <img data-attachment-id=\"1924\" data-orig-file=\"http:\/\/songkol.com\/WordPress3\/wp-content\/uploads\/2014\/04\/calingasta12.jpg\" data-orig-size=\"1024,683\" data-comments-opened=\"1\" data-image-meta=\"{&quot;aperture&quot;:&quot;14&quot;,&quot;credit&quot;:&quot;&quot;,&quot;camera&quot;:&quot;Canon EOS 5D&quot;,&quot;caption&quot;:&quot;&quot;,&quot;created_timestamp&quot;:&quot;1398105828&quot;,&quot;copyright&quot;:&quot;&quot;,&quot;focal_length&quot;:&quot;17&quot;,&quot;iso&quot;:&quot;400&quot;,&quot;shutter_speed&quot;:&quot;0.0025&quot;,&quot;title&quot;:&quot;&quot;}\" data-image-title=\"BARREAL \/ Lac ass\u00e9ch\u00e9 \u00e0 proximit\u00e9 du PN Leoncito\" data-image-description=\"\" data-medium-file=\"https:\/\/i0.wp.com\/songkol.com\/WordPress3\/wp-content\/uploads\/2014\/04\/calingasta12.jpg?fit=300%2C200\" data-large-file=\"https:\/\/i0.wp.com\/songkol.com\/WordPress3\/wp-content\/uploads\/2014\/04\/calingasta12.jpg?fit=768%2C512\" src=\"https:\/\/i0.wp.com\/songkol.com\/WordPress3\/wp-content\/uploads\/2014\/04\/calingasta12.jpg?w=252&#038;h=168\" width=\"252\" height=\"168\" data-original-width=\"252\" data-original-height=\"168\" itemprop=\"http:\/\/schema.org\/image\" title=\"BARREAL \/ Lac ass\u00e9ch\u00e9 \u00e0 proximit\u00e9 du PN Leoncito\" alt=\"BARREAL \/ Lac ass\u00e9ch\u00e9 \u00e0 proximit\u00e9 du PN Leoncito\" style=\"width: 252px; height: 168px;\" \/> <\/a> <div class=\"tiled-gallery-caption\" itemprop=\"caption description\"> BARREAL \/ Lac ass\u00e9ch\u00e9 \u00e0 proximit\u00e9 du PN Leoncito <\/div> <\/div> <\/div> <!-- close group --> <\/div> <!-- close row --> <div class=\"gallery-row\" style=\"width: 768px; height: 350px;\" data-original-width=\"768\" data-original-height=\"350\" > <div class=\"gallery-group images-2\" style=\"width: 245px; height: 350px;\" data-original-width=\"245\" data-original-height=\"350\" > <div class=\"tiled-gallery-item tiled-gallery-item-small\" itemprop=\"associatedMedia\" itemscope itemtype=\"http:\/\/schema.org\/ImageObject\"> <a href=\"http:\/\/songkol.com\/WordPress3\/calingasta13\/\" border=\"0\" itemprop=\"url\"> <meta itemprop=\"width\" content=\"241\"> <meta itemprop=\"height\" content=\"161\"> <img data-attachment-id=\"1925\" data-orig-file=\"http:\/\/songkol.com\/WordPress3\/wp-content\/uploads\/2014\/04\/calingasta13.jpg\" data-orig-size=\"1024,683\" data-comments-opened=\"1\" data-image-meta=\"{&quot;aperture&quot;:&quot;11&quot;,&quot;credit&quot;:&quot;&quot;,&quot;camera&quot;:&quot;Canon EOS 5D&quot;,&quot;caption&quot;:&quot;&quot;,&quot;created_timestamp&quot;:&quot;1398106201&quot;,&quot;copyright&quot;:&quot;&quot;,&quot;focal_length&quot;:&quot;17&quot;,&quot;iso&quot;:&quot;400&quot;,&quot;shutter_speed&quot;:&quot;0.004&quot;,&quot;title&quot;:&quot;&quot;}\" data-image-title=\"BARREAL \/ Pampa de Leoncito (lac ass\u00e9ch\u00e9) : et on va o\u00f9 maintenant ?\" data-image-description=\"\" data-medium-file=\"https:\/\/i0.wp.com\/songkol.com\/WordPress3\/wp-content\/uploads\/2014\/04\/calingasta13.jpg?fit=300%2C200\" data-large-file=\"https:\/\/i0.wp.com\/songkol.com\/WordPress3\/wp-content\/uploads\/2014\/04\/calingasta13.jpg?fit=768%2C512\" src=\"https:\/\/i0.wp.com\/songkol.com\/WordPress3\/wp-content\/uploads\/2014\/04\/calingasta13.jpg?w=241&#038;h=161\" width=\"241\" height=\"161\" data-original-width=\"241\" data-original-height=\"161\" itemprop=\"http:\/\/schema.org\/image\" title=\"BARREAL \/ Pampa de Leoncito (lac ass\u00e9ch\u00e9) : et on va o\u00f9 maintenant ?\" alt=\"BARREAL \/ Pampa de Leoncito (lac ass\u00e9ch\u00e9) : et on va o\u00f9 maintenant ?\" style=\"width: 241px; height: 161px;\" \/> <\/a> <div class=\"tiled-gallery-caption\" itemprop=\"caption description\"> BARREAL \/ Pampa de Leoncito (lac ass\u00e9ch\u00e9) : et on va o\u00f9 maintenant ? <\/div> <\/div> <div class=\"tiled-gallery-item tiled-gallery-item-small\" itemprop=\"associatedMedia\" itemscope itemtype=\"http:\/\/schema.org\/ImageObject\"> <a href=\"http:\/\/songkol.com\/WordPress3\/blog\/2014\/04\/23\/la-vallee-de-calingasta-cest-par-la\/vallee_calingasta09\/\" border=\"0\" itemprop=\"url\"> <meta itemprop=\"width\" content=\"241\"> <meta itemprop=\"height\" content=\"181\"> <img data-attachment-id=\"1866\" data-orig-file=\"http:\/\/songkol.com\/WordPress3\/wp-content\/uploads\/2014\/04\/vallee_calingasta09.jpg\" data-orig-size=\"1280,960\" data-comments-opened=\"1\" data-image-meta=\"{&quot;aperture&quot;:&quot;3.5&quot;,&quot;credit&quot;:&quot;&quot;,&quot;camera&quot;:&quot;DSC-HX50V&quot;,&quot;caption&quot;:&quot;&quot;,&quot;created_timestamp&quot;:&quot;1398101217&quot;,&quot;copyright&quot;:&quot;&quot;,&quot;focal_length&quot;:&quot;4.3&quot;,&quot;iso&quot;:&quot;80&quot;,&quot;shutter_speed&quot;:&quot;0.003125&quot;,&quot;title&quot;:&quot;&quot;}\" data-image-title=\"BARREAL \/ Pampa de Leoncito\" data-image-description=\"\" data-medium-file=\"https:\/\/i0.wp.com\/songkol.com\/WordPress3\/wp-content\/uploads\/2014\/04\/vallee_calingasta09.jpg?fit=300%2C225\" data-large-file=\"https:\/\/i0.wp.com\/songkol.com\/WordPress3\/wp-content\/uploads\/2014\/04\/vallee_calingasta09.jpg?fit=768%2C576\" src=\"https:\/\/i0.wp.com\/songkol.com\/WordPress3\/wp-content\/uploads\/2014\/04\/vallee_calingasta09.jpg?w=241&#038;h=181\" width=\"241\" height=\"181\" data-original-width=\"241\" data-original-height=\"181\" itemprop=\"http:\/\/schema.org\/image\" title=\"BARREAL \/ Pampa de Leoncito\" alt=\"Premi\u00e8re le\u00e7on de conduite pour Anna sur un lac ass\u00e9ch\u00e9\" style=\"width: 241px; height: 181px;\" \/> <\/a> <div class=\"tiled-gallery-caption\" itemprop=\"caption description\"> Premi\u00e8re le\u00e7on de conduite pour Anna sur un lac ass\u00e9ch\u00e9 <\/div> <\/div> <\/div> <!-- close group --> <div class=\"gallery-group images-1\" style=\"width: 523px; height: 350px;\" data-original-width=\"523\" data-original-height=\"350\" > <div class=\"tiled-gallery-item tiled-gallery-item-large\" itemprop=\"associatedMedia\" itemscope itemtype=\"http:\/\/schema.org\/ImageObject\"> <a href=\"http:\/\/songkol.com\/WordPress3\/calingasta14\/\" border=\"0\" itemprop=\"url\"> <meta itemprop=\"width\" content=\"519\"> <meta itemprop=\"height\" content=\"346\"> <img data-attachment-id=\"1926\" data-orig-file=\"http:\/\/songkol.com\/WordPress3\/wp-content\/uploads\/2014\/04\/calingasta14.jpg\" data-orig-size=\"1024,683\" data-comments-opened=\"1\" data-image-meta=\"{&quot;aperture&quot;:&quot;14&quot;,&quot;credit&quot;:&quot;&quot;,&quot;camera&quot;:&quot;Canon EOS 5D&quot;,&quot;caption&quot;:&quot;&quot;,&quot;created_timestamp&quot;:&quot;1398159949&quot;,&quot;copyright&quot;:&quot;&quot;,&quot;focal_length&quot;:&quot;17&quot;,&quot;iso&quot;:&quot;400&quot;,&quot;shutter_speed&quot;:&quot;0.0025&quot;,&quot;title&quot;:&quot;&quot;}\" data-image-title=\"BARREAL \/ PN Leoncito : ballade dans les collines du parc\" data-image-description=\"\" data-medium-file=\"https:\/\/i0.wp.com\/songkol.com\/WordPress3\/wp-content\/uploads\/2014\/04\/calingasta14.jpg?fit=300%2C200\" data-large-file=\"https:\/\/i0.wp.com\/songkol.com\/WordPress3\/wp-content\/uploads\/2014\/04\/calingasta14.jpg?fit=768%2C512\" src=\"https:\/\/i0.wp.com\/songkol.com\/WordPress3\/wp-content\/uploads\/2014\/04\/calingasta14.jpg?w=519&#038;h=346\" width=\"519\" height=\"346\" data-original-width=\"519\" data-original-height=\"346\" itemprop=\"http:\/\/schema.org\/image\" title=\"BARREAL \/ PN Leoncito : ballade dans les collines du parc\" alt=\"BARREAL \/ PN Leoncito : ballade dans les collines du parc\" style=\"width: 519px; height: 346px;\" \/> <\/a> <div class=\"tiled-gallery-caption\" itemprop=\"caption description\"> BARREAL \/ PN Leoncito : ballade dans les collines du parc <\/div> <\/div> <\/div> <!-- close group --> <\/div> <!-- close row --> <div class=\"gallery-row\" style=\"width: 768px; height: 355px;\" data-original-width=\"768\" data-original-height=\"355\" > <div class=\"gallery-group images-1\" style=\"width: 530px; height: 355px;\" data-original-width=\"530\" data-original-height=\"355\" > <div class=\"tiled-gallery-item tiled-gallery-item-large\" itemprop=\"associatedMedia\" itemscope itemtype=\"http:\/\/schema.org\/ImageObject\"> <a href=\"http:\/\/songkol.com\/WordPress3\/calingasta15\/\" border=\"0\" itemprop=\"url\"> <meta itemprop=\"width\" content=\"526\"> <meta itemprop=\"height\" content=\"351\"> <img data-attachment-id=\"1927\" data-orig-file=\"http:\/\/songkol.com\/WordPress3\/wp-content\/uploads\/2014\/04\/calingasta15.jpg\" data-orig-size=\"1024,683\" data-comments-opened=\"1\" data-image-meta=\"{&quot;aperture&quot;:&quot;16&quot;,&quot;credit&quot;:&quot;&quot;,&quot;camera&quot;:&quot;Canon EOS 5D&quot;,&quot;caption&quot;:&quot;&quot;,&quot;created_timestamp&quot;:&quot;1398160296&quot;,&quot;copyright&quot;:&quot;&quot;,&quot;focal_length&quot;:&quot;17&quot;,&quot;iso&quot;:&quot;400&quot;,&quot;shutter_speed&quot;:&quot;0.002&quot;,&quot;title&quot;:&quot;&quot;}\" data-image-title=\"BARREAL \/ PN Leoncito : ballade dans les collines du parc\" data-image-description=\"\" data-medium-file=\"https:\/\/i0.wp.com\/songkol.com\/WordPress3\/wp-content\/uploads\/2014\/04\/calingasta15.jpg?fit=300%2C200\" data-large-file=\"https:\/\/i0.wp.com\/songkol.com\/WordPress3\/wp-content\/uploads\/2014\/04\/calingasta15.jpg?fit=768%2C512\" src=\"https:\/\/i0.wp.com\/songkol.com\/WordPress3\/wp-content\/uploads\/2014\/04\/calingasta15.jpg?w=526&#038;h=351\" width=\"526\" height=\"351\" data-original-width=\"526\" data-original-height=\"351\" itemprop=\"http:\/\/schema.org\/image\" title=\"BARREAL \/ PN Leoncito : ballade dans les collines du parc\" alt=\"BARREAL \/ PN Leoncito : ballade dans les collines du parc\" style=\"width: 526px; height: 351px;\" \/> <\/a> <div class=\"tiled-gallery-caption\" itemprop=\"caption description\"> BARREAL \/ PN Leoncito : ballade dans les collines du parc <\/div> <\/div> <\/div> <!-- close group --> <div class=\"gallery-group images-1\" style=\"width: 238px; height: 355px;\" data-original-width=\"238\" data-original-height=\"355\" > <div class=\"tiled-gallery-item tiled-gallery-item-small\" itemprop=\"associatedMedia\" itemscope itemtype=\"http:\/\/schema.org\/ImageObject\"> <a href=\"http:\/\/songkol.com\/WordPress3\/calingasta16\/\" border=\"0\" itemprop=\"url\"> <meta itemprop=\"width\" content=\"234\"> <meta itemprop=\"height\" content=\"351\"> <img data-attachment-id=\"1928\" data-orig-file=\"http:\/\/songkol.com\/WordPress3\/wp-content\/uploads\/2014\/04\/calingasta16.jpg\" data-orig-size=\"683,1024\" data-comments-opened=\"1\" data-image-meta=\"{&quot;aperture&quot;:&quot;16&quot;,&quot;credit&quot;:&quot;&quot;,&quot;camera&quot;:&quot;Canon EOS 5D&quot;,&quot;caption&quot;:&quot;&quot;,&quot;created_timestamp&quot;:&quot;1398160488&quot;,&quot;copyright&quot;:&quot;&quot;,&quot;focal_length&quot;:&quot;17&quot;,&quot;iso&quot;:&quot;400&quot;,&quot;shutter_speed&quot;:&quot;0.002&quot;,&quot;title&quot;:&quot;&quot;}\" data-image-title=\"BARREAL \/ PN Leoncito : ballade dans les collines du parc\" data-image-description=\"\" data-medium-file=\"https:\/\/i0.wp.com\/songkol.com\/WordPress3\/wp-content\/uploads\/2014\/04\/calingasta16.jpg?fit=200%2C300\" data-large-file=\"https:\/\/i0.wp.com\/songkol.com\/WordPress3\/wp-content\/uploads\/2014\/04\/calingasta16.jpg?fit=683%2C1024\" src=\"https:\/\/i0.wp.com\/songkol.com\/WordPress3\/wp-content\/uploads\/2014\/04\/calingasta16.jpg?w=234&#038;h=351\" width=\"234\" height=\"351\" data-original-width=\"234\" data-original-height=\"351\" itemprop=\"http:\/\/schema.org\/image\" title=\"BARREAL \/ PN Leoncito : ballade dans les collines du parc\" alt=\"BARREAL \/ PN Leoncito : ballade dans les collines du parc\" style=\"width: 234px; height: 351px;\" \/> <\/a> <div class=\"tiled-gallery-caption\" itemprop=\"caption description\"> BARREAL \/ PN Leoncito : ballade dans les collines du parc <\/div> <\/div> <\/div> <!-- close group --> <\/div> <!-- close row --> <div class=\"gallery-row\" style=\"width: 768px; height: 355px;\" data-original-width=\"768\" data-original-height=\"355\" > <div class=\"gallery-group images-1\" style=\"width: 530px; height: 355px;\" data-original-width=\"530\" data-original-height=\"355\" > <div class=\"tiled-gallery-item tiled-gallery-item-large\" itemprop=\"associatedMedia\" itemscope itemtype=\"http:\/\/schema.org\/ImageObject\"> <a href=\"http:\/\/songkol.com\/WordPress3\/calingasta17\/\" border=\"0\" itemprop=\"url\"> <meta itemprop=\"width\" content=\"526\"> <meta itemprop=\"height\" content=\"351\"> <img data-attachment-id=\"1929\" data-orig-file=\"http:\/\/songkol.com\/WordPress3\/wp-content\/uploads\/2014\/04\/calingasta17.jpg\" data-orig-size=\"1024,683\" data-comments-opened=\"1\" data-image-meta=\"{&quot;aperture&quot;:&quot;14&quot;,&quot;credit&quot;:&quot;&quot;,&quot;camera&quot;:&quot;Canon EOS 5D&quot;,&quot;caption&quot;:&quot;&quot;,&quot;created_timestamp&quot;:&quot;1398160631&quot;,&quot;copyright&quot;:&quot;&quot;,&quot;focal_length&quot;:&quot;17&quot;,&quot;iso&quot;:&quot;400&quot;,&quot;shutter_speed&quot;:&quot;0.0025&quot;,&quot;title&quot;:&quot;&quot;}\" data-image-title=\"BARREAL \/ PN Leoncito : ballade dans les collines du parc\" data-image-description=\"\" data-medium-file=\"https:\/\/i0.wp.com\/songkol.com\/WordPress3\/wp-content\/uploads\/2014\/04\/calingasta17.jpg?fit=300%2C200\" data-large-file=\"https:\/\/i0.wp.com\/songkol.com\/WordPress3\/wp-content\/uploads\/2014\/04\/calingasta17.jpg?fit=768%2C512\" src=\"https:\/\/i0.wp.com\/songkol.com\/WordPress3\/wp-content\/uploads\/2014\/04\/calingasta17.jpg?w=526&#038;h=351\" width=\"526\" height=\"351\" data-original-width=\"526\" data-original-height=\"351\" itemprop=\"http:\/\/schema.org\/image\" title=\"BARREAL \/ PN Leoncito : ballade dans les collines du parc\" alt=\"BARREAL \/ PN Leoncito : ballade dans les collines du parc\" style=\"width: 526px; height: 351px;\" \/> <\/a> <div class=\"tiled-gallery-caption\" itemprop=\"caption description\"> BARREAL \/ PN Leoncito : ballade dans les collines du parc <\/div> <\/div> <\/div> <!-- close group --> <div class=\"gallery-group images-1\" style=\"width: 238px; height: 355px;\" data-original-width=\"238\" data-original-height=\"355\" > <div class=\"tiled-gallery-item tiled-gallery-item-small\" itemprop=\"associatedMedia\" itemscope itemtype=\"http:\/\/schema.org\/ImageObject\"> <a href=\"http:\/\/songkol.com\/WordPress3\/calingasta18\/\" border=\"0\" itemprop=\"url\"> <meta itemprop=\"width\" content=\"234\"> <meta itemprop=\"height\" content=\"351\"> <img data-attachment-id=\"1930\" data-orig-file=\"http:\/\/songkol.com\/WordPress3\/wp-content\/uploads\/2014\/04\/calingasta18.jpg\" data-orig-size=\"683,1024\" data-comments-opened=\"1\" data-image-meta=\"{&quot;aperture&quot;:&quot;11&quot;,&quot;credit&quot;:&quot;&quot;,&quot;camera&quot;:&quot;Canon EOS 5D&quot;,&quot;caption&quot;:&quot;&quot;,&quot;created_timestamp&quot;:&quot;1398162508&quot;,&quot;copyright&quot;:&quot;&quot;,&quot;focal_length&quot;:&quot;17&quot;,&quot;iso&quot;:&quot;400&quot;,&quot;shutter_speed&quot;:&quot;0.004&quot;,&quot;title&quot;:&quot;&quot;}\" data-image-title=\"BARREAL \/ PN Leoncito : ballade dans les collines du parc\" data-image-description=\"\" data-medium-file=\"https:\/\/i0.wp.com\/songkol.com\/WordPress3\/wp-content\/uploads\/2014\/04\/calingasta18.jpg?fit=200%2C300\" data-large-file=\"https:\/\/i0.wp.com\/songkol.com\/WordPress3\/wp-content\/uploads\/2014\/04\/calingasta18.jpg?fit=683%2C1024\" src=\"https:\/\/i0.wp.com\/songkol.com\/WordPress3\/wp-content\/uploads\/2014\/04\/calingasta18.jpg?w=234&#038;h=351\" width=\"234\" height=\"351\" data-original-width=\"234\" data-original-height=\"351\" itemprop=\"http:\/\/schema.org\/image\" title=\"BARREAL \/ PN Leoncito : ballade dans les collines du parc\" alt=\"BARREAL \/ PN Leoncito : ballade dans les collines du parc\" style=\"width: 234px; height: 351px;\" \/> <\/a> <div class=\"tiled-gallery-caption\" itemprop=\"caption description\"> BARREAL \/ PN Leoncito : ballade dans les collines du parc <\/div> <\/div> <\/div> <!-- close group --> <\/div> <!-- close row --> <div class=\"gallery-row\" style=\"width: 768px; height: 597px;\" data-original-width=\"768\" data-original-height=\"597\" > <div class=\"gallery-group images-3\" style=\"width: 320px; height: 597px;\" data-original-width=\"320\" data-original-height=\"597\" > <div class=\"tiled-gallery-item tiled-gallery-item-large\" itemprop=\"associatedMedia\" itemscope itemtype=\"http:\/\/schema.org\/ImageObject\"> <a href=\"http:\/\/songkol.com\/WordPress3\/blog\/2014\/04\/23\/la-vallee-de-calingasta-cest-par-la\/vallee_calingasta10\/\" border=\"0\" itemprop=\"url\"> <meta itemprop=\"width\" content=\"316\"> <meta itemprop=\"height\" content=\"177\"> <img data-attachment-id=\"1865\" data-orig-file=\"http:\/\/songkol.com\/WordPress3\/wp-content\/uploads\/2014\/04\/vallee_calingasta10.jpg\" data-orig-size=\"1280,718\" data-comments-opened=\"1\" data-image-meta=\"{&quot;aperture&quot;:&quot;3.5&quot;,&quot;credit&quot;:&quot;&quot;,&quot;camera&quot;:&quot;DSC-HX50V&quot;,&quot;caption&quot;:&quot;&quot;,&quot;created_timestamp&quot;:&quot;1398159063&quot;,&quot;copyright&quot;:&quot;&quot;,&quot;focal_length&quot;:&quot;4.3&quot;,&quot;iso&quot;:&quot;80&quot;,&quot;shutter_speed&quot;:&quot;0.0008&quot;,&quot;title&quot;:&quot;&quot;}\" data-image-title=\"BARREAL \/ Bivouac dans le PN Leoncito\" data-image-description=\"\" data-medium-file=\"https:\/\/i0.wp.com\/songkol.com\/WordPress3\/wp-content\/uploads\/2014\/04\/vallee_calingasta10.jpg?fit=300%2C168\" data-large-file=\"https:\/\/i0.wp.com\/songkol.com\/WordPress3\/wp-content\/uploads\/2014\/04\/vallee_calingasta10.jpg?fit=768%2C431\" src=\"https:\/\/i0.wp.com\/songkol.com\/WordPress3\/wp-content\/uploads\/2014\/04\/vallee_calingasta10.jpg?w=316&#038;h=177\" width=\"316\" height=\"177\" data-original-width=\"316\" data-original-height=\"177\" itemprop=\"http:\/\/schema.org\/image\" title=\"BARREAL \/ Bivouac dans le PN Leoncito\" alt=\"BARREAL \/ Bivouac dans le PN Leoncito\" style=\"width: 316px; height: 177px;\" \/> <\/a> <div class=\"tiled-gallery-caption\" itemprop=\"caption description\"> BARREAL \/ Bivouac dans le PN Leoncito <\/div> <\/div> <div class=\"tiled-gallery-item tiled-gallery-item-large\" itemprop=\"associatedMedia\" itemscope itemtype=\"http:\/\/schema.org\/ImageObject\"> <a href=\"http:\/\/songkol.com\/WordPress3\/calingasta19\/\" border=\"0\" itemprop=\"url\"> <meta itemprop=\"width\" content=\"316\"> <meta itemprop=\"height\" content=\"211\"> <img data-attachment-id=\"1931\" data-orig-file=\"http:\/\/songkol.com\/WordPress3\/wp-content\/uploads\/2014\/04\/calingasta19.jpg\" data-orig-size=\"1024,683\" data-comments-opened=\"1\" data-image-meta=\"{&quot;aperture&quot;:&quot;14&quot;,&quot;credit&quot;:&quot;&quot;,&quot;camera&quot;:&quot;Canon EOS 5D&quot;,&quot;caption&quot;:&quot;&quot;,&quot;created_timestamp&quot;:&quot;1398164029&quot;,&quot;copyright&quot;:&quot;&quot;,&quot;focal_length&quot;:&quot;17&quot;,&quot;iso&quot;:&quot;400&quot;,&quot;shutter_speed&quot;:&quot;0.0025&quot;,&quot;title&quot;:&quot;&quot;}\" data-image-title=\"BARREAL \/ PN Leoncito : ballade dans les collines du parc\" data-image-description=\"\" data-medium-file=\"https:\/\/i0.wp.com\/songkol.com\/WordPress3\/wp-content\/uploads\/2014\/04\/calingasta19.jpg?fit=300%2C200\" data-large-file=\"https:\/\/i0.wp.com\/songkol.com\/WordPress3\/wp-content\/uploads\/2014\/04\/calingasta19.jpg?fit=768%2C512\" src=\"https:\/\/i0.wp.com\/songkol.com\/WordPress3\/wp-content\/uploads\/2014\/04\/calingasta19.jpg?w=316&#038;h=211\" width=\"316\" height=\"211\" data-original-width=\"316\" data-original-height=\"211\" itemprop=\"http:\/\/schema.org\/image\" title=\"BARREAL \/ PN Leoncito : ballade dans les collines du parc\" alt=\"BARREAL \/ PN Leoncito : ballade dans les collines du parc\" style=\"width: 316px; height: 211px;\" \/> <\/a> <div class=\"tiled-gallery-caption\" itemprop=\"caption description\"> BARREAL \/ PN Leoncito : ballade dans les collines du parc <\/div> <\/div> <div class=\"tiled-gallery-item tiled-gallery-item-large\" itemprop=\"associatedMedia\" itemscope itemtype=\"http:\/\/schema.org\/ImageObject\"> <a href=\"http:\/\/songkol.com\/WordPress3\/blog\/2014\/04\/23\/la-vallee-de-calingasta-cest-par-la\/vallee_calingasta12\/\" border=\"0\" itemprop=\"url\"> <meta itemprop=\"width\" content=\"316\"> <meta itemprop=\"height\" content=\"197\"> <img data-attachment-id=\"1863\" data-orig-file=\"http:\/\/songkol.com\/WordPress3\/wp-content\/uploads\/2014\/04\/vallee_calingasta12.jpg\" data-orig-size=\"1280,800\" data-comments-opened=\"1\" data-image-meta=\"{&quot;aperture&quot;:&quot;3.5&quot;,&quot;credit&quot;:&quot;&quot;,&quot;camera&quot;:&quot;DSC-HX50V&quot;,&quot;caption&quot;:&quot;&quot;,&quot;created_timestamp&quot;:&quot;1398187524&quot;,&quot;copyright&quot;:&quot;&quot;,&quot;focal_length&quot;:&quot;4.3&quot;,&quot;iso&quot;:&quot;80&quot;,&quot;shutter_speed&quot;:&quot;0.0008&quot;,&quot;title&quot;:&quot;&quot;}\" data-image-title=\"VALLE DE CALINGASTA\" data-image-description=\"\" data-medium-file=\"https:\/\/i0.wp.com\/songkol.com\/WordPress3\/wp-content\/uploads\/2014\/04\/vallee_calingasta12.jpg?fit=300%2C187\" data-large-file=\"https:\/\/i0.wp.com\/songkol.com\/WordPress3\/wp-content\/uploads\/2014\/04\/vallee_calingasta12.jpg?fit=768%2C480\" src=\"https:\/\/i0.wp.com\/songkol.com\/WordPress3\/wp-content\/uploads\/2014\/04\/vallee_calingasta12.jpg?w=316&#038;h=197\" width=\"316\" height=\"197\" data-original-width=\"316\" data-original-height=\"197\" itemprop=\"http:\/\/schema.org\/image\" title=\"VALLE DE CALINGASTA\" alt=\"VALLE DE CALINGASTA\" style=\"width: 316px; height: 197px;\" \/> <\/a> <div class=\"tiled-gallery-caption\" itemprop=\"caption description\"> VALLE DE CALINGASTA <\/div> <\/div> <\/div> <!-- close group --> <div class=\"gallery-group images-1\" style=\"width: 448px; height: 597px;\" data-original-width=\"448\" data-original-height=\"597\" > <div class=\"tiled-gallery-item tiled-gallery-item-large\" itemprop=\"associatedMedia\" itemscope itemtype=\"http:\/\/schema.org\/ImageObject\"> <a href=\"http:\/\/songkol.com\/WordPress3\/blog\/2014\/04\/23\/la-vallee-de-calingasta-cest-par-la\/vallee_calingasta11\/\" border=\"0\" itemprop=\"url\"> <meta itemprop=\"width\" content=\"444\"> <meta itemprop=\"height\" content=\"593\"> <img data-attachment-id=\"1864\" data-orig-file=\"http:\/\/songkol.com\/WordPress3\/wp-content\/uploads\/2014\/04\/vallee_calingasta11.jpg\" data-orig-size=\"960,1280\" data-comments-opened=\"1\" data-image-meta=\"{&quot;aperture&quot;:&quot;5.6&quot;,&quot;credit&quot;:&quot;&quot;,&quot;camera&quot;:&quot;DSC-HX50V&quot;,&quot;caption&quot;:&quot;&quot;,&quot;created_timestamp&quot;:&quot;1398184178&quot;,&quot;copyright&quot;:&quot;&quot;,&quot;focal_length&quot;:&quot;15.91&quot;,&quot;iso&quot;:&quot;80&quot;,&quot;shutter_speed&quot;:&quot;0.003125&quot;,&quot;title&quot;:&quot;&quot;}\" data-image-title=\"VALLE DE CALINGASTA\" data-image-description=\"\" data-medium-file=\"https:\/\/i0.wp.com\/songkol.com\/WordPress3\/wp-content\/uploads\/2014\/04\/vallee_calingasta11.jpg?fit=225%2C300\" data-large-file=\"https:\/\/i0.wp.com\/songkol.com\/WordPress3\/wp-content\/uploads\/2014\/04\/vallee_calingasta11.jpg?fit=768%2C1024\" src=\"https:\/\/i0.wp.com\/songkol.com\/WordPress3\/wp-content\/uploads\/2014\/04\/vallee_calingasta11.jpg?w=444&#038;h=593\" width=\"444\" height=\"593\" data-original-width=\"444\" data-original-height=\"593\" itemprop=\"http:\/\/schema.org\/image\" title=\"VALLE DE CALINGASTA\" alt=\"VALLE DE CALINGASTA\" style=\"width: 444px; height: 593px;\" \/> <\/a> <div class=\"tiled-gallery-caption\" itemprop=\"caption description\"> VALLE DE CALINGASTA <\/div> <\/div> <\/div> <!-- close group --> <\/div> <!-- close row --> <div class=\"gallery-row\" style=\"width: 768px; height: 508px;\" data-original-width=\"768\" data-original-height=\"508\" > <div class=\"gallery-group images-2\" style=\"width: 386px; height: 508px;\" data-original-width=\"386\" data-original-height=\"508\" > <div class=\"tiled-gallery-item tiled-gallery-item-large\" itemprop=\"associatedMedia\" itemscope itemtype=\"http:\/\/schema.org\/ImageObject\"> <a href=\"http:\/\/songkol.com\/WordPress3\/blog\/2014\/04\/23\/la-vallee-de-calingasta-cest-par-la\/vallee_calingasta04\/\" border=\"0\" itemprop=\"url\"> <meta itemprop=\"width\" content=\"382\"> <meta itemprop=\"height\" content=\"286\"> <img data-attachment-id=\"1871\" data-orig-file=\"http:\/\/songkol.com\/WordPress3\/wp-content\/uploads\/2014\/04\/vallee_calingasta04.jpg\" data-orig-size=\"1280,960\" data-comments-opened=\"1\" data-image-meta=\"{&quot;aperture&quot;:&quot;6.3&quot;,&quot;credit&quot;:&quot;&quot;,&quot;camera&quot;:&quot;DSC-HX50V&quot;,&quot;caption&quot;:&quot;&quot;,&quot;created_timestamp&quot;:&quot;1398021448&quot;,&quot;copyright&quot;:&quot;&quot;,&quot;focal_length&quot;:&quot;22.91&quot;,&quot;iso&quot;:&quot;500&quot;,&quot;shutter_speed&quot;:&quot;0.00625&quot;,&quot;title&quot;:&quot;&quot;}\" data-image-title=\"BARREAL \/ Bivouac en bord de rivi\u00e8re\" data-image-description=\"\" data-medium-file=\"https:\/\/i0.wp.com\/songkol.com\/WordPress3\/wp-content\/uploads\/2014\/04\/vallee_calingasta04.jpg?fit=300%2C225\" data-large-file=\"https:\/\/i0.wp.com\/songkol.com\/WordPress3\/wp-content\/uploads\/2014\/04\/vallee_calingasta04.jpg?fit=768%2C576\" src=\"https:\/\/i0.wp.com\/songkol.com\/WordPress3\/wp-content\/uploads\/2014\/04\/vallee_calingasta04.jpg?w=382&#038;h=286\" width=\"382\" height=\"286\" data-original-width=\"382\" data-original-height=\"286\" itemprop=\"http:\/\/schema.org\/image\" title=\"BARREAL \/ Bivouac en bord de rivi\u00e8re\" alt=\"BARREAL \/ Bivouac en bord de rivi\u00e8re\" style=\"width: 382px; height: 286px;\" \/> <\/a> <div class=\"tiled-gallery-caption\" itemprop=\"caption description\"> BARREAL \/ Bivouac en bord de rivi\u00e8re <\/div> <\/div> <div class=\"tiled-gallery-item tiled-gallery-item-large\" itemprop=\"associatedMedia\" itemscope itemtype=\"http:\/\/schema.org\/ImageObject\"> <a href=\"http:\/\/songkol.com\/WordPress3\/blog\/2014\/04\/23\/la-vallee-de-calingasta-cest-par-la\/vallee_calingasta05\/\" border=\"0\" itemprop=\"url\"> <meta itemprop=\"width\" content=\"382\"> <meta itemprop=\"height\" content=\"214\"> <img data-attachment-id=\"1870\" data-orig-file=\"http:\/\/songkol.com\/WordPress3\/wp-content\/uploads\/2014\/04\/vallee_calingasta05.jpg\" data-orig-size=\"1280,718\" data-comments-opened=\"1\" data-image-meta=\"{&quot;aperture&quot;:&quot;3.5&quot;,&quot;credit&quot;:&quot;&quot;,&quot;camera&quot;:&quot;DSC-HX50V&quot;,&quot;caption&quot;:&quot;&quot;,&quot;created_timestamp&quot;:&quot;1398021563&quot;,&quot;copyright&quot;:&quot;&quot;,&quot;focal_length&quot;:&quot;4.3&quot;,&quot;iso&quot;:&quot;80&quot;,&quot;shutter_speed&quot;:&quot;0.01&quot;,&quot;title&quot;:&quot;&quot;}\" data-image-title=\"BARREAL \/ Bivouac en bord de rivi\u00e8re\" data-image-description=\"\" data-medium-file=\"https:\/\/i0.wp.com\/songkol.com\/WordPress3\/wp-content\/uploads\/2014\/04\/vallee_calingasta05.jpg?fit=300%2C168\" data-large-file=\"https:\/\/i0.wp.com\/songkol.com\/WordPress3\/wp-content\/uploads\/2014\/04\/vallee_calingasta05.jpg?fit=768%2C431\" src=\"https:\/\/i0.wp.com\/songkol.com\/WordPress3\/wp-content\/uploads\/2014\/04\/vallee_calingasta05.jpg?w=382&#038;h=214\" width=\"382\" height=\"214\" data-original-width=\"382\" data-original-height=\"214\" itemprop=\"http:\/\/schema.org\/image\" title=\"BARREAL \/ Bivouac en bord de rivi\u00e8re\" alt=\"BARREAL \/ Bivouac en bord de rivi\u00e8re\" style=\"width: 382px; height: 214px;\" \/> <\/a> <div class=\"tiled-gallery-caption\" itemprop=\"caption description\"> BARREAL \/ Bivouac en bord de rivi\u00e8re <\/div> <\/div> <\/div> <!-- close group --> <div class=\"gallery-group images-1\" style=\"width: 382px; height: 508px;\" data-original-width=\"382\" data-original-height=\"508\" > <div class=\"tiled-gallery-item tiled-gallery-item-large\" itemprop=\"associatedMedia\" itemscope itemtype=\"http:\/\/schema.org\/ImageObject\"> <a href=\"http:\/\/songkol.com\/WordPress3\/blog\/2014\/04\/23\/la-vallee-de-calingasta-cest-par-la\/vallee_calingasta06\/\" border=\"0\" itemprop=\"url\"> <meta itemprop=\"width\" content=\"378\"> <meta itemprop=\"height\" content=\"504\"> <img data-attachment-id=\"1869\" data-orig-file=\"http:\/\/songkol.com\/WordPress3\/wp-content\/uploads\/2014\/04\/vallee_calingasta06.jpg\" data-orig-size=\"960,1280\" data-comments-opened=\"1\" data-image-meta=\"{&quot;aperture&quot;:&quot;6.3&quot;,&quot;credit&quot;:&quot;&quot;,&quot;camera&quot;:&quot;DSC-HX50V&quot;,&quot;caption&quot;:&quot;&quot;,&quot;created_timestamp&quot;:&quot;1398077163&quot;,&quot;copyright&quot;:&quot;&quot;,&quot;focal_length&quot;:&quot;87.36&quot;,&quot;iso&quot;:&quot;200&quot;,&quot;shutter_speed&quot;:&quot;0.004&quot;,&quot;title&quot;:&quot;&quot;}\" data-image-title=\"BARREAL \/ Bivouac en bord de rivi\u00e8re\" data-image-description=\"\" data-medium-file=\"https:\/\/i0.wp.com\/songkol.com\/WordPress3\/wp-content\/uploads\/2014\/04\/vallee_calingasta06.jpg?fit=225%2C300\" data-large-file=\"https:\/\/i0.wp.com\/songkol.com\/WordPress3\/wp-content\/uploads\/2014\/04\/vallee_calingasta06.jpg?fit=768%2C1024\" src=\"https:\/\/i0.wp.com\/songkol.com\/WordPress3\/wp-content\/uploads\/2014\/04\/vallee_calingasta06.jpg?w=378&#038;h=504\" width=\"378\" height=\"504\" data-original-width=\"378\" data-original-height=\"504\" itemprop=\"http:\/\/schema.org\/image\" title=\"BARREAL \/ Bivouac en bord de rivi\u00e8re\" alt=\"BARREAL \/ Bivouac en bord de rivi\u00e8re\" style=\"width: 378px; height: 504px;\" \/> <\/a> <div class=\"tiled-gallery-caption\" itemprop=\"caption description\"> BARREAL \/ Bivouac en bord de rivi\u00e8re <\/div> <\/div> <\/div> <!-- close group --> <\/div> <!-- close row --> <div class=\"gallery-row\" style=\"width: 768px; height: 369px;\" data-original-width=\"768\" data-original-height=\"369\" > <div class=\"gallery-group images-1\" style=\"width: 490px; height: 369px;\" data-original-width=\"490\" data-original-height=\"369\" > <div class=\"tiled-gallery-item tiled-gallery-item-large\" itemprop=\"associatedMedia\" itemscope itemtype=\"http:\/\/schema.org\/ImageObject\"> <a href=\"http:\/\/songkol.com\/WordPress3\/blog\/2014\/04\/23\/la-vallee-de-calingasta-cest-par-la\/vallee_calingasta07\/\" border=\"0\" itemprop=\"url\"> <meta itemprop=\"width\" content=\"486\"> <meta itemprop=\"height\" content=\"365\"> <img data-attachment-id=\"1868\" data-orig-file=\"http:\/\/songkol.com\/WordPress3\/wp-content\/uploads\/2014\/04\/vallee_calingasta07.jpg\" data-orig-size=\"1280,960\" data-comments-opened=\"1\" data-image-meta=\"{&quot;aperture&quot;:&quot;6.3&quot;,&quot;credit&quot;:&quot;&quot;,&quot;camera&quot;:&quot;DSC-HX50V&quot;,&quot;caption&quot;:&quot;&quot;,&quot;created_timestamp&quot;:&quot;1398077286&quot;,&quot;copyright&quot;:&quot;&quot;,&quot;focal_length&quot;:&quot;29.63&quot;,&quot;iso&quot;:&quot;160&quot;,&quot;shutter_speed&quot;:&quot;0.005&quot;,&quot;title&quot;:&quot;&quot;}\" data-image-title=\"BARREAL \/ Bivouac en bord de rivi\u00e8re\" data-image-description=\"\" data-medium-file=\"https:\/\/i0.wp.com\/songkol.com\/WordPress3\/wp-content\/uploads\/2014\/04\/vallee_calingasta07.jpg?fit=300%2C225\" data-large-file=\"https:\/\/i0.wp.com\/songkol.com\/WordPress3\/wp-content\/uploads\/2014\/04\/vallee_calingasta07.jpg?fit=768%2C576\" src=\"https:\/\/i0.wp.com\/songkol.com\/WordPress3\/wp-content\/uploads\/2014\/04\/vallee_calingasta07.jpg?w=486&#038;h=365\" width=\"486\" height=\"365\" data-original-width=\"486\" data-original-height=\"365\" itemprop=\"http:\/\/schema.org\/image\" title=\"BARREAL \/ Bivouac en bord de rivi\u00e8re\" alt=\"BARREAL \/ Bivouac en bord de rivi\u00e8re\" style=\"width: 486px; height: 365px;\" \/> <\/a> <div class=\"tiled-gallery-caption\" itemprop=\"caption description\"> BARREAL \/ Bivouac en bord de rivi\u00e8re <\/div> <\/div> <\/div> <!-- close group --> <div class=\"gallery-group images-1\" style=\"width: 278px; height: 369px;\" data-original-width=\"278\" data-original-height=\"369\" > <div class=\"tiled-gallery-item tiled-gallery-item-large\" itemprop=\"associatedMedia\" itemscope itemtype=\"http:\/\/schema.org\/ImageObject\"> <a href=\"http:\/\/songkol.com\/WordPress3\/blog\/2014\/04\/23\/la-vallee-de-calingasta-cest-par-la\/vallee_calingasta02\/\" border=\"0\" itemprop=\"url\"> <meta itemprop=\"width\" content=\"274\"> <meta itemprop=\"height\" content=\"365\"> <img data-attachment-id=\"1873\" data-orig-file=\"http:\/\/songkol.com\/WordPress3\/wp-content\/uploads\/2014\/04\/vallee_calingasta02.jpg\" data-orig-size=\"960,1280\" data-comments-opened=\"1\" data-image-meta=\"{&quot;aperture&quot;:&quot;5&quot;,&quot;credit&quot;:&quot;&quot;,&quot;camera&quot;:&quot;DSC-HX50V&quot;,&quot;caption&quot;:&quot;&quot;,&quot;created_timestamp&quot;:&quot;1397931752&quot;,&quot;copyright&quot;:&quot;&quot;,&quot;focal_length&quot;:&quot;9.45&quot;,&quot;iso&quot;:&quot;80&quot;,&quot;shutter_speed&quot;:&quot;0.004&quot;,&quot;title&quot;:&quot;&quot;}\" data-image-title=\"VALLEE DE CALINGASTA\" data-image-description=\"\" data-medium-file=\"https:\/\/i0.wp.com\/songkol.com\/WordPress3\/wp-content\/uploads\/2014\/04\/vallee_calingasta02.jpg?fit=225%2C300\" data-large-file=\"https:\/\/i0.wp.com\/songkol.com\/WordPress3\/wp-content\/uploads\/2014\/04\/vallee_calingasta02.jpg?fit=768%2C1024\" src=\"https:\/\/i0.wp.com\/songkol.com\/WordPress3\/wp-content\/uploads\/2014\/04\/vallee_calingasta02.jpg?w=274&#038;h=365\" width=\"274\" height=\"365\" data-original-width=\"274\" data-original-height=\"365\" itemprop=\"http:\/\/schema.org\/image\" title=\"VALLEE DE CALINGASTA\" alt=\"VALLEE DE CALINGASTA\" style=\"width: 274px; height: 365px;\" \/> <\/a> <div class=\"tiled-gallery-caption\" itemprop=\"caption description\"> VALLEE DE CALINGASTA <\/div> <\/div> <\/div> <!-- close group --> <\/div> <!-- close row --> <div class=\"gallery-row\" style=\"width: 768px; height: 233px;\" data-original-width=\"768\" data-original-height=\"233\" > <div class=\"gallery-group images-1\" style=\"width: 768px; height: 233px;\" data-original-width=\"768\" data-original-height=\"233\" > <div class=\"tiled-gallery-item tiled-gallery-item-large\" itemprop=\"associatedMedia\" itemscope itemtype=\"http:\/\/schema.org\/ImageObject\"> <a href=\"http:\/\/songkol.com\/WordPress3\/blog\/2014\/04\/23\/la-vallee-de-calingasta-cest-par-la\/vallee_calingasta01\/\" border=\"0\" itemprop=\"url\"> <meta itemprop=\"width\" content=\"764\"> <meta itemprop=\"height\" content=\"229\"> <img data-attachment-id=\"1874\" data-orig-file=\"http:\/\/songkol.com\/WordPress3\/wp-content\/uploads\/2014\/04\/vallee_calingasta01.jpg\" data-orig-size=\"1280,384\" data-comments-opened=\"1\" data-image-meta=\"{&quot;aperture&quot;:&quot;3.5&quot;,&quot;credit&quot;:&quot;&quot;,&quot;camera&quot;:&quot;DSC-HX50V&quot;,&quot;caption&quot;:&quot;&quot;,&quot;created_timestamp&quot;:&quot;1397925147&quot;,&quot;copyright&quot;:&quot;&quot;,&quot;focal_length&quot;:&quot;4.3&quot;,&quot;iso&quot;:&quot;80&quot;,&quot;shutter_speed&quot;:&quot;0.002&quot;,&quot;title&quot;:&quot;&quot;}\" data-image-title=\"VALLEE DE CALINGASTA\" data-image-description=\"\" data-medium-file=\"https:\/\/i0.wp.com\/songkol.com\/WordPress3\/wp-content\/uploads\/2014\/04\/vallee_calingasta01.jpg?fit=300%2C90\" data-large-file=\"https:\/\/i0.wp.com\/songkol.com\/WordPress3\/wp-content\/uploads\/2014\/04\/vallee_calingasta01.jpg?fit=768%2C230\" src=\"https:\/\/i0.wp.com\/songkol.com\/WordPress3\/wp-content\/uploads\/2014\/04\/vallee_calingasta01.jpg?w=764&#038;h=229\" width=\"764\" height=\"229\" data-original-width=\"764\" data-original-height=\"229\" itemprop=\"http:\/\/schema.org\/image\" title=\"VALLEE DE CALINGASTA\" alt=\"VALLEE DE CALINGASTA\" style=\"width: 764px; height: 229px;\" \/> <\/a> <div class=\"tiled-gallery-caption\" itemprop=\"caption description\"> VALLEE DE CALINGASTA <\/div> <\/div> <\/div> <!-- close group --> <\/div> <!-- close row --> <\/div>\n<p>&nbsp;<\/p>\n","protected":false},"excerpt":{"rendered":"<p>La route aura \u00e9t\u00e9 un peu longue pour la rejoindre mais la vall\u00e9e de Calingasta nous a enchant\u00e9s! Apr\u00e8s une premi\u00e8re nuit dans le camping municipal de Calingasta pas terrible (arriv\u00e9e sur les coups de 23h d&rsquo;une dizaine de personnes qui a imm\u00e9diatement encha\u00een\u00e9 par un asado du feu de Dieu avec musique \u00e0 gogo [&hellip;]<\/p>\n","protected":false},"author":3,"featured_media":0,"comment_status":"open","ping_status":"open","sticky":false,"template":"","format":"standard","meta":{"spay_email":"","jetpack_publicize_message":"","jetpack_is_tweetstorm":false,"jetpack_publicize_feature_enabled":true},"categories":[6],"tags":[],"jetpack_featured_media_url":"","jetpack_publicize_connections":[],"jetpack_sharing_enabled":true,"jetpack_shortlink":"https:\/\/wp.me\/p4uy6M-u1","jetpack_likes_enabled":true,"_links":{"self":[{"href":"http:\/\/songkol.com\/WordPress3\/wp-json\/wp\/v2\/posts\/1861"}],"collection":[{"href":"http:\/\/songkol.com\/WordPress3\/wp-json\/wp\/v2\/posts"}],"about":[{"href":"http:\/\/songkol.com\/WordPress3\/wp-json\/wp\/v2\/types\/post"}],"author":[{"embeddable":true,"href":"http:\/\/songkol.com\/WordPress3\/wp-json\/wp\/v2\/users\/3"}],"replies":[{"embeddable":true,"href":"http:\/\/songkol.com\/WordPress3\/wp-json\/wp\/v2\/comments?post=1861"}],"version-history":[{"count":6,"href":"http:\/\/songkol.com\/WordPress3\/wp-json\/wp\/v2\/posts\/1861\/revisions"}],"predecessor-version":[{"id":1941,"href":"http:\/\/songkol.com\/WordPress3\/wp-json\/wp\/v2\/posts\/1861\/revisions\/1941"}],"wp:attachment":[{"href":"http:\/\/songkol.com\/WordPress3\/wp-json\/wp\/v2\/media?parent=1861"}],"wp:term":[{"taxonomy":"category","embeddable":true,"href":"http:\/\/songkol.com\/WordPress3\/wp-json\/wp\/v2\/categories?post=1861"},{"taxonomy":"post_tag","embeddable":true,"href":"http:\/\/songkol.com\/WordPress3\/wp-json\/wp\/v2\/tags?post=1861"}],"curies":[{"name":"wp","href":"https:\/\/api.w.org\/{rel}","templated":true}]}}