{"id":1792,"date":"2014-04-18T14:45:22","date_gmt":"2014-04-18T17:45:22","guid":{"rendered":"http:\/\/songkol.com\/WordPress3\/?p=1792"},"modified":"2014-04-20T14:51:42","modified_gmt":"2014-04-20T17:51:42","slug":"chili-argentine-paso-agua-negra-ca-passe","status":"publish","type":"post","link":"http:\/\/songkol.com\/WordPress3\/blog\/2014\/04\/18\/chili-argentine-paso-agua-negra-ca-passe\/","title":{"rendered":"Chili-Argentine, paso Agua negra, \u00e7a passe!"},"content":{"rendered":"<p>Aujourd&rsquo;hui est un jour important puisque nous allons nous frotter pour la premi\u00e8re fois \u00e0 une altitude \u00e9lev\u00e9e. Il s&rsquo;agit de rejoindre l&rsquo;Argentine via le paso Agua Negra, \u00e0 4780 m, qui compte parmi les passages andins les plus hauts. Nous sommes particuli\u00e8rement attentifs \u00e0 Anna et Nils pour voir comment ils r\u00e9agissent \u00e0 l&rsquo;altitude. C\u00f4t\u00e9 chilien, le poste de douane se trouve \u00e0 2000 m\u00e8tres. Nous y sommes pass\u00e9s la veille de la mont\u00e9e vers le col et avons eu l&rsquo;autorisation de bivouaquer le soir dans le no man&rsquo;s land. Nous nous arr\u00eatons \u00e0 2600 m pour voir comment se passe la nuit. Elle se passe tr\u00e8s bien, ce qui donne le feu vert pour rejoindre le paso d\u00e8s le lendemain matin. La mont\u00e9e vers le col est impressionnante, les couleurs sont magnifiques. Chacun surveille chacun ! Nous allons mettre trois petites heures pour monter. On s&rsquo;arr\u00eate pas trop de peur que le moteur d\u00e9cide de ne pas red\u00e9marrer. Tout se passe bien, les enfants semblent ne pas \u00eatre g\u00ean\u00e9s par cette altitude \u00e9lev\u00e9e. Nous non plus d&rsquo;ailleurs, juste un peu la t\u00eate qui tourne \u00e0 4700 si on bouge trop vite. Le camping-car a quant \u00e0 lui bien r\u00e9sist\u00e9! Mais on est quand m\u00eame bien soulag\u00e9s une fois la redescente entam\u00e9e!<br \/>\nArriv\u00e9s au poste de douane argentin, l\u00e0, surprise: contr\u00f4le sanitaire ! On en a l&rsquo;habitude c\u00f4t\u00e9 chilien: il ne faut avoir ni fruits, ni l\u00e9gumes, ni oeufs ni viande\u2026 Mais l\u00e0, comme on ne s&rsquo;y attendait pas, on a plein de l\u00e9gumes et de fruits\u2026 Il a fallu tout cuir pour les garder: ratatouille, compote, omelette g\u00e9ante pour le d\u00e9jeuner, etc\u2026<\/p>\n<div class=\"tiled-gallery type-rectangular tiled-gallery-unresized\" data-original-width=\"768\" data-carousel-extra='{&quot;blog_id&quot;:1,&quot;permalink&quot;:&quot;http:\\\/\\\/songkol.com\\\/WordPress3\\\/blog\\\/2014\\\/04\\\/18\\\/chili-argentine-paso-agua-negra-ca-passe\\\/&quot;,&quot;likes_blog_id&quot;:66386300}' itemscope itemtype=\"http:\/\/schema.org\/ImageGallery\" > <div class=\"gallery-row\" style=\"width: 768px; height: 643px;\" data-original-width=\"768\" data-original-height=\"643\" > <div class=\"gallery-group images-1\" style=\"width: 483px; height: 643px;\" data-original-width=\"483\" data-original-height=\"643\" > <div class=\"tiled-gallery-item tiled-gallery-item-large\" itemprop=\"associatedMedia\" itemscope itemtype=\"http:\/\/schema.org\/ImageObject\"> <a href=\"http:\/\/songkol.com\/WordPress3\/preparatifs\/bons-plans-par-pays\/verspasoaguanegra01\/\" border=\"0\" itemprop=\"url\"> <meta itemprop=\"width\" content=\"479\"> <meta itemprop=\"height\" content=\"639\"> <img data-attachment-id=\"1780\" data-orig-file=\"http:\/\/songkol.com\/WordPress3\/wp-content\/uploads\/2014\/04\/verspasoaguanegra01.jpg\" data-orig-size=\"960,1280\" data-comments-opened=\"1\" data-image-meta=\"{&quot;aperture&quot;:&quot;5.6&quot;,&quot;credit&quot;:&quot;&quot;,&quot;camera&quot;:&quot;DSC-HX50V&quot;,&quot;caption&quot;:&quot;&quot;,&quot;created_timestamp&quot;:&quot;1397900385&quot;,&quot;copyright&quot;:&quot;&quot;,&quot;focal_length&quot;:&quot;19.37&quot;,&quot;iso&quot;:&quot;160&quot;,&quot;shutter_speed&quot;:&quot;0.008&quot;,&quot;title&quot;:&quot;&quot;}\" data-image-title=\"CHILI \/ Sur la piste vers le paso Agua Negra (4780m)\" data-image-description=\"\" data-medium-file=\"https:\/\/i0.wp.com\/songkol.com\/WordPress3\/wp-content\/uploads\/2014\/04\/verspasoaguanegra01.jpg?fit=225%2C300\" data-large-file=\"https:\/\/i0.wp.com\/songkol.com\/WordPress3\/wp-content\/uploads\/2014\/04\/verspasoaguanegra01.jpg?fit=768%2C1024\" src=\"https:\/\/i0.wp.com\/songkol.com\/WordPress3\/wp-content\/uploads\/2014\/04\/verspasoaguanegra01.jpg?w=479&#038;h=639\" width=\"479\" height=\"639\" data-original-width=\"479\" data-original-height=\"639\" itemprop=\"http:\/\/schema.org\/image\" title=\"CHILI \/ Sur la piste vers le paso Agua Negra (4780m)\" alt=\"CHILI \/ Sur la piste vers le paso Agua Negra (4780m)\" style=\"width: 479px; height: 639px;\" \/> <\/a> <div class=\"tiled-gallery-caption\" itemprop=\"caption description\"> CHILI \/ Sur la piste vers le paso Agua Negra (4780m) <\/div> <\/div> <\/div> <!-- close group --> <div class=\"gallery-group images-3\" style=\"width: 285px; height: 643px;\" data-original-width=\"285\" data-original-height=\"643\" > <div class=\"tiled-gallery-item tiled-gallery-item-large\" itemprop=\"associatedMedia\" itemscope itemtype=\"http:\/\/schema.org\/ImageObject\"> <a href=\"http:\/\/songkol.com\/WordPress3\/verspasoaguanegra03\/\" border=\"0\" itemprop=\"url\"> <meta itemprop=\"width\" content=\"281\"> <meta itemprop=\"height\" content=\"210\"> <img data-attachment-id=\"1778\" data-orig-file=\"http:\/\/songkol.com\/WordPress3\/wp-content\/uploads\/2014\/04\/verspasoaguanegra03.jpg\" data-orig-size=\"1280,960\" data-comments-opened=\"1\" data-image-meta=\"{&quot;aperture&quot;:&quot;3.5&quot;,&quot;credit&quot;:&quot;&quot;,&quot;camera&quot;:&quot;DSC-HX50V&quot;,&quot;caption&quot;:&quot;&quot;,&quot;created_timestamp&quot;:&quot;1397901860&quot;,&quot;copyright&quot;:&quot;&quot;,&quot;focal_length&quot;:&quot;4.3&quot;,&quot;iso&quot;:&quot;80&quot;,&quot;shutter_speed&quot;:&quot;0.000625&quot;,&quot;title&quot;:&quot;&quot;}\" data-image-title=\"CHILI \/ Sur la piste vers le paso Agua Negra (4780m)\" data-image-description=\"\" data-medium-file=\"https:\/\/i0.wp.com\/songkol.com\/WordPress3\/wp-content\/uploads\/2014\/04\/verspasoaguanegra03.jpg?fit=300%2C225\" data-large-file=\"https:\/\/i0.wp.com\/songkol.com\/WordPress3\/wp-content\/uploads\/2014\/04\/verspasoaguanegra03.jpg?fit=768%2C576\" src=\"https:\/\/i0.wp.com\/songkol.com\/WordPress3\/wp-content\/uploads\/2014\/04\/verspasoaguanegra03.jpg?w=281&#038;h=210\" width=\"281\" height=\"210\" data-original-width=\"281\" data-original-height=\"210\" itemprop=\"http:\/\/schema.org\/image\" title=\"CHILI \/ Sur la piste vers le paso Agua Negra (4780m)\" alt=\"CHILI \/ Sur la piste vers le paso Agua Negra (4780m)\" style=\"width: 281px; height: 210px;\" \/> <\/a> <div class=\"tiled-gallery-caption\" itemprop=\"caption description\"> CHILI \/ Sur la piste vers le paso Agua Negra (4780m) <\/div> <\/div> <div class=\"tiled-gallery-item tiled-gallery-item-large\" itemprop=\"associatedMedia\" itemscope itemtype=\"http:\/\/schema.org\/ImageObject\"> <a href=\"http:\/\/songkol.com\/WordPress3\/verspasoaguanegra04\/\" border=\"0\" itemprop=\"url\"> <meta itemprop=\"width\" content=\"281\"> <meta itemprop=\"height\" content=\"210\"> <img data-attachment-id=\"1777\" data-orig-file=\"http:\/\/songkol.com\/WordPress3\/wp-content\/uploads\/2014\/04\/verspasoaguanegra04.jpg\" data-orig-size=\"1280,960\" data-comments-opened=\"1\" data-image-meta=\"{&quot;aperture&quot;:&quot;3.5&quot;,&quot;credit&quot;:&quot;&quot;,&quot;camera&quot;:&quot;DSC-HX50V&quot;,&quot;caption&quot;:&quot;&quot;,&quot;created_timestamp&quot;:&quot;1397902903&quot;,&quot;copyright&quot;:&quot;&quot;,&quot;focal_length&quot;:&quot;4.3&quot;,&quot;iso&quot;:&quot;80&quot;,&quot;shutter_speed&quot;:&quot;0.00125&quot;,&quot;title&quot;:&quot;&quot;}\" data-image-title=\"CHILI \/ Sur la piste vers le paso Agua Negra (4780m)\" data-image-description=\"\" data-medium-file=\"https:\/\/i0.wp.com\/songkol.com\/WordPress3\/wp-content\/uploads\/2014\/04\/verspasoaguanegra04.jpg?fit=300%2C225\" data-large-file=\"https:\/\/i0.wp.com\/songkol.com\/WordPress3\/wp-content\/uploads\/2014\/04\/verspasoaguanegra04.jpg?fit=768%2C576\" src=\"https:\/\/i0.wp.com\/songkol.com\/WordPress3\/wp-content\/uploads\/2014\/04\/verspasoaguanegra04.jpg?w=281&#038;h=210\" width=\"281\" height=\"210\" data-original-width=\"281\" data-original-height=\"210\" itemprop=\"http:\/\/schema.org\/image\" title=\"CHILI \/ Sur la piste vers le paso Agua Negra (4780m)\" alt=\"CHILI \/ Sur la piste vers le paso Agua Negra (4780m)\" style=\"width: 281px; height: 210px;\" \/> <\/a> <div class=\"tiled-gallery-caption\" itemprop=\"caption description\"> CHILI \/ Sur la piste vers le paso Agua Negra (4780m) <\/div> <\/div> <div class=\"tiled-gallery-item tiled-gallery-item-large\" itemprop=\"associatedMedia\" itemscope itemtype=\"http:\/\/schema.org\/ImageObject\"> <a href=\"http:\/\/songkol.com\/WordPress3\/verspasoaguanegra07\/\" border=\"0\" itemprop=\"url\"> <meta itemprop=\"width\" content=\"281\"> <meta itemprop=\"height\" content=\"211\"> <img data-attachment-id=\"1775\" data-orig-file=\"http:\/\/songkol.com\/WordPress3\/wp-content\/uploads\/2014\/04\/verspasoaguanegra07.jpg\" data-orig-size=\"1280,960\" data-comments-opened=\"1\" data-image-meta=\"{&quot;aperture&quot;:&quot;4.5&quot;,&quot;credit&quot;:&quot;&quot;,&quot;camera&quot;:&quot;DSC-HX50V&quot;,&quot;caption&quot;:&quot;&quot;,&quot;created_timestamp&quot;:&quot;1397903286&quot;,&quot;copyright&quot;:&quot;&quot;,&quot;focal_length&quot;:&quot;7.53&quot;,&quot;iso&quot;:&quot;80&quot;,&quot;shutter_speed&quot;:&quot;0.0008&quot;,&quot;title&quot;:&quot;&quot;}\" data-image-title=\"CHILI \/ Sur la piste vers le paso Agua Negra (4780m)\" data-image-description=\"\" data-medium-file=\"https:\/\/i0.wp.com\/songkol.com\/WordPress3\/wp-content\/uploads\/2014\/04\/verspasoaguanegra07.jpg?fit=300%2C225\" data-large-file=\"https:\/\/i0.wp.com\/songkol.com\/WordPress3\/wp-content\/uploads\/2014\/04\/verspasoaguanegra07.jpg?fit=768%2C576\" src=\"https:\/\/i0.wp.com\/songkol.com\/WordPress3\/wp-content\/uploads\/2014\/04\/verspasoaguanegra07.jpg?w=281&#038;h=211\" width=\"281\" height=\"211\" data-original-width=\"281\" data-original-height=\"211\" itemprop=\"http:\/\/schema.org\/image\" title=\"CHILI \/ Sur la piste vers le paso Agua Negra (4780m)\" alt=\"CHILI \/ Sur la piste vers le paso Agua Negra (4780m)\" style=\"width: 281px; height: 211px;\" \/> <\/a> <div class=\"tiled-gallery-caption\" itemprop=\"caption description\"> CHILI \/ Sur la piste vers le paso Agua Negra (4780m) <\/div> <\/div> <\/div> <!-- close group --> <\/div> <!-- close row --> <div class=\"gallery-row\" style=\"width: 768px; height: 340px;\" data-original-width=\"768\" data-original-height=\"340\" > <div class=\"gallery-group images-1\" style=\"width: 256px; height: 340px;\" data-original-width=\"256\" data-original-height=\"340\" > <div class=\"tiled-gallery-item tiled-gallery-item-large\" itemprop=\"associatedMedia\" itemscope itemtype=\"http:\/\/schema.org\/ImageObject\"> <a href=\"http:\/\/songkol.com\/WordPress3\/verspasoaguanegra08\/\" border=\"0\" itemprop=\"url\"> <meta itemprop=\"width\" content=\"252\"> <meta itemprop=\"height\" content=\"336\"> <img data-attachment-id=\"1774\" data-orig-file=\"http:\/\/songkol.com\/WordPress3\/wp-content\/uploads\/2014\/04\/verspasoaguanegra08.jpg\" data-orig-size=\"960,1280\" data-comments-opened=\"1\" data-image-meta=\"{&quot;aperture&quot;:&quot;6.3&quot;,&quot;credit&quot;:&quot;&quot;,&quot;camera&quot;:&quot;DSC-HX50V&quot;,&quot;caption&quot;:&quot;&quot;,&quot;created_timestamp&quot;:&quot;1397903305&quot;,&quot;copyright&quot;:&quot;&quot;,&quot;focal_length&quot;:&quot;30.57&quot;,&quot;iso&quot;:&quot;80&quot;,&quot;shutter_speed&quot;:&quot;0.0015625&quot;,&quot;title&quot;:&quot;&quot;}\" data-image-title=\"CHILI \/ Sur la piste vers le paso Agua Negra (4780m)\" data-image-description=\"\" data-medium-file=\"https:\/\/i0.wp.com\/songkol.com\/WordPress3\/wp-content\/uploads\/2014\/04\/verspasoaguanegra08.jpg?fit=225%2C300\" data-large-file=\"https:\/\/i0.wp.com\/songkol.com\/WordPress3\/wp-content\/uploads\/2014\/04\/verspasoaguanegra08.jpg?fit=768%2C1024\" src=\"https:\/\/i0.wp.com\/songkol.com\/WordPress3\/wp-content\/uploads\/2014\/04\/verspasoaguanegra08.jpg?w=252&#038;h=336\" width=\"252\" height=\"336\" data-original-width=\"252\" data-original-height=\"336\" itemprop=\"http:\/\/schema.org\/image\" title=\"CHILI \/ Sur la piste vers le paso Agua Negra (4780m)\" alt=\"CHILI \/ Sur la piste vers le paso Agua Negra (4780m)\" style=\"width: 252px; height: 336px;\" \/> <\/a> <div class=\"tiled-gallery-caption\" itemprop=\"caption description\"> CHILI \/ Sur la piste vers le paso Agua Negra (4780m) <\/div> <\/div> <\/div> <!-- close group --> <div class=\"gallery-group images-1\" style=\"width: 256px; height: 340px;\" data-original-width=\"256\" data-original-height=\"340\" > <div class=\"tiled-gallery-item tiled-gallery-item-large\" itemprop=\"associatedMedia\" itemscope itemtype=\"http:\/\/schema.org\/ImageObject\"> <a href=\"http:\/\/songkol.com\/WordPress3\/verspasoaguanegra09\/\" border=\"0\" itemprop=\"url\"> <meta itemprop=\"width\" content=\"252\"> <meta itemprop=\"height\" content=\"336\"> <img data-attachment-id=\"1773\" data-orig-file=\"http:\/\/songkol.com\/WordPress3\/wp-content\/uploads\/2014\/04\/verspasoaguanegra09.jpg\" data-orig-size=\"960,1280\" data-comments-opened=\"1\" data-image-meta=\"{&quot;aperture&quot;:&quot;3.5&quot;,&quot;credit&quot;:&quot;&quot;,&quot;camera&quot;:&quot;DSC-HX50V&quot;,&quot;caption&quot;:&quot;&quot;,&quot;created_timestamp&quot;:&quot;1397903560&quot;,&quot;copyright&quot;:&quot;&quot;,&quot;focal_length&quot;:&quot;4.3&quot;,&quot;iso&quot;:&quot;80&quot;,&quot;shutter_speed&quot;:&quot;0.001&quot;,&quot;title&quot;:&quot;&quot;}\" data-image-title=\"CHILI \/ Sur la piste vers le paso Agua Negra (4780m)\" data-image-description=\"\" data-medium-file=\"https:\/\/i0.wp.com\/songkol.com\/WordPress3\/wp-content\/uploads\/2014\/04\/verspasoaguanegra09.jpg?fit=225%2C300\" data-large-file=\"https:\/\/i0.wp.com\/songkol.com\/WordPress3\/wp-content\/uploads\/2014\/04\/verspasoaguanegra09.jpg?fit=768%2C1024\" src=\"https:\/\/i0.wp.com\/songkol.com\/WordPress3\/wp-content\/uploads\/2014\/04\/verspasoaguanegra09.jpg?w=252&#038;h=336\" width=\"252\" height=\"336\" data-original-width=\"252\" data-original-height=\"336\" itemprop=\"http:\/\/schema.org\/image\" title=\"CHILI \/ Sur la piste vers le paso Agua Negra (4780m)\" alt=\"CHILI \/ Sur la piste vers le paso Agua Negra (4780m)\" style=\"width: 252px; height: 336px;\" \/> <\/a> <div class=\"tiled-gallery-caption\" itemprop=\"caption description\"> CHILI \/ Sur la piste vers le paso Agua Negra (4780m) <\/div> <\/div> <\/div> <!-- close group --> <div class=\"gallery-group images-1\" style=\"width: 256px; height: 340px;\" data-original-width=\"256\" data-original-height=\"340\" > <div class=\"tiled-gallery-item tiled-gallery-item-large\" itemprop=\"associatedMedia\" itemscope itemtype=\"http:\/\/schema.org\/ImageObject\"> <a href=\"http:\/\/songkol.com\/WordPress3\/verspasoaguanegra3\/\" border=\"0\" itemprop=\"url\"> <meta itemprop=\"width\" content=\"252\"> <meta itemprop=\"height\" content=\"336\"> <img data-attachment-id=\"1785\" data-orig-file=\"http:\/\/songkol.com\/WordPress3\/wp-content\/uploads\/2014\/04\/verspasoaguanegra3.jpg\" data-orig-size=\"960,1280\" data-comments-opened=\"1\" data-image-meta=\"{&quot;aperture&quot;:&quot;6.3&quot;,&quot;credit&quot;:&quot;&quot;,&quot;camera&quot;:&quot;DSC-HX50V&quot;,&quot;caption&quot;:&quot;&quot;,&quot;created_timestamp&quot;:&quot;1397841833&quot;,&quot;copyright&quot;:&quot;&quot;,&quot;focal_length&quot;:&quot;27.82&quot;,&quot;iso&quot;:&quot;400&quot;,&quot;shutter_speed&quot;:&quot;0.00625&quot;,&quot;title&quot;:&quot;&quot;}\" data-image-title=\"CHILI \/ Sur la piste vers le paso Agua Negra (4780m)\" data-image-description=\"\" data-medium-file=\"https:\/\/i0.wp.com\/songkol.com\/WordPress3\/wp-content\/uploads\/2014\/04\/verspasoaguanegra3.jpg?fit=225%2C300\" data-large-file=\"https:\/\/i0.wp.com\/songkol.com\/WordPress3\/wp-content\/uploads\/2014\/04\/verspasoaguanegra3.jpg?fit=768%2C1024\" src=\"https:\/\/i0.wp.com\/songkol.com\/WordPress3\/wp-content\/uploads\/2014\/04\/verspasoaguanegra3.jpg?w=252&#038;h=336\" width=\"252\" height=\"336\" data-original-width=\"252\" data-original-height=\"336\" itemprop=\"http:\/\/schema.org\/image\" title=\"CHILI \/ Sur la piste vers le paso Agua Negra (4780m)\" alt=\"CHILI \/ Sur la piste vers le paso Agua Negra (4780m)\" style=\"width: 252px; height: 336px;\" \/> <\/a> <div class=\"tiled-gallery-caption\" itemprop=\"caption description\"> CHILI \/ Sur la piste vers le paso Agua Negra (4780m) <\/div> <\/div> <\/div> <!-- close group --> <\/div> <!-- close row --> <div class=\"gallery-row\" style=\"width: 768px; height: 542px;\" data-original-width=\"768\" data-original-height=\"542\" > <div class=\"gallery-group images-2\" style=\"width: 360px; height: 542px;\" data-original-width=\"360\" data-original-height=\"542\" > <div class=\"tiled-gallery-item tiled-gallery-item-large\" itemprop=\"associatedMedia\" itemscope itemtype=\"http:\/\/schema.org\/ImageObject\"> <a href=\"http:\/\/songkol.com\/WordPress3\/verspasoaguanegra4\/\" border=\"0\" itemprop=\"url\"> <meta itemprop=\"width\" content=\"356\"> <meta itemprop=\"height\" content=\"267\"> <img data-attachment-id=\"1784\" data-orig-file=\"http:\/\/songkol.com\/WordPress3\/wp-content\/uploads\/2014\/04\/verspasoaguanegra4.jpg\" data-orig-size=\"1280,960\" data-comments-opened=\"1\" data-image-meta=\"{&quot;aperture&quot;:&quot;5.6&quot;,&quot;credit&quot;:&quot;&quot;,&quot;camera&quot;:&quot;DSC-HX50V&quot;,&quot;caption&quot;:&quot;&quot;,&quot;created_timestamp&quot;:&quot;1397841865&quot;,&quot;copyright&quot;:&quot;&quot;,&quot;focal_length&quot;:&quot;16.98&quot;,&quot;iso&quot;:&quot;320&quot;,&quot;shutter_speed&quot;:&quot;0.01&quot;,&quot;title&quot;:&quot;&quot;}\" data-image-title=\"verspasoaguanegra&#038;4\" data-image-description=\"\" data-medium-file=\"https:\/\/i0.wp.com\/songkol.com\/WordPress3\/wp-content\/uploads\/2014\/04\/verspasoaguanegra4.jpg?fit=300%2C225\" data-large-file=\"https:\/\/i0.wp.com\/songkol.com\/WordPress3\/wp-content\/uploads\/2014\/04\/verspasoaguanegra4.jpg?fit=768%2C576\" src=\"https:\/\/i0.wp.com\/songkol.com\/WordPress3\/wp-content\/uploads\/2014\/04\/verspasoaguanegra4.jpg?w=356&#038;h=267\" width=\"356\" height=\"267\" data-original-width=\"356\" data-original-height=\"267\" itemprop=\"http:\/\/schema.org\/image\" title=\"verspasoaguanegra&amp;4\" alt=\"verspasoaguanegra&amp;4\" style=\"width: 356px; height: 267px;\" \/> <\/a> <\/div> <div class=\"tiled-gallery-item tiled-gallery-item-large\" itemprop=\"associatedMedia\" itemscope itemtype=\"http:\/\/schema.org\/ImageObject\"> <a href=\"http:\/\/songkol.com\/WordPress3\/verspasoaguanegra5-2\/\" border=\"0\" itemprop=\"url\"> <meta itemprop=\"width\" content=\"356\"> <meta itemprop=\"height\" content=\"267\"> <img data-attachment-id=\"1783\" data-orig-file=\"http:\/\/songkol.com\/WordPress3\/wp-content\/uploads\/2014\/04\/verspasoaguanegra51.jpg\" data-orig-size=\"1280,960\" data-comments-opened=\"1\" data-image-meta=\"{&quot;aperture&quot;:&quot;5&quot;,&quot;credit&quot;:&quot;&quot;,&quot;camera&quot;:&quot;DSC-HX50V&quot;,&quot;caption&quot;:&quot;&quot;,&quot;created_timestamp&quot;:&quot;1397841879&quot;,&quot;copyright&quot;:&quot;&quot;,&quot;focal_length&quot;:&quot;12.41&quot;,&quot;iso&quot;:&quot;200&quot;,&quot;shutter_speed&quot;:&quot;0.0125&quot;,&quot;title&quot;:&quot;&quot;}\" data-image-title=\"CHILI \/ Sur la piste vers le paso Agua Negra (4780m)\" data-image-description=\"\" data-medium-file=\"https:\/\/i0.wp.com\/songkol.com\/WordPress3\/wp-content\/uploads\/2014\/04\/verspasoaguanegra51.jpg?fit=300%2C225\" data-large-file=\"https:\/\/i0.wp.com\/songkol.com\/WordPress3\/wp-content\/uploads\/2014\/04\/verspasoaguanegra51.jpg?fit=768%2C576\" src=\"https:\/\/i0.wp.com\/songkol.com\/WordPress3\/wp-content\/uploads\/2014\/04\/verspasoaguanegra51.jpg?w=356&#038;h=267\" width=\"356\" height=\"267\" data-original-width=\"356\" data-original-height=\"267\" itemprop=\"http:\/\/schema.org\/image\" title=\"CHILI \/ Sur la piste vers le paso Agua Negra (4780m)\" alt=\"CHILI \/ Sur la piste vers le paso Agua Negra (4780m)\" style=\"width: 356px; height: 267px;\" \/> <\/a> <div class=\"tiled-gallery-caption\" itemprop=\"caption description\"> CHILI \/ Sur la piste vers le paso Agua Negra (4780m) <\/div> <\/div> <\/div> <!-- close group --> <div class=\"gallery-group images-1\" style=\"width: 408px; height: 542px;\" data-original-width=\"408\" data-original-height=\"542\" > <div class=\"tiled-gallery-item tiled-gallery-item-large\" itemprop=\"associatedMedia\" itemscope itemtype=\"http:\/\/schema.org\/ImageObject\"> <a href=\"http:\/\/songkol.com\/WordPress3\/verspasoaguanegra11\/\" border=\"0\" itemprop=\"url\"> <meta itemprop=\"width\" content=\"404\"> <meta itemprop=\"height\" content=\"538\"> <img data-attachment-id=\"1771\" data-orig-file=\"http:\/\/songkol.com\/WordPress3\/wp-content\/uploads\/2014\/04\/verspasoaguanegra11.jpg\" data-orig-size=\"960,1280\" data-comments-opened=\"1\" data-image-meta=\"{&quot;aperture&quot;:&quot;4.5&quot;,&quot;credit&quot;:&quot;&quot;,&quot;camera&quot;:&quot;DSC-HX50V&quot;,&quot;caption&quot;:&quot;&quot;,&quot;created_timestamp&quot;:&quot;1397905146&quot;,&quot;copyright&quot;:&quot;&quot;,&quot;focal_length&quot;:&quot;6.87&quot;,&quot;iso&quot;:&quot;80&quot;,&quot;shutter_speed&quot;:&quot;0.0015625&quot;,&quot;title&quot;:&quot;&quot;}\" data-image-title=\"CHILI \/ Sur la piste vers le paso Agua Negra (4780m)\" data-image-description=\"\" data-medium-file=\"https:\/\/i0.wp.com\/songkol.com\/WordPress3\/wp-content\/uploads\/2014\/04\/verspasoaguanegra11.jpg?fit=225%2C300\" data-large-file=\"https:\/\/i0.wp.com\/songkol.com\/WordPress3\/wp-content\/uploads\/2014\/04\/verspasoaguanegra11.jpg?fit=768%2C1024\" src=\"https:\/\/i0.wp.com\/songkol.com\/WordPress3\/wp-content\/uploads\/2014\/04\/verspasoaguanegra11.jpg?w=404&#038;h=538\" width=\"404\" height=\"538\" data-original-width=\"404\" data-original-height=\"538\" itemprop=\"http:\/\/schema.org\/image\" title=\"CHILI \/ Sur la piste vers le paso Agua Negra (4780m)\" alt=\"CHILI \/ Sur la piste vers le paso Agua Negra (4780m)\" style=\"width: 404px; height: 538px;\" \/> <\/a> <div class=\"tiled-gallery-caption\" itemprop=\"caption description\"> CHILI \/ Sur la piste vers le paso Agua Negra (4780m) <\/div> <\/div> <\/div> <!-- close group --> <\/div> <!-- close row --> <div class=\"gallery-row\" style=\"width: 768px; height: 513px;\" data-original-width=\"768\" data-original-height=\"513\" > <div class=\"gallery-group images-1\" style=\"width: 386px; height: 513px;\" data-original-width=\"386\" data-original-height=\"513\" > <div class=\"tiled-gallery-item tiled-gallery-item-large\" itemprop=\"associatedMedia\" itemscope itemtype=\"http:\/\/schema.org\/ImageObject\"> <a href=\"http:\/\/songkol.com\/WordPress3\/verspasoaguanegra12\/\" border=\"0\" itemprop=\"url\"> <meta itemprop=\"width\" content=\"382\"> <meta itemprop=\"height\" content=\"509\"> <img data-attachment-id=\"1770\" data-orig-file=\"http:\/\/songkol.com\/WordPress3\/wp-content\/uploads\/2014\/04\/verspasoaguanegra12.jpg\" data-orig-size=\"960,1280\" data-comments-opened=\"1\" data-image-meta=\"{&quot;aperture&quot;:&quot;3.5&quot;,&quot;credit&quot;:&quot;&quot;,&quot;camera&quot;:&quot;DSC-HX50V&quot;,&quot;caption&quot;:&quot;&quot;,&quot;created_timestamp&quot;:&quot;1397905211&quot;,&quot;copyright&quot;:&quot;&quot;,&quot;focal_length&quot;:&quot;4.3&quot;,&quot;iso&quot;:&quot;80&quot;,&quot;shutter_speed&quot;:&quot;0.0008&quot;,&quot;title&quot;:&quot;&quot;}\" data-image-title=\"CHILI \/ Sur la piste vers le paso Agua Negra (4780m)\" data-image-description=\"\" data-medium-file=\"https:\/\/i0.wp.com\/songkol.com\/WordPress3\/wp-content\/uploads\/2014\/04\/verspasoaguanegra12.jpg?fit=225%2C300\" data-large-file=\"https:\/\/i0.wp.com\/songkol.com\/WordPress3\/wp-content\/uploads\/2014\/04\/verspasoaguanegra12.jpg?fit=768%2C1024\" src=\"https:\/\/i0.wp.com\/songkol.com\/WordPress3\/wp-content\/uploads\/2014\/04\/verspasoaguanegra12.jpg?w=382&#038;h=509\" width=\"382\" height=\"509\" data-original-width=\"382\" data-original-height=\"509\" itemprop=\"http:\/\/schema.org\/image\" title=\"CHILI \/ Sur la piste vers le paso Agua Negra (4780m)\" alt=\"CHILI \/ Sur la piste vers le paso Agua Negra (4780m)\" style=\"width: 382px; height: 509px;\" \/> <\/a> <div class=\"tiled-gallery-caption\" itemprop=\"caption description\"> CHILI \/ Sur la piste vers le paso Agua Negra (4780m) <\/div> <\/div> <\/div> <!-- close group --> <div class=\"gallery-group images-2\" style=\"width: 382px; height: 513px;\" data-original-width=\"382\" data-original-height=\"513\" > <div class=\"tiled-gallery-item tiled-gallery-item-large\" itemprop=\"associatedMedia\" itemscope itemtype=\"http:\/\/schema.org\/ImageObject\"> <a href=\"http:\/\/songkol.com\/WordPress3\/preparatifs\/bons-plans-par-pays\/paso5\/\" border=\"0\" itemprop=\"url\"> <meta itemprop=\"width\" content=\"378\"> <meta itemprop=\"height\" content=\"252\"> <img data-attachment-id=\"1769\" data-orig-file=\"http:\/\/songkol.com\/WordPress3\/wp-content\/uploads\/2014\/04\/Paso5.jpg\" data-orig-size=\"1024,683\" data-comments-opened=\"1\" data-image-meta=\"{&quot;aperture&quot;:&quot;18&quot;,&quot;credit&quot;:&quot;&quot;,&quot;camera&quot;:&quot;Canon EOS 5D&quot;,&quot;caption&quot;:&quot;&quot;,&quot;created_timestamp&quot;:&quot;1397905404&quot;,&quot;copyright&quot;:&quot;&quot;,&quot;focal_length&quot;:&quot;17&quot;,&quot;iso&quot;:&quot;800&quot;,&quot;shutter_speed&quot;:&quot;0.00125&quot;,&quot;title&quot;:&quot;&quot;}\" data-image-title=\"CHILI \/ le paso Agua Negra (4780m)\" data-image-description=\"\" data-medium-file=\"https:\/\/i0.wp.com\/songkol.com\/WordPress3\/wp-content\/uploads\/2014\/04\/Paso5.jpg?fit=300%2C200\" data-large-file=\"https:\/\/i0.wp.com\/songkol.com\/WordPress3\/wp-content\/uploads\/2014\/04\/Paso5.jpg?fit=768%2C512\" src=\"https:\/\/i0.wp.com\/songkol.com\/WordPress3\/wp-content\/uploads\/2014\/04\/Paso5.jpg?w=378&#038;h=252\" width=\"378\" height=\"252\" data-original-width=\"378\" data-original-height=\"252\" itemprop=\"http:\/\/schema.org\/image\" title=\"CHILI \/ le paso Agua Negra (4780m)\" alt=\"Fronti\u00e8re g\u00e9ographique \u00e0 4780 m d&#039;altitude. Les deux fronti\u00e8res administratives sont de chaque c\u00f4t\u00e9s \u00e0 80 km \u00e0 2000 m d&#039;altitude\" style=\"width: 378px; height: 252px;\" \/> <\/a> <div class=\"tiled-gallery-caption\" itemprop=\"caption description\"> Fronti\u00e8re g\u00e9ographique \u00e0 4780 m d&rsquo;altitude. Les deux fronti\u00e8res administratives sont de chaque c\u00f4t\u00e9s \u00e0 80 km \u00e0 2000 m d&rsquo;altitude <\/div> <\/div> <div class=\"tiled-gallery-item tiled-gallery-item-large\" itemprop=\"associatedMedia\" itemscope itemtype=\"http:\/\/schema.org\/ImageObject\"> <a href=\"http:\/\/songkol.com\/WordPress3\/paso4\/\" border=\"0\" itemprop=\"url\"> <meta itemprop=\"width\" content=\"378\"> <meta itemprop=\"height\" content=\"253\"> <img data-attachment-id=\"1768\" data-orig-file=\"http:\/\/songkol.com\/WordPress3\/wp-content\/uploads\/2014\/04\/Paso4.jpg\" data-orig-size=\"1024,683\" data-comments-opened=\"1\" data-image-meta=\"{&quot;aperture&quot;:&quot;16&quot;,&quot;credit&quot;:&quot;&quot;,&quot;camera&quot;:&quot;Canon EOS 5D&quot;,&quot;caption&quot;:&quot;&quot;,&quot;created_timestamp&quot;:&quot;1397904963&quot;,&quot;copyright&quot;:&quot;&quot;,&quot;focal_length&quot;:&quot;17&quot;,&quot;iso&quot;:&quot;800&quot;,&quot;shutter_speed&quot;:&quot;0.002&quot;,&quot;title&quot;:&quot;&quot;}\" data-image-title=\"CHILI \/ Sur la piste vers le paso Agua Negra (4780m)\" data-image-description=\"\" data-medium-file=\"https:\/\/i0.wp.com\/songkol.com\/WordPress3\/wp-content\/uploads\/2014\/04\/Paso4.jpg?fit=300%2C200\" data-large-file=\"https:\/\/i0.wp.com\/songkol.com\/WordPress3\/wp-content\/uploads\/2014\/04\/Paso4.jpg?fit=768%2C512\" src=\"https:\/\/i0.wp.com\/songkol.com\/WordPress3\/wp-content\/uploads\/2014\/04\/Paso4.jpg?w=378&#038;h=253\" width=\"378\" height=\"253\" data-original-width=\"378\" data-original-height=\"253\" itemprop=\"http:\/\/schema.org\/image\" title=\"CHILI \/ Sur la piste vers le paso Agua Negra (4780m)\" alt=\"Paso Agua Negra : neiges \u00e9ternelles !\" style=\"width: 378px; height: 253px;\" \/> <\/a> <div class=\"tiled-gallery-caption\" itemprop=\"caption description\"> Paso Agua Negra : neiges \u00e9ternelles ! <\/div> <\/div> <\/div> <!-- close group --> <\/div> <!-- close row --> <div class=\"gallery-row\" style=\"width: 768px; height: 615px;\" data-original-width=\"768\" data-original-height=\"615\" > <div class=\"gallery-group images-3\" style=\"width: 306px; height: 615px;\" data-original-width=\"306\" data-original-height=\"615\" > <div class=\"tiled-gallery-item tiled-gallery-item-large\" itemprop=\"associatedMedia\" itemscope itemtype=\"http:\/\/schema.org\/ImageObject\"> <a href=\"http:\/\/songkol.com\/WordPress3\/paso3\/\" border=\"0\" itemprop=\"url\"> <meta itemprop=\"width\" content=\"302\"> <meta itemprop=\"height\" content=\"201\"> <img data-attachment-id=\"1767\" data-orig-file=\"http:\/\/songkol.com\/WordPress3\/wp-content\/uploads\/2014\/04\/Paso3.jpg\" data-orig-size=\"1024,683\" data-comments-opened=\"1\" data-image-meta=\"{&quot;aperture&quot;:&quot;16&quot;,&quot;credit&quot;:&quot;&quot;,&quot;camera&quot;:&quot;Canon EOS 5D&quot;,&quot;caption&quot;:&quot;&quot;,&quot;created_timestamp&quot;:&quot;1397903063&quot;,&quot;copyright&quot;:&quot;&quot;,&quot;focal_length&quot;:&quot;17&quot;,&quot;iso&quot;:&quot;800&quot;,&quot;shutter_speed&quot;:&quot;0.002&quot;,&quot;title&quot;:&quot;&quot;}\" data-image-title=\"CHILI \/ Sur la piste vers le paso Agua Negra (4780m)\" data-image-description=\"\" data-medium-file=\"https:\/\/i0.wp.com\/songkol.com\/WordPress3\/wp-content\/uploads\/2014\/04\/Paso3.jpg?fit=300%2C200\" data-large-file=\"https:\/\/i0.wp.com\/songkol.com\/WordPress3\/wp-content\/uploads\/2014\/04\/Paso3.jpg?fit=768%2C512\" src=\"https:\/\/i0.wp.com\/songkol.com\/WordPress3\/wp-content\/uploads\/2014\/04\/Paso3.jpg?w=302&#038;h=201\" width=\"302\" height=\"201\" data-original-width=\"302\" data-original-height=\"201\" itemprop=\"http:\/\/schema.org\/image\" title=\"CHILI \/ Sur la piste vers le paso Agua Negra (4780m)\" alt=\"Paso Agua Negra : en route vers l&#039;Argentine\" style=\"width: 302px; height: 201px;\" \/> <\/a> <div class=\"tiled-gallery-caption\" itemprop=\"caption description\"> Paso Agua Negra : en route vers l&rsquo;Argentine <\/div> <\/div> <div class=\"tiled-gallery-item tiled-gallery-item-large\" itemprop=\"associatedMedia\" itemscope itemtype=\"http:\/\/schema.org\/ImageObject\"> <a href=\"http:\/\/songkol.com\/WordPress3\/paso2\/\" border=\"0\" itemprop=\"url\"> <meta itemprop=\"width\" content=\"302\"> <meta itemprop=\"height\" content=\"201\"> <img data-attachment-id=\"1766\" data-orig-file=\"http:\/\/songkol.com\/WordPress3\/wp-content\/uploads\/2014\/04\/Paso2.jpg\" data-orig-size=\"1024,683\" data-comments-opened=\"1\" data-image-meta=\"{&quot;aperture&quot;:&quot;14&quot;,&quot;credit&quot;:&quot;&quot;,&quot;camera&quot;:&quot;Canon EOS 5D&quot;,&quot;caption&quot;:&quot;&quot;,&quot;created_timestamp&quot;:&quot;1397901131&quot;,&quot;copyright&quot;:&quot;&quot;,&quot;focal_length&quot;:&quot;40&quot;,&quot;iso&quot;:&quot;800&quot;,&quot;shutter_speed&quot;:&quot;0.0025&quot;,&quot;title&quot;:&quot;&quot;}\" data-image-title=\"CHILI \/ Sur la piste vers le paso Agua Negra (4780m)\" data-image-description=\"\" data-medium-file=\"https:\/\/i0.wp.com\/songkol.com\/WordPress3\/wp-content\/uploads\/2014\/04\/Paso2.jpg?fit=300%2C200\" data-large-file=\"https:\/\/i0.wp.com\/songkol.com\/WordPress3\/wp-content\/uploads\/2014\/04\/Paso2.jpg?fit=768%2C512\" src=\"https:\/\/i0.wp.com\/songkol.com\/WordPress3\/wp-content\/uploads\/2014\/04\/Paso2.jpg?w=302&#038;h=201\" width=\"302\" height=\"201\" data-original-width=\"302\" data-original-height=\"201\" itemprop=\"http:\/\/schema.org\/image\" title=\"CHILI \/ Sur la piste vers le paso Agua Negra (4780m)\" alt=\"Paso Agua Negra : en route vers l&#039;Argentine\" style=\"width: 302px; height: 201px;\" \/> <\/a> <div class=\"tiled-gallery-caption\" itemprop=\"caption description\"> Paso Agua Negra : en route vers l&rsquo;Argentine <\/div> <\/div> <div class=\"tiled-gallery-item tiled-gallery-item-large\" itemprop=\"associatedMedia\" itemscope itemtype=\"http:\/\/schema.org\/ImageObject\"> <a href=\"http:\/\/songkol.com\/WordPress3\/paso1\/\" border=\"0\" itemprop=\"url\"> <meta itemprop=\"width\" content=\"302\"> <meta itemprop=\"height\" content=\"201\"> <img data-attachment-id=\"1765\" data-orig-file=\"http:\/\/songkol.com\/WordPress3\/wp-content\/uploads\/2014\/04\/Paso1.jpg\" data-orig-size=\"1024,683\" data-comments-opened=\"1\" data-image-meta=\"{&quot;aperture&quot;:&quot;11&quot;,&quot;credit&quot;:&quot;&quot;,&quot;camera&quot;:&quot;Canon EOS 5D&quot;,&quot;caption&quot;:&quot;&quot;,&quot;created_timestamp&quot;:&quot;1397842462&quot;,&quot;copyright&quot;:&quot;&quot;,&quot;focal_length&quot;:&quot;17&quot;,&quot;iso&quot;:&quot;800&quot;,&quot;shutter_speed&quot;:&quot;0.003125&quot;,&quot;title&quot;:&quot;&quot;}\" data-image-title=\"CHILI \/ Sur la piste vers le paso Agua Negra (4780m)\" data-image-description=\"\" data-medium-file=\"https:\/\/i0.wp.com\/songkol.com\/WordPress3\/wp-content\/uploads\/2014\/04\/Paso1.jpg?fit=300%2C200\" data-large-file=\"https:\/\/i0.wp.com\/songkol.com\/WordPress3\/wp-content\/uploads\/2014\/04\/Paso1.jpg?fit=768%2C512\" src=\"https:\/\/i0.wp.com\/songkol.com\/WordPress3\/wp-content\/uploads\/2014\/04\/Paso1.jpg?w=302&#038;h=201\" width=\"302\" height=\"201\" data-original-width=\"302\" data-original-height=\"201\" itemprop=\"http:\/\/schema.org\/image\" title=\"CHILI \/ Sur la piste vers le paso Agua Negra (4780m)\" alt=\"Paso Agua Negra : bivouac \u00e0 2600 m\" style=\"width: 302px; height: 201px;\" \/> <\/a> <div class=\"tiled-gallery-caption\" itemprop=\"caption description\"> Paso Agua Negra : bivouac \u00e0 2600 m <\/div> <\/div> <\/div> <!-- close group --> <div class=\"gallery-group images-1\" style=\"width: 462px; height: 615px;\" data-original-width=\"462\" data-original-height=\"615\" > <div class=\"tiled-gallery-item tiled-gallery-item-large\" itemprop=\"associatedMedia\" itemscope itemtype=\"http:\/\/schema.org\/ImageObject\"> <a href=\"http:\/\/songkol.com\/WordPress3\/blog\/2014\/04\/18\/chili-argentine-paso-agua-negra-ca-passe\/verspasoaguanegra2\/\" border=\"0\" itemprop=\"url\"> <meta itemprop=\"width\" content=\"458\"> <meta itemprop=\"height\" content=\"611\"> <img data-attachment-id=\"1793\" data-orig-file=\"http:\/\/songkol.com\/WordPress3\/wp-content\/uploads\/2014\/04\/verspasoaguanegra2.jpg\" data-orig-size=\"960,1280\" data-comments-opened=\"1\" data-image-meta=\"{&quot;aperture&quot;:&quot;4.5&quot;,&quot;credit&quot;:&quot;&quot;,&quot;camera&quot;:&quot;DSC-HX50V&quot;,&quot;caption&quot;:&quot;&quot;,&quot;created_timestamp&quot;:&quot;1397841684&quot;,&quot;copyright&quot;:&quot;&quot;,&quot;focal_length&quot;:&quot;4.84&quot;,&quot;iso&quot;:&quot;80&quot;,&quot;shutter_speed&quot;:&quot;0.000625&quot;,&quot;title&quot;:&quot;&quot;}\" data-image-title=\"verspasoaguanegra&#038;2\" data-image-description=\"\" data-medium-file=\"https:\/\/i0.wp.com\/songkol.com\/WordPress3\/wp-content\/uploads\/2014\/04\/verspasoaguanegra2.jpg?fit=225%2C300\" data-large-file=\"https:\/\/i0.wp.com\/songkol.com\/WordPress3\/wp-content\/uploads\/2014\/04\/verspasoaguanegra2.jpg?fit=768%2C1024\" src=\"https:\/\/i0.wp.com\/songkol.com\/WordPress3\/wp-content\/uploads\/2014\/04\/verspasoaguanegra2.jpg?w=458&#038;h=611\" width=\"458\" height=\"611\" data-original-width=\"458\" data-original-height=\"611\" itemprop=\"http:\/\/schema.org\/image\" title=\"verspasoaguanegra&amp;2\" alt=\"Lionel s&#039;est achet\u00e9 un bleu de travail expr\u00e8s pour passer sous le camion!\" style=\"width: 458px; height: 611px;\" \/> <\/a> <div class=\"tiled-gallery-caption\" itemprop=\"caption description\"> Lionel s&rsquo;est achet\u00e9 un bleu de travail expr\u00e8s pour passer sous le camion! <\/div> <\/div> <\/div> <!-- close group --> <\/div> <!-- close row --> <\/div>\n","protected":false},"excerpt":{"rendered":"<p>Aujourd&rsquo;hui est un jour important puisque nous allons nous frotter pour la premi\u00e8re fois \u00e0 une altitude \u00e9lev\u00e9e. Il s&rsquo;agit de rejoindre l&rsquo;Argentine via le paso Agua Negra, \u00e0 4780 m, qui compte parmi les passages andins les plus hauts. Nous sommes particuli\u00e8rement attentifs \u00e0 Anna et Nils pour voir comment ils r\u00e9agissent \u00e0 l&rsquo;altitude. [&hellip;]<\/p>\n","protected":false},"author":3,"featured_media":0,"comment_status":"open","ping_status":"open","sticky":false,"template":"","format":"standard","meta":{"spay_email":"","jetpack_publicize_message":"","jetpack_is_tweetstorm":false,"jetpack_publicize_feature_enabled":true},"categories":[6,8],"tags":[],"jetpack_featured_media_url":"","jetpack_publicize_connections":[],"jetpack_sharing_enabled":true,"jetpack_shortlink":"https:\/\/wp.me\/p4uy6M-sU","jetpack_likes_enabled":true,"_links":{"self":[{"href":"http:\/\/songkol.com\/WordPress3\/wp-json\/wp\/v2\/posts\/1792"}],"collection":[{"href":"http:\/\/songkol.com\/WordPress3\/wp-json\/wp\/v2\/posts"}],"about":[{"href":"http:\/\/songkol.com\/WordPress3\/wp-json\/wp\/v2\/types\/post"}],"author":[{"embeddable":true,"href":"http:\/\/songkol.com\/WordPress3\/wp-json\/wp\/v2\/users\/3"}],"replies":[{"embeddable":true,"href":"http:\/\/songkol.com\/WordPress3\/wp-json\/wp\/v2\/comments?post=1792"}],"version-history":[{"count":2,"href":"http:\/\/songkol.com\/WordPress3\/wp-json\/wp\/v2\/posts\/1792\/revisions"}],"predecessor-version":[{"id":1795,"href":"http:\/\/songkol.com\/WordPress3\/wp-json\/wp\/v2\/posts\/1792\/revisions\/1795"}],"wp:attachment":[{"href":"http:\/\/songkol.com\/WordPress3\/wp-json\/wp\/v2\/media?parent=1792"}],"wp:term":[{"taxonomy":"category","embeddable":true,"href":"http:\/\/songkol.com\/WordPress3\/wp-json\/wp\/v2\/categories?post=1792"},{"taxonomy":"post_tag","embeddable":true,"href":"http:\/\/songkol.com\/WordPress3\/wp-json\/wp\/v2\/tags?post=1792"}],"curies":[{"name":"wp","href":"https:\/\/api.w.org\/{rel}","templated":true}]}}