{"id":1786,"date":"2014-04-17T14:29:12","date_gmt":"2014-04-17T17:29:12","guid":{"rendered":"http:\/\/songkol.com\/WordPress3\/?p=1786"},"modified":"2014-04-20T14:42:06","modified_gmt":"2014-04-20T17:42:06","slug":"elqui-ici-jaillit-le-pisco","status":"publish","type":"post","link":"http:\/\/songkol.com\/WordPress3\/blog\/2014\/04\/17\/elqui-ici-jaillit-le-pisco\/","title":{"rendered":"Elqui, ici jaillit le pisco"},"content":{"rendered":"<p>C&rsquo;est une vall\u00e9e o\u00f9 il ne pleut que 6 jours par an (et encore, pas tous les ans et pas cette ann\u00e9e), les cactus sont l\u00e0 pour en t\u00e9moigner. Malgr\u00e9 cela, au fond de cette vall\u00e9e coule une rivi\u00e8re qui assure l&rsquo;irrigation de dizaines d&rsquo;hectares de vignes\u2026 C&rsquo;est ici que les Chiliens font pousser le fameux pisco, c\u00e9page absolu de leur non moins fameux cocktail d\u00e9nomm\u00e9 pisco sur. Ahurissant spectacle de voir, l\u00e0, en-haut de la montagne, une roche rouge, cassante o\u00f9 quasiment rien ne pousse et l\u00e0, en bas, une coul\u00e9e verte de vignes\u2026Le contraste est saisissant.<br \/>\nNous passerons une nuit autour de la plaza de Armas de Vicuna puis une autre dans le camping \u00ab\u00a0Refugio el angel\u00a0\u00bb dont la descente tr\u00e8s raide, et donc la remont\u00e9e aussi, donnera \u00e0 Lionel des envies de ne pas recommencer, rapport au camping-car! Mais charmante rivi\u00e8re en bas du camping, heures tranquilles pour les enfants (et pour nous!) et petit ap\u00e9ro franco-fran\u00e7ais avec Charlotte et Jean-Baptiste en vadrouille entre le Chili et l&rsquo;Argentine avant de rejoindre l&rsquo;Asie pour quelques mois de plus.<br \/>\nLionel et Anna passeront leur derni\u00e8re soir\u00e9e dans la vall\u00e9e \u00e0 regarder les \u00e9toiles depuis l&rsquo;observatoire El Pangue (pas de panique mon tour viendra!). Malheureusement quelques nuages et peut-\u00eatre un petit manque de \u00ab\u00a0magie\u00a0\u00bb dans la mise en sc\u00e8ne\u00a0 ne leur auront pas permis d&rsquo;aller au 7e ciel.<\/p>\n<div class=\"tiled-gallery type-rectangular tiled-gallery-unresized\" data-original-width=\"768\" data-carousel-extra='{&quot;blog_id&quot;:1,&quot;permalink&quot;:&quot;http:\\\/\\\/songkol.com\\\/WordPress3\\\/blog\\\/2014\\\/04\\\/17\\\/elqui-ici-jaillit-le-pisco\\\/&quot;,&quot;likes_blog_id&quot;:66386300}' itemscope itemtype=\"http:\/\/schema.org\/ImageGallery\" > <div class=\"gallery-row\" style=\"width: 768px; height: 376px;\" data-original-width=\"768\" data-original-height=\"376\" > <div class=\"gallery-group images-1\" style=\"width: 252px; height: 376px;\" data-original-width=\"252\" data-original-height=\"376\" > <div class=\"tiled-gallery-item tiled-gallery-item-small\" itemprop=\"associatedMedia\" itemscope itemtype=\"http:\/\/schema.org\/ImageObject\"> <a href=\"http:\/\/songkol.com\/WordPress3\/elqui10\/\" border=\"0\" itemprop=\"url\"> <meta itemprop=\"width\" content=\"248\"> <meta itemprop=\"height\" content=\"372\"> <img data-attachment-id=\"1751\" data-orig-file=\"http:\/\/songkol.com\/WordPress3\/wp-content\/uploads\/2014\/04\/Elqui10.jpg\" data-orig-size=\"683,1024\" data-comments-opened=\"1\" data-image-meta=\"{&quot;aperture&quot;:&quot;14&quot;,&quot;credit&quot;:&quot;&quot;,&quot;camera&quot;:&quot;Canon EOS 5D&quot;,&quot;caption&quot;:&quot;&quot;,&quot;created_timestamp&quot;:&quot;1397662215&quot;,&quot;copyright&quot;:&quot;&quot;,&quot;focal_length&quot;:&quot;40&quot;,&quot;iso&quot;:&quot;400&quot;,&quot;shutter_speed&quot;:&quot;0.0025&quot;,&quot;title&quot;:&quot;&quot;}\" data-image-title=\"VALLE DE ELQUI \/ Culture du pisco\" data-image-description=\"\" data-medium-file=\"https:\/\/i0.wp.com\/songkol.com\/WordPress3\/wp-content\/uploads\/2014\/04\/Elqui10.jpg?fit=200%2C300\" data-large-file=\"https:\/\/i0.wp.com\/songkol.com\/WordPress3\/wp-content\/uploads\/2014\/04\/Elqui10.jpg?fit=683%2C1024\" src=\"https:\/\/i0.wp.com\/songkol.com\/WordPress3\/wp-content\/uploads\/2014\/04\/Elqui10.jpg?w=248&#038;h=372\" width=\"248\" height=\"372\" data-original-width=\"248\" data-original-height=\"372\" itemprop=\"http:\/\/schema.org\/image\" title=\"VALLE DE ELQUI \/ Culture du pisco\" alt=\"VALLE DE ELQUI \/ Culture du pisco\" style=\"width: 248px; height: 372px;\" \/> <\/a> <div class=\"tiled-gallery-caption\" itemprop=\"caption description\"> VALLE DE ELQUI \/ Culture du pisco <\/div> <\/div> <\/div> <!-- close group --> <div class=\"gallery-group images-2\" style=\"width: 264px; height: 376px;\" data-original-width=\"264\" data-original-height=\"376\" > <div class=\"tiled-gallery-item tiled-gallery-item-large\" itemprop=\"associatedMedia\" itemscope itemtype=\"http:\/\/schema.org\/ImageObject\"> <a href=\"http:\/\/songkol.com\/WordPress3\/elqui11\/\" border=\"0\" itemprop=\"url\"> <meta itemprop=\"width\" content=\"260\"> <meta itemprop=\"height\" content=\"173\"> <img data-attachment-id=\"1752\" data-orig-file=\"http:\/\/songkol.com\/WordPress3\/wp-content\/uploads\/2014\/04\/Elqui11.jpg\" data-orig-size=\"1024,683\" data-comments-opened=\"1\" data-image-meta=\"{&quot;aperture&quot;:&quot;16&quot;,&quot;credit&quot;:&quot;&quot;,&quot;camera&quot;:&quot;Canon EOS 5D&quot;,&quot;caption&quot;:&quot;&quot;,&quot;created_timestamp&quot;:&quot;1397663080&quot;,&quot;copyright&quot;:&quot;&quot;,&quot;focal_length&quot;:&quot;40&quot;,&quot;iso&quot;:&quot;400&quot;,&quot;shutter_speed&quot;:&quot;0.002&quot;,&quot;title&quot;:&quot;&quot;}\" data-image-title=\"VALLE DE ELQUI \/ Culture du pisco\" data-image-description=\"\" data-medium-file=\"https:\/\/i0.wp.com\/songkol.com\/WordPress3\/wp-content\/uploads\/2014\/04\/Elqui11.jpg?fit=300%2C200\" data-large-file=\"https:\/\/i0.wp.com\/songkol.com\/WordPress3\/wp-content\/uploads\/2014\/04\/Elqui11.jpg?fit=768%2C512\" src=\"https:\/\/i0.wp.com\/songkol.com\/WordPress3\/wp-content\/uploads\/2014\/04\/Elqui11.jpg?w=260&#038;h=173\" width=\"260\" height=\"173\" data-original-width=\"260\" data-original-height=\"173\" itemprop=\"http:\/\/schema.org\/image\" title=\"VALLE DE ELQUI \/ Culture du pisco\" alt=\"VALLE DE ELQUI \/ Culture du pisco\" style=\"width: 260px; height: 173px;\" \/> <\/a> <div class=\"tiled-gallery-caption\" itemprop=\"caption description\"> VALLE DE ELQUI \/ Culture du pisco <\/div> <\/div> <div class=\"tiled-gallery-item tiled-gallery-item-large\" itemprop=\"associatedMedia\" itemscope itemtype=\"http:\/\/schema.org\/ImageObject\"> <a href=\"http:\/\/songkol.com\/WordPress3\/blog\/2014\/04\/17\/elqui-ici-jaillit-le-pisco\/elqui4\/\" border=\"0\" itemprop=\"url\"> <meta itemprop=\"width\" content=\"260\"> <meta itemprop=\"height\" content=\"195\"> <img data-attachment-id=\"1788\" data-orig-file=\"http:\/\/songkol.com\/WordPress3\/wp-content\/uploads\/2014\/04\/elqui4.jpg\" data-orig-size=\"1280,960\" data-comments-opened=\"1\" data-image-meta=\"{&quot;aperture&quot;:&quot;6.3&quot;,&quot;credit&quot;:&quot;&quot;,&quot;camera&quot;:&quot;DSC-HX50V&quot;,&quot;caption&quot;:&quot;&quot;,&quot;created_timestamp&quot;:&quot;1397749613&quot;,&quot;copyright&quot;:&quot;&quot;,&quot;focal_length&quot;:&quot;42.26&quot;,&quot;iso&quot;:&quot;125&quot;,&quot;shutter_speed&quot;:&quot;0.004&quot;,&quot;title&quot;:&quot;&quot;}\" data-image-title=\"VALLE DE ELQUI \/ Culture du pisco\" data-image-description=\"\" data-medium-file=\"https:\/\/i0.wp.com\/songkol.com\/WordPress3\/wp-content\/uploads\/2014\/04\/elqui4.jpg?fit=300%2C225\" data-large-file=\"https:\/\/i0.wp.com\/songkol.com\/WordPress3\/wp-content\/uploads\/2014\/04\/elqui4.jpg?fit=768%2C576\" src=\"https:\/\/i0.wp.com\/songkol.com\/WordPress3\/wp-content\/uploads\/2014\/04\/elqui4.jpg?w=260&#038;h=195\" width=\"260\" height=\"195\" data-original-width=\"260\" data-original-height=\"195\" itemprop=\"http:\/\/schema.org\/image\" title=\"VALLE DE ELQUI \/ Culture du pisco\" alt=\"VALLE DE ELQUI \/ Culture du pisco\" style=\"width: 260px; height: 195px;\" \/> <\/a> <div class=\"tiled-gallery-caption\" itemprop=\"caption description\"> VALLE DE ELQUI \/ Culture du pisco <\/div> <\/div> <\/div> <!-- close group --> <div class=\"gallery-group images-1\" style=\"width: 252px; height: 376px;\" data-original-width=\"252\" data-original-height=\"376\" > <div class=\"tiled-gallery-item tiled-gallery-item-small\" itemprop=\"associatedMedia\" itemscope itemtype=\"http:\/\/schema.org\/ImageObject\"> <a href=\"http:\/\/songkol.com\/WordPress3\/elqui12\/\" border=\"0\" itemprop=\"url\"> <meta itemprop=\"width\" content=\"248\"> <meta itemprop=\"height\" content=\"372\"> <img data-attachment-id=\"1753\" data-orig-file=\"http:\/\/songkol.com\/WordPress3\/wp-content\/uploads\/2014\/04\/Elqui12.jpg\" data-orig-size=\"683,1024\" data-comments-opened=\"1\" data-image-meta=\"{&quot;aperture&quot;:&quot;6.3&quot;,&quot;credit&quot;:&quot;&quot;,&quot;camera&quot;:&quot;Canon EOS 5D&quot;,&quot;caption&quot;:&quot;&quot;,&quot;created_timestamp&quot;:&quot;1397666930&quot;,&quot;copyright&quot;:&quot;&quot;,&quot;focal_length&quot;:&quot;17&quot;,&quot;iso&quot;:&quot;400&quot;,&quot;shutter_speed&quot;:&quot;0.0125&quot;,&quot;title&quot;:&quot;&quot;}\" data-image-title=\"VALLE DE ELQUI \/ bivouac dans un camping de Pisco Elqui\" data-image-description=\"\" data-medium-file=\"https:\/\/i0.wp.com\/songkol.com\/WordPress3\/wp-content\/uploads\/2014\/04\/Elqui12.jpg?fit=200%2C300\" data-large-file=\"https:\/\/i0.wp.com\/songkol.com\/WordPress3\/wp-content\/uploads\/2014\/04\/Elqui12.jpg?fit=683%2C1024\" src=\"https:\/\/i0.wp.com\/songkol.com\/WordPress3\/wp-content\/uploads\/2014\/04\/Elqui12.jpg?w=248&#038;h=372\" width=\"248\" height=\"372\" data-original-width=\"248\" data-original-height=\"372\" itemprop=\"http:\/\/schema.org\/image\" title=\"VALLE DE ELQUI \/ bivouac dans un camping de Pisco Elqui\" alt=\"VALLE DE ELQUI \/ bivouac dans un camping de Pisco Elqui\" style=\"width: 248px; height: 372px;\" \/> <\/a> <div class=\"tiled-gallery-caption\" itemprop=\"caption description\"> VALLE DE ELQUI \/ bivouac dans un camping de Pisco Elqui <\/div> <\/div> <\/div> <!-- close group --> <\/div> <!-- close row --> <div class=\"gallery-row\" style=\"width: 768px; height: 343px;\" data-original-width=\"768\" data-original-height=\"343\" > <div class=\"gallery-group images-1\" style=\"width: 513px; height: 343px;\" data-original-width=\"513\" data-original-height=\"343\" > <div class=\"tiled-gallery-item tiled-gallery-item-large\" itemprop=\"associatedMedia\" itemscope itemtype=\"http:\/\/schema.org\/ImageObject\"> <a href=\"http:\/\/songkol.com\/WordPress3\/elqui13\/\" border=\"0\" itemprop=\"url\"> <meta itemprop=\"width\" content=\"509\"> <meta itemprop=\"height\" content=\"339\"> <img data-attachment-id=\"1754\" data-orig-file=\"http:\/\/songkol.com\/WordPress3\/wp-content\/uploads\/2014\/04\/Elqui13.jpg\" data-orig-size=\"1024,683\" data-comments-opened=\"1\" data-image-meta=\"{&quot;aperture&quot;:&quot;13&quot;,&quot;credit&quot;:&quot;&quot;,&quot;camera&quot;:&quot;Canon EOS 5D&quot;,&quot;caption&quot;:&quot;&quot;,&quot;created_timestamp&quot;:&quot;1397751827&quot;,&quot;copyright&quot;:&quot;&quot;,&quot;focal_length&quot;:&quot;17&quot;,&quot;iso&quot;:&quot;400&quot;,&quot;shutter_speed&quot;:&quot;0.003125&quot;,&quot;title&quot;:&quot;&quot;}\" data-image-title=\"VALLE DE ELQUI \/ bivouac dans un camping de Pisco Elqui\" data-image-description=\"\" data-medium-file=\"https:\/\/i0.wp.com\/songkol.com\/WordPress3\/wp-content\/uploads\/2014\/04\/Elqui13.jpg?fit=300%2C200\" data-large-file=\"https:\/\/i0.wp.com\/songkol.com\/WordPress3\/wp-content\/uploads\/2014\/04\/Elqui13.jpg?fit=768%2C512\" src=\"https:\/\/i0.wp.com\/songkol.com\/WordPress3\/wp-content\/uploads\/2014\/04\/Elqui13.jpg?w=509&#038;h=339\" width=\"509\" height=\"339\" data-original-width=\"509\" data-original-height=\"339\" itemprop=\"http:\/\/schema.org\/image\" title=\"VALLE DE ELQUI \/ bivouac dans un camping de Pisco Elqui\" alt=\"VALLE DE ELQUI \/ bivouac dans un camping de Pisco Elqui\" style=\"width: 509px; height: 339px;\" \/> <\/a> <div class=\"tiled-gallery-caption\" itemprop=\"caption description\"> VALLE DE ELQUI \/ bivouac dans un camping de Pisco Elqui <\/div> <\/div> <\/div> <!-- close group --> <div class=\"gallery-group images-2\" style=\"width: 255px; height: 343px;\" data-original-width=\"255\" data-original-height=\"343\" > <div class=\"tiled-gallery-item tiled-gallery-item-large\" itemprop=\"associatedMedia\" itemscope itemtype=\"http:\/\/schema.org\/ImageObject\"> <a href=\"http:\/\/songkol.com\/WordPress3\/elqui14\/\" border=\"0\" itemprop=\"url\"> <meta itemprop=\"width\" content=\"251\"> <meta itemprop=\"height\" content=\"167\"> <img data-attachment-id=\"1755\" data-orig-file=\"http:\/\/songkol.com\/WordPress3\/wp-content\/uploads\/2014\/04\/Elqui14.jpg\" data-orig-size=\"1024,683\" data-comments-opened=\"1\" data-image-meta=\"{&quot;aperture&quot;:&quot;14&quot;,&quot;credit&quot;:&quot;&quot;,&quot;camera&quot;:&quot;Canon EOS 5D&quot;,&quot;caption&quot;:&quot;&quot;,&quot;created_timestamp&quot;:&quot;1397753349&quot;,&quot;copyright&quot;:&quot;&quot;,&quot;focal_length&quot;:&quot;17&quot;,&quot;iso&quot;:&quot;400&quot;,&quot;shutter_speed&quot;:&quot;0.0025&quot;,&quot;title&quot;:&quot;&quot;}\" data-image-title=\"VALLE DE ELQUI \/ Culture du pisco\" data-image-description=\"\" data-medium-file=\"https:\/\/i0.wp.com\/songkol.com\/WordPress3\/wp-content\/uploads\/2014\/04\/Elqui14.jpg?fit=300%2C200\" data-large-file=\"https:\/\/i0.wp.com\/songkol.com\/WordPress3\/wp-content\/uploads\/2014\/04\/Elqui14.jpg?fit=768%2C512\" src=\"https:\/\/i0.wp.com\/songkol.com\/WordPress3\/wp-content\/uploads\/2014\/04\/Elqui14.jpg?w=251&#038;h=167\" width=\"251\" height=\"167\" data-original-width=\"251\" data-original-height=\"167\" itemprop=\"http:\/\/schema.org\/image\" title=\"VALLE DE ELQUI \/ Culture du pisco\" alt=\"VALLE DE ELQUI \/ Culture du pisco\" style=\"width: 251px; height: 167px;\" \/> <\/a> <div class=\"tiled-gallery-caption\" itemprop=\"caption description\"> VALLE DE ELQUI \/ Culture du pisco <\/div> <\/div> <div class=\"tiled-gallery-item tiled-gallery-item-large\" itemprop=\"associatedMedia\" itemscope itemtype=\"http:\/\/schema.org\/ImageObject\"> <a href=\"http:\/\/songkol.com\/WordPress3\/elqui09\/\" border=\"0\" itemprop=\"url\"> <meta itemprop=\"width\" content=\"251\"> <meta itemprop=\"height\" content=\"168\"> <img data-attachment-id=\"1750\" data-orig-file=\"http:\/\/songkol.com\/WordPress3\/wp-content\/uploads\/2014\/04\/Elqui09.jpg\" data-orig-size=\"1024,683\" data-comments-opened=\"1\" data-image-meta=\"{&quot;aperture&quot;:&quot;11&quot;,&quot;credit&quot;:&quot;&quot;,&quot;camera&quot;:&quot;Canon EOS 5D&quot;,&quot;caption&quot;:&quot;&quot;,&quot;created_timestamp&quot;:&quot;1397659926&quot;,&quot;copyright&quot;:&quot;&quot;,&quot;focal_length&quot;:&quot;17&quot;,&quot;iso&quot;:&quot;400&quot;,&quot;shutter_speed&quot;:&quot;0.003125&quot;,&quot;title&quot;:&quot;&quot;}\" data-image-title=\"VALLE DE ELQUI \/ Culture du pisco\" data-image-description=\"\" data-medium-file=\"https:\/\/i0.wp.com\/songkol.com\/WordPress3\/wp-content\/uploads\/2014\/04\/Elqui09.jpg?fit=300%2C200\" data-large-file=\"https:\/\/i0.wp.com\/songkol.com\/WordPress3\/wp-content\/uploads\/2014\/04\/Elqui09.jpg?fit=768%2C512\" src=\"https:\/\/i0.wp.com\/songkol.com\/WordPress3\/wp-content\/uploads\/2014\/04\/Elqui09.jpg?w=251&#038;h=168\" width=\"251\" height=\"168\" data-original-width=\"251\" data-original-height=\"168\" itemprop=\"http:\/\/schema.org\/image\" title=\"VALLE DE ELQUI \/ Culture du pisco\" alt=\"VALLE DE ELQUI \/ Culture du pisco\" style=\"width: 251px; height: 168px;\" \/> <\/a> <div class=\"tiled-gallery-caption\" itemprop=\"caption description\"> VALLE DE ELQUI \/ Culture du pisco <\/div> <\/div> <\/div> <!-- close group --> <\/div> <!-- close row --> <div class=\"gallery-row\" style=\"width: 768px; height: 659px;\" data-original-width=\"768\" data-original-height=\"659\" > <div class=\"gallery-group images-3\" style=\"width: 327px; height: 659px;\" data-original-width=\"327\" data-original-height=\"659\" > <div class=\"tiled-gallery-item tiled-gallery-item-large\" itemprop=\"associatedMedia\" itemscope itemtype=\"http:\/\/schema.org\/ImageObject\"> <a href=\"http:\/\/songkol.com\/WordPress3\/elqui08\/\" border=\"0\" itemprop=\"url\"> <meta itemprop=\"width\" content=\"323\"> <meta itemprop=\"height\" content=\"215\"> <img data-attachment-id=\"1749\" data-orig-file=\"http:\/\/songkol.com\/WordPress3\/wp-content\/uploads\/2014\/04\/Elqui08.jpg\" data-orig-size=\"1024,683\" data-comments-opened=\"1\" data-image-meta=\"{&quot;aperture&quot;:&quot;14&quot;,&quot;credit&quot;:&quot;&quot;,&quot;camera&quot;:&quot;Canon EOS 5D&quot;,&quot;caption&quot;:&quot;&quot;,&quot;created_timestamp&quot;:&quot;1397659894&quot;,&quot;copyright&quot;:&quot;&quot;,&quot;focal_length&quot;:&quot;17&quot;,&quot;iso&quot;:&quot;400&quot;,&quot;shutter_speed&quot;:&quot;0.0025&quot;,&quot;title&quot;:&quot;&quot;}\" data-image-title=\"VALLE DE ELQUI \/ Culture du pisco\" data-image-description=\"\" data-medium-file=\"https:\/\/i0.wp.com\/songkol.com\/WordPress3\/wp-content\/uploads\/2014\/04\/Elqui08.jpg?fit=300%2C200\" data-large-file=\"https:\/\/i0.wp.com\/songkol.com\/WordPress3\/wp-content\/uploads\/2014\/04\/Elqui08.jpg?fit=768%2C512\" src=\"https:\/\/i0.wp.com\/songkol.com\/WordPress3\/wp-content\/uploads\/2014\/04\/Elqui08.jpg?w=323&#038;h=215\" width=\"323\" height=\"215\" data-original-width=\"323\" data-original-height=\"215\" itemprop=\"http:\/\/schema.org\/image\" title=\"VALLE DE ELQUI \/ Culture du pisco\" alt=\"VALLE DE ELQUI \/ Culture du pisco\" style=\"width: 323px; height: 215px;\" \/> <\/a> <div class=\"tiled-gallery-caption\" itemprop=\"caption description\"> VALLE DE ELQUI \/ Culture du pisco <\/div> <\/div> <div class=\"tiled-gallery-item tiled-gallery-item-large\" itemprop=\"associatedMedia\" itemscope itemtype=\"http:\/\/schema.org\/ImageObject\"> <a href=\"http:\/\/songkol.com\/WordPress3\/elqui07\/\" border=\"0\" itemprop=\"url\"> <meta itemprop=\"width\" content=\"323\"> <meta itemprop=\"height\" content=\"216\"> <img data-attachment-id=\"1748\" data-orig-file=\"http:\/\/songkol.com\/WordPress3\/wp-content\/uploads\/2014\/04\/Elqui07.jpg\" data-orig-size=\"1024,683\" data-comments-opened=\"1\" data-image-meta=\"{&quot;aperture&quot;:&quot;7.1&quot;,&quot;credit&quot;:&quot;&quot;,&quot;camera&quot;:&quot;Canon EOS 5D&quot;,&quot;caption&quot;:&quot;&quot;,&quot;created_timestamp&quot;:&quot;1397654136&quot;,&quot;copyright&quot;:&quot;&quot;,&quot;focal_length&quot;:&quot;40&quot;,&quot;iso&quot;:&quot;400&quot;,&quot;shutter_speed&quot;:&quot;0.01&quot;,&quot;title&quot;:&quot;&quot;}\" data-image-title=\"VILLASECA \/ Cuisine solaire\" data-image-description=\"\" data-medium-file=\"https:\/\/i0.wp.com\/songkol.com\/WordPress3\/wp-content\/uploads\/2014\/04\/Elqui07.jpg?fit=300%2C200\" data-large-file=\"https:\/\/i0.wp.com\/songkol.com\/WordPress3\/wp-content\/uploads\/2014\/04\/Elqui07.jpg?fit=768%2C512\" src=\"https:\/\/i0.wp.com\/songkol.com\/WordPress3\/wp-content\/uploads\/2014\/04\/Elqui07.jpg?w=323&#038;h=216\" width=\"323\" height=\"216\" data-original-width=\"323\" data-original-height=\"216\" itemprop=\"http:\/\/schema.org\/image\" title=\"VILLASECA \/ Cuisine solaire\" alt=\"Villaseca : la cuisine solaire a l&#039;air de plaire \u00e0 Nils :-)\" style=\"width: 323px; height: 216px;\" \/> <\/a> <div class=\"tiled-gallery-caption\" itemprop=\"caption description\"> Villaseca : la cuisine solaire a l&rsquo;air de plaire \u00e0 Nils \ud83d\ude42 <\/div> <\/div> <div class=\"tiled-gallery-item tiled-gallery-item-large\" itemprop=\"associatedMedia\" itemscope itemtype=\"http:\/\/schema.org\/ImageObject\"> <a href=\"http:\/\/songkol.com\/WordPress3\/elqui06\/\" border=\"0\" itemprop=\"url\"> <meta itemprop=\"width\" content=\"323\"> <meta itemprop=\"height\" content=\"216\"> <img data-attachment-id=\"1747\" data-orig-file=\"http:\/\/songkol.com\/WordPress3\/wp-content\/uploads\/2014\/04\/Elqui06.jpg\" data-orig-size=\"1024,683\" data-comments-opened=\"1\" data-image-meta=\"{&quot;aperture&quot;:&quot;13&quot;,&quot;credit&quot;:&quot;&quot;,&quot;camera&quot;:&quot;Canon EOS 5D&quot;,&quot;caption&quot;:&quot;&quot;,&quot;created_timestamp&quot;:&quot;1397653542&quot;,&quot;copyright&quot;:&quot;&quot;,&quot;focal_length&quot;:&quot;17&quot;,&quot;iso&quot;:&quot;400&quot;,&quot;shutter_speed&quot;:&quot;0.0025&quot;,&quot;title&quot;:&quot;&quot;}\" data-image-title=\"VILLASECA \/ Cuisine solaire\" data-image-description=\"\" data-medium-file=\"https:\/\/i0.wp.com\/songkol.com\/WordPress3\/wp-content\/uploads\/2014\/04\/Elqui06.jpg?fit=300%2C200\" data-large-file=\"https:\/\/i0.wp.com\/songkol.com\/WordPress3\/wp-content\/uploads\/2014\/04\/Elqui06.jpg?fit=768%2C512\" src=\"https:\/\/i0.wp.com\/songkol.com\/WordPress3\/wp-content\/uploads\/2014\/04\/Elqui06.jpg?w=323&#038;h=216\" width=\"323\" height=\"216\" data-original-width=\"323\" data-original-height=\"216\" itemprop=\"http:\/\/schema.org\/image\" title=\"VILLASECA \/ Cuisine solaire\" alt=\"Villaseca : aujourd&#039;hui, au menu : chevreau cuit dans un four solaire\" style=\"width: 323px; height: 216px;\" \/> <\/a> <div class=\"tiled-gallery-caption\" itemprop=\"caption description\"> Villaseca : aujourd&rsquo;hui, au menu : chevreau cuit dans un four solaire <\/div> <\/div> <\/div> <!-- close group --> <div class=\"gallery-group images-1\" style=\"width: 441px; height: 659px;\" data-original-width=\"441\" data-original-height=\"659\" > <div class=\"tiled-gallery-item tiled-gallery-item-large\" itemprop=\"associatedMedia\" itemscope itemtype=\"http:\/\/schema.org\/ImageObject\"> <a href=\"http:\/\/songkol.com\/WordPress3\/elqui05\/\" border=\"0\" itemprop=\"url\"> <meta itemprop=\"width\" content=\"437\"> <meta itemprop=\"height\" content=\"655\"> <img data-attachment-id=\"1746\" data-orig-file=\"http:\/\/songkol.com\/WordPress3\/wp-content\/uploads\/2014\/04\/Elqui05.jpg\" data-orig-size=\"683,1024\" data-comments-opened=\"1\" data-image-meta=\"{&quot;aperture&quot;:&quot;16&quot;,&quot;credit&quot;:&quot;&quot;,&quot;camera&quot;:&quot;Canon EOS 5D&quot;,&quot;caption&quot;:&quot;&quot;,&quot;created_timestamp&quot;:&quot;1397653274&quot;,&quot;copyright&quot;:&quot;&quot;,&quot;focal_length&quot;:&quot;17&quot;,&quot;iso&quot;:&quot;400&quot;,&quot;shutter_speed&quot;:&quot;0.002&quot;,&quot;title&quot;:&quot;&quot;}\" data-image-title=\"VILLASECA \/ Cuisine solaire\" data-image-description=\"\" data-medium-file=\"https:\/\/i0.wp.com\/songkol.com\/WordPress3\/wp-content\/uploads\/2014\/04\/Elqui05.jpg?fit=200%2C300\" data-large-file=\"https:\/\/i0.wp.com\/songkol.com\/WordPress3\/wp-content\/uploads\/2014\/04\/Elqui05.jpg?fit=683%2C1024\" src=\"https:\/\/i0.wp.com\/songkol.com\/WordPress3\/wp-content\/uploads\/2014\/04\/Elqui05.jpg?w=437&#038;h=655\" width=\"437\" height=\"655\" data-original-width=\"437\" data-original-height=\"655\" itemprop=\"http:\/\/schema.org\/image\" title=\"VILLASECA \/ Cuisine solaire\" alt=\"Villaseca : cuisine solaire\" style=\"width: 437px; height: 655px;\" \/> <\/a> <div class=\"tiled-gallery-caption\" itemprop=\"caption description\"> Villaseca : cuisine solaire <\/div> <\/div> <\/div> <!-- close group --> <\/div> <!-- close row --> <div class=\"gallery-row\" style=\"width: 768px; height: 355px;\" data-original-width=\"768\" data-original-height=\"355\" > <div class=\"gallery-group images-1\" style=\"width: 530px; height: 355px;\" data-original-width=\"530\" data-original-height=\"355\" > <div class=\"tiled-gallery-item tiled-gallery-item-large\" itemprop=\"associatedMedia\" itemscope itemtype=\"http:\/\/schema.org\/ImageObject\"> <a href=\"http:\/\/songkol.com\/WordPress3\/elqui04\/\" border=\"0\" itemprop=\"url\"> <meta itemprop=\"width\" content=\"526\"> <meta itemprop=\"height\" content=\"351\"> <img data-attachment-id=\"1745\" data-orig-file=\"http:\/\/songkol.com\/WordPress3\/wp-content\/uploads\/2014\/04\/Elqui04.jpg\" data-orig-size=\"1024,683\" data-comments-opened=\"1\" data-image-meta=\"{&quot;aperture&quot;:&quot;14&quot;,&quot;credit&quot;:&quot;&quot;,&quot;camera&quot;:&quot;Canon EOS 5D&quot;,&quot;caption&quot;:&quot;&quot;,&quot;created_timestamp&quot;:&quot;1397652818&quot;,&quot;copyright&quot;:&quot;&quot;,&quot;focal_length&quot;:&quot;17&quot;,&quot;iso&quot;:&quot;400&quot;,&quot;shutter_speed&quot;:&quot;0.0025&quot;,&quot;title&quot;:&quot;&quot;}\" data-image-title=\"VILLASECA \/ Cuisine solaire\" data-image-description=\"\" data-medium-file=\"https:\/\/i0.wp.com\/songkol.com\/WordPress3\/wp-content\/uploads\/2014\/04\/Elqui04.jpg?fit=300%2C200\" data-large-file=\"https:\/\/i0.wp.com\/songkol.com\/WordPress3\/wp-content\/uploads\/2014\/04\/Elqui04.jpg?fit=768%2C512\" src=\"https:\/\/i0.wp.com\/songkol.com\/WordPress3\/wp-content\/uploads\/2014\/04\/Elqui04.jpg?w=526&#038;h=351\" width=\"526\" height=\"351\" data-original-width=\"526\" data-original-height=\"351\" itemprop=\"http:\/\/schema.org\/image\" title=\"VILLASECA \/ Cuisine solaire\" alt=\"Villaseca : pergola du restaurant solaire\" style=\"width: 526px; height: 351px;\" \/> <\/a> <div class=\"tiled-gallery-caption\" itemprop=\"caption description\"> Villaseca : pergola du restaurant solaire <\/div> <\/div> <\/div> <!-- close group --> <div class=\"gallery-group images-1\" style=\"width: 238px; height: 355px;\" data-original-width=\"238\" data-original-height=\"355\" > <div class=\"tiled-gallery-item tiled-gallery-item-small\" itemprop=\"associatedMedia\" itemscope itemtype=\"http:\/\/schema.org\/ImageObject\"> <a href=\"http:\/\/songkol.com\/WordPress3\/elqui03\/\" border=\"0\" itemprop=\"url\"> <meta itemprop=\"width\" content=\"234\"> <meta itemprop=\"height\" content=\"351\"> <img data-attachment-id=\"1744\" data-orig-file=\"http:\/\/songkol.com\/WordPress3\/wp-content\/uploads\/2014\/04\/Elqui03.jpg\" data-orig-size=\"683,1024\" data-comments-opened=\"1\" data-image-meta=\"{&quot;aperture&quot;:&quot;16&quot;,&quot;credit&quot;:&quot;&quot;,&quot;camera&quot;:&quot;Canon EOS 5D&quot;,&quot;caption&quot;:&quot;&quot;,&quot;created_timestamp&quot;:&quot;1397650958&quot;,&quot;copyright&quot;:&quot;&quot;,&quot;focal_length&quot;:&quot;17&quot;,&quot;iso&quot;:&quot;800&quot;,&quot;shutter_speed&quot;:&quot;0.002&quot;,&quot;title&quot;:&quot;&quot;}\" data-image-title=\"VICUNA \/ visite de la pisquera Alba (distillerie de pisco)\" data-image-description=\"\" data-medium-file=\"https:\/\/i0.wp.com\/songkol.com\/WordPress3\/wp-content\/uploads\/2014\/04\/Elqui03.jpg?fit=200%2C300\" data-large-file=\"https:\/\/i0.wp.com\/songkol.com\/WordPress3\/wp-content\/uploads\/2014\/04\/Elqui03.jpg?fit=683%2C1024\" src=\"https:\/\/i0.wp.com\/songkol.com\/WordPress3\/wp-content\/uploads\/2014\/04\/Elqui03.jpg?w=234&#038;h=351\" width=\"234\" height=\"351\" data-original-width=\"234\" data-original-height=\"351\" itemprop=\"http:\/\/schema.org\/image\" title=\"VICUNA \/ visite de la pisquera Alba (distillerie de pisco)\" alt=\"VICUNA \/ visite de la pisquera Alba (distillerie de pisco)\" style=\"width: 234px; height: 351px;\" \/> <\/a> <div class=\"tiled-gallery-caption\" itemprop=\"caption description\"> VICUNA \/ visite de la pisquera Alba (distillerie de pisco) <\/div> <\/div> <\/div> <!-- close group --> <\/div> <!-- close row --> <div class=\"gallery-row\" style=\"width: 768px; height: 664px;\" data-original-width=\"768\" data-original-height=\"664\" > <div class=\"gallery-group images-1\" style=\"width: 444px; height: 664px;\" data-original-width=\"444\" data-original-height=\"664\" > <div class=\"tiled-gallery-item tiled-gallery-item-large\" itemprop=\"associatedMedia\" itemscope itemtype=\"http:\/\/schema.org\/ImageObject\"> <a href=\"http:\/\/songkol.com\/WordPress3\/elqui01\/\" border=\"0\" itemprop=\"url\"> <meta itemprop=\"width\" content=\"440\"> <meta itemprop=\"height\" content=\"660\"> <img data-attachment-id=\"1743\" data-orig-file=\"http:\/\/songkol.com\/WordPress3\/wp-content\/uploads\/2014\/04\/Elqui01.jpg\" data-orig-size=\"683,1024\" data-comments-opened=\"1\" data-image-meta=\"{&quot;aperture&quot;:&quot;4&quot;,&quot;credit&quot;:&quot;&quot;,&quot;camera&quot;:&quot;Canon EOS 5D&quot;,&quot;caption&quot;:&quot;&quot;,&quot;created_timestamp&quot;:&quot;1397649419&quot;,&quot;copyright&quot;:&quot;&quot;,&quot;focal_length&quot;:&quot;17&quot;,&quot;iso&quot;:&quot;800&quot;,&quot;shutter_speed&quot;:&quot;0.04&quot;,&quot;title&quot;:&quot;&quot;}\" data-image-title=\"VICUNA \/ visite de la pisquera Alba (distillerie de pisco)\" data-image-description=\"\" data-medium-file=\"https:\/\/i0.wp.com\/songkol.com\/WordPress3\/wp-content\/uploads\/2014\/04\/Elqui01.jpg?fit=200%2C300\" data-large-file=\"https:\/\/i0.wp.com\/songkol.com\/WordPress3\/wp-content\/uploads\/2014\/04\/Elqui01.jpg?fit=683%2C1024\" src=\"https:\/\/i0.wp.com\/songkol.com\/WordPress3\/wp-content\/uploads\/2014\/04\/Elqui01.jpg?w=440&#038;h=660\" width=\"440\" height=\"660\" data-original-width=\"440\" data-original-height=\"660\" itemprop=\"http:\/\/schema.org\/image\" title=\"VICUNA \/ visite de la pisquera Alba (distillerie de pisco)\" alt=\"VICUNA \/ visite de la pisquera Alba (distillerie de pisco)\" style=\"width: 440px; height: 660px;\" \/> <\/a> <div class=\"tiled-gallery-caption\" itemprop=\"caption description\"> VICUNA \/ visite de la pisquera Alba (distillerie de pisco) <\/div> <\/div> <\/div> <!-- close group --> <div class=\"gallery-group images-3\" style=\"width: 324px; height: 664px;\" data-original-width=\"324\" data-original-height=\"664\" > <div class=\"tiled-gallery-item tiled-gallery-item-large\" itemprop=\"associatedMedia\" itemscope itemtype=\"http:\/\/schema.org\/ImageObject\"> <a href=\"http:\/\/songkol.com\/WordPress3\/dessinannacactus21\/\" border=\"0\" itemprop=\"url\"> <meta itemprop=\"width\" content=\"320\"> <meta itemprop=\"height\" content=\"225\"> <img data-attachment-id=\"1741\" data-orig-file=\"http:\/\/songkol.com\/WordPress3\/wp-content\/uploads\/2014\/04\/dessinannacactus21.jpg\" data-orig-size=\"1280,900\" data-comments-opened=\"1\" data-image-meta=\"{&quot;aperture&quot;:&quot;5.6&quot;,&quot;credit&quot;:&quot;&quot;,&quot;camera&quot;:&quot;DSC-HX50V&quot;,&quot;caption&quot;:&quot;&quot;,&quot;created_timestamp&quot;:&quot;1397991081&quot;,&quot;copyright&quot;:&quot;&quot;,&quot;focal_length&quot;:&quot;16.98&quot;,&quot;iso&quot;:&quot;80&quot;,&quot;shutter_speed&quot;:&quot;0.001&quot;,&quot;title&quot;:&quot;&quot;}\" data-image-title=\"VICUNA \/ Les cactus autour de l&amp;rsquo;observatoire ont inspir\u00e9 Anna\" data-image-description=\"\" data-medium-file=\"https:\/\/i0.wp.com\/songkol.com\/WordPress3\/wp-content\/uploads\/2014\/04\/dessinannacactus21.jpg?fit=300%2C210\" data-large-file=\"https:\/\/i0.wp.com\/songkol.com\/WordPress3\/wp-content\/uploads\/2014\/04\/dessinannacactus21.jpg?fit=768%2C540\" src=\"https:\/\/i0.wp.com\/songkol.com\/WordPress3\/wp-content\/uploads\/2014\/04\/dessinannacactus21.jpg?w=320&#038;h=225\" width=\"320\" height=\"225\" data-original-width=\"320\" data-original-height=\"225\" itemprop=\"http:\/\/schema.org\/image\" title=\"VICUNA \/ Les cactus autour de l&#039;observatoire ont inspir\u00e9 Anna\" alt=\"VICUNA \/ Les cactus autour de l&#039;observatoire ont inspir\u00e9 Anna\" style=\"width: 320px; height: 225px;\" \/> <\/a> <div class=\"tiled-gallery-caption\" itemprop=\"caption description\"> VICUNA \/ Les cactus autour de l&rsquo;observatoire ont inspir\u00e9 Anna <\/div> <\/div> <div class=\"tiled-gallery-item tiled-gallery-item-large\" itemprop=\"associatedMedia\" itemscope itemtype=\"http:\/\/schema.org\/ImageObject\"> <a href=\"http:\/\/songkol.com\/WordPress3\/elqui15\/\" border=\"0\" itemprop=\"url\"> <meta itemprop=\"width\" content=\"320\"> <meta itemprop=\"height\" content=\"213\"> <img data-attachment-id=\"1756\" data-orig-file=\"http:\/\/songkol.com\/WordPress3\/wp-content\/uploads\/2014\/04\/Elqui15.jpg\" data-orig-size=\"1024,683\" data-comments-opened=\"1\" data-image-meta=\"{&quot;aperture&quot;:&quot;11&quot;,&quot;credit&quot;:&quot;&quot;,&quot;camera&quot;:&quot;Canon EOS 5D&quot;,&quot;caption&quot;:&quot;&quot;,&quot;created_timestamp&quot;:&quot;1397759010&quot;,&quot;copyright&quot;:&quot;&quot;,&quot;focal_length&quot;:&quot;40&quot;,&quot;iso&quot;:&quot;400&quot;,&quot;shutter_speed&quot;:&quot;0.004&quot;,&quot;title&quot;:&quot;&quot;}\" data-image-title=\"VICUNA \/ Bivouac au pied de l&amp;rsquo;observatoire del Pangue\" data-image-description=\"\" data-medium-file=\"https:\/\/i0.wp.com\/songkol.com\/WordPress3\/wp-content\/uploads\/2014\/04\/Elqui15.jpg?fit=300%2C200\" data-large-file=\"https:\/\/i0.wp.com\/songkol.com\/WordPress3\/wp-content\/uploads\/2014\/04\/Elqui15.jpg?fit=768%2C512\" src=\"https:\/\/i0.wp.com\/songkol.com\/WordPress3\/wp-content\/uploads\/2014\/04\/Elqui15.jpg?w=320&#038;h=213\" width=\"320\" height=\"213\" data-original-width=\"320\" data-original-height=\"213\" itemprop=\"http:\/\/schema.org\/image\" title=\"VICUNA \/ Bivouac au pied de l&#039;observatoire del Pangue\" alt=\"VICUNA \/ Bivouac au pied de l&#039;observatoire del Pangue\" style=\"width: 320px; height: 213px;\" \/> <\/a> <div class=\"tiled-gallery-caption\" itemprop=\"caption description\"> VICUNA \/ Bivouac au pied de l&rsquo;observatoire del Pangue <\/div> <\/div> <div class=\"tiled-gallery-item tiled-gallery-item-large\" itemprop=\"associatedMedia\" itemscope itemtype=\"http:\/\/schema.org\/ImageObject\"> <a href=\"http:\/\/songkol.com\/WordPress3\/elqui17\/\" border=\"0\" itemprop=\"url\"> <meta itemprop=\"width\" content=\"320\"> <meta itemprop=\"height\" content=\"214\"> <img data-attachment-id=\"1758\" data-orig-file=\"http:\/\/songkol.com\/WordPress3\/wp-content\/uploads\/2014\/04\/Elqui17.jpg\" data-orig-size=\"1024,683\" data-comments-opened=\"1\" data-image-meta=\"{&quot;aperture&quot;:&quot;6.3&quot;,&quot;credit&quot;:&quot;&quot;,&quot;camera&quot;:&quot;Canon EOS 5D&quot;,&quot;caption&quot;:&quot;&quot;,&quot;created_timestamp&quot;:&quot;1397763522&quot;,&quot;copyright&quot;:&quot;&quot;,&quot;focal_length&quot;:&quot;40&quot;,&quot;iso&quot;:&quot;400&quot;,&quot;shutter_speed&quot;:&quot;0.0125&quot;,&quot;title&quot;:&quot;&quot;}\" data-image-title=\"VICUNA \/ Bivouac au pied de l&amp;rsquo;observatoire del Pangue\" data-image-description=\"\" data-medium-file=\"https:\/\/i0.wp.com\/songkol.com\/WordPress3\/wp-content\/uploads\/2014\/04\/Elqui17.jpg?fit=300%2C200\" data-large-file=\"https:\/\/i0.wp.com\/songkol.com\/WordPress3\/wp-content\/uploads\/2014\/04\/Elqui17.jpg?fit=768%2C512\" src=\"https:\/\/i0.wp.com\/songkol.com\/WordPress3\/wp-content\/uploads\/2014\/04\/Elqui17.jpg?w=320&#038;h=214\" width=\"320\" height=\"214\" data-original-width=\"320\" data-original-height=\"214\" itemprop=\"http:\/\/schema.org\/image\" title=\"VICUNA \/ Bivouac au pied de l&#039;observatoire del Pangue\" alt=\"VICUNA \/ Bivouac au pied de l&#039;observatoire del Pangue\" style=\"width: 320px; height: 214px;\" \/> <\/a> <div class=\"tiled-gallery-caption\" itemprop=\"caption description\"> VICUNA \/ Bivouac au pied de l&rsquo;observatoire del Pangue <\/div> <\/div> <\/div> <!-- close group --> <\/div> <!-- close row --> <div class=\"gallery-row\" style=\"width: 768px; height: 343px;\" data-original-width=\"768\" data-original-height=\"343\" > <div class=\"gallery-group images-1\" style=\"width: 513px; height: 343px;\" data-original-width=\"513\" data-original-height=\"343\" > <div class=\"tiled-gallery-item tiled-gallery-item-large\" itemprop=\"associatedMedia\" itemscope itemtype=\"http:\/\/schema.org\/ImageObject\"> <a href=\"http:\/\/songkol.com\/WordPress3\/elqui18\/\" border=\"0\" itemprop=\"url\"> <meta itemprop=\"width\" content=\"509\"> <meta itemprop=\"height\" content=\"339\"> <img data-attachment-id=\"1759\" data-orig-file=\"http:\/\/songkol.com\/WordPress3\/wp-content\/uploads\/2014\/04\/Elqui18.jpg\" data-orig-size=\"1024,683\" data-comments-opened=\"1\" data-image-meta=\"{&quot;aperture&quot;:&quot;4&quot;,&quot;credit&quot;:&quot;&quot;,&quot;camera&quot;:&quot;Canon EOS 5D&quot;,&quot;caption&quot;:&quot;&quot;,&quot;created_timestamp&quot;:&quot;1397763607&quot;,&quot;copyright&quot;:&quot;&quot;,&quot;focal_length&quot;:&quot;17&quot;,&quot;iso&quot;:&quot;400&quot;,&quot;shutter_speed&quot;:&quot;0.076923076923077&quot;,&quot;title&quot;:&quot;&quot;}\" data-image-title=\"VICUNA \/ Bivouac au pied de l&amp;rsquo;observatoire del Pangue\" data-image-description=\"\" data-medium-file=\"https:\/\/i0.wp.com\/songkol.com\/WordPress3\/wp-content\/uploads\/2014\/04\/Elqui18.jpg?fit=300%2C200\" data-large-file=\"https:\/\/i0.wp.com\/songkol.com\/WordPress3\/wp-content\/uploads\/2014\/04\/Elqui18.jpg?fit=768%2C512\" src=\"https:\/\/i0.wp.com\/songkol.com\/WordPress3\/wp-content\/uploads\/2014\/04\/Elqui18.jpg?w=509&#038;h=339\" width=\"509\" height=\"339\" data-original-width=\"509\" data-original-height=\"339\" itemprop=\"http:\/\/schema.org\/image\" title=\"VICUNA \/ Bivouac au pied de l&#039;observatoire del Pangue\" alt=\"VICUNA \/ Bivouac au pied de l&#039;observatoire del Pangue\" style=\"width: 509px; height: 339px;\" \/> <\/a> <div class=\"tiled-gallery-caption\" itemprop=\"caption description\"> VICUNA \/ Bivouac au pied de l&rsquo;observatoire del Pangue <\/div> <\/div> <\/div> <!-- close group --> <div class=\"gallery-group images-2\" style=\"width: 255px; height: 343px;\" data-original-width=\"255\" data-original-height=\"343\" > <div class=\"tiled-gallery-item tiled-gallery-item-large\" itemprop=\"associatedMedia\" itemscope itemtype=\"http:\/\/schema.org\/ImageObject\"> <a href=\"http:\/\/songkol.com\/WordPress3\/elqui19\/\" border=\"0\" itemprop=\"url\"> <meta itemprop=\"width\" content=\"251\"> <meta itemprop=\"height\" content=\"167\"> <img data-attachment-id=\"1760\" data-orig-file=\"http:\/\/songkol.com\/WordPress3\/wp-content\/uploads\/2014\/04\/Elqui19.jpg\" data-orig-size=\"1024,683\" data-comments-opened=\"1\" data-image-meta=\"{&quot;aperture&quot;:&quot;13&quot;,&quot;credit&quot;:&quot;&quot;,&quot;camera&quot;:&quot;Canon EOS 5D&quot;,&quot;caption&quot;:&quot;&quot;,&quot;created_timestamp&quot;:&quot;1397812617&quot;,&quot;copyright&quot;:&quot;&quot;,&quot;focal_length&quot;:&quot;17&quot;,&quot;iso&quot;:&quot;400&quot;,&quot;shutter_speed&quot;:&quot;0.003125&quot;,&quot;title&quot;:&quot;&quot;}\" data-image-title=\"VICUNA \/ Balade autour de l&amp;rsquo;observatoire del Pangue\" data-image-description=\"\" data-medium-file=\"https:\/\/i0.wp.com\/songkol.com\/WordPress3\/wp-content\/uploads\/2014\/04\/Elqui19.jpg?fit=300%2C200\" data-large-file=\"https:\/\/i0.wp.com\/songkol.com\/WordPress3\/wp-content\/uploads\/2014\/04\/Elqui19.jpg?fit=768%2C512\" src=\"https:\/\/i0.wp.com\/songkol.com\/WordPress3\/wp-content\/uploads\/2014\/04\/Elqui19.jpg?w=251&#038;h=167\" width=\"251\" height=\"167\" data-original-width=\"251\" data-original-height=\"167\" itemprop=\"http:\/\/schema.org\/image\" title=\"VICUNA \/ Balade autour de l&#039;observatoire del Pangue\" alt=\"VICUNA \/ Balade autour de l&#039;observatoire del Pangue\" style=\"width: 251px; height: 167px;\" \/> <\/a> <div class=\"tiled-gallery-caption\" itemprop=\"caption description\"> VICUNA \/ Balade autour de l&rsquo;observatoire del Pangue <\/div> <\/div> <div class=\"tiled-gallery-item tiled-gallery-item-large\" itemprop=\"associatedMedia\" itemscope itemtype=\"http:\/\/schema.org\/ImageObject\"> <a href=\"http:\/\/songkol.com\/WordPress3\/elqui20\/\" border=\"0\" itemprop=\"url\"> <meta itemprop=\"width\" content=\"251\"> <meta itemprop=\"height\" content=\"168\"> <img data-attachment-id=\"1761\" data-orig-file=\"http:\/\/songkol.com\/WordPress3\/wp-content\/uploads\/2014\/04\/Elqui20.jpg\" data-orig-size=\"1024,683\" data-comments-opened=\"1\" data-image-meta=\"{&quot;aperture&quot;:&quot;13&quot;,&quot;credit&quot;:&quot;&quot;,&quot;camera&quot;:&quot;Canon EOS 5D&quot;,&quot;caption&quot;:&quot;&quot;,&quot;created_timestamp&quot;:&quot;1397812744&quot;,&quot;copyright&quot;:&quot;&quot;,&quot;focal_length&quot;:&quot;17&quot;,&quot;iso&quot;:&quot;400&quot;,&quot;shutter_speed&quot;:&quot;0.003125&quot;,&quot;title&quot;:&quot;&quot;}\" data-image-title=\"VICUNA \/ Balade autour de l&amp;rsquo;observatoire del Pangue\" data-image-description=\"\" data-medium-file=\"https:\/\/i0.wp.com\/songkol.com\/WordPress3\/wp-content\/uploads\/2014\/04\/Elqui20.jpg?fit=300%2C200\" data-large-file=\"https:\/\/i0.wp.com\/songkol.com\/WordPress3\/wp-content\/uploads\/2014\/04\/Elqui20.jpg?fit=768%2C512\" src=\"https:\/\/i0.wp.com\/songkol.com\/WordPress3\/wp-content\/uploads\/2014\/04\/Elqui20.jpg?w=251&#038;h=168\" width=\"251\" height=\"168\" data-original-width=\"251\" data-original-height=\"168\" itemprop=\"http:\/\/schema.org\/image\" title=\"VICUNA \/ Balade autour de l&#039;observatoire del Pangue\" alt=\"VICUNA \/ Balade autour de l&#039;observatoire del Pangue\" style=\"width: 251px; height: 168px;\" \/> <\/a> <div class=\"tiled-gallery-caption\" itemprop=\"caption description\"> VICUNA \/ Balade autour de l&rsquo;observatoire del Pangue <\/div> <\/div> <\/div> <!-- close group --> <\/div> <!-- close row --> <div class=\"gallery-row\" style=\"width: 768px; height: 210px;\" data-original-width=\"768\" data-original-height=\"210\" > <div class=\"gallery-group images-1\" style=\"width: 313px; height: 210px;\" data-original-width=\"313\" data-original-height=\"210\" > <div class=\"tiled-gallery-item tiled-gallery-item-large\" itemprop=\"associatedMedia\" itemscope itemtype=\"http:\/\/schema.org\/ImageObject\"> <a href=\"http:\/\/songkol.com\/WordPress3\/elqui21\/\" border=\"0\" itemprop=\"url\"> <meta itemprop=\"width\" content=\"309\"> <meta itemprop=\"height\" content=\"206\"> <img data-attachment-id=\"1762\" data-orig-file=\"http:\/\/songkol.com\/WordPress3\/wp-content\/uploads\/2014\/04\/Elqui21.jpg\" data-orig-size=\"1024,683\" data-comments-opened=\"1\" data-image-meta=\"{&quot;aperture&quot;:&quot;13&quot;,&quot;credit&quot;:&quot;&quot;,&quot;camera&quot;:&quot;Canon EOS 5D&quot;,&quot;caption&quot;:&quot;&quot;,&quot;created_timestamp&quot;:&quot;1397812819&quot;,&quot;copyright&quot;:&quot;&quot;,&quot;focal_length&quot;:&quot;17&quot;,&quot;iso&quot;:&quot;400&quot;,&quot;shutter_speed&quot;:&quot;0.0025&quot;,&quot;title&quot;:&quot;&quot;}\" data-image-title=\"VICUNA \/ Balade autour de l&amp;rsquo;observatoire del Pangue : cactus en fleur\" data-image-description=\"\" data-medium-file=\"https:\/\/i0.wp.com\/songkol.com\/WordPress3\/wp-content\/uploads\/2014\/04\/Elqui21.jpg?fit=300%2C200\" data-large-file=\"https:\/\/i0.wp.com\/songkol.com\/WordPress3\/wp-content\/uploads\/2014\/04\/Elqui21.jpg?fit=768%2C512\" src=\"https:\/\/i0.wp.com\/songkol.com\/WordPress3\/wp-content\/uploads\/2014\/04\/Elqui21.jpg?w=309&#038;h=206\" width=\"309\" height=\"206\" data-original-width=\"309\" data-original-height=\"206\" itemprop=\"http:\/\/schema.org\/image\" title=\"VICUNA \/ Balade autour de l&#039;observatoire del Pangue : cactus en fleur\" alt=\"VICUNA \/ Balade autour de l&#039;observatoire del Pangue : cactus en fleur\" style=\"width: 309px; height: 206px;\" \/> <\/a> <div class=\"tiled-gallery-caption\" itemprop=\"caption description\"> VICUNA \/ Balade autour de l&rsquo;observatoire del Pangue : cactus en fleur <\/div> <\/div> <\/div> <!-- close group --> <div class=\"gallery-group images-1\" style=\"width: 142px; height: 210px;\" data-original-width=\"142\" data-original-height=\"210\" > <div class=\"tiled-gallery-item tiled-gallery-item-small\" itemprop=\"associatedMedia\" itemscope itemtype=\"http:\/\/schema.org\/ImageObject\"> <a href=\"http:\/\/songkol.com\/WordPress3\/elqui22\/\" border=\"0\" itemprop=\"url\"> <meta itemprop=\"width\" content=\"138\"> <meta itemprop=\"height\" content=\"206\"> <img data-attachment-id=\"1763\" data-orig-file=\"http:\/\/songkol.com\/WordPress3\/wp-content\/uploads\/2014\/04\/Elqui22.jpg\" data-orig-size=\"683,1024\" data-comments-opened=\"1\" data-image-meta=\"{&quot;aperture&quot;:&quot;11&quot;,&quot;credit&quot;:&quot;&quot;,&quot;camera&quot;:&quot;Canon EOS 5D&quot;,&quot;caption&quot;:&quot;&quot;,&quot;created_timestamp&quot;:&quot;1397812860&quot;,&quot;copyright&quot;:&quot;&quot;,&quot;focal_length&quot;:&quot;40&quot;,&quot;iso&quot;:&quot;400&quot;,&quot;shutter_speed&quot;:&quot;0.004&quot;,&quot;title&quot;:&quot;&quot;}\" data-image-title=\"VICUNA \/ Balade autour de l&amp;rsquo;observatoire del Pangue : cactus en fleur\" data-image-description=\"\" data-medium-file=\"https:\/\/i0.wp.com\/songkol.com\/WordPress3\/wp-content\/uploads\/2014\/04\/Elqui22.jpg?fit=200%2C300\" data-large-file=\"https:\/\/i0.wp.com\/songkol.com\/WordPress3\/wp-content\/uploads\/2014\/04\/Elqui22.jpg?fit=683%2C1024\" src=\"https:\/\/i0.wp.com\/songkol.com\/WordPress3\/wp-content\/uploads\/2014\/04\/Elqui22.jpg?w=138&#038;h=206\" width=\"138\" height=\"206\" data-original-width=\"138\" data-original-height=\"206\" itemprop=\"http:\/\/schema.org\/image\" title=\"VICUNA \/ Balade autour de l&#039;observatoire del Pangue : cactus en fleur\" alt=\"VICUNA \/ Balade autour de l&#039;observatoire del Pangue : cactus en fleur\" style=\"width: 138px; height: 206px;\" \/> <\/a> <div class=\"tiled-gallery-caption\" itemprop=\"caption description\"> VICUNA \/ Balade autour de l&rsquo;observatoire del Pangue : cactus en fleur <\/div> <\/div> <\/div> <!-- close group --> <div class=\"gallery-group images-1\" style=\"width: 313px; height: 210px;\" data-original-width=\"313\" data-original-height=\"210\" > <div class=\"tiled-gallery-item tiled-gallery-item-large\" itemprop=\"associatedMedia\" itemscope itemtype=\"http:\/\/schema.org\/ImageObject\"> <a href=\"http:\/\/songkol.com\/WordPress3\/elqui23\/\" border=\"0\" itemprop=\"url\"> <meta itemprop=\"width\" content=\"309\"> <meta itemprop=\"height\" content=\"206\"> <img data-attachment-id=\"1764\" data-orig-file=\"http:\/\/songkol.com\/WordPress3\/wp-content\/uploads\/2014\/04\/Elqui23.jpg\" data-orig-size=\"1024,683\" data-comments-opened=\"1\" data-image-meta=\"{&quot;aperture&quot;:&quot;22&quot;,&quot;credit&quot;:&quot;&quot;,&quot;camera&quot;:&quot;Canon EOS 5D&quot;,&quot;caption&quot;:&quot;&quot;,&quot;created_timestamp&quot;:&quot;1397812920&quot;,&quot;copyright&quot;:&quot;&quot;,&quot;focal_length&quot;:&quot;17&quot;,&quot;iso&quot;:&quot;400&quot;,&quot;shutter_speed&quot;:&quot;0.01&quot;,&quot;title&quot;:&quot;&quot;}\" data-image-title=\"VICUNA \/ Balade autour de l&amp;rsquo;observatoire del Pangue : cactus en fleur\" data-image-description=\"\" data-medium-file=\"https:\/\/i0.wp.com\/songkol.com\/WordPress3\/wp-content\/uploads\/2014\/04\/Elqui23.jpg?fit=300%2C200\" data-large-file=\"https:\/\/i0.wp.com\/songkol.com\/WordPress3\/wp-content\/uploads\/2014\/04\/Elqui23.jpg?fit=768%2C512\" src=\"https:\/\/i0.wp.com\/songkol.com\/WordPress3\/wp-content\/uploads\/2014\/04\/Elqui23.jpg?w=309&#038;h=206\" width=\"309\" height=\"206\" data-original-width=\"309\" data-original-height=\"206\" itemprop=\"http:\/\/schema.org\/image\" title=\"VICUNA \/ Balade autour de l&#039;observatoire del Pangue : cactus en fleur\" alt=\"VICUNA \/ Balade autour de l&#039;observatoire del Pangue : cactus en fleur\" style=\"width: 309px; height: 206px;\" \/> <\/a> <div class=\"tiled-gallery-caption\" itemprop=\"caption description\"> VICUNA \/ Balade autour de l&rsquo;observatoire del Pangue : cactus en fleur <\/div> <\/div> <\/div> <!-- close group --> <\/div> <!-- close row --> <\/div>\n","protected":false},"excerpt":{"rendered":"<p>C&rsquo;est une vall\u00e9e o\u00f9 il ne pleut que 6 jours par an (et encore, pas tous les ans et pas cette ann\u00e9e), les cactus sont l\u00e0 pour en t\u00e9moigner. Malgr\u00e9 cela, au fond de cette vall\u00e9e coule une rivi\u00e8re qui assure l&rsquo;irrigation de dizaines d&rsquo;hectares de vignes\u2026 C&rsquo;est ici que les Chiliens font pousser le [&hellip;]<\/p>\n","protected":false},"author":3,"featured_media":0,"comment_status":"open","ping_status":"open","sticky":false,"template":"","format":"standard","meta":{"spay_email":"","jetpack_publicize_message":"","jetpack_is_tweetstorm":false,"jetpack_publicize_feature_enabled":true},"categories":[8],"tags":[],"jetpack_featured_media_url":"","jetpack_publicize_connections":[],"jetpack_sharing_enabled":true,"jetpack_shortlink":"https:\/\/wp.me\/p4uy6M-sO","jetpack_likes_enabled":true,"_links":{"self":[{"href":"http:\/\/songkol.com\/WordPress3\/wp-json\/wp\/v2\/posts\/1786"}],"collection":[{"href":"http:\/\/songkol.com\/WordPress3\/wp-json\/wp\/v2\/posts"}],"about":[{"href":"http:\/\/songkol.com\/WordPress3\/wp-json\/wp\/v2\/types\/post"}],"author":[{"embeddable":true,"href":"http:\/\/songkol.com\/WordPress3\/wp-json\/wp\/v2\/users\/3"}],"replies":[{"embeddable":true,"href":"http:\/\/songkol.com\/WordPress3\/wp-json\/wp\/v2\/comments?post=1786"}],"version-history":[{"count":1,"href":"http:\/\/songkol.com\/WordPress3\/wp-json\/wp\/v2\/posts\/1786\/revisions"}],"predecessor-version":[{"id":1791,"href":"http:\/\/songkol.com\/WordPress3\/wp-json\/wp\/v2\/posts\/1786\/revisions\/1791"}],"wp:attachment":[{"href":"http:\/\/songkol.com\/WordPress3\/wp-json\/wp\/v2\/media?parent=1786"}],"wp:term":[{"taxonomy":"category","embeddable":true,"href":"http:\/\/songkol.com\/WordPress3\/wp-json\/wp\/v2\/categories?post=1786"},{"taxonomy":"post_tag","embeddable":true,"href":"http:\/\/songkol.com\/WordPress3\/wp-json\/wp\/v2\/tags?post=1786"}],"curies":[{"name":"wp","href":"https:\/\/api.w.org\/{rel}","templated":true}]}}