{"id":1696,"date":"2014-04-14T21:29:30","date_gmt":"2014-04-15T00:29:30","guid":{"rendered":"http:\/\/songkol.com\/WordPress3\/?p=1696"},"modified":"2014-04-15T21:57:00","modified_gmt":"2014-04-16T00:57:00","slug":"santiago-again-and-again","status":"publish","type":"post","link":"http:\/\/songkol.com\/WordPress3\/blog\/2014\/04\/14\/santiago-again-and-again\/","title":{"rendered":"Santiago, on y revient toujours"},"content":{"rendered":"<p>De retour de Valparaiso, nouveau petit arr\u00eat au stand \u00e0 Santiago pour r\u00e9cup\u00e9rer aupr\u00e8s de Gentiane et Pierre (merci encore! merci \u00e9galement \u00e0 Gilles pour la coordination depuis la France) le paquet venu de France contenant cartes, guides, cahiers de vacances et bouchon du r\u00e9servoir d&rsquo;eau (pour remplacer celui oubli\u00e9 \u00e0 la station essence d&rsquo;Ushua\u00efa&#8230;). C&rsquo;est aussi le moment de changer notre premier pneu qui n&rsquo;a apparemment pas r\u00e9sist\u00e9 aux assauts du ripio. Egalement l&rsquo;occasion de revoir la famille de Marcela et Jorge chez qui nous avons bivouaqu\u00e9 une semaine. Nous repartons avec un pr\u00e9cieux cadeau de leur part: un recueil de po\u00e8mes du c\u00e9l\u00e9brissime Pablo Neruda&#8230; Un grand merci. Gr\u00e2ce \u00e0 une charmante rencontre belgo-chilienne de derni\u00e8re minute, nous avons aussi d\u00e9sormais un tr\u00e8s bon dentiste \u00e0 recommander sur Santiago ! Lionel avait bien d\u00e9gust\u00e9 \u00e0 Coyaique \u00e0 ce sujet alors&#8230; tant que la dent est calme, il d\u00e9cide de sauter la case dentiste pour le moment!<\/p>\n<div id=\"attachment_1732\" style=\"width: 310px\" class=\"wp-caption alignnone\"><a href=\"https:\/\/i0.wp.com\/songkol.com\/WordPress3\/wp-content\/uploads\/2014\/04\/marcela_jorge1.jpg\"><img aria-describedby=\"caption-attachment-1732\" data-attachment-id=\"1732\" data-permalink=\"http:\/\/songkol.com\/WordPress3\/blog\/2014\/04\/06\/santiago-la-suite\/marcela_jorge1\/\" data-orig-file=\"https:\/\/i0.wp.com\/songkol.com\/WordPress3\/wp-content\/uploads\/2014\/04\/marcela_jorge1.jpg?fit=1280%2C960\" data-orig-size=\"1280,960\" data-comments-opened=\"1\" data-image-meta=\"{&quot;aperture&quot;:&quot;5&quot;,&quot;credit&quot;:&quot;&quot;,&quot;camera&quot;:&quot;DSC-HX50V&quot;,&quot;caption&quot;:&quot;&quot;,&quot;created_timestamp&quot;:&quot;1397303215&quot;,&quot;copyright&quot;:&quot;&quot;,&quot;focal_length&quot;:&quot;10.05&quot;,&quot;iso&quot;:&quot;80&quot;,&quot;shutter_speed&quot;:&quot;0.004&quot;,&quot;title&quot;:&quot;&quot;}\" data-image-title=\"SANTIAGO \/ Rencontre avec la famille de Marcela et Jorge\" data-image-description=\"\" data-image-caption=\"&lt;p&gt;Nous avons le plaisir de rencontrer Marcela et Jorge devant chez qui nous allons nous garer pendant notre s\u00e9jour \u00e0 Santiago&lt;\/p&gt;\n\" data-medium-file=\"https:\/\/i0.wp.com\/songkol.com\/WordPress3\/wp-content\/uploads\/2014\/04\/marcela_jorge1.jpg?fit=300%2C225\" data-large-file=\"https:\/\/i0.wp.com\/songkol.com\/WordPress3\/wp-content\/uploads\/2014\/04\/marcela_jorge1.jpg?fit=768%2C576\" loading=\"lazy\" class=\"size-medium wp-image-1732\" alt=\"Nous avons le plaisir de rencontrer Marcela et Jorge devant chez qui nous allons nous garer pendant notre s\u00e9jour \u00e0 Santiago\" src=\"https:\/\/i0.wp.com\/songkol.com\/WordPress3\/wp-content\/uploads\/2014\/04\/marcela_jorge1.jpg?resize=300%2C225\" width=\"300\" height=\"225\" srcset=\"https:\/\/i0.wp.com\/songkol.com\/WordPress3\/wp-content\/uploads\/2014\/04\/marcela_jorge1.jpg?resize=300%2C225 300w, https:\/\/i0.wp.com\/songkol.com\/WordPress3\/wp-content\/uploads\/2014\/04\/marcela_jorge1.jpg?resize=1024%2C768 1024w, https:\/\/i0.wp.com\/songkol.com\/WordPress3\/wp-content\/uploads\/2014\/04\/marcela_jorge1.jpg?w=1280 1280w\" sizes=\"(max-width: 300px) 100vw, 300px\" data-recalc-dims=\"1\" \/><\/a><p id=\"caption-attachment-1732\" class=\"wp-caption-text\">Nous avons le plaisir de retrouver Marcela et Jorge devant chez qui nous allons nous garer pendant notre s\u00e9jour \u00e0 Santiago<\/p><\/div>\n<p>&nbsp;<\/p>\n","protected":false},"excerpt":{"rendered":"<p>De retour de Valparaiso, nouveau petit arr\u00eat au stand \u00e0 Santiago pour r\u00e9cup\u00e9rer aupr\u00e8s de Gentiane et Pierre (merci encore! merci \u00e9galement \u00e0 Gilles pour la coordination depuis la France) le paquet venu de France contenant cartes, guides, cahiers de vacances et bouchon du r\u00e9servoir d&rsquo;eau (pour remplacer celui oubli\u00e9 \u00e0 la station essence d&rsquo;Ushua\u00efa&#8230;). [&hellip;]<\/p>\n","protected":false},"author":3,"featured_media":0,"comment_status":"open","ping_status":"open","sticky":false,"template":"","format":"standard","meta":{"spay_email":"","jetpack_publicize_message":"","jetpack_is_tweetstorm":false,"jetpack_publicize_feature_enabled":true},"categories":[8],"tags":[],"jetpack_featured_media_url":"","jetpack_publicize_connections":[],"jetpack_sharing_enabled":true,"jetpack_shortlink":"https:\/\/wp.me\/p4uy6M-rm","jetpack_likes_enabled":true,"_links":{"self":[{"href":"http:\/\/songkol.com\/WordPress3\/wp-json\/wp\/v2\/posts\/1696"}],"collection":[{"href":"http:\/\/songkol.com\/WordPress3\/wp-json\/wp\/v2\/posts"}],"about":[{"href":"http:\/\/songkol.com\/WordPress3\/wp-json\/wp\/v2\/types\/post"}],"author":[{"embeddable":true,"href":"http:\/\/songkol.com\/WordPress3\/wp-json\/wp\/v2\/users\/3"}],"replies":[{"embeddable":true,"href":"http:\/\/songkol.com\/WordPress3\/wp-json\/wp\/v2\/comments?post=1696"}],"version-history":[{"count":5,"href":"http:\/\/songkol.com\/WordPress3\/wp-json\/wp\/v2\/posts\/1696\/revisions"}],"predecessor-version":[{"id":1740,"href":"http:\/\/songkol.com\/WordPress3\/wp-json\/wp\/v2\/posts\/1696\/revisions\/1740"}],"wp:attachment":[{"href":"http:\/\/songkol.com\/WordPress3\/wp-json\/wp\/v2\/media?parent=1696"}],"wp:term":[{"taxonomy":"category","embeddable":true,"href":"http:\/\/songkol.com\/WordPress3\/wp-json\/wp\/v2\/categories?post=1696"},{"taxonomy":"post_tag","embeddable":true,"href":"http:\/\/songkol.com\/WordPress3\/wp-json\/wp\/v2\/tags?post=1696"}],"curies":[{"name":"wp","href":"https:\/\/api.w.org\/{rel}","templated":true}]}}