{"id":1643,"date":"2014-04-06T16:13:18","date_gmt":"2014-04-06T19:13:18","guid":{"rendered":"http:\/\/songkol.com\/WordPress3\/?p=1643"},"modified":"2014-04-14T23:20:26","modified_gmt":"2014-04-15T02:20:26","slug":"santiago-la-suite","status":"publish","type":"post","link":"http:\/\/songkol.com\/WordPress3\/blog\/2014\/04\/06\/santiago-la-suite\/","title":{"rendered":"Santiago, la suite"},"content":{"rendered":"<p>Nous d\u00e9couvrons Santiago durant toute la semaine. Nous nous sommes gar\u00e9s dans le quartier de Providencia, dans une petite rue calme o\u00f9 se succ\u00e8dent des maisons plut\u00f4t cossues. Le choix du stationnement est important \u00e0 deux points de vue: il doit avoir l&rsquo;ait s\u00fbr dans la journ\u00e9e lorsque nous laissons le camping-car pour visiter la ville et adapt\u00e9 pour la nuit c&rsquo;est \u00e0 dire avec le moins de risque de bruit ou de d\u00e9sagr\u00e9ables voisinages\u2026 Nous sommes tr\u00e8s bien tomb\u00e9s pour les deux crit\u00e8res! Nous passons une tr\u00e8s agr\u00e9able soir\u00e9e avec Marcela et Jorge, devant chez qui nous habitons cette semaine. Ils sont tous les deux architectes. Ils ont trois enfants, deux gar\u00e7ons et une fille. Merci \u00e0 eux pour leur accueil! Nous avons m\u00eame pu le lendemain utiliser leur machine \u00e0 laver le linge, ce qui \u00e9tait grandement n\u00e9cessaire! Quelques jours plus tard, nous faisons la connaissance de Juan, un autre habitant de la rue qui nous d\u00e9pannera en eau et en wifi. Nous avons aussi le plaisir de voir dans les rue de Santiago Serena et Alejandro, tous les deux Espagnols, qui parcourent le monde pendant deux ans et que nous avions d\u00e9j\u00e0 crois\u00e9 aux Torres del Paine et \u00e0 El Chalten. Tr\u00e8s agr\u00e9able rencontre \u00e9galement, celle de Gentiane et Pierre. Gentiane est une cousine \u00e9loign\u00e9e de Lionel et ils vivent depuis 4 ans \u00e0 Santiago. Gr\u00e2ce \u00e0 Gentiane, nous avons \u00e9t\u00e9 pr\u00e9venu du tremblement de terre qui a eu lieu dans le Nord du Chili! Quelques jours plus tard, nous allons faire quant \u00e0 nous une exp\u00e9rience singuli\u00e8re: un soir, alors que nous \u00e9tions dans le camping car, les enfants couch\u00e9s (moi sur le point), nous avons eu l&rsquo;impression pendant quelques secondes qu&rsquo;on nous volait en direct une de nos roues tant le camping-car tanguait de droite \u00e0 gauche\u2026 Lionel bondit tel un loup prot\u00e9geant son territoire, ouvre la porte et fait le tour du camping-car : rien, personne dans la rue\u2026 \u00ab\u00a0Mais qu&rsquo;est-ce que\u2026.????\u00a0\u00bb Et oui, on a vite compris que nous venions de vivre notre premi\u00e8re secousse sismique!!! Ca fait dr\u00f4le!!! Gentiane nous le confirme le lendemain et tous les Chiliens \u00e0 qui nous posons la question. Mais vraiment, \u00e7a ne les impressionne pas plus que \u00e7a! ils ont clairement l&rsquo;habitude!! Apr\u00e8s recherche, il s&rsquo;av\u00e8re cette secousse \u00e9tait de 5.1 sur l&rsquo;\u00e9chelle de Richter\u2026. Non, papa, vraiment, il n&rsquo;y a pas de quoi s&rsquo;inqui\u00e9ter, foi de Chilien.<\/p>\n<p>Et notre Anna, que pense-t-elle de Santiago? \u00ab\u00a0J&rsquo;ai aim\u00e9 rencontrer cette gentille famille en face de nous, j&rsquo;ai aim\u00e9 rester au m\u00eame endroit \u00e0 Santiago, j&rsquo;ai aim\u00e9 me promener avec les Fran\u00e7ais que nous avons crois\u00e9 au Cerro San Cristobal, j&rsquo;ai aim\u00e9 marcher dans la ville et j&rsquo;ai aim\u00e9 les statues du mus\u00e9e d&rsquo;art pr\u00e9-colombien\u00a0\u00bb<\/p>\n<div class=\"tiled-gallery type-rectangular tiled-gallery-unresized\" data-original-width=\"768\" data-carousel-extra='{&quot;blog_id&quot;:1,&quot;permalink&quot;:&quot;http:\\\/\\\/songkol.com\\\/WordPress3\\\/blog\\\/2014\\\/04\\\/06\\\/santiago-la-suite\\\/&quot;,&quot;likes_blog_id&quot;:66386300}' itemscope itemtype=\"http:\/\/schema.org\/ImageGallery\" > <div class=\"gallery-row\" style=\"width: 768px; height: 343px;\" data-original-width=\"768\" data-original-height=\"343\" > <div class=\"gallery-group images-1\" style=\"width: 513px; height: 343px;\" data-original-width=\"513\" data-original-height=\"343\" > <div class=\"tiled-gallery-item tiled-gallery-item-large\" itemprop=\"associatedMedia\" itemscope itemtype=\"http:\/\/schema.org\/ImageObject\"> <a href=\"http:\/\/songkol.com\/WordPress3\/santiago-jour201\/\" border=\"0\" itemprop=\"url\"> <meta itemprop=\"width\" content=\"509\"> <meta itemprop=\"height\" content=\"339\"> <img data-attachment-id=\"1601\" data-orig-file=\"http:\/\/songkol.com\/WordPress3\/wp-content\/uploads\/2014\/04\/santiago-jour201.jpg\" data-orig-size=\"1024,683\" data-comments-opened=\"1\" data-image-meta=\"{&quot;aperture&quot;:&quot;13&quot;,&quot;credit&quot;:&quot;&quot;,&quot;camera&quot;:&quot;Canon EOS 5D&quot;,&quot;caption&quot;:&quot;&quot;,&quot;created_timestamp&quot;:&quot;1396452926&quot;,&quot;copyright&quot;:&quot;&quot;,&quot;focal_length&quot;:&quot;19&quot;,&quot;iso&quot;:&quot;400&quot;,&quot;shutter_speed&quot;:&quot;0.0025&quot;,&quot;title&quot;:&quot;&quot;}\" data-image-title=\"SANTIAGO \/ Quartier Providencia\" data-image-description=\"\" data-medium-file=\"https:\/\/i0.wp.com\/songkol.com\/WordPress3\/wp-content\/uploads\/2014\/04\/santiago-jour201.jpg?fit=300%2C200\" data-large-file=\"https:\/\/i0.wp.com\/songkol.com\/WordPress3\/wp-content\/uploads\/2014\/04\/santiago-jour201.jpg?fit=768%2C512\" src=\"https:\/\/i0.wp.com\/songkol.com\/WordPress3\/wp-content\/uploads\/2014\/04\/santiago-jour201.jpg?w=509&#038;h=339\" width=\"509\" height=\"339\" data-original-width=\"509\" data-original-height=\"339\" itemprop=\"http:\/\/schema.org\/image\" title=\"SANTIAGO \/ Quartier Providencia\" alt=\"SANTIAGO \/ Quartier Providencia\" style=\"width: 509px; height: 339px;\" \/> <\/a> <div class=\"tiled-gallery-caption\" itemprop=\"caption description\"> SANTIAGO \/ Quartier Providencia <\/div> <\/div> <\/div> <!-- close group --> <div class=\"gallery-group images-2\" style=\"width: 255px; height: 343px;\" data-original-width=\"255\" data-original-height=\"343\" > <div class=\"tiled-gallery-item tiled-gallery-item-large\" itemprop=\"associatedMedia\" itemscope itemtype=\"http:\/\/schema.org\/ImageObject\"> <a href=\"http:\/\/songkol.com\/WordPress3\/santiago-jour202\/\" border=\"0\" itemprop=\"url\"> <meta itemprop=\"width\" content=\"251\"> <meta itemprop=\"height\" content=\"167\"> <img data-attachment-id=\"1600\" data-orig-file=\"http:\/\/songkol.com\/WordPress3\/wp-content\/uploads\/2014\/04\/santiago-jour202.jpg\" data-orig-size=\"1024,683\" data-comments-opened=\"1\" data-image-meta=\"{&quot;aperture&quot;:&quot;14&quot;,&quot;credit&quot;:&quot;&quot;,&quot;camera&quot;:&quot;Canon EOS 5D&quot;,&quot;caption&quot;:&quot;&quot;,&quot;created_timestamp&quot;:&quot;1396454450&quot;,&quot;copyright&quot;:&quot;&quot;,&quot;focal_length&quot;:&quot;17&quot;,&quot;iso&quot;:&quot;400&quot;,&quot;shutter_speed&quot;:&quot;0.002&quot;,&quot;title&quot;:&quot;&quot;}\" data-image-title=\"SANTIAGO \/ Quartier Providencia\" data-image-description=\"\" data-medium-file=\"https:\/\/i0.wp.com\/songkol.com\/WordPress3\/wp-content\/uploads\/2014\/04\/santiago-jour202.jpg?fit=300%2C200\" data-large-file=\"https:\/\/i0.wp.com\/songkol.com\/WordPress3\/wp-content\/uploads\/2014\/04\/santiago-jour202.jpg?fit=768%2C512\" src=\"https:\/\/i0.wp.com\/songkol.com\/WordPress3\/wp-content\/uploads\/2014\/04\/santiago-jour202.jpg?w=251&#038;h=167\" width=\"251\" height=\"167\" data-original-width=\"251\" data-original-height=\"167\" itemprop=\"http:\/\/schema.org\/image\" title=\"SANTIAGO \/ Quartier Providencia\" alt=\"SANTIAGO \/ Quartier Providencia\" style=\"width: 251px; height: 167px;\" \/> <\/a> <div class=\"tiled-gallery-caption\" itemprop=\"caption description\"> SANTIAGO \/ Quartier Providencia <\/div> <\/div> <div class=\"tiled-gallery-item tiled-gallery-item-large\" itemprop=\"associatedMedia\" itemscope itemtype=\"http:\/\/schema.org\/ImageObject\"> <a href=\"http:\/\/songkol.com\/WordPress3\/santiago-jour203\/\" border=\"0\" itemprop=\"url\"> <meta itemprop=\"width\" content=\"251\"> <meta itemprop=\"height\" content=\"168\"> <img data-attachment-id=\"1599\" data-orig-file=\"http:\/\/songkol.com\/WordPress3\/wp-content\/uploads\/2014\/04\/santiago-jour203.jpg\" data-orig-size=\"1024,683\" data-comments-opened=\"1\" data-image-meta=\"{&quot;aperture&quot;:&quot;14&quot;,&quot;credit&quot;:&quot;&quot;,&quot;camera&quot;:&quot;Canon EOS 5D&quot;,&quot;caption&quot;:&quot;&quot;,&quot;created_timestamp&quot;:&quot;1396460153&quot;,&quot;copyright&quot;:&quot;&quot;,&quot;focal_length&quot;:&quot;17&quot;,&quot;iso&quot;:&quot;400&quot;,&quot;shutter_speed&quot;:&quot;0.0025&quot;,&quot;title&quot;:&quot;&quot;}\" data-image-title=\"SANTIAGO \/ cerro San Cristobal\" data-image-description=\"\" data-medium-file=\"https:\/\/i0.wp.com\/songkol.com\/WordPress3\/wp-content\/uploads\/2014\/04\/santiago-jour203.jpg?fit=300%2C200\" data-large-file=\"https:\/\/i0.wp.com\/songkol.com\/WordPress3\/wp-content\/uploads\/2014\/04\/santiago-jour203.jpg?fit=768%2C512\" src=\"https:\/\/i0.wp.com\/songkol.com\/WordPress3\/wp-content\/uploads\/2014\/04\/santiago-jour203.jpg?w=251&#038;h=168\" width=\"251\" height=\"168\" data-original-width=\"251\" data-original-height=\"168\" itemprop=\"http:\/\/schema.org\/image\" title=\"SANTIAGO \/ cerro San Cristobal\" alt=\"Magnifique vue sur Santiago depuis le cerro San Cristobal quand il n&#039;y a pas trop de brouillard\" style=\"width: 251px; height: 168px;\" \/> <\/a> <div class=\"tiled-gallery-caption\" itemprop=\"caption description\"> Magnifique vue sur Santiago depuis le cerro San Cristobal quand il n&rsquo;y a pas trop de brouillard <\/div> <\/div> <\/div> <!-- close group --> <\/div> <!-- close row --> <div class=\"gallery-row\" style=\"width: 768px; height: 172px;\" data-original-width=\"768\" data-original-height=\"172\" > <div class=\"gallery-group images-1\" style=\"width: 256px; height: 172px;\" data-original-width=\"256\" data-original-height=\"172\" > <div class=\"tiled-gallery-item tiled-gallery-item-large\" itemprop=\"associatedMedia\" itemscope itemtype=\"http:\/\/schema.org\/ImageObject\"> <a href=\"http:\/\/songkol.com\/WordPress3\/santiago-jour204\/\" border=\"0\" itemprop=\"url\"> <meta itemprop=\"width\" content=\"252\"> <meta itemprop=\"height\" content=\"168\"> <img data-attachment-id=\"1598\" data-orig-file=\"http:\/\/songkol.com\/WordPress3\/wp-content\/uploads\/2014\/04\/santiago-jour204.jpg\" data-orig-size=\"1024,683\" data-comments-opened=\"1\" data-image-meta=\"{&quot;aperture&quot;:&quot;4&quot;,&quot;credit&quot;:&quot;&quot;,&quot;camera&quot;:&quot;Canon EOS 5D&quot;,&quot;caption&quot;:&quot;&quot;,&quot;created_timestamp&quot;:&quot;1396524820&quot;,&quot;copyright&quot;:&quot;&quot;,&quot;focal_length&quot;:&quot;17&quot;,&quot;iso&quot;:&quot;400&quot;,&quot;shutter_speed&quot;:&quot;0.04&quot;,&quot;title&quot;:&quot;&quot;}\" data-image-title=\"SANTIAGO \/ Metro\" data-image-description=\"\" data-medium-file=\"https:\/\/i0.wp.com\/songkol.com\/WordPress3\/wp-content\/uploads\/2014\/04\/santiago-jour204.jpg?fit=300%2C200\" data-large-file=\"https:\/\/i0.wp.com\/songkol.com\/WordPress3\/wp-content\/uploads\/2014\/04\/santiago-jour204.jpg?fit=768%2C512\" src=\"https:\/\/i0.wp.com\/songkol.com\/WordPress3\/wp-content\/uploads\/2014\/04\/santiago-jour204.jpg?w=252&#038;h=168\" width=\"252\" height=\"168\" data-original-width=\"252\" data-original-height=\"168\" itemprop=\"http:\/\/schema.org\/image\" title=\"SANTIAGO \/ Metro\" alt=\"Le m\u00e9tro de Santiago\" style=\"width: 252px; height: 168px;\" \/> <\/a> <div class=\"tiled-gallery-caption\" itemprop=\"caption description\"> Le m\u00e9tro de Santiago <\/div> <\/div> <\/div> <!-- close group --> <div class=\"gallery-group images-1\" style=\"width: 256px; height: 172px;\" data-original-width=\"256\" data-original-height=\"172\" > <div class=\"tiled-gallery-item tiled-gallery-item-large\" itemprop=\"associatedMedia\" itemscope itemtype=\"http:\/\/schema.org\/ImageObject\"> <a href=\"http:\/\/songkol.com\/WordPress3\/santiago-jour205\/\" border=\"0\" itemprop=\"url\"> <meta itemprop=\"width\" content=\"252\"> <meta itemprop=\"height\" content=\"168\"> <img data-attachment-id=\"1597\" data-orig-file=\"http:\/\/songkol.com\/WordPress3\/wp-content\/uploads\/2014\/04\/santiago-jour205.jpg\" data-orig-size=\"1024,683\" data-comments-opened=\"1\" data-image-meta=\"{&quot;aperture&quot;:&quot;5&quot;,&quot;credit&quot;:&quot;&quot;,&quot;camera&quot;:&quot;Canon EOS 5D&quot;,&quot;caption&quot;:&quot;&quot;,&quot;created_timestamp&quot;:&quot;1396527741&quot;,&quot;copyright&quot;:&quot;&quot;,&quot;focal_length&quot;:&quot;17&quot;,&quot;iso&quot;:&quot;400&quot;,&quot;shutter_speed&quot;:&quot;0.02&quot;,&quot;title&quot;:&quot;&quot;}\" data-image-title=\"SANTIAGO \/ Happening gastronomique\" data-image-description=\"\" data-medium-file=\"https:\/\/i0.wp.com\/songkol.com\/WordPress3\/wp-content\/uploads\/2014\/04\/santiago-jour205.jpg?fit=300%2C200\" data-large-file=\"https:\/\/i0.wp.com\/songkol.com\/WordPress3\/wp-content\/uploads\/2014\/04\/santiago-jour205.jpg?fit=768%2C512\" src=\"https:\/\/i0.wp.com\/songkol.com\/WordPress3\/wp-content\/uploads\/2014\/04\/santiago-jour205.jpg?w=252&#038;h=168\" width=\"252\" height=\"168\" data-original-width=\"252\" data-original-height=\"168\" itemprop=\"http:\/\/schema.org\/image\" title=\"SANTIAGO \/ Happening gastronomique\" alt=\"SANTIAGO \/ Happening gastronomique\" style=\"width: 252px; height: 168px;\" \/> <\/a> <div class=\"tiled-gallery-caption\" itemprop=\"caption description\"> SANTIAGO \/ Happening gastronomique <\/div> <\/div> <\/div> <!-- close group --> <div class=\"gallery-group images-1\" style=\"width: 256px; height: 172px;\" data-original-width=\"256\" data-original-height=\"172\" > <div class=\"tiled-gallery-item tiled-gallery-item-large\" itemprop=\"associatedMedia\" itemscope itemtype=\"http:\/\/schema.org\/ImageObject\"> <a href=\"http:\/\/songkol.com\/WordPress3\/santiago-jour206\/\" border=\"0\" itemprop=\"url\"> <meta itemprop=\"width\" content=\"252\"> <meta itemprop=\"height\" content=\"168\"> <img data-attachment-id=\"1596\" data-orig-file=\"http:\/\/songkol.com\/WordPress3\/wp-content\/uploads\/2014\/04\/santiago-jour206.jpg\" data-orig-size=\"1024,683\" data-comments-opened=\"1\" data-image-meta=\"{&quot;aperture&quot;:&quot;13&quot;,&quot;credit&quot;:&quot;&quot;,&quot;camera&quot;:&quot;Canon EOS 5D&quot;,&quot;caption&quot;:&quot;&quot;,&quot;created_timestamp&quot;:&quot;1396531570&quot;,&quot;copyright&quot;:&quot;&quot;,&quot;focal_length&quot;:&quot;33&quot;,&quot;iso&quot;:&quot;400&quot;,&quot;shutter_speed&quot;:&quot;0.0025&quot;,&quot;title&quot;:&quot;&quot;}\" data-image-title=\"SANTIAGO \/ Parc Santa Lucia\" data-image-description=\"\" data-medium-file=\"https:\/\/i0.wp.com\/songkol.com\/WordPress3\/wp-content\/uploads\/2014\/04\/santiago-jour206.jpg?fit=300%2C200\" data-large-file=\"https:\/\/i0.wp.com\/songkol.com\/WordPress3\/wp-content\/uploads\/2014\/04\/santiago-jour206.jpg?fit=768%2C512\" src=\"https:\/\/i0.wp.com\/songkol.com\/WordPress3\/wp-content\/uploads\/2014\/04\/santiago-jour206.jpg?w=252&#038;h=168\" width=\"252\" height=\"168\" data-original-width=\"252\" data-original-height=\"168\" itemprop=\"http:\/\/schema.org\/image\" title=\"SANTIAGO \/ Parc Santa Lucia\" alt=\"SANTIAGO \/ Parc Santa Lucia\" style=\"width: 252px; height: 168px;\" \/> <\/a> <div class=\"tiled-gallery-caption\" itemprop=\"caption description\"> SANTIAGO \/ Parc Santa Lucia <\/div> <\/div> <\/div> <!-- close group --> <\/div> <!-- close row --> <div class=\"gallery-row\" style=\"width: 768px; height: 659px;\" data-original-width=\"768\" data-original-height=\"659\" > <div class=\"gallery-group images-3\" style=\"width: 327px; height: 659px;\" data-original-width=\"327\" data-original-height=\"659\" > <div class=\"tiled-gallery-item tiled-gallery-item-large\" itemprop=\"associatedMedia\" itemscope itemtype=\"http:\/\/schema.org\/ImageObject\"> <a href=\"http:\/\/songkol.com\/WordPress3\/santiago-jour207\/\" border=\"0\" itemprop=\"url\"> <meta itemprop=\"width\" content=\"323\"> <meta itemprop=\"height\" content=\"215\"> <img data-attachment-id=\"1595\" data-orig-file=\"http:\/\/songkol.com\/WordPress3\/wp-content\/uploads\/2014\/04\/santiago-jour207.jpg\" data-orig-size=\"1024,683\" data-comments-opened=\"1\" data-image-meta=\"{&quot;aperture&quot;:&quot;10&quot;,&quot;credit&quot;:&quot;&quot;,&quot;camera&quot;:&quot;Canon EOS 5D&quot;,&quot;caption&quot;:&quot;&quot;,&quot;created_timestamp&quot;:&quot;1396532168&quot;,&quot;copyright&quot;:&quot;&quot;,&quot;focal_length&quot;:&quot;17&quot;,&quot;iso&quot;:&quot;400&quot;,&quot;shutter_speed&quot;:&quot;0.005&quot;,&quot;title&quot;:&quot;&quot;}\" data-image-title=\"SANTIAGO \/ Mus\u00e9e ?\" data-image-description=\"\" data-medium-file=\"https:\/\/i0.wp.com\/songkol.com\/WordPress3\/wp-content\/uploads\/2014\/04\/santiago-jour207.jpg?fit=300%2C200\" data-large-file=\"https:\/\/i0.wp.com\/songkol.com\/WordPress3\/wp-content\/uploads\/2014\/04\/santiago-jour207.jpg?fit=768%2C512\" src=\"https:\/\/i0.wp.com\/songkol.com\/WordPress3\/wp-content\/uploads\/2014\/04\/santiago-jour207.jpg?w=323&#038;h=215\" width=\"323\" height=\"215\" data-original-width=\"323\" data-original-height=\"215\" itemprop=\"http:\/\/schema.org\/image\" title=\"SANTIAGO \/ Mus\u00e9e ?\" alt=\"SANTIAGO \/ Mus\u00e9e ?\" style=\"width: 323px; height: 215px;\" \/> <\/a> <div class=\"tiled-gallery-caption\" itemprop=\"caption description\"> SANTIAGO \/ Mus\u00e9e ? <\/div> <\/div> <div class=\"tiled-gallery-item tiled-gallery-item-large\" itemprop=\"associatedMedia\" itemscope itemtype=\"http:\/\/schema.org\/ImageObject\"> <a href=\"http:\/\/songkol.com\/WordPress3\/santiago-jour208\/\" border=\"0\" itemprop=\"url\"> <meta itemprop=\"width\" content=\"323\"> <meta itemprop=\"height\" content=\"216\"> <img data-attachment-id=\"1594\" data-orig-file=\"http:\/\/songkol.com\/WordPress3\/wp-content\/uploads\/2014\/04\/santiago-jour208.jpg\" data-orig-size=\"1024,683\" data-comments-opened=\"1\" data-image-meta=\"{&quot;aperture&quot;:&quot;7.1&quot;,&quot;credit&quot;:&quot;&quot;,&quot;camera&quot;:&quot;Canon EOS 5D&quot;,&quot;caption&quot;:&quot;&quot;,&quot;created_timestamp&quot;:&quot;1396534775&quot;,&quot;copyright&quot;:&quot;&quot;,&quot;focal_length&quot;:&quot;21&quot;,&quot;iso&quot;:&quot;800&quot;,&quot;shutter_speed&quot;:&quot;0.01&quot;,&quot;title&quot;:&quot;&quot;}\" data-image-title=\"SANTIAGO \/ Mus\u00e9e ?\" data-image-description=\"\" data-medium-file=\"https:\/\/i0.wp.com\/songkol.com\/WordPress3\/wp-content\/uploads\/2014\/04\/santiago-jour208.jpg?fit=300%2C200\" data-large-file=\"https:\/\/i0.wp.com\/songkol.com\/WordPress3\/wp-content\/uploads\/2014\/04\/santiago-jour208.jpg?fit=768%2C512\" src=\"https:\/\/i0.wp.com\/songkol.com\/WordPress3\/wp-content\/uploads\/2014\/04\/santiago-jour208.jpg?w=323&#038;h=216\" width=\"323\" height=\"216\" data-original-width=\"323\" data-original-height=\"216\" itemprop=\"http:\/\/schema.org\/image\" title=\"SANTIAGO \/ Mus\u00e9e ?\" alt=\"SANTIAGO \/ Mus\u00e9e ?\" style=\"width: 323px; height: 216px;\" \/> <\/a> <div class=\"tiled-gallery-caption\" itemprop=\"caption description\"> SANTIAGO \/ Mus\u00e9e ? <\/div> <\/div> <div class=\"tiled-gallery-item tiled-gallery-item-large\" itemprop=\"associatedMedia\" itemscope itemtype=\"http:\/\/schema.org\/ImageObject\"> <a href=\"http:\/\/songkol.com\/WordPress3\/santiago-jour209\/\" border=\"0\" itemprop=\"url\"> <meta itemprop=\"width\" content=\"323\"> <meta itemprop=\"height\" content=\"216\"> <img data-attachment-id=\"1593\" data-orig-file=\"http:\/\/songkol.com\/WordPress3\/wp-content\/uploads\/2014\/04\/santiago-jour209.jpg\" data-orig-size=\"1024,683\" data-comments-opened=\"1\" data-image-meta=\"{&quot;aperture&quot;:&quot;14&quot;,&quot;credit&quot;:&quot;&quot;,&quot;camera&quot;:&quot;Canon EOS 5D&quot;,&quot;caption&quot;:&quot;&quot;,&quot;created_timestamp&quot;:&quot;1396540401&quot;,&quot;copyright&quot;:&quot;&quot;,&quot;focal_length&quot;:&quot;17&quot;,&quot;iso&quot;:&quot;800&quot;,&quot;shutter_speed&quot;:&quot;0.0025&quot;,&quot;title&quot;:&quot;&quot;}\" data-image-title=\"SANTIAGO \/ Rue &#8211; murales\" data-image-description=\"\" data-medium-file=\"https:\/\/i0.wp.com\/songkol.com\/WordPress3\/wp-content\/uploads\/2014\/04\/santiago-jour209.jpg?fit=300%2C200\" data-large-file=\"https:\/\/i0.wp.com\/songkol.com\/WordPress3\/wp-content\/uploads\/2014\/04\/santiago-jour209.jpg?fit=768%2C512\" src=\"https:\/\/i0.wp.com\/songkol.com\/WordPress3\/wp-content\/uploads\/2014\/04\/santiago-jour209.jpg?w=323&#038;h=216\" width=\"323\" height=\"216\" data-original-width=\"323\" data-original-height=\"216\" itemprop=\"http:\/\/schema.org\/image\" title=\"SANTIAGO \/ Rue - murales\" alt=\"SANTIAGO \/ Rue - murales\" style=\"width: 323px; height: 216px;\" \/> <\/a> <div class=\"tiled-gallery-caption\" itemprop=\"caption description\"> SANTIAGO \/ Rue &#8211; murales <\/div> <\/div> <\/div> <!-- close group --> <div class=\"gallery-group images-1\" style=\"width: 441px; height: 659px;\" data-original-width=\"441\" data-original-height=\"659\" > <div class=\"tiled-gallery-item tiled-gallery-item-large\" itemprop=\"associatedMedia\" itemscope itemtype=\"http:\/\/schema.org\/ImageObject\"> <a href=\"http:\/\/songkol.com\/WordPress3\/santiago-jour210\/\" border=\"0\" itemprop=\"url\"> <meta itemprop=\"width\" content=\"437\"> <meta itemprop=\"height\" content=\"655\"> <img data-attachment-id=\"1592\" data-orig-file=\"http:\/\/songkol.com\/WordPress3\/wp-content\/uploads\/2014\/04\/santiago-jour210.jpg\" data-orig-size=\"683,1024\" data-comments-opened=\"1\" data-image-meta=\"{&quot;aperture&quot;:&quot;11&quot;,&quot;credit&quot;:&quot;&quot;,&quot;camera&quot;:&quot;Canon EOS 5D&quot;,&quot;caption&quot;:&quot;&quot;,&quot;created_timestamp&quot;:&quot;1396540452&quot;,&quot;copyright&quot;:&quot;&quot;,&quot;focal_length&quot;:&quot;17&quot;,&quot;iso&quot;:&quot;800&quot;,&quot;shutter_speed&quot;:&quot;0.004&quot;,&quot;title&quot;:&quot;&quot;}\" data-image-title=\"SANTIAGO \/ Rue &#8211; murales\" data-image-description=\"\" data-medium-file=\"https:\/\/i0.wp.com\/songkol.com\/WordPress3\/wp-content\/uploads\/2014\/04\/santiago-jour210.jpg?fit=200%2C300\" data-large-file=\"https:\/\/i0.wp.com\/songkol.com\/WordPress3\/wp-content\/uploads\/2014\/04\/santiago-jour210.jpg?fit=683%2C1024\" src=\"https:\/\/i0.wp.com\/songkol.com\/WordPress3\/wp-content\/uploads\/2014\/04\/santiago-jour210.jpg?w=437&#038;h=655\" width=\"437\" height=\"655\" data-original-width=\"437\" data-original-height=\"655\" itemprop=\"http:\/\/schema.org\/image\" title=\"SANTIAGO \/ Rue - murales\" alt=\"SANTIAGO \/ Rue - murales\" style=\"width: 437px; height: 655px;\" \/> <\/a> <div class=\"tiled-gallery-caption\" itemprop=\"caption description\"> SANTIAGO \/ Rue &#8211; murales <\/div> <\/div> <\/div> <!-- close group --> <\/div> <!-- close row --> <div class=\"gallery-row\" style=\"width: 768px; height: 355px;\" data-original-width=\"768\" data-original-height=\"355\" > <div class=\"gallery-group images-1\" style=\"width: 238px; height: 355px;\" data-original-width=\"238\" data-original-height=\"355\" > <div class=\"tiled-gallery-item tiled-gallery-item-small\" itemprop=\"associatedMedia\" itemscope itemtype=\"http:\/\/schema.org\/ImageObject\"> <a href=\"http:\/\/songkol.com\/WordPress3\/santiago-jour211\/\" border=\"0\" itemprop=\"url\"> <meta itemprop=\"width\" content=\"234\"> <meta itemprop=\"height\" content=\"351\"> <img data-attachment-id=\"1591\" data-orig-file=\"http:\/\/songkol.com\/WordPress3\/wp-content\/uploads\/2014\/04\/santiago-jour211.jpg\" data-orig-size=\"683,1024\" data-comments-opened=\"1\" data-image-meta=\"{&quot;aperture&quot;:&quot;10&quot;,&quot;credit&quot;:&quot;&quot;,&quot;camera&quot;:&quot;Canon EOS 5D&quot;,&quot;caption&quot;:&quot;&quot;,&quot;created_timestamp&quot;:&quot;1396540777&quot;,&quot;copyright&quot;:&quot;&quot;,&quot;focal_length&quot;:&quot;40&quot;,&quot;iso&quot;:&quot;800&quot;,&quot;shutter_speed&quot;:&quot;0.005&quot;,&quot;title&quot;:&quot;&quot;}\" data-image-title=\"SANTIAGO \/ Pub\" data-image-description=\"\" data-medium-file=\"https:\/\/i0.wp.com\/songkol.com\/WordPress3\/wp-content\/uploads\/2014\/04\/santiago-jour211.jpg?fit=200%2C300\" data-large-file=\"https:\/\/i0.wp.com\/songkol.com\/WordPress3\/wp-content\/uploads\/2014\/04\/santiago-jour211.jpg?fit=683%2C1024\" src=\"https:\/\/i0.wp.com\/songkol.com\/WordPress3\/wp-content\/uploads\/2014\/04\/santiago-jour211.jpg?w=234&#038;h=351\" width=\"234\" height=\"351\" data-original-width=\"234\" data-original-height=\"351\" itemprop=\"http:\/\/schema.org\/image\" title=\"SANTIAGO \/ Pub\" alt=\"SANTIAGO \/ Pub\" style=\"width: 234px; height: 351px;\" \/> <\/a> <div class=\"tiled-gallery-caption\" itemprop=\"caption description\"> SANTIAGO \/ Pub <\/div> <\/div> <\/div> <!-- close group --> <div class=\"gallery-group images-1\" style=\"width: 530px; height: 355px;\" data-original-width=\"530\" data-original-height=\"355\" > <div class=\"tiled-gallery-item tiled-gallery-item-large\" itemprop=\"associatedMedia\" itemscope itemtype=\"http:\/\/schema.org\/ImageObject\"> <a href=\"http:\/\/songkol.com\/WordPress3\/santiago-jour212\/\" border=\"0\" itemprop=\"url\"> <meta itemprop=\"width\" content=\"526\"> <meta itemprop=\"height\" content=\"351\"> <img data-attachment-id=\"1590\" data-orig-file=\"http:\/\/songkol.com\/WordPress3\/wp-content\/uploads\/2014\/04\/santiago-jour212.jpg\" data-orig-size=\"1024,683\" data-comments-opened=\"1\" data-image-meta=\"{&quot;aperture&quot;:&quot;16&quot;,&quot;credit&quot;:&quot;&quot;,&quot;camera&quot;:&quot;Canon EOS 5D&quot;,&quot;caption&quot;:&quot;&quot;,&quot;created_timestamp&quot;:&quot;1396541032&quot;,&quot;copyright&quot;:&quot;&quot;,&quot;focal_length&quot;:&quot;31&quot;,&quot;iso&quot;:&quot;800&quot;,&quot;shutter_speed&quot;:&quot;0.002&quot;,&quot;title&quot;:&quot;&quot;}\" data-image-title=\"SANTIAGO \/ Rue &#8211; murales\" data-image-description=\"\" data-medium-file=\"https:\/\/i0.wp.com\/songkol.com\/WordPress3\/wp-content\/uploads\/2014\/04\/santiago-jour212.jpg?fit=300%2C200\" data-large-file=\"https:\/\/i0.wp.com\/songkol.com\/WordPress3\/wp-content\/uploads\/2014\/04\/santiago-jour212.jpg?fit=768%2C512\" src=\"https:\/\/i0.wp.com\/songkol.com\/WordPress3\/wp-content\/uploads\/2014\/04\/santiago-jour212.jpg?w=526&#038;h=351\" width=\"526\" height=\"351\" data-original-width=\"526\" data-original-height=\"351\" itemprop=\"http:\/\/schema.org\/image\" title=\"SANTIAGO \/ Rue - murales\" alt=\"SANTIAGO \/ Rue - murales\" style=\"width: 526px; height: 351px;\" \/> <\/a> <div class=\"tiled-gallery-caption\" itemprop=\"caption description\"> SANTIAGO \/ Rue &#8211; murales <\/div> <\/div> <\/div> <!-- close group --> <\/div> <!-- close row --> <div class=\"gallery-row\" style=\"width: 768px; height: 659px;\" data-original-width=\"768\" data-original-height=\"659\" > <div class=\"gallery-group images-1\" style=\"width: 441px; height: 659px;\" data-original-width=\"441\" data-original-height=\"659\" > <div class=\"tiled-gallery-item tiled-gallery-item-large\" itemprop=\"associatedMedia\" itemscope itemtype=\"http:\/\/schema.org\/ImageObject\"> <a href=\"http:\/\/songkol.com\/WordPress3\/santiago-jour213\/\" border=\"0\" itemprop=\"url\"> <meta itemprop=\"width\" content=\"437\"> <meta itemprop=\"height\" content=\"655\"> <img data-attachment-id=\"1589\" data-orig-file=\"http:\/\/songkol.com\/WordPress3\/wp-content\/uploads\/2014\/04\/santiago-jour213.jpg\" data-orig-size=\"683,1024\" data-comments-opened=\"1\" data-image-meta=\"{&quot;aperture&quot;:&quot;11&quot;,&quot;credit&quot;:&quot;&quot;,&quot;camera&quot;:&quot;Canon EOS 5D&quot;,&quot;caption&quot;:&quot;&quot;,&quot;created_timestamp&quot;:&quot;1396541200&quot;,&quot;copyright&quot;:&quot;&quot;,&quot;focal_length&quot;:&quot;17&quot;,&quot;iso&quot;:&quot;800&quot;,&quot;shutter_speed&quot;:&quot;0.003125&quot;,&quot;title&quot;:&quot;&quot;}\" data-image-title=\"SANTIAGO \/ Rue &#8211; murales\" data-image-description=\"\" data-medium-file=\"https:\/\/i0.wp.com\/songkol.com\/WordPress3\/wp-content\/uploads\/2014\/04\/santiago-jour213.jpg?fit=200%2C300\" data-large-file=\"https:\/\/i0.wp.com\/songkol.com\/WordPress3\/wp-content\/uploads\/2014\/04\/santiago-jour213.jpg?fit=683%2C1024\" src=\"https:\/\/i0.wp.com\/songkol.com\/WordPress3\/wp-content\/uploads\/2014\/04\/santiago-jour213.jpg?w=437&#038;h=655\" width=\"437\" height=\"655\" data-original-width=\"437\" data-original-height=\"655\" itemprop=\"http:\/\/schema.org\/image\" title=\"SANTIAGO \/ Rue - murales\" alt=\"SANTIAGO \/ Rue - murales\" style=\"width: 437px; height: 655px;\" \/> <\/a> <div class=\"tiled-gallery-caption\" itemprop=\"caption description\"> SANTIAGO \/ Rue &#8211; murales <\/div> <\/div> <\/div> <!-- close group --> <div class=\"gallery-group images-3\" style=\"width: 327px; height: 659px;\" data-original-width=\"327\" data-original-height=\"659\" > <div class=\"tiled-gallery-item tiled-gallery-item-large\" itemprop=\"associatedMedia\" itemscope itemtype=\"http:\/\/schema.org\/ImageObject\"> <a href=\"http:\/\/songkol.com\/WordPress3\/santiago-jour214\/\" border=\"0\" itemprop=\"url\"> <meta itemprop=\"width\" content=\"323\"> <meta itemprop=\"height\" content=\"215\"> <img data-attachment-id=\"1588\" data-orig-file=\"http:\/\/songkol.com\/WordPress3\/wp-content\/uploads\/2014\/04\/santiago-jour214.jpg\" data-orig-size=\"1024,683\" data-comments-opened=\"1\" data-image-meta=\"{&quot;aperture&quot;:&quot;5&quot;,&quot;credit&quot;:&quot;&quot;,&quot;camera&quot;:&quot;Canon EOS 5D&quot;,&quot;caption&quot;:&quot;&quot;,&quot;created_timestamp&quot;:&quot;1396542121&quot;,&quot;copyright&quot;:&quot;&quot;,&quot;focal_length&quot;:&quot;17&quot;,&quot;iso&quot;:&quot;800&quot;,&quot;shutter_speed&quot;:&quot;0.02&quot;,&quot;title&quot;:&quot;&quot;}\" data-image-title=\"SANTIAGO \/ Maison de Pablo Neruda\" data-image-description=\"\" data-medium-file=\"https:\/\/i0.wp.com\/songkol.com\/WordPress3\/wp-content\/uploads\/2014\/04\/santiago-jour214.jpg?fit=300%2C200\" data-large-file=\"https:\/\/i0.wp.com\/songkol.com\/WordPress3\/wp-content\/uploads\/2014\/04\/santiago-jour214.jpg?fit=768%2C512\" src=\"https:\/\/i0.wp.com\/songkol.com\/WordPress3\/wp-content\/uploads\/2014\/04\/santiago-jour214.jpg?w=323&#038;h=215\" width=\"323\" height=\"215\" data-original-width=\"323\" data-original-height=\"215\" itemprop=\"http:\/\/schema.org\/image\" title=\"SANTIAGO \/ Maison de Pablo Neruda\" alt=\"SANTIAGO \/ Maison de Pablo Neruda\" style=\"width: 323px; height: 215px;\" \/> <\/a> <div class=\"tiled-gallery-caption\" itemprop=\"caption description\"> SANTIAGO \/ Maison de Pablo Neruda <\/div> <\/div> <div class=\"tiled-gallery-item tiled-gallery-item-large\" itemprop=\"associatedMedia\" itemscope itemtype=\"http:\/\/schema.org\/ImageObject\"> <a href=\"http:\/\/songkol.com\/WordPress3\/santiago-jour215\/\" border=\"0\" itemprop=\"url\"> <meta itemprop=\"width\" content=\"323\"> <meta itemprop=\"height\" content=\"216\"> <img data-attachment-id=\"1587\" data-orig-file=\"http:\/\/songkol.com\/WordPress3\/wp-content\/uploads\/2014\/04\/santiago-jour215.jpg\" data-orig-size=\"1024,683\" data-comments-opened=\"1\" data-image-meta=\"{&quot;aperture&quot;:&quot;5.6&quot;,&quot;credit&quot;:&quot;&quot;,&quot;camera&quot;:&quot;Canon EOS 5D&quot;,&quot;caption&quot;:&quot;&quot;,&quot;created_timestamp&quot;:&quot;1396542144&quot;,&quot;copyright&quot;:&quot;&quot;,&quot;focal_length&quot;:&quot;21&quot;,&quot;iso&quot;:&quot;800&quot;,&quot;shutter_speed&quot;:&quot;0.016666666666667&quot;,&quot;title&quot;:&quot;&quot;}\" data-image-title=\"SANTIAGO \/ Maison de Pablo Neruda\" data-image-description=\"\" data-medium-file=\"https:\/\/i0.wp.com\/songkol.com\/WordPress3\/wp-content\/uploads\/2014\/04\/santiago-jour215.jpg?fit=300%2C200\" data-large-file=\"https:\/\/i0.wp.com\/songkol.com\/WordPress3\/wp-content\/uploads\/2014\/04\/santiago-jour215.jpg?fit=768%2C512\" src=\"https:\/\/i0.wp.com\/songkol.com\/WordPress3\/wp-content\/uploads\/2014\/04\/santiago-jour215.jpg?w=323&#038;h=216\" width=\"323\" height=\"216\" data-original-width=\"323\" data-original-height=\"216\" itemprop=\"http:\/\/schema.org\/image\" title=\"SANTIAGO \/ Maison de Pablo Neruda\" alt=\"SANTIAGO \/ Maison de Pablo Neruda\" style=\"width: 323px; height: 216px;\" \/> <\/a> <div class=\"tiled-gallery-caption\" itemprop=\"caption description\"> SANTIAGO \/ Maison de Pablo Neruda <\/div> <\/div> <div class=\"tiled-gallery-item tiled-gallery-item-large\" itemprop=\"associatedMedia\" itemscope itemtype=\"http:\/\/schema.org\/ImageObject\"> <a href=\"http:\/\/songkol.com\/WordPress3\/santiago-jour216\/\" border=\"0\" itemprop=\"url\"> <meta itemprop=\"width\" content=\"323\"> <meta itemprop=\"height\" content=\"216\"> <img data-attachment-id=\"1586\" data-orig-file=\"http:\/\/songkol.com\/WordPress3\/wp-content\/uploads\/2014\/04\/santiago-jour216.jpg\" data-orig-size=\"1024,683\" data-comments-opened=\"1\" data-image-meta=\"{&quot;aperture&quot;:&quot;5.6&quot;,&quot;credit&quot;:&quot;&quot;,&quot;camera&quot;:&quot;Canon EOS 5D&quot;,&quot;caption&quot;:&quot;&quot;,&quot;created_timestamp&quot;:&quot;1396542155&quot;,&quot;copyright&quot;:&quot;&quot;,&quot;focal_length&quot;:&quot;21&quot;,&quot;iso&quot;:&quot;800&quot;,&quot;shutter_speed&quot;:&quot;0.0125&quot;,&quot;title&quot;:&quot;&quot;}\" data-image-title=\"SANTIAGO \/ Maison de Pablo Neruda\" data-image-description=\"\" data-medium-file=\"https:\/\/i0.wp.com\/songkol.com\/WordPress3\/wp-content\/uploads\/2014\/04\/santiago-jour216.jpg?fit=300%2C200\" data-large-file=\"https:\/\/i0.wp.com\/songkol.com\/WordPress3\/wp-content\/uploads\/2014\/04\/santiago-jour216.jpg?fit=768%2C512\" src=\"https:\/\/i0.wp.com\/songkol.com\/WordPress3\/wp-content\/uploads\/2014\/04\/santiago-jour216.jpg?w=323&#038;h=216\" width=\"323\" height=\"216\" data-original-width=\"323\" data-original-height=\"216\" itemprop=\"http:\/\/schema.org\/image\" title=\"SANTIAGO \/ Maison de Pablo Neruda\" alt=\"SANTIAGO \/ Maison de Pablo Neruda\" style=\"width: 323px; height: 216px;\" \/> <\/a> <div class=\"tiled-gallery-caption\" itemprop=\"caption description\"> SANTIAGO \/ Maison de Pablo Neruda <\/div> <\/div> <\/div> <!-- close group --> <\/div> <!-- close row --> <div class=\"gallery-row\" style=\"width: 768px; height: 343px;\" data-original-width=\"768\" data-original-height=\"343\" > <div class=\"gallery-group images-1\" style=\"width: 513px; height: 343px;\" data-original-width=\"513\" data-original-height=\"343\" > <div class=\"tiled-gallery-item tiled-gallery-item-large\" itemprop=\"associatedMedia\" itemscope itemtype=\"http:\/\/schema.org\/ImageObject\"> <a href=\"http:\/\/songkol.com\/WordPress3\/santiago-jour217\/\" border=\"0\" itemprop=\"url\"> <meta itemprop=\"width\" content=\"509\"> <meta itemprop=\"height\" content=\"339\"> <img data-attachment-id=\"1585\" data-orig-file=\"http:\/\/songkol.com\/WordPress3\/wp-content\/uploads\/2014\/04\/santiago-jour217.jpg\" data-orig-size=\"1024,683\" data-comments-opened=\"1\" data-image-meta=\"{&quot;aperture&quot;:&quot;5&quot;,&quot;credit&quot;:&quot;&quot;,&quot;camera&quot;:&quot;Canon EOS 5D&quot;,&quot;caption&quot;:&quot;&quot;,&quot;created_timestamp&quot;:&quot;1396542169&quot;,&quot;copyright&quot;:&quot;&quot;,&quot;focal_length&quot;:&quot;40&quot;,&quot;iso&quot;:&quot;800&quot;,&quot;shutter_speed&quot;:&quot;0.02&quot;,&quot;title&quot;:&quot;&quot;}\" data-image-title=\"SANTIAGO \/ Maison de Pablo Neruda\" data-image-description=\"\" data-medium-file=\"https:\/\/i0.wp.com\/songkol.com\/WordPress3\/wp-content\/uploads\/2014\/04\/santiago-jour217.jpg?fit=300%2C200\" data-large-file=\"https:\/\/i0.wp.com\/songkol.com\/WordPress3\/wp-content\/uploads\/2014\/04\/santiago-jour217.jpg?fit=768%2C512\" src=\"https:\/\/i0.wp.com\/songkol.com\/WordPress3\/wp-content\/uploads\/2014\/04\/santiago-jour217.jpg?w=509&#038;h=339\" width=\"509\" height=\"339\" data-original-width=\"509\" data-original-height=\"339\" itemprop=\"http:\/\/schema.org\/image\" title=\"SANTIAGO \/ Maison de Pablo Neruda\" alt=\"SANTIAGO \/ Maison de Pablo Neruda\" style=\"width: 509px; height: 339px;\" \/> <\/a> <div class=\"tiled-gallery-caption\" itemprop=\"caption description\"> SANTIAGO \/ Maison de Pablo Neruda <\/div> <\/div> <\/div> <!-- close group --> <div class=\"gallery-group images-2\" style=\"width: 255px; height: 343px;\" data-original-width=\"255\" data-original-height=\"343\" > <div class=\"tiled-gallery-item tiled-gallery-item-large\" itemprop=\"associatedMedia\" itemscope itemtype=\"http:\/\/schema.org\/ImageObject\"> <a href=\"http:\/\/songkol.com\/WordPress3\/santiago-jour218\/\" border=\"0\" itemprop=\"url\"> <meta itemprop=\"width\" content=\"251\"> <meta itemprop=\"height\" content=\"167\"> <img data-attachment-id=\"1584\" data-orig-file=\"http:\/\/songkol.com\/WordPress3\/wp-content\/uploads\/2014\/04\/santiago-jour218.jpg\" data-orig-size=\"1024,683\" data-comments-opened=\"1\" data-image-meta=\"{&quot;aperture&quot;:&quot;11&quot;,&quot;credit&quot;:&quot;&quot;,&quot;camera&quot;:&quot;Canon EOS 5D&quot;,&quot;caption&quot;:&quot;&quot;,&quot;created_timestamp&quot;:&quot;1396543258&quot;,&quot;copyright&quot;:&quot;&quot;,&quot;focal_length&quot;:&quot;17&quot;,&quot;iso&quot;:&quot;800&quot;,&quot;shutter_speed&quot;:&quot;0.004&quot;,&quot;title&quot;:&quot;&quot;}\" data-image-title=\"SANTIAGO \/ Maison de Pablo Neruda\" data-image-description=\"\" data-medium-file=\"https:\/\/i0.wp.com\/songkol.com\/WordPress3\/wp-content\/uploads\/2014\/04\/santiago-jour218.jpg?fit=300%2C200\" data-large-file=\"https:\/\/i0.wp.com\/songkol.com\/WordPress3\/wp-content\/uploads\/2014\/04\/santiago-jour218.jpg?fit=768%2C512\" src=\"https:\/\/i0.wp.com\/songkol.com\/WordPress3\/wp-content\/uploads\/2014\/04\/santiago-jour218.jpg?w=251&#038;h=167\" width=\"251\" height=\"167\" data-original-width=\"251\" data-original-height=\"167\" itemprop=\"http:\/\/schema.org\/image\" title=\"SANTIAGO \/ Maison de Pablo Neruda\" alt=\"SANTIAGO \/ Maison de Pablo Neruda\" style=\"width: 251px; height: 167px;\" \/> <\/a> <div class=\"tiled-gallery-caption\" itemprop=\"caption description\"> SANTIAGO \/ Maison de Pablo Neruda <\/div> <\/div> <div class=\"tiled-gallery-item tiled-gallery-item-large\" itemprop=\"associatedMedia\" itemscope itemtype=\"http:\/\/schema.org\/ImageObject\"> <a href=\"http:\/\/songkol.com\/WordPress3\/santiago-jour219\/\" border=\"0\" itemprop=\"url\"> <meta itemprop=\"width\" content=\"251\"> <meta itemprop=\"height\" content=\"168\"> <img data-attachment-id=\"1583\" data-orig-file=\"http:\/\/songkol.com\/WordPress3\/wp-content\/uploads\/2014\/04\/santiago-jour219.jpg\" data-orig-size=\"1024,683\" data-comments-opened=\"1\" data-image-meta=\"{&quot;aperture&quot;:&quot;11&quot;,&quot;credit&quot;:&quot;&quot;,&quot;camera&quot;:&quot;Canon EOS 5D&quot;,&quot;caption&quot;:&quot;&quot;,&quot;created_timestamp&quot;:&quot;1396544716&quot;,&quot;copyright&quot;:&quot;&quot;,&quot;focal_length&quot;:&quot;17&quot;,&quot;iso&quot;:&quot;800&quot;,&quot;shutter_speed&quot;:&quot;0.004&quot;,&quot;title&quot;:&quot;&quot;}\" data-image-title=\"SANTIAGO \/ Maison de Pablo Neruda\" data-image-description=\"\" data-medium-file=\"https:\/\/i0.wp.com\/songkol.com\/WordPress3\/wp-content\/uploads\/2014\/04\/santiago-jour219.jpg?fit=300%2C200\" data-large-file=\"https:\/\/i0.wp.com\/songkol.com\/WordPress3\/wp-content\/uploads\/2014\/04\/santiago-jour219.jpg?fit=768%2C512\" src=\"https:\/\/i0.wp.com\/songkol.com\/WordPress3\/wp-content\/uploads\/2014\/04\/santiago-jour219.jpg?w=251&#038;h=168\" width=\"251\" height=\"168\" data-original-width=\"251\" data-original-height=\"168\" itemprop=\"http:\/\/schema.org\/image\" title=\"SANTIAGO \/ Maison de Pablo Neruda\" alt=\"SANTIAGO \/ Maison de Pablo Neruda\" style=\"width: 251px; height: 168px;\" \/> <\/a> <div class=\"tiled-gallery-caption\" itemprop=\"caption description\"> SANTIAGO \/ Maison de Pablo Neruda <\/div> <\/div> <\/div> <!-- close group --> <\/div> <!-- close row --> <div class=\"gallery-row\" style=\"width: 768px; height: 172px;\" data-original-width=\"768\" data-original-height=\"172\" > <div class=\"gallery-group images-1\" style=\"width: 256px; height: 172px;\" data-original-width=\"256\" data-original-height=\"172\" > <div class=\"tiled-gallery-item tiled-gallery-item-large\" itemprop=\"associatedMedia\" itemscope itemtype=\"http:\/\/schema.org\/ImageObject\"> <a href=\"http:\/\/songkol.com\/WordPress3\/santiago-jour220\/\" border=\"0\" itemprop=\"url\"> <meta itemprop=\"width\" content=\"252\"> <meta itemprop=\"height\" content=\"168\"> <img data-attachment-id=\"1582\" data-orig-file=\"http:\/\/songkol.com\/WordPress3\/wp-content\/uploads\/2014\/04\/santiago-jour220.jpg\" data-orig-size=\"1024,683\" data-comments-opened=\"1\" data-image-meta=\"{&quot;aperture&quot;:&quot;7.1&quot;,&quot;credit&quot;:&quot;&quot;,&quot;camera&quot;:&quot;Canon EOS 5D&quot;,&quot;caption&quot;:&quot;&quot;,&quot;created_timestamp&quot;:&quot;1396544784&quot;,&quot;copyright&quot;:&quot;&quot;,&quot;focal_length&quot;:&quot;40&quot;,&quot;iso&quot;:&quot;800&quot;,&quot;shutter_speed&quot;:&quot;0.01&quot;,&quot;title&quot;:&quot;&quot;}\" data-image-title=\"SANTIAGO \/ Maison de Pablo Neruda\" data-image-description=\"\" data-medium-file=\"https:\/\/i0.wp.com\/songkol.com\/WordPress3\/wp-content\/uploads\/2014\/04\/santiago-jour220.jpg?fit=300%2C200\" data-large-file=\"https:\/\/i0.wp.com\/songkol.com\/WordPress3\/wp-content\/uploads\/2014\/04\/santiago-jour220.jpg?fit=768%2C512\" src=\"https:\/\/i0.wp.com\/songkol.com\/WordPress3\/wp-content\/uploads\/2014\/04\/santiago-jour220.jpg?w=252&#038;h=168\" width=\"252\" height=\"168\" data-original-width=\"252\" data-original-height=\"168\" itemprop=\"http:\/\/schema.org\/image\" title=\"SANTIAGO \/ Maison de Pablo Neruda\" alt=\"La c\u00e9l\u00e8bre maison du non moins c\u00e9l\u00e8bre Pablo neruda\" style=\"width: 252px; height: 168px;\" \/> <\/a> <div class=\"tiled-gallery-caption\" itemprop=\"caption description\"> La c\u00e9l\u00e8bre maison du non moins c\u00e9l\u00e8bre Pablo neruda <\/div> <\/div> <\/div> <!-- close group --> <div class=\"gallery-group images-1\" style=\"width: 256px; height: 172px;\" data-original-width=\"256\" data-original-height=\"172\" > <div class=\"tiled-gallery-item tiled-gallery-item-large\" itemprop=\"associatedMedia\" itemscope itemtype=\"http:\/\/schema.org\/ImageObject\"> <a href=\"http:\/\/songkol.com\/WordPress3\/santiago-jour221\/\" border=\"0\" itemprop=\"url\"> <meta itemprop=\"width\" content=\"252\"> <meta itemprop=\"height\" content=\"168\"> <img data-attachment-id=\"1581\" data-orig-file=\"http:\/\/songkol.com\/WordPress3\/wp-content\/uploads\/2014\/04\/santiago-jour221.jpg\" data-orig-size=\"1024,683\" data-comments-opened=\"1\" data-image-meta=\"{&quot;aperture&quot;:&quot;11&quot;,&quot;credit&quot;:&quot;&quot;,&quot;camera&quot;:&quot;Canon EOS 5D&quot;,&quot;caption&quot;:&quot;&quot;,&quot;created_timestamp&quot;:&quot;1396545376&quot;,&quot;copyright&quot;:&quot;&quot;,&quot;focal_length&quot;:&quot;17&quot;,&quot;iso&quot;:&quot;800&quot;,&quot;shutter_speed&quot;:&quot;0.004&quot;,&quot;title&quot;:&quot;&quot;}\" data-image-title=\"SANTIAGO \/ Maison de Pablo Neruda\" data-image-description=\"\" data-medium-file=\"https:\/\/i0.wp.com\/songkol.com\/WordPress3\/wp-content\/uploads\/2014\/04\/santiago-jour221.jpg?fit=300%2C200\" data-large-file=\"https:\/\/i0.wp.com\/songkol.com\/WordPress3\/wp-content\/uploads\/2014\/04\/santiago-jour221.jpg?fit=768%2C512\" src=\"https:\/\/i0.wp.com\/songkol.com\/WordPress3\/wp-content\/uploads\/2014\/04\/santiago-jour221.jpg?w=252&#038;h=168\" width=\"252\" height=\"168\" data-original-width=\"252\" data-original-height=\"168\" itemprop=\"http:\/\/schema.org\/image\" title=\"SANTIAGO \/ Maison de Pablo Neruda\" alt=\"SANTIAGO \/ Maison de Pablo Neruda\" style=\"width: 252px; height: 168px;\" \/> <\/a> <div class=\"tiled-gallery-caption\" itemprop=\"caption description\"> SANTIAGO \/ Maison de Pablo Neruda <\/div> <\/div> <\/div> <!-- close group --> <div class=\"gallery-group images-1\" style=\"width: 256px; height: 172px;\" data-original-width=\"256\" data-original-height=\"172\" > <div class=\"tiled-gallery-item tiled-gallery-item-large\" itemprop=\"associatedMedia\" itemscope itemtype=\"http:\/\/schema.org\/ImageObject\"> <a href=\"http:\/\/songkol.com\/WordPress3\/santiago-jour222\/\" border=\"0\" itemprop=\"url\"> <meta itemprop=\"width\" content=\"252\"> <meta itemprop=\"height\" content=\"168\"> <img data-attachment-id=\"1580\" data-orig-file=\"http:\/\/songkol.com\/WordPress3\/wp-content\/uploads\/2014\/04\/santiago-jour222.jpg\" data-orig-size=\"1024,683\" data-comments-opened=\"1\" data-image-meta=\"{&quot;aperture&quot;:&quot;14&quot;,&quot;credit&quot;:&quot;&quot;,&quot;camera&quot;:&quot;Canon EOS 5D&quot;,&quot;caption&quot;:&quot;&quot;,&quot;created_timestamp&quot;:&quot;1396545789&quot;,&quot;copyright&quot;:&quot;&quot;,&quot;focal_length&quot;:&quot;29&quot;,&quot;iso&quot;:&quot;800&quot;,&quot;shutter_speed&quot;:&quot;0.0025&quot;,&quot;title&quot;:&quot;&quot;}\" data-image-title=\"SANTIAGO \/ Maison de Pablo Neruda\" data-image-description=\"\" data-medium-file=\"https:\/\/i0.wp.com\/songkol.com\/WordPress3\/wp-content\/uploads\/2014\/04\/santiago-jour222.jpg?fit=300%2C200\" data-large-file=\"https:\/\/i0.wp.com\/songkol.com\/WordPress3\/wp-content\/uploads\/2014\/04\/santiago-jour222.jpg?fit=768%2C512\" src=\"https:\/\/i0.wp.com\/songkol.com\/WordPress3\/wp-content\/uploads\/2014\/04\/santiago-jour222.jpg?w=252&#038;h=168\" width=\"252\" height=\"168\" data-original-width=\"252\" data-original-height=\"168\" itemprop=\"http:\/\/schema.org\/image\" title=\"SANTIAGO \/ Maison de Pablo Neruda\" alt=\"SANTIAGO \/ Maison de Pablo Neruda\" style=\"width: 252px; height: 168px;\" \/> <\/a> <div class=\"tiled-gallery-caption\" itemprop=\"caption description\"> SANTIAGO \/ Maison de Pablo Neruda <\/div> <\/div> <\/div> <!-- close group --> <\/div> <!-- close row --> <div class=\"gallery-row\" style=\"width: 768px; height: 343px;\" data-original-width=\"768\" data-original-height=\"343\" > <div class=\"gallery-group images-2\" style=\"width: 255px; height: 343px;\" data-original-width=\"255\" data-original-height=\"343\" > <div class=\"tiled-gallery-item tiled-gallery-item-large\" itemprop=\"associatedMedia\" itemscope itemtype=\"http:\/\/schema.org\/ImageObject\"> <a href=\"http:\/\/songkol.com\/WordPress3\/santiago-jour223\/\" border=\"0\" itemprop=\"url\"> <meta itemprop=\"width\" content=\"251\"> <meta itemprop=\"height\" content=\"167\"> <img data-attachment-id=\"1579\" data-orig-file=\"http:\/\/songkol.com\/WordPress3\/wp-content\/uploads\/2014\/04\/santiago-jour223.jpg\" data-orig-size=\"1024,683\" data-comments-opened=\"1\" data-image-meta=\"{&quot;aperture&quot;:&quot;13&quot;,&quot;credit&quot;:&quot;&quot;,&quot;camera&quot;:&quot;Canon EOS 5D&quot;,&quot;caption&quot;:&quot;&quot;,&quot;created_timestamp&quot;:&quot;1396545935&quot;,&quot;copyright&quot;:&quot;&quot;,&quot;focal_length&quot;:&quot;17&quot;,&quot;iso&quot;:&quot;800&quot;,&quot;shutter_speed&quot;:&quot;0.0025&quot;,&quot;title&quot;:&quot;&quot;}\" data-image-title=\"SANTIAGO \/ Maison de Pablo Neruda\" data-image-description=\"\" data-medium-file=\"https:\/\/i0.wp.com\/songkol.com\/WordPress3\/wp-content\/uploads\/2014\/04\/santiago-jour223.jpg?fit=300%2C200\" data-large-file=\"https:\/\/i0.wp.com\/songkol.com\/WordPress3\/wp-content\/uploads\/2014\/04\/santiago-jour223.jpg?fit=768%2C512\" src=\"https:\/\/i0.wp.com\/songkol.com\/WordPress3\/wp-content\/uploads\/2014\/04\/santiago-jour223.jpg?w=251&#038;h=167\" width=\"251\" height=\"167\" data-original-width=\"251\" data-original-height=\"167\" itemprop=\"http:\/\/schema.org\/image\" title=\"SANTIAGO \/ Maison de Pablo Neruda\" alt=\"SANTIAGO \/ Maison de Pablo Neruda\" style=\"width: 251px; height: 167px;\" \/> <\/a> <div class=\"tiled-gallery-caption\" itemprop=\"caption description\"> SANTIAGO \/ Maison de Pablo Neruda <\/div> <\/div> <div class=\"tiled-gallery-item tiled-gallery-item-large\" itemprop=\"associatedMedia\" itemscope itemtype=\"http:\/\/schema.org\/ImageObject\"> <a href=\"http:\/\/songkol.com\/WordPress3\/santiago-jour224\/\" border=\"0\" itemprop=\"url\"> <meta itemprop=\"width\" content=\"251\"> <meta itemprop=\"height\" content=\"168\"> <img data-attachment-id=\"1578\" data-orig-file=\"http:\/\/songkol.com\/WordPress3\/wp-content\/uploads\/2014\/04\/santiago-jour224.jpg\" data-orig-size=\"1024,683\" data-comments-opened=\"1\" data-image-meta=\"{&quot;aperture&quot;:&quot;22&quot;,&quot;credit&quot;:&quot;&quot;,&quot;camera&quot;:&quot;Canon EOS 5D&quot;,&quot;caption&quot;:&quot;&quot;,&quot;created_timestamp&quot;:&quot;1396546799&quot;,&quot;copyright&quot;:&quot;&quot;,&quot;focal_length&quot;:&quot;17&quot;,&quot;iso&quot;:&quot;800&quot;,&quot;shutter_speed&quot;:&quot;0.001&quot;,&quot;title&quot;:&quot;&quot;}\" data-image-title=\"santiago-jour224\" data-image-description=\"\" data-medium-file=\"https:\/\/i0.wp.com\/songkol.com\/WordPress3\/wp-content\/uploads\/2014\/04\/santiago-jour224.jpg?fit=300%2C200\" data-large-file=\"https:\/\/i0.wp.com\/songkol.com\/WordPress3\/wp-content\/uploads\/2014\/04\/santiago-jour224.jpg?fit=768%2C512\" src=\"https:\/\/i0.wp.com\/songkol.com\/WordPress3\/wp-content\/uploads\/2014\/04\/santiago-jour224.jpg?w=251&#038;h=168\" width=\"251\" height=\"168\" data-original-width=\"251\" data-original-height=\"168\" itemprop=\"http:\/\/schema.org\/image\" title=\"santiago-jour224\" alt=\"SANTIAGO \/ Maison de Pablo Neruda\" style=\"width: 251px; height: 168px;\" \/> <\/a> <div class=\"tiled-gallery-caption\" itemprop=\"caption description\"> SANTIAGO \/ Maison de Pablo Neruda <\/div> <\/div> <\/div> <!-- close group --> <div class=\"gallery-group images-1\" style=\"width: 513px; height: 343px;\" data-original-width=\"513\" data-original-height=\"343\" > <div class=\"tiled-gallery-item tiled-gallery-item-large\" itemprop=\"associatedMedia\" itemscope itemtype=\"http:\/\/schema.org\/ImageObject\"> <a href=\"http:\/\/songkol.com\/WordPress3\/santiago-jour225\/\" border=\"0\" itemprop=\"url\"> <meta itemprop=\"width\" content=\"509\"> <meta itemprop=\"height\" content=\"339\"> <img data-attachment-id=\"1577\" data-orig-file=\"http:\/\/songkol.com\/WordPress3\/wp-content\/uploads\/2014\/04\/santiago-jour225.jpg\" data-orig-size=\"1024,683\" data-comments-opened=\"1\" data-image-meta=\"{&quot;aperture&quot;:&quot;5&quot;,&quot;credit&quot;:&quot;&quot;,&quot;camera&quot;:&quot;Canon EOS 5D&quot;,&quot;caption&quot;:&quot;&quot;,&quot;created_timestamp&quot;:&quot;1396548407&quot;,&quot;copyright&quot;:&quot;&quot;,&quot;focal_length&quot;:&quot;20&quot;,&quot;iso&quot;:&quot;800&quot;,&quot;shutter_speed&quot;:&quot;0.02&quot;,&quot;title&quot;:&quot;&quot;}\" data-image-title=\"SANTIAGO\" data-image-description=\"\" data-medium-file=\"https:\/\/i0.wp.com\/songkol.com\/WordPress3\/wp-content\/uploads\/2014\/04\/santiago-jour225.jpg?fit=300%2C200\" data-large-file=\"https:\/\/i0.wp.com\/songkol.com\/WordPress3\/wp-content\/uploads\/2014\/04\/santiago-jour225.jpg?fit=768%2C512\" src=\"https:\/\/i0.wp.com\/songkol.com\/WordPress3\/wp-content\/uploads\/2014\/04\/santiago-jour225.jpg?w=509&#038;h=339\" width=\"509\" height=\"339\" data-original-width=\"509\" data-original-height=\"339\" itemprop=\"http:\/\/schema.org\/image\" title=\"SANTIAGO\" alt=\"SANTIAGO\" style=\"width: 509px; height: 339px;\" \/> <\/a> <div class=\"tiled-gallery-caption\" itemprop=\"caption description\"> SANTIAGO <\/div> <\/div> <\/div> <!-- close group --> <\/div> <!-- close row --> <div class=\"gallery-row\" style=\"width: 768px; height: 257px;\" data-original-width=\"768\" data-original-height=\"257\" > <div class=\"gallery-group images-1\" style=\"width: 384px; height: 257px;\" data-original-width=\"384\" data-original-height=\"257\" > <div class=\"tiled-gallery-item tiled-gallery-item-large\" itemprop=\"associatedMedia\" itemscope itemtype=\"http:\/\/schema.org\/ImageObject\"> <a href=\"http:\/\/songkol.com\/WordPress3\/santiago-jour226-2\/\" border=\"0\" itemprop=\"url\"> <meta itemprop=\"width\" content=\"380\"> <meta itemprop=\"height\" content=\"253\"> <img data-attachment-id=\"1576\" data-orig-file=\"http:\/\/songkol.com\/WordPress3\/wp-content\/uploads\/2014\/04\/santiago-jour2261.jpg\" data-orig-size=\"1024,683\" data-comments-opened=\"1\" data-image-meta=\"{&quot;aperture&quot;:&quot;8&quot;,&quot;credit&quot;:&quot;&quot;,&quot;camera&quot;:&quot;Canon EOS 5D&quot;,&quot;caption&quot;:&quot;&quot;,&quot;created_timestamp&quot;:&quot;1396549828&quot;,&quot;copyright&quot;:&quot;&quot;,&quot;focal_length&quot;:&quot;17&quot;,&quot;iso&quot;:&quot;800&quot;,&quot;shutter_speed&quot;:&quot;0.00625&quot;,&quot;title&quot;:&quot;&quot;}\" data-image-title=\"SANTIAGO \/ Rue\" data-image-description=\"\" data-medium-file=\"https:\/\/i0.wp.com\/songkol.com\/WordPress3\/wp-content\/uploads\/2014\/04\/santiago-jour2261.jpg?fit=300%2C200\" data-large-file=\"https:\/\/i0.wp.com\/songkol.com\/WordPress3\/wp-content\/uploads\/2014\/04\/santiago-jour2261.jpg?fit=768%2C512\" src=\"https:\/\/i0.wp.com\/songkol.com\/WordPress3\/wp-content\/uploads\/2014\/04\/santiago-jour2261.jpg?w=380&#038;h=253\" width=\"380\" height=\"253\" data-original-width=\"380\" data-original-height=\"253\" itemprop=\"http:\/\/schema.org\/image\" title=\"SANTIAGO \/ Rue\" alt=\"SANTIAGO \/ Rue\" style=\"width: 380px; height: 253px;\" \/> <\/a> <div class=\"tiled-gallery-caption\" itemprop=\"caption description\"> SANTIAGO \/ Rue <\/div> <\/div> <\/div> <!-- close group --> <div class=\"gallery-group images-1\" style=\"width: 384px; height: 257px;\" data-original-width=\"384\" data-original-height=\"257\" > <div class=\"tiled-gallery-item tiled-gallery-item-large\" itemprop=\"associatedMedia\" itemscope itemtype=\"http:\/\/schema.org\/ImageObject\"> <a href=\"http:\/\/songkol.com\/WordPress3\/santiago-jour227\/\" border=\"0\" itemprop=\"url\"> <meta itemprop=\"width\" content=\"380\"> <meta itemprop=\"height\" content=\"253\"> <img data-attachment-id=\"1575\" data-orig-file=\"http:\/\/songkol.com\/WordPress3\/wp-content\/uploads\/2014\/04\/santiago-jour227.jpg\" data-orig-size=\"1024,683\" data-comments-opened=\"1\" data-image-meta=\"{&quot;aperture&quot;:&quot;14&quot;,&quot;credit&quot;:&quot;&quot;,&quot;camera&quot;:&quot;Canon EOS 5D&quot;,&quot;caption&quot;:&quot;&quot;,&quot;created_timestamp&quot;:&quot;1396549924&quot;,&quot;copyright&quot;:&quot;&quot;,&quot;focal_length&quot;:&quot;17&quot;,&quot;iso&quot;:&quot;800&quot;,&quot;shutter_speed&quot;:&quot;0.0025&quot;,&quot;title&quot;:&quot;&quot;}\" data-image-title=\"SANTIAGO \/ Rue\" data-image-description=\"\" data-medium-file=\"https:\/\/i0.wp.com\/songkol.com\/WordPress3\/wp-content\/uploads\/2014\/04\/santiago-jour227.jpg?fit=300%2C200\" data-large-file=\"https:\/\/i0.wp.com\/songkol.com\/WordPress3\/wp-content\/uploads\/2014\/04\/santiago-jour227.jpg?fit=768%2C512\" src=\"https:\/\/i0.wp.com\/songkol.com\/WordPress3\/wp-content\/uploads\/2014\/04\/santiago-jour227.jpg?w=380&#038;h=253\" width=\"380\" height=\"253\" data-original-width=\"380\" data-original-height=\"253\" itemprop=\"http:\/\/schema.org\/image\" title=\"SANTIAGO \/ Rue\" alt=\"SANTIAGO \/ Rue\" style=\"width: 380px; height: 253px;\" \/> <\/a> <div class=\"tiled-gallery-caption\" itemprop=\"caption description\"> SANTIAGO \/ Rue <\/div> <\/div> <\/div> <!-- close group --> <\/div> <!-- close row --> <div class=\"gallery-row\" style=\"width: 768px; height: 334px;\" data-original-width=\"768\" data-original-height=\"334\" > <div class=\"gallery-group images-1\" style=\"width: 499px; height: 334px;\" data-original-width=\"499\" data-original-height=\"334\" > <div class=\"tiled-gallery-item tiled-gallery-item-large\" itemprop=\"associatedMedia\" itemscope itemtype=\"http:\/\/schema.org\/ImageObject\"> <a href=\"http:\/\/songkol.com\/WordPress3\/santiago-jour228-2\/\" border=\"0\" itemprop=\"url\"> <meta itemprop=\"width\" content=\"495\"> <meta itemprop=\"height\" content=\"330\"> <img data-attachment-id=\"1574\" data-orig-file=\"http:\/\/songkol.com\/WordPress3\/wp-content\/uploads\/2014\/04\/santiago-jour2281.jpg\" data-orig-size=\"1024,683\" data-comments-opened=\"1\" data-image-meta=\"{&quot;aperture&quot;:&quot;7.1&quot;,&quot;credit&quot;:&quot;&quot;,&quot;camera&quot;:&quot;Canon EOS 5D&quot;,&quot;caption&quot;:&quot;&quot;,&quot;created_timestamp&quot;:&quot;1396700768&quot;,&quot;copyright&quot;:&quot;&quot;,&quot;focal_length&quot;:&quot;17&quot;,&quot;iso&quot;:&quot;800&quot;,&quot;shutter_speed&quot;:&quot;0.01&quot;,&quot;title&quot;:&quot;&quot;}\" data-image-title=\"SANTIAGO \/ Mercado central\" data-image-description=\"\" data-medium-file=\"https:\/\/i0.wp.com\/songkol.com\/WordPress3\/wp-content\/uploads\/2014\/04\/santiago-jour2281.jpg?fit=300%2C200\" data-large-file=\"https:\/\/i0.wp.com\/songkol.com\/WordPress3\/wp-content\/uploads\/2014\/04\/santiago-jour2281.jpg?fit=768%2C512\" src=\"https:\/\/i0.wp.com\/songkol.com\/WordPress3\/wp-content\/uploads\/2014\/04\/santiago-jour2281.jpg?w=495&#038;h=330\" width=\"495\" height=\"330\" data-original-width=\"495\" data-original-height=\"330\" itemprop=\"http:\/\/schema.org\/image\" title=\"SANTIAGO \/ Mercado central\" alt=\"SANTIAGO \/ Mercado central\" style=\"width: 495px; height: 330px;\" \/> <\/a> <div class=\"tiled-gallery-caption\" itemprop=\"caption description\"> SANTIAGO \/ Mercado central <\/div> <\/div> <\/div> <!-- close group --> <div class=\"gallery-group images-2\" style=\"width: 269px; height: 334px;\" data-original-width=\"269\" data-original-height=\"334\" > <div class=\"tiled-gallery-item tiled-gallery-item-large\" itemprop=\"associatedMedia\" itemscope itemtype=\"http:\/\/schema.org\/ImageObject\"> <a href=\"http:\/\/songkol.com\/WordPress3\/santiago-jour229\/\" border=\"0\" itemprop=\"url\"> <meta itemprop=\"width\" content=\"265\"> <meta itemprop=\"height\" content=\"177\"> <img data-attachment-id=\"1573\" data-orig-file=\"http:\/\/songkol.com\/WordPress3\/wp-content\/uploads\/2014\/04\/santiago-jour229.jpg\" data-orig-size=\"1024,683\" data-comments-opened=\"1\" data-image-meta=\"{&quot;aperture&quot;:&quot;6.3&quot;,&quot;credit&quot;:&quot;&quot;,&quot;camera&quot;:&quot;Canon EOS 5D&quot;,&quot;caption&quot;:&quot;&quot;,&quot;created_timestamp&quot;:&quot;1396701090&quot;,&quot;copyright&quot;:&quot;&quot;,&quot;focal_length&quot;:&quot;17&quot;,&quot;iso&quot;:&quot;800&quot;,&quot;shutter_speed&quot;:&quot;0.0125&quot;,&quot;title&quot;:&quot;&quot;}\" data-image-title=\"SANTIAGO \/ Mercado central\" data-image-description=\"\" data-medium-file=\"https:\/\/i0.wp.com\/songkol.com\/WordPress3\/wp-content\/uploads\/2014\/04\/santiago-jour229.jpg?fit=300%2C200\" data-large-file=\"https:\/\/i0.wp.com\/songkol.com\/WordPress3\/wp-content\/uploads\/2014\/04\/santiago-jour229.jpg?fit=768%2C512\" src=\"https:\/\/i0.wp.com\/songkol.com\/WordPress3\/wp-content\/uploads\/2014\/04\/santiago-jour229.jpg?w=265&#038;h=177\" width=\"265\" height=\"177\" data-original-width=\"265\" data-original-height=\"177\" itemprop=\"http:\/\/schema.org\/image\" title=\"SANTIAGO \/ Mercado central\" alt=\"SANTIAGO \/ Mercado central\" style=\"width: 265px; height: 177px;\" \/> <\/a> <div class=\"tiled-gallery-caption\" itemprop=\"caption description\"> SANTIAGO \/ Mercado central <\/div> <\/div> <div class=\"tiled-gallery-item tiled-gallery-item-large\" itemprop=\"associatedMedia\" itemscope itemtype=\"http:\/\/schema.org\/ImageObject\"> <a href=\"http:\/\/songkol.com\/WordPress3\/santiago-jour230-2\/\" border=\"0\" itemprop=\"url\"> <meta itemprop=\"width\" content=\"265\"> <meta itemprop=\"height\" content=\"149\"> <img data-attachment-id=\"1572\" data-orig-file=\"http:\/\/songkol.com\/WordPress3\/wp-content\/uploads\/2014\/04\/santiago-jour2301.jpg\" data-orig-size=\"728,410\" data-comments-opened=\"1\" data-image-meta=\"{&quot;aperture&quot;:&quot;22&quot;,&quot;credit&quot;:&quot;&quot;,&quot;camera&quot;:&quot;Canon EOS 5D&quot;,&quot;caption&quot;:&quot;&quot;,&quot;created_timestamp&quot;:&quot;1396718251&quot;,&quot;copyright&quot;:&quot;&quot;,&quot;focal_length&quot;:&quot;40&quot;,&quot;iso&quot;:&quot;800&quot;,&quot;shutter_speed&quot;:&quot;0.0025&quot;,&quot;title&quot;:&quot;&quot;}\" data-image-title=\"SANTIAGO \/ Salvador Allende, qui tr\u00f4ne d\u00e9sormais en face du palais de la Moneda, au pied du palais de justice\" data-image-description=\"\" data-medium-file=\"https:\/\/i0.wp.com\/songkol.com\/WordPress3\/wp-content\/uploads\/2014\/04\/santiago-jour2301.jpg?fit=300%2C168\" data-large-file=\"https:\/\/i0.wp.com\/songkol.com\/WordPress3\/wp-content\/uploads\/2014\/04\/santiago-jour2301.jpg?fit=728%2C410\" src=\"https:\/\/i0.wp.com\/songkol.com\/WordPress3\/wp-content\/uploads\/2014\/04\/santiago-jour2301.jpg?w=265&#038;h=149\" width=\"265\" height=\"149\" data-original-width=\"265\" data-original-height=\"149\" itemprop=\"http:\/\/schema.org\/image\" title=\"SANTIAGO \/ Salvador Allende, qui tr\u00f4ne d\u00e9sormais en face du palais de la Moneda, au pied du palais de justice\" alt=\"SANTIAGO \/ Salvador Allende, qui tr\u00f4ne d\u00e9sormais en face du palais de la Moneda, au pied du palais de justice\" style=\"width: 265px; height: 149px;\" \/> <\/a> <div class=\"tiled-gallery-caption\" itemprop=\"caption description\"> SANTIAGO \/ Salvador Allende, qui tr\u00f4ne d\u00e9sormais en face du palais de la Moneda, au pied du palais de justice <\/div> <\/div> <\/div> <!-- close group --> <\/div> <!-- close row --> <div class=\"gallery-row\" style=\"width: 768px; height: 257px;\" data-original-width=\"768\" data-original-height=\"257\" > <div class=\"gallery-group images-1\" style=\"width: 384px; height: 257px;\" data-original-width=\"384\" data-original-height=\"257\" > <div class=\"tiled-gallery-item tiled-gallery-item-large\" itemprop=\"associatedMedia\" itemscope itemtype=\"http:\/\/schema.org\/ImageObject\"> <a href=\"http:\/\/songkol.com\/WordPress3\/santiago-jour231-2\/\" border=\"0\" itemprop=\"url\"> <meta itemprop=\"width\" content=\"380\"> <meta itemprop=\"height\" content=\"253\"> <img data-attachment-id=\"1571\" data-orig-file=\"http:\/\/songkol.com\/WordPress3\/wp-content\/uploads\/2014\/04\/santiago-jour2311.jpg\" data-orig-size=\"1024,683\" data-comments-opened=\"1\" data-image-meta=\"{&quot;aperture&quot;:&quot;16&quot;,&quot;credit&quot;:&quot;&quot;,&quot;camera&quot;:&quot;Canon EOS 5D&quot;,&quot;caption&quot;:&quot;&quot;,&quot;created_timestamp&quot;:&quot;1396718468&quot;,&quot;copyright&quot;:&quot;&quot;,&quot;focal_length&quot;:&quot;17&quot;,&quot;iso&quot;:&quot;400&quot;,&quot;shutter_speed&quot;:&quot;0.002&quot;,&quot;title&quot;:&quot;&quot;}\" data-image-title=\"SANTIAGO \/ La Moneda\" data-image-description=\"\" data-medium-file=\"https:\/\/i0.wp.com\/songkol.com\/WordPress3\/wp-content\/uploads\/2014\/04\/santiago-jour2311.jpg?fit=300%2C200\" data-large-file=\"https:\/\/i0.wp.com\/songkol.com\/WordPress3\/wp-content\/uploads\/2014\/04\/santiago-jour2311.jpg?fit=768%2C512\" src=\"https:\/\/i0.wp.com\/songkol.com\/WordPress3\/wp-content\/uploads\/2014\/04\/santiago-jour2311.jpg?w=380&#038;h=253\" width=\"380\" height=\"253\" data-original-width=\"380\" data-original-height=\"253\" itemprop=\"http:\/\/schema.org\/image\" title=\"SANTIAGO \/ La Moneda\" alt=\"SANTIAGO \/ La Moneda\" style=\"width: 380px; height: 253px;\" \/> <\/a> <div class=\"tiled-gallery-caption\" itemprop=\"caption description\"> SANTIAGO \/ La Moneda <\/div> <\/div> <\/div> <!-- close group --> <div class=\"gallery-group images-1\" style=\"width: 384px; height: 257px;\" data-original-width=\"384\" data-original-height=\"257\" > <div class=\"tiled-gallery-item tiled-gallery-item-large\" itemprop=\"associatedMedia\" itemscope itemtype=\"http:\/\/schema.org\/ImageObject\"> <a href=\"http:\/\/songkol.com\/WordPress3\/santiago-jour232-2\/\" border=\"0\" itemprop=\"url\"> <meta itemprop=\"width\" content=\"380\"> <meta itemprop=\"height\" content=\"253\"> <img data-attachment-id=\"1570\" data-orig-file=\"http:\/\/songkol.com\/WordPress3\/wp-content\/uploads\/2014\/04\/santiago-jour2321.jpg\" data-orig-size=\"1024,683\" data-comments-opened=\"1\" data-image-meta=\"{&quot;aperture&quot;:&quot;11&quot;,&quot;credit&quot;:&quot;&quot;,&quot;camera&quot;:&quot;Canon EOS 5D&quot;,&quot;caption&quot;:&quot;&quot;,&quot;created_timestamp&quot;:&quot;1396719663&quot;,&quot;copyright&quot;:&quot;&quot;,&quot;focal_length&quot;:&quot;17&quot;,&quot;iso&quot;:&quot;400&quot;,&quot;shutter_speed&quot;:&quot;0.004&quot;,&quot;title&quot;:&quot;&quot;}\" data-image-title=\"SANTIAGO \/ La Moneda\" data-image-description=\"\" data-medium-file=\"https:\/\/i0.wp.com\/songkol.com\/WordPress3\/wp-content\/uploads\/2014\/04\/santiago-jour2321.jpg?fit=300%2C200\" data-large-file=\"https:\/\/i0.wp.com\/songkol.com\/WordPress3\/wp-content\/uploads\/2014\/04\/santiago-jour2321.jpg?fit=768%2C512\" src=\"https:\/\/i0.wp.com\/songkol.com\/WordPress3\/wp-content\/uploads\/2014\/04\/santiago-jour2321.jpg?w=380&#038;h=253\" width=\"380\" height=\"253\" data-original-width=\"380\" data-original-height=\"253\" itemprop=\"http:\/\/schema.org\/image\" title=\"SANTIAGO \/ La Moneda\" alt=\"SANTIAGO \/ La Moneda\" style=\"width: 380px; height: 253px;\" \/> <\/a> <div class=\"tiled-gallery-caption\" itemprop=\"caption description\"> SANTIAGO \/ La Moneda <\/div> <\/div> <\/div> <!-- close group --> <\/div> <!-- close row --> <div class=\"gallery-row\" style=\"width: 768px; height: 577px;\" data-original-width=\"768\" data-original-height=\"577\" > <div class=\"gallery-group images-1\" style=\"width: 768px; height: 577px;\" data-original-width=\"768\" data-original-height=\"577\" > <div class=\"tiled-gallery-item tiled-gallery-item-large\" itemprop=\"associatedMedia\" itemscope itemtype=\"http:\/\/schema.org\/ImageObject\"> <a href=\"http:\/\/songkol.com\/WordPress3\/blog\/2014\/04\/06\/santiago-la-suite\/marcela_jorge1\/\" border=\"0\" itemprop=\"url\"> <meta itemprop=\"width\" content=\"764\"> <meta itemprop=\"height\" content=\"573\"> <img data-attachment-id=\"1732\" data-orig-file=\"http:\/\/songkol.com\/WordPress3\/wp-content\/uploads\/2014\/04\/marcela_jorge1.jpg\" data-orig-size=\"1280,960\" data-comments-opened=\"1\" data-image-meta=\"{&quot;aperture&quot;:&quot;5&quot;,&quot;credit&quot;:&quot;&quot;,&quot;camera&quot;:&quot;DSC-HX50V&quot;,&quot;caption&quot;:&quot;&quot;,&quot;created_timestamp&quot;:&quot;1397303215&quot;,&quot;copyright&quot;:&quot;&quot;,&quot;focal_length&quot;:&quot;10.05&quot;,&quot;iso&quot;:&quot;80&quot;,&quot;shutter_speed&quot;:&quot;0.004&quot;,&quot;title&quot;:&quot;&quot;}\" data-image-title=\"SANTIAGO \/ Rencontre avec la famille de Marcela et Jorge\" data-image-description=\"\" data-medium-file=\"https:\/\/i0.wp.com\/songkol.com\/WordPress3\/wp-content\/uploads\/2014\/04\/marcela_jorge1.jpg?fit=300%2C225\" data-large-file=\"https:\/\/i0.wp.com\/songkol.com\/WordPress3\/wp-content\/uploads\/2014\/04\/marcela_jorge1.jpg?fit=768%2C576\" src=\"https:\/\/i0.wp.com\/songkol.com\/WordPress3\/wp-content\/uploads\/2014\/04\/marcela_jorge1.jpg?w=764&#038;h=573\" width=\"764\" height=\"573\" data-original-width=\"764\" data-original-height=\"573\" itemprop=\"http:\/\/schema.org\/image\" title=\"SANTIAGO \/ Rencontre avec la famille de Marcela et Jorge\" alt=\"Nous avons le plaisir de rencontrer Marcela et Jorge devant chez qui nous allons nous garer pendant notre s\u00e9jour \u00e0 Santiago\" style=\"width: 764px; height: 573px;\" \/> <\/a> <div class=\"tiled-gallery-caption\" itemprop=\"caption description\"> Nous avons le plaisir de rencontrer Marcela et Jorge devant chez qui nous allons nous garer pendant notre s\u00e9jour \u00e0 Santiago <\/div> <\/div> <\/div> <!-- close group --> <\/div> <!-- close row --> <\/div>\n","protected":false},"excerpt":{"rendered":"<p>Nous d\u00e9couvrons Santiago durant toute la semaine. Nous nous sommes gar\u00e9s dans le quartier de Providencia, dans une petite rue calme o\u00f9 se succ\u00e8dent des maisons plut\u00f4t cossues. Le choix du stationnement est important \u00e0 deux points de vue: il doit avoir l&rsquo;ait s\u00fbr dans la journ\u00e9e lorsque nous laissons le camping-car pour visiter la [&hellip;]<\/p>\n","protected":false},"author":3,"featured_media":1578,"comment_status":"open","ping_status":"open","sticky":false,"template":"","format":"standard","meta":{"spay_email":"","jetpack_publicize_message":"","jetpack_is_tweetstorm":false,"jetpack_publicize_feature_enabled":true},"categories":[8],"tags":[],"jetpack_featured_media_url":"https:\/\/i0.wp.com\/songkol.com\/WordPress3\/wp-content\/uploads\/2014\/04\/santiago-jour224.jpg?fit=1024%2C683","jetpack_publicize_connections":[],"jetpack_sharing_enabled":true,"jetpack_shortlink":"https:\/\/wp.me\/p4uy6M-qv","jetpack_likes_enabled":true,"_links":{"self":[{"href":"http:\/\/songkol.com\/WordPress3\/wp-json\/wp\/v2\/posts\/1643"}],"collection":[{"href":"http:\/\/songkol.com\/WordPress3\/wp-json\/wp\/v2\/posts"}],"about":[{"href":"http:\/\/songkol.com\/WordPress3\/wp-json\/wp\/v2\/types\/post"}],"author":[{"embeddable":true,"href":"http:\/\/songkol.com\/WordPress3\/wp-json\/wp\/v2\/users\/3"}],"replies":[{"embeddable":true,"href":"http:\/\/songkol.com\/WordPress3\/wp-json\/wp\/v2\/comments?post=1643"}],"version-history":[{"count":5,"href":"http:\/\/songkol.com\/WordPress3\/wp-json\/wp\/v2\/posts\/1643\/revisions"}],"predecessor-version":[{"id":1733,"href":"http:\/\/songkol.com\/WordPress3\/wp-json\/wp\/v2\/posts\/1643\/revisions\/1733"}],"wp:featuredmedia":[{"embeddable":true,"href":"http:\/\/songkol.com\/WordPress3\/wp-json\/wp\/v2\/media\/1578"}],"wp:attachment":[{"href":"http:\/\/songkol.com\/WordPress3\/wp-json\/wp\/v2\/media?parent=1643"}],"wp:term":[{"taxonomy":"category","embeddable":true,"href":"http:\/\/songkol.com\/WordPress3\/wp-json\/wp\/v2\/categories?post=1643"},{"taxonomy":"post_tag","embeddable":true,"href":"http:\/\/songkol.com\/WordPress3\/wp-json\/wp\/v2\/tags?post=1643"}],"curies":[{"name":"wp","href":"https:\/\/api.w.org\/{rel}","templated":true}]}}